{"id":78862,"date":"2015-02-03T10:02:45","date_gmt":"2015-02-03T12:02:45","guid":{"rendered":"http:\/\/franciscanos.org.br\/?p=78862"},"modified":"2019-07-03T13:14:58","modified_gmt":"2019-07-03T16:14:58","slug":"jufra-das-chagas-da-adeus-ao-telefone-fixo","status":"publish","type":"post","link":"https:\/\/franciscanos.org.br\/noticias\/jufra-das-chagas-da-adeus-ao-telefone-fixo.html","title":{"rendered":"Jufra das Chagas d\u00e1 adeus ao telefone fixo"},"content":{"rendered":"<p><strong><a href=\"http:\/\/franciscanos.org.br\/wp-content\/uploads\/2015\/02\/8201.jpg\"><img loading=\"lazy\" src=\"http:\/\/franciscanos.org.br\/wp-content\/uploads\/2015\/02\/8201.jpg\" alt=\"820\" width=\"820\" height=\"399\" \/><\/a><\/strong><\/p>\n<p><em><strong>Vin\u00edcius Fabreau, especial para este site<\/strong><\/em><\/p>\n<p>H\u00e1 uns vinte anos o telefone fixo era artigo de luxo. Quem tinha, ajudava quem n\u00e3o tinha. O vizinho anotava o recado e tendo passado o recado, terminava sua miss\u00e3o. Restava apenas gratid\u00e3o. Essa par\u00e1bola da nova era, foi contada por Frei Gustavo Medella, assistente espiritual da Ordem Franciscana Secular (OFS), na celebra\u00e7\u00e3o eucar\u00edstica que abriu o encontro deste domingo, 01 de fevereiro.<\/p>\n<p>Quem esteve na Igreja da OFS, no largo mais franciscano de S\u00e3o Paulo, pode aprender sobre a autoridade do lava-p\u00e9s, a autoridade de Jesus. De forma did\u00e1tica, Frei Gustavo conduziu a reflex\u00e3o que falou da transforma\u00e7\u00e3o motivada pelo evangelho. Mais tarde, os jovens franciscanos, que est\u00e3o \u201cde casa nova\u201d deram adeus ao telefone fixo. Decidiram n\u00e3o ficar s\u00f3 no recado, mas como Jesus, querer comprometer-se com a mensagem transmitida.<\/p>\n<p><strong><a href=\"http:\/\/franciscanos.org.br\/wp-content\/uploads\/2015\/02\/01.jpg\"><img loading=\"lazy\" class=\"alignright wp-image-78866\" src=\"http:\/\/franciscanos.org.br\/wp-content\/uploads\/2015\/02\/01.jpg\" alt=\"01\" width=\"394\" height=\"269\" \/><\/a>Na \u201csala de reuni\u00f5es\u201d \u00e9 hora de recome\u00e7ar<\/strong><\/p>\n<p>Nos encontros dos franciscanos seculares \u00e9 sempre assim: acaba a missa e o irm\u00e3os come\u00e7am a cumprimentar-se, e ao chegar ao refeit\u00f3rio partilham o p\u00e3o e a vida. Ap\u00f3s o caf\u00e9, os irm\u00e3os da Jufra subiram as escadas e dirigiram-se a uma antiga sala de reuni\u00f5es da Ordem Terceira. L\u00e1, aguardavam os jovens irm\u00e3os: o crucifixo de S\u00e3o Dami\u00e3o, pedras, velas e o antigo altar da \u201ccasinha\u201d (lar de idosos que pertenciam a OFS).<\/p>\n<p>Tudo muito sugestivo: cada sinal parece que queria dizer algo aqueles jovens sobre transforma\u00e7\u00e3o e miss\u00e3o. L\u00e1 puderam partilhar sobre a experi\u00eancia vivida no primeiro encontro do ano (18\/01), onde os irm\u00e3os come\u00e7aram a pintar a nova casa da Jufra.<\/p>\n<p>Quase no final da partilha, os jovens foram surpreendidos pela visita fraterna de Frei Gustavo, que al\u00e9m de aben\u00e7ooar a fraternidade, ainda real\u00e7ou o significado da reconstru\u00e7\u00e3o da igrejinha de S\u00e3o Dami\u00e3o para Francisco: \u201cEnquanto ele (S\u00e3o Francisco) ia pensando onde colocar as pedras, ele ia repensando a pr\u00f3pria vida e isso o transformava.\u201d E causou risos quando afirmou: \u201c\u00c9 como arrumar o quarto, arrumar uma gaveta, o exterior reflete o interior\u201d.<\/p>\n<p><strong><a href=\"http:\/\/franciscanos.org.br\/wp-content\/uploads\/2015\/02\/02.jpg\"><img loading=\"lazy\" class=\"alignleft wp-image-78865\" src=\"http:\/\/franciscanos.org.br\/wp-content\/uploads\/2015\/02\/02.jpg\" alt=\"02\" width=\"337\" height=\"222\" \/><\/a>O cord\u00e3o da Fraternidade Jufra das Chagas<\/strong><\/p>\n<p>Ap\u00f3s almo\u00e7o, os trabalhos na sala recome\u00e7aram: um a um, os irm\u00e3os foram se ocupando nos trabalhos art\u00edsticos que foram dando a \u201ccara\u201d desta fraternidade formada de pedras vivas. No mural, os jovens desenharam um grande cord\u00e3o, repleto de notas musicais. No cord\u00e3o surgiram cinco n\u00f3s, a jufrista Gabriela explica: \u201cOs n\u00f3s representam a amizade, pobreza, obedi\u00eancia, castidade e uni\u00e3o, tudo isso resulta numa coisa s\u00f3: a fraternidade\u201d.<\/p>\n<p>A reforma ainda n\u00e3o acabou: ainda faltam alguns desenhos e ajeitar alguns m\u00f3veis. E tamb\u00e9m faltam irm\u00e3os que est\u00e3o viajando. E especialmente, falta o assistente espiritual, Frei Alvaci Mendes da Luz, que est\u00e1 fazendo uma experi\u00eancia mission\u00e1ria no Peru.<\/p>\n<p><strong>Ecos de S\u00e3o Dami\u00e3o<\/strong><\/p>\n<p>Para Cristy Azevedo, jufrista desde o final de 2011, \u201cvemos na Jufra das Chagas uma fraternidade em reestrutura\u00e7\u00e3o, com novo vigor, diversificada e bem unida, em que cada um partilha aquilo que \u00e9 e coloca seus dons a servi\u00e7o, onde a singularidade de cada irm\u00e3o torna a fraternidade melhor.\u201d E ainda deixa uma mensagem de esperan\u00e7a:<\/p>\n<p>\u201cQue Deus nos d\u00ea a gra\u00e7a da perseveran\u00e7a necess\u00e1ria nesta empreitada e, assim como Francisco, pedra por pedra, busquemos a reconstru\u00e7\u00e3o, transformar o nosso cora\u00e7\u00e3o e, possamos assim, compreender o chamado do Senhor e aceitar os desafios de ser jovem franciscano neste mundo que tanto precisa de pessoas comprometidas com a viv\u00eancia do Evangelho.\u201dEssa \u00e9 a juventude franciscana que vai evangelizar no mundo novo! De pedra em pedra, cada irm\u00e3o se compromete na reconstru\u00e7\u00e3o da casa do Senhor, no cora\u00e7\u00e3o de cada homem. O novo ambiente de forma\u00e7\u00e3o da JUFRA n\u00e3o tem telefone fixo, mas tem muita mensagem partilhada e comprometida. Voc\u00ea est\u00e1 esperando o que? Vem pra c\u00e1!<\/p>\n<p>Encontros todos 1\u00bas e 3\u00bas domingo do m\u00eas<\/p>\n<p>A partir das 9h no Largo S\u00e3o Francisco, 173<\/p>\n<p>&nbsp;<\/p>\n","protected":false},"excerpt":{"rendered":"<p>Juventude Franciscana<\/p>\n","protected":false},"author":1,"featured_media":207169,"comment_status":"open","ping_status":"open","sticky":false,"template":"","format":"standard","meta":[],"categories":[1],"tags":[187],"acf":[],"yoast_head":"<!-- This site is optimized with the Yoast SEO plugin v19.2 - https:\/\/yoast.com\/wordpress\/plugins\/seo\/ -->\n<title>Jufra das Chagas d\u00e1 adeus ao telefone fixo - Not\u00edcias - Franciscanos<\/title>\n<meta name=\"robots\" content=\"index, follow, max-snippet:-1, max-image-preview:large, max-video-preview:-1\" \/>\n<link rel=\"canonical\" href=\"https:\/\/franciscanos.org.br\/noticias\/jufra-das-chagas-da-adeus-ao-telefone-fixo.html\" \/>\n<meta property=\"og:locale\" content=\"pt_BR\" \/>\n<meta property=\"og:type\" content=\"article\" \/>\n<meta property=\"og:title\" content=\"Jufra das Chagas d\u00e1 adeus ao telefone fixo - Not\u00edcias - Franciscanos\" \/>\n<meta property=\"og:description\" content=\"Juventude Franciscana\" \/>\n<meta property=\"og:url\" content=\"https:\/\/franciscanos.org.br\/noticias\/jufra-das-chagas-da-adeus-ao-telefone-fixo.html\" \/>\n<meta property=\"og:site_name\" content=\"Not\u00edcias - Franciscanos\" \/>\n<meta property=\"article:published_time\" content=\"2015-02-03T12:02:45+00:00\" \/>\n<meta property=\"article:modified_time\" content=\"2019-07-03T16:14:58+00:00\" \/>\n<meta property=\"og:image\" content=\"https:\/\/franciscanos.org.br\/noticias\/wp-content\/uploads\/2015\/02\/jufra.jpg\" \/>\n\t<meta property=\"og:image:width\" content=\"273\" \/>\n\t<meta property=\"og:image:height\" content=\"181\" \/>\n\t<meta property=\"og:image:type\" content=\"image\/jpeg\" \/>\n<meta name=\"author\" content=\"admin\" \/>\n<meta name=\"twitter:card\" content=\"summary_large_image\" \/>\n<meta name=\"twitter:label1\" content=\"Escrito por\" \/>\n\t<meta name=\"twitter:data1\" content=\"admin\" \/>\n\t<meta name=\"twitter:label2\" content=\"Est. tempo de leitura\" \/>\n\t<meta name=\"twitter:data2\" content=\"4 minutos\" \/>\n<script type=\"application\/ld+json\" class=\"yoast-schema-graph\">{\"@context\":\"https:\/\/schema.org\",\"@graph\":[{\"@type\":\"WebSite\",\"@id\":\"https:\/\/franciscanos.org.br\/noticias\/#website\",\"url\":\"https:\/\/franciscanos.org.br\/noticias\/\",\"name\":\"Not\u00edcias - Franciscanos\",\"description\":\"Prov\u00edncia Franciscana da Imaculada Concei\u00e7\u00e3o do Brasil - Ordem dos Frades Menores - OFM\",\"potentialAction\":[{\"@type\":\"SearchAction\",\"target\":{\"@type\":\"EntryPoint\",\"urlTemplate\":\"https:\/\/franciscanos.org.br\/noticias\/?s={search_term_string}\"},\"query-input\":\"required name=search_term_string\"}],\"inLanguage\":\"pt-BR\"},{\"@type\":\"ImageObject\",\"inLanguage\":\"pt-BR\",\"@id\":\"https:\/\/franciscanos.org.br\/noticias\/jufra-das-chagas-da-adeus-ao-telefone-fixo.html#primaryimage\",\"url\":\"https:\/\/franciscanos.org.br\/noticias\/wp-content\/uploads\/2015\/02\/jufra.jpg\",\"contentUrl\":\"https:\/\/franciscanos.org.br\/noticias\/wp-content\/uploads\/2015\/02\/jufra.jpg\",\"width\":273,\"height\":181},{\"@type\":\"WebPage\",\"@id\":\"https:\/\/franciscanos.org.br\/noticias\/jufra-das-chagas-da-adeus-ao-telefone-fixo.html#webpage\",\"url\":\"https:\/\/franciscanos.org.br\/noticias\/jufra-das-chagas-da-adeus-ao-telefone-fixo.html\",\"name\":\"Jufra das Chagas d\u00e1 adeus ao telefone fixo - Not\u00edcias - Franciscanos\",\"isPartOf\":{\"@id\":\"https:\/\/franciscanos.org.br\/noticias\/#website\"},\"primaryImageOfPage\":{\"@id\":\"https:\/\/franciscanos.org.br\/noticias\/jufra-das-chagas-da-adeus-ao-telefone-fixo.html#primaryimage\"},\"datePublished\":\"2015-02-03T12:02:45+00:00\",\"dateModified\":\"2019-07-03T16:14:58+00:00\",\"author\":{\"@id\":\"https:\/\/franciscanos.org.br\/noticias\/#\/schema\/person\/b38fbf43118f02820bd932f2e4b14ad3\"},\"breadcrumb\":{\"@id\":\"https:\/\/franciscanos.org.br\/noticias\/jufra-das-chagas-da-adeus-ao-telefone-fixo.html#breadcrumb\"},\"inLanguage\":\"pt-BR\",\"potentialAction\":[{\"@type\":\"ReadAction\",\"target\":[\"https:\/\/franciscanos.org.br\/noticias\/jufra-das-chagas-da-adeus-ao-telefone-fixo.html\"]}]},{\"@type\":\"BreadcrumbList\",\"@id\":\"https:\/\/franciscanos.org.br\/noticias\/jufra-das-chagas-da-adeus-ao-telefone-fixo.html#breadcrumb\",\"itemListElement\":[{\"@type\":\"ListItem\",\"position\":1,\"name\":\"Home\",\"item\":\"https:\/\/franciscanos.org.br\/noticias\"},{\"@type\":\"ListItem\",\"position\":2,\"name\":\"Jufra das Chagas d\u00e1 adeus ao telefone fixo\"}]},{\"@type\":\"Person\",\"@id\":\"https:\/\/franciscanos.org.br\/noticias\/#\/schema\/person\/b38fbf43118f02820bd932f2e4b14ad3\",\"name\":\"admin\",\"image\":{\"@type\":\"ImageObject\",\"inLanguage\":\"pt-BR\",\"@id\":\"https:\/\/franciscanos.org.br\/noticias\/#\/schema\/person\/image\/\",\"url\":\"https:\/\/secure.gravatar.com\/avatar\/e8495742d34d0ba6448ea1c628263b3e?s=96&d=mm&r=g\",\"contentUrl\":\"https:\/\/secure.gravatar.com\/avatar\/e8495742d34d0ba6448ea1c628263b3e?s=96&d=mm&r=g\",\"caption\":\"admin\"},\"url\":\"https:\/\/franciscanos.org.br\/noticias\/author\/admin\"}]}<\/script>\n<!-- \/ Yoast SEO plugin. -->","yoast_head_json":{"title":"Jufra das Chagas d\u00e1 adeus ao telefone fixo - Not\u00edcias - Franciscanos","robots":{"index":"index","follow":"follow","max-snippet":"max-snippet:-1","max-image-preview":"max-image-preview:large","max-video-preview":"max-video-preview:-1"},"canonical":"https:\/\/franciscanos.org.br\/noticias\/jufra-das-chagas-da-adeus-ao-telefone-fixo.html","og_locale":"pt_BR","og_type":"article","og_title":"Jufra das Chagas d\u00e1 adeus ao telefone fixo - Not\u00edcias - Franciscanos","og_description":"Juventude Franciscana","og_url":"https:\/\/franciscanos.org.br\/noticias\/jufra-das-chagas-da-adeus-ao-telefone-fixo.html","og_site_name":"Not\u00edcias - Franciscanos","article_published_time":"2015-02-03T12:02:45+00:00","article_modified_time":"2019-07-03T16:14:58+00:00","og_image":[{"width":273,"height":181,"url":"https:\/\/franciscanos.org.br\/noticias\/wp-content\/uploads\/2015\/02\/jufra.jpg","type":"image\/jpeg"}],"author":"admin","twitter_card":"summary_large_image","twitter_misc":{"Escrito por":"admin","Est. tempo de leitura":"4 minutos"},"schema":{"@context":"https:\/\/schema.org","@graph":[{"@type":"WebSite","@id":"https:\/\/franciscanos.org.br\/noticias\/#website","url":"https:\/\/franciscanos.org.br\/noticias\/","name":"Not\u00edcias - Franciscanos","description":"Prov\u00edncia Franciscana da Imaculada Concei\u00e7\u00e3o do Brasil - Ordem dos Frades Menores - OFM","potentialAction":[{"@type":"SearchAction","target":{"@type":"EntryPoint","urlTemplate":"https:\/\/franciscanos.org.br\/noticias\/?s={search_term_string}"},"query-input":"required name=search_term_string"}],"inLanguage":"pt-BR"},{"@type":"ImageObject","inLanguage":"pt-BR","@id":"https:\/\/franciscanos.org.br\/noticias\/jufra-das-chagas-da-adeus-ao-telefone-fixo.html#primaryimage","url":"https:\/\/franciscanos.org.br\/noticias\/wp-content\/uploads\/2015\/02\/jufra.jpg","contentUrl":"https:\/\/franciscanos.org.br\/noticias\/wp-content\/uploads\/2015\/02\/jufra.jpg","width":273,"height":181},{"@type":"WebPage","@id":"https:\/\/franciscanos.org.br\/noticias\/jufra-das-chagas-da-adeus-ao-telefone-fixo.html#webpage","url":"https:\/\/franciscanos.org.br\/noticias\/jufra-das-chagas-da-adeus-ao-telefone-fixo.html","name":"Jufra das Chagas d\u00e1 adeus ao telefone fixo - Not\u00edcias - Franciscanos","isPartOf":{"@id":"https:\/\/franciscanos.org.br\/noticias\/#website"},"primaryImageOfPage":{"@id":"https:\/\/franciscanos.org.br\/noticias\/jufra-das-chagas-da-adeus-ao-telefone-fixo.html#primaryimage"},"datePublished":"2015-02-03T12:02:45+00:00","dateModified":"2019-07-03T16:14:58+00:00","author":{"@id":"https:\/\/franciscanos.org.br\/noticias\/#\/schema\/person\/b38fbf43118f02820bd932f2e4b14ad3"},"breadcrumb":{"@id":"https:\/\/franciscanos.org.br\/noticias\/jufra-das-chagas-da-adeus-ao-telefone-fixo.html#breadcrumb"},"inLanguage":"pt-BR","potentialAction":[{"@type":"ReadAction","target":["https:\/\/franciscanos.org.br\/noticias\/jufra-das-chagas-da-adeus-ao-telefone-fixo.html"]}]},{"@type":"BreadcrumbList","@id":"https:\/\/franciscanos.org.br\/noticias\/jufra-das-chagas-da-adeus-ao-telefone-fixo.html#breadcrumb","itemListElement":[{"@type":"ListItem","position":1,"name":"Home","item":"https:\/\/franciscanos.org.br\/noticias"},{"@type":"ListItem","position":2,"name":"Jufra das Chagas d\u00e1 adeus ao telefone fixo"}]},{"@type":"Person","@id":"https:\/\/franciscanos.org.br\/noticias\/#\/schema\/person\/b38fbf43118f02820bd932f2e4b14ad3","name":"admin","image":{"@type":"ImageObject","inLanguage":"pt-BR","@id":"https:\/\/franciscanos.org.br\/noticias\/#\/schema\/person\/image\/","url":"https:\/\/secure.gravatar.com\/avatar\/e8495742d34d0ba6448ea1c628263b3e?s=96&d=mm&r=g","contentUrl":"https:\/\/secure.gravatar.com\/avatar\/e8495742d34d0ba6448ea1c628263b3e?s=96&d=mm&r=g","caption":"admin"},"url":"https:\/\/franciscanos.org.br\/noticias\/author\/admin"}]}},"_links":{"self":[{"href":"https:\/\/franciscanos.org.br\/noticias\/wp-json\/wp\/v2\/posts\/78862"}],"collection":[{"href":"https:\/\/franciscanos.org.br\/noticias\/wp-json\/wp\/v2\/posts"}],"about":[{"href":"https:\/\/franciscanos.org.br\/noticias\/wp-json\/wp\/v2\/types\/post"}],"author":[{"embeddable":true,"href":"https:\/\/franciscanos.org.br\/noticias\/wp-json\/wp\/v2\/users\/1"}],"replies":[{"embeddable":true,"href":"https:\/\/franciscanos.org.br\/noticias\/wp-json\/wp\/v2\/comments?post=78862"}],"version-history":[{"count":0,"href":"https:\/\/franciscanos.org.br\/noticias\/wp-json\/wp\/v2\/posts\/78862\/revisions"}],"wp:featuredmedia":[{"embeddable":true,"href":"https:\/\/franciscanos.org.br\/noticias\/wp-json\/wp\/v2\/media\/207169"}],"wp:attachment":[{"href":"https:\/\/franciscanos.org.br\/noticias\/wp-json\/wp\/v2\/media?parent=78862"}],"wp:term":[{"taxonomy":"category","embeddable":true,"href":"https:\/\/franciscanos.org.br\/noticias\/wp-json\/wp\/v2\/categories?post=78862"},{"taxonomy":"post_tag","embeddable":true,"href":"https:\/\/franciscanos.org.br\/noticias\/wp-json\/wp\/v2\/tags?post=78862"}],"curies":[{"name":"wp","href":"https:\/\/api.w.org\/{rel}","templated":true}]}}