{"id":78529,"date":"2015-01-30T14:51:09","date_gmt":"2015-01-30T16:51:09","guid":{"rendered":"http:\/\/franciscanos.org.br\/?p=78529"},"modified":"2019-02-27T11:53:30","modified_gmt":"2019-02-27T14:53:30","slug":"jesus-se-faz-profeta-e-profecia","status":"publish","type":"post","link":"https:\/\/franciscanos.org.br\/noticias\/jesus-se-faz-profeta-e-profecia.html","title":{"rendered":"Jesus se faz profeta e profecia"},"content":{"rendered":"<p><img loading=\"lazy\" class=\"alignnone size-full wp-image-196818\" src=\"https:\/\/franciscanos.org.br\/noticias\/wp-content\/uploads\/2015\/01\/liturgia_01_alto-1.jpg\" alt=\"\" width=\"820\" height=\"317\" srcset=\"https:\/\/franciscanos.org.br\/noticias\/wp-content\/uploads\/2015\/01\/liturgia_01_alto-1.jpg 820w, https:\/\/franciscanos.org.br\/noticias\/wp-content\/uploads\/2015\/01\/liturgia_01_alto-1-450x174.jpg 450w, https:\/\/franciscanos.org.br\/noticias\/wp-content\/uploads\/2015\/01\/liturgia_01_alto-1-768x297.jpg 768w, https:\/\/franciscanos.org.br\/noticias\/wp-content\/uploads\/2015\/01\/liturgia_01_alto-1-150x58.jpg 150w\" sizes=\"(max-width: 820px) 100vw, 820px\" \/><\/p>\n<p><strong>Frei Gustavo Medella<\/strong><\/p>\n<p>No tempo em que telefone em casa era luxo e que celular n\u00e3o existia nem no mundo da imagina\u00e7\u00e3o, era muito comum que a pessoa desse o telefone de um vizinho para que houvesse alguma possibilidade de comunica\u00e7\u00e3o em caso de necessidade. Era o chamado telefone de recado. O vizinho atendia, tomava nota e levava a informa\u00e7\u00e3o, a not\u00edcia ou o pedido a quem de direito, geralmente sem se envolver muito com o assunto que estava sendo tratado.<\/p>\n<p>A miss\u00e3o do Profeta, embora tenha alguma semelhan\u00e7a com a tarefa deste vizinho generoso, ultrapassa de longe este of\u00edcio de portador de um recado. Se o vizinho leva a informa\u00e7\u00e3o e, uma vez passado o recado, n\u00e3o tem mais nenhuma liga\u00e7\u00e3o com aquela mensagem, aquele que foi escolhido por Deus para o nobre exerc\u00edcio da profecia, al\u00e9m de fiel portador das Palavras inspiradas e enviadas pelo Senhor, tamb\u00e9m assume um compromisso inevit\u00e1vel com esta Palavra e com sua for\u00e7a transformadora.<\/p>\n<p>O Profeta n\u00e3o \u00e9 mero \u201cgaroto de recados\u201d, mas algu\u00e9m que se reveste de uma miss\u00e3o que compromete sua vida por inteiro, tanto que, conforme se l\u00ea no trecho b\u00edblico de Deuteron\u00f4mio, \u201cO profeta que tiver a ousadia de dizer em meu nome alguma coisa que n\u00e3o lhe mandei ou se falar em nome de outros deuses, este profeta deve morrer\u201d (Dt 18,20). \u00c9 quest\u00e3o de vida ou morte, para a qual n\u00e3o existe meio termo.<\/p>\n<p>E Jesus compreendeu com perfei\u00e7\u00e3o esta mensagem. Foi ao mesmo tempo Profeta e Profecia. Mensageiro e Mensagem encarnada, que chama para si a inteira responsabilidade daquilo que o Pai dele deseja. E desta fidelidade \u00e0 toda prova emana a autoridade que Jesus manifesta e motivo de admira\u00e7\u00e3o e como\u00e7\u00e3o entre seus contempor\u00e2neos (Cf. Mc 1,27). Jesus n\u00e3o tem o que temer, porque n\u00e3o tem apegos secund\u00e1rios. Seu foco est\u00e1 na miss\u00e3o que o Pai lhe confiou e por isso tem for\u00e7a para enfrentar o mal que se manifesta no mist\u00e9rio dos esp\u00edritos demon\u00edacos e na postura hip\u00f3crita, orgulhosa, ego\u00edsta e prepotente dos mestres da lei e fariseus.<\/p>\n<p>&nbsp;<\/p>\n","protected":false},"excerpt":{"rendered":"<p>Liturgia dominical<\/p>\n","protected":false},"author":1,"featured_media":200722,"comment_status":"open","ping_status":"open","sticky":false,"template":"","format":"standard","meta":[],"categories":[1],"tags":[537],"acf":[],"yoast_head":"<!-- This site is optimized with the Yoast SEO plugin v19.2 - https:\/\/yoast.com\/wordpress\/plugins\/seo\/ -->\n<title>Jesus se faz profeta e profecia - Not\u00edcias - Franciscanos<\/title>\n<meta name=\"robots\" content=\"index, follow, max-snippet:-1, max-image-preview:large, max-video-preview:-1\" \/>\n<link rel=\"canonical\" href=\"https:\/\/franciscanos.org.br\/noticias\/jesus-se-faz-profeta-e-profecia.html\" \/>\n<meta property=\"og:locale\" content=\"pt_BR\" \/>\n<meta property=\"og:type\" content=\"article\" \/>\n<meta property=\"og:title\" content=\"Jesus se faz profeta e profecia - Not\u00edcias - Franciscanos\" \/>\n<meta property=\"og:description\" content=\"Liturgia dominical\" \/>\n<meta property=\"og:url\" content=\"https:\/\/franciscanos.org.br\/noticias\/jesus-se-faz-profeta-e-profecia.html\" \/>\n<meta property=\"og:site_name\" content=\"Not\u00edcias - Franciscanos\" \/>\n<meta property=\"article:published_time\" content=\"2015-01-30T16:51:09+00:00\" \/>\n<meta property=\"article:modified_time\" content=\"2019-02-27T14:53:30+00:00\" \/>\n<meta property=\"og:image\" content=\"https:\/\/franciscanos.org.br\/noticias\/wp-content\/uploads\/2015\/01\/liturgia_01_alto-1-1.jpg\" \/>\n\t<meta property=\"og:image:width\" content=\"273\" \/>\n\t<meta property=\"og:image:height\" content=\"181\" \/>\n\t<meta property=\"og:image:type\" content=\"image\/jpeg\" \/>\n<meta name=\"author\" content=\"admin\" \/>\n<meta name=\"twitter:card\" content=\"summary_large_image\" \/>\n<meta name=\"twitter:label1\" content=\"Escrito por\" \/>\n\t<meta name=\"twitter:data1\" content=\"admin\" \/>\n\t<meta name=\"twitter:label2\" content=\"Est. tempo de leitura\" \/>\n\t<meta name=\"twitter:data2\" content=\"2 minutos\" \/>\n<script type=\"application\/ld+json\" class=\"yoast-schema-graph\">{\"@context\":\"https:\/\/schema.org\",\"@graph\":[{\"@type\":\"WebSite\",\"@id\":\"https:\/\/franciscanos.org.br\/noticias\/#website\",\"url\":\"https:\/\/franciscanos.org.br\/noticias\/\",\"name\":\"Not\u00edcias - Franciscanos\",\"description\":\"Prov\u00edncia Franciscana da Imaculada Concei\u00e7\u00e3o do Brasil - Ordem dos Frades Menores - OFM\",\"potentialAction\":[{\"@type\":\"SearchAction\",\"target\":{\"@type\":\"EntryPoint\",\"urlTemplate\":\"https:\/\/franciscanos.org.br\/noticias\/?s={search_term_string}\"},\"query-input\":\"required name=search_term_string\"}],\"inLanguage\":\"pt-BR\"},{\"@type\":\"ImageObject\",\"inLanguage\":\"pt-BR\",\"@id\":\"https:\/\/franciscanos.org.br\/noticias\/jesus-se-faz-profeta-e-profecia.html#primaryimage\",\"url\":\"https:\/\/franciscanos.org.br\/noticias\/wp-content\/uploads\/2015\/01\/liturgia_01_alto-1-1.jpg\",\"contentUrl\":\"https:\/\/franciscanos.org.br\/noticias\/wp-content\/uploads\/2015\/01\/liturgia_01_alto-1-1.jpg\",\"width\":273,\"height\":181},{\"@type\":\"WebPage\",\"@id\":\"https:\/\/franciscanos.org.br\/noticias\/jesus-se-faz-profeta-e-profecia.html#webpage\",\"url\":\"https:\/\/franciscanos.org.br\/noticias\/jesus-se-faz-profeta-e-profecia.html\",\"name\":\"Jesus se faz profeta e profecia - Not\u00edcias - Franciscanos\",\"isPartOf\":{\"@id\":\"https:\/\/franciscanos.org.br\/noticias\/#website\"},\"primaryImageOfPage\":{\"@id\":\"https:\/\/franciscanos.org.br\/noticias\/jesus-se-faz-profeta-e-profecia.html#primaryimage\"},\"datePublished\":\"2015-01-30T16:51:09+00:00\",\"dateModified\":\"2019-02-27T14:53:30+00:00\",\"author\":{\"@id\":\"https:\/\/franciscanos.org.br\/noticias\/#\/schema\/person\/b38fbf43118f02820bd932f2e4b14ad3\"},\"breadcrumb\":{\"@id\":\"https:\/\/franciscanos.org.br\/noticias\/jesus-se-faz-profeta-e-profecia.html#breadcrumb\"},\"inLanguage\":\"pt-BR\",\"potentialAction\":[{\"@type\":\"ReadAction\",\"target\":[\"https:\/\/franciscanos.org.br\/noticias\/jesus-se-faz-profeta-e-profecia.html\"]}]},{\"@type\":\"BreadcrumbList\",\"@id\":\"https:\/\/franciscanos.org.br\/noticias\/jesus-se-faz-profeta-e-profecia.html#breadcrumb\",\"itemListElement\":[{\"@type\":\"ListItem\",\"position\":1,\"name\":\"Home\",\"item\":\"https:\/\/franciscanos.org.br\/noticias\"},{\"@type\":\"ListItem\",\"position\":2,\"name\":\"Jesus se faz profeta e profecia\"}]},{\"@type\":\"Person\",\"@id\":\"https:\/\/franciscanos.org.br\/noticias\/#\/schema\/person\/b38fbf43118f02820bd932f2e4b14ad3\",\"name\":\"admin\",\"image\":{\"@type\":\"ImageObject\",\"inLanguage\":\"pt-BR\",\"@id\":\"https:\/\/franciscanos.org.br\/noticias\/#\/schema\/person\/image\/\",\"url\":\"https:\/\/secure.gravatar.com\/avatar\/e8495742d34d0ba6448ea1c628263b3e?s=96&d=mm&r=g\",\"contentUrl\":\"https:\/\/secure.gravatar.com\/avatar\/e8495742d34d0ba6448ea1c628263b3e?s=96&d=mm&r=g\",\"caption\":\"admin\"},\"url\":\"https:\/\/franciscanos.org.br\/noticias\/author\/admin\"}]}<\/script>\n<!-- \/ Yoast SEO plugin. -->","yoast_head_json":{"title":"Jesus se faz profeta e profecia - Not\u00edcias - Franciscanos","robots":{"index":"index","follow":"follow","max-snippet":"max-snippet:-1","max-image-preview":"max-image-preview:large","max-video-preview":"max-video-preview:-1"},"canonical":"https:\/\/franciscanos.org.br\/noticias\/jesus-se-faz-profeta-e-profecia.html","og_locale":"pt_BR","og_type":"article","og_title":"Jesus se faz profeta e profecia - Not\u00edcias - Franciscanos","og_description":"Liturgia dominical","og_url":"https:\/\/franciscanos.org.br\/noticias\/jesus-se-faz-profeta-e-profecia.html","og_site_name":"Not\u00edcias - Franciscanos","article_published_time":"2015-01-30T16:51:09+00:00","article_modified_time":"2019-02-27T14:53:30+00:00","og_image":[{"width":273,"height":181,"url":"https:\/\/franciscanos.org.br\/noticias\/wp-content\/uploads\/2015\/01\/liturgia_01_alto-1-1.jpg","type":"image\/jpeg"}],"author":"admin","twitter_card":"summary_large_image","twitter_misc":{"Escrito por":"admin","Est. tempo de leitura":"2 minutos"},"schema":{"@context":"https:\/\/schema.org","@graph":[{"@type":"WebSite","@id":"https:\/\/franciscanos.org.br\/noticias\/#website","url":"https:\/\/franciscanos.org.br\/noticias\/","name":"Not\u00edcias - Franciscanos","description":"Prov\u00edncia Franciscana da Imaculada Concei\u00e7\u00e3o do Brasil - Ordem dos Frades Menores - OFM","potentialAction":[{"@type":"SearchAction","target":{"@type":"EntryPoint","urlTemplate":"https:\/\/franciscanos.org.br\/noticias\/?s={search_term_string}"},"query-input":"required name=search_term_string"}],"inLanguage":"pt-BR"},{"@type":"ImageObject","inLanguage":"pt-BR","@id":"https:\/\/franciscanos.org.br\/noticias\/jesus-se-faz-profeta-e-profecia.html#primaryimage","url":"https:\/\/franciscanos.org.br\/noticias\/wp-content\/uploads\/2015\/01\/liturgia_01_alto-1-1.jpg","contentUrl":"https:\/\/franciscanos.org.br\/noticias\/wp-content\/uploads\/2015\/01\/liturgia_01_alto-1-1.jpg","width":273,"height":181},{"@type":"WebPage","@id":"https:\/\/franciscanos.org.br\/noticias\/jesus-se-faz-profeta-e-profecia.html#webpage","url":"https:\/\/franciscanos.org.br\/noticias\/jesus-se-faz-profeta-e-profecia.html","name":"Jesus se faz profeta e profecia - Not\u00edcias - Franciscanos","isPartOf":{"@id":"https:\/\/franciscanos.org.br\/noticias\/#website"},"primaryImageOfPage":{"@id":"https:\/\/franciscanos.org.br\/noticias\/jesus-se-faz-profeta-e-profecia.html#primaryimage"},"datePublished":"2015-01-30T16:51:09+00:00","dateModified":"2019-02-27T14:53:30+00:00","author":{"@id":"https:\/\/franciscanos.org.br\/noticias\/#\/schema\/person\/b38fbf43118f02820bd932f2e4b14ad3"},"breadcrumb":{"@id":"https:\/\/franciscanos.org.br\/noticias\/jesus-se-faz-profeta-e-profecia.html#breadcrumb"},"inLanguage":"pt-BR","potentialAction":[{"@type":"ReadAction","target":["https:\/\/franciscanos.org.br\/noticias\/jesus-se-faz-profeta-e-profecia.html"]}]},{"@type":"BreadcrumbList","@id":"https:\/\/franciscanos.org.br\/noticias\/jesus-se-faz-profeta-e-profecia.html#breadcrumb","itemListElement":[{"@type":"ListItem","position":1,"name":"Home","item":"https:\/\/franciscanos.org.br\/noticias"},{"@type":"ListItem","position":2,"name":"Jesus se faz profeta e profecia"}]},{"@type":"Person","@id":"https:\/\/franciscanos.org.br\/noticias\/#\/schema\/person\/b38fbf43118f02820bd932f2e4b14ad3","name":"admin","image":{"@type":"ImageObject","inLanguage":"pt-BR","@id":"https:\/\/franciscanos.org.br\/noticias\/#\/schema\/person\/image\/","url":"https:\/\/secure.gravatar.com\/avatar\/e8495742d34d0ba6448ea1c628263b3e?s=96&d=mm&r=g","contentUrl":"https:\/\/secure.gravatar.com\/avatar\/e8495742d34d0ba6448ea1c628263b3e?s=96&d=mm&r=g","caption":"admin"},"url":"https:\/\/franciscanos.org.br\/noticias\/author\/admin"}]}},"_links":{"self":[{"href":"https:\/\/franciscanos.org.br\/noticias\/wp-json\/wp\/v2\/posts\/78529"}],"collection":[{"href":"https:\/\/franciscanos.org.br\/noticias\/wp-json\/wp\/v2\/posts"}],"about":[{"href":"https:\/\/franciscanos.org.br\/noticias\/wp-json\/wp\/v2\/types\/post"}],"author":[{"embeddable":true,"href":"https:\/\/franciscanos.org.br\/noticias\/wp-json\/wp\/v2\/users\/1"}],"replies":[{"embeddable":true,"href":"https:\/\/franciscanos.org.br\/noticias\/wp-json\/wp\/v2\/comments?post=78529"}],"version-history":[{"count":0,"href":"https:\/\/franciscanos.org.br\/noticias\/wp-json\/wp\/v2\/posts\/78529\/revisions"}],"wp:featuredmedia":[{"embeddable":true,"href":"https:\/\/franciscanos.org.br\/noticias\/wp-json\/wp\/v2\/media\/200722"}],"wp:attachment":[{"href":"https:\/\/franciscanos.org.br\/noticias\/wp-json\/wp\/v2\/media?parent=78529"}],"wp:term":[{"taxonomy":"category","embeddable":true,"href":"https:\/\/franciscanos.org.br\/noticias\/wp-json\/wp\/v2\/categories?post=78529"},{"taxonomy":"post_tag","embeddable":true,"href":"https:\/\/franciscanos.org.br\/noticias\/wp-json\/wp\/v2\/tags?post=78529"}],"curies":[{"name":"wp","href":"https:\/\/api.w.org\/{rel}","templated":true}]}}