{"id":78490,"date":"2015-01-05T11:44:29","date_gmt":"2015-01-05T13:44:29","guid":{"rendered":"http:\/\/franciscanos.org.br\/?p=78490"},"modified":"2019-09-13T12:59:50","modified_gmt":"2019-09-13T15:59:50","slug":"ordenacao-do-frei-antonio-boaventura-zovo-baza-2","status":"publish","type":"post","link":"https:\/\/franciscanos.org.br\/noticias\/ordenacao-do-frei-antonio-boaventura-zovo-baza-2.html","title":{"rendered":"Ordena\u00e7\u00e3o do Frei Ant\u00f3nio Boaventura Zovo Baza"},"content":{"rendered":"<p>No dia 9 de janeiro, dia do Batismo do Senhor, a equipe de prepara\u00e7\u00e3o da ordena\u00e7\u00e3o sacerdotal de Frei Ant\u00f3nio, formada por Frei Vialino Piaia, Frei Afonso, Frei Chincocolo, Frei Jos\u00e9, Frei F\u00e1bio e pelos jovens Edson e Filipe da JUFRA de Viana, chegava ao povoado de Subantando, que significa \u201ccara da plan\u00edcie\u201d. Subantando localiza-se a 18 km de Cabinda, uma das prov\u00edncias de Angola mais ricas em petr\u00f3leo e diamante. Fomos muito bem acolhidos pelo p\u00e1roco da par\u00f3quia N. S. de F\u00e1tima, Pe. Carlos Bambi. Os preparativos, durante a semana, tiveram a participa\u00e7\u00e3o de muita gente e estavam a todo vapor: as \u201cmam\u00e1s\u201d com catanas e enxadas a capinar e a limpar. Os pintores, embelezando todo o ambiente e at\u00e9 os \u201cpalmadores\u201d a subir, \u00e0 maneira africana, at\u00e9 o topo das palmeiras para colher o dend\u00ea,\u00a0 a bebida chamada \u201cMatchenvo\u201d, e a podar as folhas. O coral, com 150 vozes a ensaiar os cantos. Toda a estrutura de altar, toldos, tornaram o campo de futebol um ambiente bonito e lit\u00fargico. Neste sentido, queremos destacar a figura de Pe. Carlos que, com seu dinamismo e lideran\u00e7a, n\u00e3o deixou faltar nada.<\/p>\n<p><strong>O primeiro dia<\/strong> de prepara\u00e7\u00e3o iniciamos na matriz, com as laudes e missa. Em seguida, e ap\u00f3s o \u201cmata bicho\u201d, nos dirigimos \u00e0 aldeia de Champuto Rico. Recordando o nosso interior, l\u00e1 estava a pequena comunidade a nos esperar. A celebra\u00e7\u00e3o foi din\u00e2mica e bil\u00edngue: portugu\u00eas e ibinda, l\u00edngua local. A alegria de todos era vis\u00edvel, pois era o primeiro filho da regi\u00e3o a ser sacerdote.<\/p>\n<p><strong>No segundo dia<\/strong> dos preparativos, na matriz, Frei Ant\u00f3nio fez o juramento de fidelidade. Igreja lotada, desde cedo, atenta \u00e0 leitura do juramento de Frei Ant\u00f3nio.\u00a0 Neste dia a aldeia visitada foi Banda Gembo. Frei Afonso presidiu e deu \u00e0 missa um cunho vocacional, destacando o chamado de Frei Ant\u00f3nio que, como Samuel, v\u00e1rias vezes, perguntou a Eli: Me chamastes? No final do dia ainda fizemos uma caminhada at\u00e9 a fonte de \u00e1gua que abastece a vila de Subantando. Foi um exerc\u00edcio grande, pois a descida era bem \u00edngreme. Durante a caminhada, ainda no asfalto, Frei Ant\u00f3nio nos relatou que no tempo da guerra ele e mais uns quinze jovens foram \u201crusgados\u201d pela tropa e depois colocados sentados na pista e levaram uma rajada de tiros, mas, por sorte do destino e prote\u00e7\u00e3o de Deus, n\u00e3o foram atingidos.<\/p>\n<p><strong><a href=\"http:\/\/franciscanos.org.br\/wp-content\/uploads\/2015\/01\/zaza.jpg\"><img loading=\"lazy\" class=\"alignleft wp-image-78493\" src=\"http:\/\/franciscanos.org.br\/wp-content\/uploads\/2015\/01\/zaza.jpg\" alt=\"zaza\" width=\"430\" height=\"311\" \/><\/a>No terceiro dia<\/strong> de prepara\u00e7\u00e3o da Ordena\u00e7\u00e3o, durante a missa da manh\u00e3, na matriz, Frei Ant\u00f3nio fez a Profiss\u00e3o de F\u00e9 diante da comunidade e de testemunhas. Ap\u00f3s a missa na matriz, visitamos a aldeia de \u00a0Chibod\u00f4,\u00a0 que tem como padroeiro Santo Ant\u00f3nio. Com a comunidade toda presente para a Celebra\u00e7\u00e3o Eucar\u00edstica, a equipe destacou que a vida e a busca da voca\u00e7\u00e3o, \u00e0s vezes, \u00e9 uma verdadeira luta, como nos relata a leitura do livro de Samuel. Os trabalhos da manh\u00e3 foram conclu\u00eddos com uma entrevista para a TV P\u00fablica de Angola (TPA).<\/p>\n<p><strong>No quarto dia<\/strong> de prepara\u00e7\u00e3o da ordena\u00e7\u00e3o, ap\u00f3s os compromissos na Matriz, nos dirigimos \u00e0 aldeia de Luavo e houve a missa e prega\u00e7\u00e3o vocacional. Foi grande a alegria das crian\u00e7as que foram ao nosso encontro e nos acompanharam, a p\u00e9 e cantando hinos t\u00edpicos.\u00a0 Ainda pela parte da manh\u00e3, por ser pr\u00f3ximo da fronteira do Congo Democr\u00e1tico, acompanhados pelo catequista regional, fizemos um r\u00e1pida visita \u00e0 feira instalada entre os dois pa\u00edses (Angola e Congo Democr\u00e1tico). Pela parte da tarde, antes da visita ao bispo diocesano, Dom Filomeno do Nascimento Vieira Dias, a equipe esteve na fronteira do Congo Brazavil. Todos os dias, ap\u00f3s a missa eram visitadas e aben\u00e7oadas as casas da aldeia, que sempre s\u00e3o pr\u00f3ximas da capela. Por parte das comunidades das aldeias era grande a alegria pela ordena\u00e7\u00e3o. Todos os dias \u00e9ramos acompanhados pelos ac\u00f3litos da par\u00f3quia e pelo catequista animador das aldeias. Em todas as aldeias, ap\u00f3s a missa e b\u00ean\u00e7\u00e3o \u00e0s casas, tom\u00e1vamos uma refei\u00e7\u00e3o oferecida pela comunidade.<\/p>\n<p><strong>O quinto dia<\/strong> foi reservado somente para a matriz. Na missa da manh\u00e3, presidida por Frei Angelo Jos\u00e9 Luiz, Presidente da Funda\u00e7\u00e3o Imaculada M\u00e3e de Deus de Angola, Frei Ant\u00f3nio leu e assinou a declara\u00e7\u00e3o de que iria receber de livre e espont\u00e2nea vontade a Ordena\u00e7\u00e3o Presbiteral. Ap\u00f3s a missa, a equipe mission\u00e1ria atendeu confiss\u00f5es, visitou e deu b\u00ean\u00e7\u00e3o nas casas. Ap\u00f3s os trabalhos do dia ainda tivemos for\u00e7as, juntamente com as equipes de trabalho, de assistir ao filme Irm\u00e3o Sol, Irm\u00e3 Lua.<\/p>\n<p><strong>Ordena\u00e7\u00e3o<\/strong><\/p>\n<p>No domingo, dia quinze de janeiro de 2012, desde muito cedo, aconteciam os \u00faltimos preparativos. O povo ia chegando das aldeias de caminh\u00e3o, candongas, \u00f4nibus, carros particulares, motos, uma verdadeira romaria. Calcular os presestes \u00e9 sempre um risco. Com certeza estavam presentes acima de quantro mil pessoas. Coube a Frei Piaia e ao Pe. Cuebo a anima\u00e7\u00e3o da ordena\u00e7\u00e3o, bil\u00edngue: Portugu\u00eas e Ibinda. Destaca-se: <em>\u201cReunidos e unidos em Subantando \u2013 Cabinda, para participar da Ordena\u00e7\u00e3o Sacerdotal do primeiro filho daquela Comunidade Paroquial, Frei Ant\u00f3nio, Franciscano da Ordem dos Frades Menores. Esta ordena\u00e7\u00e3o sacerdotal foi sonhada e esperada pela fam\u00edlia do Senhor Eduardo e Teresa Baza. Foi sonhada e esperada pela par\u00f3quia N. S. F\u00e1tima. Foi sonhada e esperada pela Igreja de Cabinda. Esta ordena\u00e7\u00e3o foi sonhada e esperada por muitos. Neste dia, o sonho e a espera tornam-se realidade. \u00c9 o segundo \u201cFilho\u201d (frade) que a Funda\u00e7\u00e3o Imcaulada M\u00e3e de Deus de Angola apresenta para a Ordena\u00e7\u00e3o Sacerdotal. Ao completarmos 22 anos de presen\u00e7a em Angola, estamos felizes com este acontecimento\u201d.<\/em> Foi com essa motiva\u00e7\u00e3o que iniciou-se a missa de ordena\u00e7\u00e3o.<\/p>\n<p>O coral, com 150 vozes, animou a celebra\u00e7\u00e3o que contou com a presen\u00e7a de sacerdotes, religiosos, religiosas, seminaristas, vocacionados da diocese, e de v\u00e1rias congrega\u00e7\u00f5es. Dom Filomeno, de in\u00edcio, destacou: <em>\u201c\u2026 \u00e9 importante estarmos aqui, pois Subantando tem a gra\u00e7a desta grande celebra\u00e7\u00e3o\u201d.<\/em> \u00a0Coube a Frei Angelo apresentar o candidato ao minist\u00e9rio sacerdotal ao senhor Bispo. Frei Ant\u00f3nio disse \u201cpresente\u201d e acompanhado de seus pais, levantou-se do meio da assembleia, e entoou\u00a0 o hino<em>\u201cEis-me aqui, Senhor\u201d<\/em>, em Ibinda. Momento lindo. Abra\u00e7a seus pais e se coloca diante do bispo. Na sua homilia, Dom Filomeno enfatizou o rito da Ordena\u00e7\u00e3o Presbiteral. A cada parte, bem explicada, fazia uma aplica\u00e7\u00e3o \u00e0 vida do padre no seu dia a dia. No momento da ordena\u00e7\u00e3o, como sinal de agradecimento, um grupo da cultura tradicional, com seus <em>berrantes<\/em>, anunciava a alegria de se ter um sacerdote ungido e confirmado. Conclu\u00edda a ordena\u00e7\u00e3o, Frei Ant\u00f3nio foi conduzido, por Frei Angelo e Padre Carlos (p\u00e1roco), pelo meio da assembl\u00e9ia que n\u00e3o parava de aplaudir. Foi um\u00a0 momento muito emocionante. A t\u00e2mbula estava repleta com muitos presentes para Frei Ant\u00f3nio, bem como produtos da terra e s\u00edmbolos. O mais expressivo dos s\u00edmbolos foi \u201co arco usado pelos \u201cpalmadores\u201d para subir nas palmeiras e colher l\u00edquidos e frutos. Essa atividade \u00e9 muito t\u00edpica da regi\u00e3o. E assim prosseguiu a missa com a apresenta\u00e7\u00e3o das oferendas.<\/p>\n<p><strong>Agredecimentos<\/strong>: Frei Angelo falou em nome da Funda\u00e7\u00e3o e destacou: <em>\u201cSomos gratos a Dom Filomeno por aceitar ordenar Frei Ant\u00f3nio. O Bispo nos \u00a0garantiu que a par\u00f3quia N. S. de F\u00e1tima daria todo o apoio. Isso foi uma realidade que todos podemos ver e sentir.\u00a0 Quero manifestar, em nome da Funda\u00e7\u00e3o Imaculada M\u00e3e de Deus de Angola, a minha grati\u00e3o ao Pe. Carlos Bambi pelo bel\u00edssimo trabalho onde tudo saiu maravilhosamente bem\u2026\u201d. <\/em>\u00a0Padre Carlos, em nome da par\u00f3quia, tamb\u00e9m agradeceu a presen\u00e7a de todos e deu os informes de como continuariam os festejos. Frei Ant\u00f3nio, por sua vez, agradecu a todos. Destacamos parte de sua fala: <em>\u201cO Senhor conceda gra\u00e7as e b\u00ean\u00e7\u00e3os \u00e0queles que, direta ou indiretamente, deram de si para que este dia se transformasse num\u00a0 projeto realizado, em que a entrega total e definitiva ganhasse corpo no minist\u00e9rio sacerdotal. Tendes a certeza de que recebereis o que vos est\u00e1 reservado da parte do Senhor; porquanto atendestes ao Seu solid\u00e1rio pedido expresso na par\u00e1bola do bom samaritano: <strong>cuida bem dele, e o que gastares a mais, eu pagar-to-ei quando voltar<\/strong> (Lc 10,35).<\/em><\/p>\n<p><em>Do pressuposto de que \u201cn\u00e3o se alcan\u00e7a o m\u00e9rito sem batalha\u201d, tamb\u00e9m este milagroso acontecimento resultou de v\u00e1rios sacrif\u00edcios; pois, ao longo do percurso n\u00e3o faltaram l\u00e1grimas e lamenta\u00e7\u00f5es, desprezos e abandonos, humilha\u00e7\u00f5es e zombarias; mas, como diz S. Paulo: <strong>nada nos separar\u00e1 do amor de Cristo: nem a tribula\u00e7\u00e3o, nem ang\u00fastia, nem a persegui\u00e7\u00e3o, nem a fome e nem a nudez<\/strong> (Rm 8,35).<\/em><\/p>\n<p><em>Aos meus pais e familiares que s\u00e3o a fonte e a raz\u00e3o do meu \u201csim\u201d ao servi\u00e7o do Reino e do Evangelho, superiores e formadores, vai o meu eterno reconhecimento; gra\u00e7as a Deus, por seu interm\u00e9dio, sou constitu\u00eddo ministro da Sua vinha. Obviamente sejam reconhecidos, pois deram de si, esvaziaram-se para enriquecer o alfobre do viveiro\u2026<\/em> <em>Uma palavra digna de men\u00e7\u00e3o dirige-se ao benem\u00e9rito e inef\u00e1vel, Reverend\u00edssimo Pe. Carlos Bambi, pelo grandioso apoio em ambas dimens\u00f5es, quer material, quer espiritual, que se empenhou com todas as for\u00e7as\u2026\u201d<\/em><\/p>\n<p><strong>Festa<\/strong><\/p>\n<p>Ap\u00f3s a missa de ordena\u00e7\u00e3o, Frei Ant\u00f3nio recebeu os abra\u00e7os de todos numa grande fila. Em seguida, o neo-sacerdote foi carregado num \u201candor\u201d at\u00e9 o local da festa, numa grande caravana, cantando. Foi um momento, dir\u00edamos \u201cespetacular\u201d. Durante o almo\u00e7o, que foi servido para todos, numa grande \u00e1rea com belas \u00e1rvores nativas, grupos folcl\u00f3ricos se apresentavam. O ponto alto foi os <em>Bakamas<\/em>, que s\u00f3 aparecem em grandes acontecimentos. S\u00e3o sete personagens m\u00edticos, da cultura tradicional. Imagine algu\u00e9m\u00a0 revestido de folhas de bananeria, com m\u00e1scaras simb\u00f3licas, panos e sem mostrar nada do corpo. As fotos s\u00e3o proibidas. No final da sua apresenta\u00e7\u00e3o, eles fizeram rever\u00eancia ao neo-sacerdote,\u00a0 como sinal de que eles aceitam e respeitam a autoridade do padre.<\/p>\n<p><strong>Conclu\u00edmos<\/strong> pedindo ao Senhor \u00a0que proteja e aben\u00e7oe os 17 frades da Funda\u00e7\u00e3o Imaculada M\u00e3e de Deus de Angola. Que proteja e aben\u00e7oe os 5 frades estudantes, em forma\u00e7\u00e3o. Que a M\u00e3e de Angola ampare os 5 novi\u00e7os e os mais de 40 seminaristas, nas suas diversas etapas de forma\u00e7\u00e3o. Afirmamos: Foi com grande alegria e emo\u00e7\u00e3o que participamos desta ordena\u00e7\u00e3o. Foi uma grande semana, uma grande celebra\u00e7\u00e3o, uma grande ordena\u00e7\u00e3o e uma grande festa. Grande em v\u00e1rios sentidos: espiritual, prepara\u00e7\u00e3o externa, acolhida, ambiente, alegria, organiza\u00e7\u00e3o, disponibilidade da comunidade\u2026 Parab\u00e9ns Subantando! Parab\u00e9ns Pe. Carlos Bambi! Parab\u00e9ns Frei Ant\u00f3nio! Parab\u00e9ns Cabinda! Obrigado, Funda\u00e7\u00e3o Imaculada M\u00e3e de Deus de Angola! Obrigado, Prov\u00edncia Franciscana da Imaculada Concei\u00e7\u00e3o do Brasil! Obrigado, Irm\u00e3s Prediletas de Jesus! Obrigado, Eduardo e Teresa Zovo Baza! <em>Mkua\u00e7a, buela mkua\u00e7a<\/em> (palmas, muitas palmas).<\/p>\n<p><em>Frei Vitalino Piaia<\/em><\/p>\n<p><strong>Na \u00edntegra \u2013 <\/strong><strong>PALAVRAS DE AGRADECIMENTO POR OCASI\u00c3O<br \/>\n<\/strong><strong>DA ORDENA\u00c7\u00c3O PRESBITERAL DE FREI ANT\u00d3NIO<\/strong><\/p>\n<p>Vossa Excel\u00eancia Reverend\u00edssima Dom Filomeno do Nascimento Vieira Dias, bispo da Diocese de Cabinda, presidente desta celebra\u00e7\u00e3o.<\/p>\n<p>Reverendo Frei Angelo Jos\u00e9 Luiz, delegado do Ministro Provincial da Prov\u00edncia Franciscana da Imaculada Concei\u00e7\u00e3o do Brasil e Presidente da Funda\u00e7\u00e3o Imaculada M\u00e3e de Deus de Angola.<\/p>\n<p>Reverendo Pe. Dr. Carlos Bambi, p\u00e1roco da circunscri\u00e7\u00e3o que nos acolhe.<\/p>\n<p>Magn\u00edficos reitores: do Semin\u00e1rio Maior de Luanda, Pe. Dr. Ant\u00f3nio Afonso Rodrigues e Pe. Jos\u00e9 Bassanza, do Semin\u00e1rio Menor de Cabinda.<\/p>\n<p>Vossa Excel\u00eancia sr. Maweto Jo\u00e3o Baptista, dign\u00edssimo Governador da Prov\u00edncia de Cabinda.<\/p>\n<p>Vossa Excel\u00eancia Sr. Bento Bembe, ilustre secret\u00e1rio do Estado pelos direitos humanos, Sr. Francisco Tanda, administrador municipal de Cabinda, e demais entidades governamentais e autoridades tradicionais.<\/p>\n<p>Diletos confrades, sacerdotes diocesanos, religiosos e religiosas de diversas congrega\u00e7\u00f5es, caros amigos, ilustres colegas e seminaristas.<\/p>\n<p>Distintos convidados,<\/p>\n<p>Santo Povo de Deus,<\/p>\n<p><strong>PAZ E BEM!<\/strong><\/p>\n<p>Eis-nos <em>hic et nunc<\/em>, para neste dia saborearmos o quanto \u00e9 belo estarmos reunidos sob este teto de Cabinda por causa do Amor de Deus: \u00e9 gra\u00e7a, \u00e9 amor, e \u00e9 provid\u00eancia divina.<\/p>\n<p>O homem, no seu percurso, \u00e9 chamado a abandonar-se nas m\u00e3os de Deus para que conhe\u00e7a a verdade: a Verdade Deus, a Verdade Cristo, a Verdade Esp\u00edrito Santo. \u00c9, pois, esta Verdade trinit\u00e1ria que, no nosso rosto sorridente e af\u00e1vel, vai distribuindo a suave fragr\u00e2ncia do amor de Deus para os irm\u00e3os, atrav\u00e9s desta magn\u00edfica celebra\u00e7\u00e3o.<\/p>\n<p>O Senhor conceda gra\u00e7as e b\u00ean\u00e7\u00e3os \u00e0queles que, direta ou indiretamente, deram de si para que este dia se transformasse num\u00a0 projeto realizado em que a entrega total e definitiva ganhasse corpo no minist\u00e9rio sacerdotal. Tendes a certeza de que recebereis o que vos est\u00e1 reservado da parte do Senhor; porquanto atendestes ao Seu solid\u00e1rio pedido expresso na par\u00e1bola do bom samaritano: <strong><em>cuida bem dele, e o que gastares a mais, eu pagar-to-ei quando voltar<\/em><\/strong> (Lc 10,35).<\/p>\n<p>Do pressuposto de que \u201cn\u00e3o se alcan\u00e7a o m\u00e9rito sem batalha\u201d, tamb\u00e9m este milagroso acontecimento resultou de v\u00e1rios sacrif\u00edcios; pois, ao longo do percurso n\u00e3o faltaram l\u00e1grimas e lamenta\u00e7\u00f5es, desprezos e abandonos, humilha\u00e7\u00f5es e zombarias; mas, como diz S. Paulo: <strong><em>nada nos separar\u00e1 do amor de Cristo: nem a tribula\u00e7\u00e3o, nem ang\u00fastia, nem a persegui\u00e7\u00e3o, nem a fome e nem a nudez<\/em><\/strong> (Rm 8,35).<\/p>\n<p>Aos meus pais e familiares que s\u00e3o a fonte e a raz\u00e3o do meu sim ao servi\u00e7o do Reino e do Evangelho, superiores e formadores vai o meu eterno reconhecimento; gra\u00e7as a Deus, por seu interm\u00e9dio, sou constitu\u00eddo ministro da Sua vinha. Obviamente sejam reconhecidos, pois deram de si, esvaziaram-se para enriquecer o alfobre do viveiro. E como dizia o Papa Greg\u00f3rio Magno,<em>\u201cdesprezaram o que eles mesmos sofreram e preocupam-se para que, os disc\u00edpulos n\u00e3o sofram em, seu interior, desvio algum. Desprezaram em si as feridas dos seus corpos e curaram aos seus formandos as feridas do cora\u00e7\u00e3o; enquanto sofriam com paci\u00eancia os seus pr\u00f3prios tormentos, continuavam a instruir o seu pr\u00f3ximo, como os m\u00e9dicos magn\u00e2nimos quando eles pr\u00f3prios est\u00e3o doentes: suportam os golpes dolorosos das suas feridas e proporcionam os rem\u00e9dios necess\u00e1rios para a sa\u00fade dos outros\u201d.<\/em><\/p>\n<p>A verdade dita, o reluzir do dia e da vida, clamando que tudo seja feito e conduzido \u00e0 base da humildade, da simplicidade e da bondade; a v\u00f3s, Sr. (s). Bispo (s), superiores, colegas, santo Povo de Deus pe\u00e7o que me ajudeis a delinear os meus passos sacerdotais, ainda franzidos, nos prumos das citadas virtudes.<\/p>\n<p>Uma palavra digna de men\u00e7\u00e3o dirige-se ao benem\u00e9rito e inef\u00e1vel, Reverend\u00edssimo Pe. Carlos Bambi pelo grandioso apoio em ambas dimens\u00f5es, quer material, quer espiritual, que se empenhou com todas as for\u00e7as, ao ponto de esquecer-se de si, dispensando os seus momentos de descanso e tantos outros trabalhos que teve que deixar de lado, priorizando este evento, e pelo acolhimento dos que vieram de outras localidades, dentro e fora do pa\u00eds.<\/p>\n<p>Excelent\u00edssimas Irm\u00e3s Prediletas de Jesus, que fizeram da noite e dia como um hor\u00e1rio \u00fanico de labor, sabemos que as nossas palavras n\u00e3o s\u00e3o suficientes para dizermos muito obrigado, por\u00e9m, o nosso Deus a quem nada escapa recompensar-vos-\u00e1 com a sua b\u00ean\u00e7\u00e3o e gra\u00e7a. Ilustres benfeitores que tudo fizestes para que a nossa festa acontecesse de forma maravilhosa, recebam do fundo do nosso cora\u00e7\u00e3o a nossa gratid\u00e3o; permitam-nos destacar o Sr. Francisco Tando, dign\u00edssimo administrador municipal de Cabinda e o seu executivo que dedicadamente orienta; a Dra. Lina Sambo, que durante os preparativos deste evento honrou-nos com a sua presen\u00e7a, trabalhando junto \u00e0s irm\u00e3s na disponibilidade de apoiar-nos em situa\u00e7\u00f5es que evocam a interven\u00e7\u00e3o m\u00e9dica; \u00e0s for\u00e7as de seguran\u00e7a dirigimos o nosso agradecimento, porque a sua presen\u00e7a nos oferece tranquilidade e ordem; \u00e0 pessoa da Senhora Angelina Teresa Essinda Tchamwenho, pela sua entrega e ajuda, \u00e0 comunica\u00e7\u00e3o social que, no anterior e neste momento, nos faz presente em todo territ\u00f3rio nacional pela televis\u00e3o p\u00fablica de Angola e a R\u00e1dio Nacional, seja aben\u00e7oado o vosso trabalho.<\/p>\n<p>Ao estimado confrade Gabriel Tchivela, OFMCap, que foi o pregador do retiro alusivo \u00e0 minha ordena\u00e7\u00e3o, o meu ser\u00e1fico agradecimento. Ao Revendo Pe. Bassanza, cerimoni\u00e1rio, e ao grupo coral que, pelas suas harmoniosas melodias, tornam brilhante a nossa bela celebra\u00e7\u00e3o, o nosso muito obrigado.<\/p>\n<p>Aos seminaristas: n\u00e3o tendes vergonha de assumir Cristo nas vossas vidas, tal como dizia o Papa Bento XVI, quando da sua visita ao nosso Pa\u00eds: Cristo seja sempre a raz\u00e3o do vosso existir. As dificuldades existem e existir\u00e3o sempre e sempre por causa da limitada estrutura \u00f4ntico-humana, mas como diziam os grandes embondeiros da hist\u00f3ria da humanidade, \u201c<em>\u00e9 subindo aos ombros dos mais velhos que se pode olhar mais al\u00e9m\u201d.<\/em> Colocai-vos, pois, nas m\u00e3os do divino Mestre que Ele saber\u00e1 acudir-vos em momentos dif\u00edceis.<\/p>\n<p>A todos aqui presentes, as vossas ora\u00e7\u00f5es se elevem ao meu e ao nosso favor, para que possamos alcan\u00e7ar a santidade de vida. Assim alcan\u00e7aremos a gl\u00f3ria e cantaremos os nossos louvores diante do Senhor Criador. Queridos irm\u00e3os e irm\u00e3s, ajudai-me a viver santamente este sagrado minist\u00e9rio, para que, assim, consiga fazer santo o Povo que a mim for confiado.<\/p>\n<p>Que dizer mais ainda? Esgotaram-se as palavras, mas num olhar terno e alimentado pelo Esp\u00edrito Divino, digo afavelmente: <strong>O MEU ETERNO RECONHECIMENTO.<\/strong><\/p>\n<p><strong>Frei Ant\u00f3nio Boaventura Zovo Baza<\/strong><\/p>\n","protected":false},"excerpt":{"rendered":"<p>Presen\u00e7a franciscana em Angola<\/p>\n","protected":false},"author":1,"featured_media":210867,"comment_status":"open","ping_status":"open","sticky":false,"template":"","format":"standard","meta":[],"categories":[1],"tags":[360,157],"acf":[],"yoast_head":"<!-- This site is optimized with the Yoast SEO plugin v19.2 - https:\/\/yoast.com\/wordpress\/plugins\/seo\/ -->\n<title>Ordena\u00e7\u00e3o do Frei Ant\u00f3nio Boaventura Zovo Baza - Not\u00edcias - Franciscanos<\/title>\n<meta name=\"robots\" content=\"index, follow, max-snippet:-1, max-image-preview:large, max-video-preview:-1\" \/>\n<link rel=\"canonical\" href=\"https:\/\/franciscanos.org.br\/noticias\/ordenacao-do-frei-antonio-boaventura-zovo-baza-2.html\" \/>\n<meta property=\"og:locale\" content=\"pt_BR\" \/>\n<meta property=\"og:type\" content=\"article\" \/>\n<meta property=\"og:title\" content=\"Ordena\u00e7\u00e3o do Frei Ant\u00f3nio Boaventura Zovo Baza - Not\u00edcias - Franciscanos\" \/>\n<meta property=\"og:description\" content=\"Presen\u00e7a franciscana em Angola\" \/>\n<meta property=\"og:url\" content=\"https:\/\/franciscanos.org.br\/noticias\/ordenacao-do-frei-antonio-boaventura-zovo-baza-2.html\" \/>\n<meta property=\"og:site_name\" content=\"Not\u00edcias - Franciscanos\" \/>\n<meta property=\"article:published_time\" content=\"2015-01-05T13:44:29+00:00\" \/>\n<meta property=\"article:modified_time\" content=\"2019-09-13T15:59:50+00:00\" \/>\n<meta property=\"og:image\" content=\"https:\/\/franciscanos.org.br\/noticias\/wp-content\/uploads\/2012\/01\/baza-1.jpg\" \/>\n\t<meta property=\"og:image:width\" content=\"273\" \/>\n\t<meta property=\"og:image:height\" content=\"181\" \/>\n\t<meta property=\"og:image:type\" content=\"image\/jpeg\" \/>\n<meta name=\"author\" content=\"admin\" \/>\n<meta name=\"twitter:card\" content=\"summary_large_image\" \/>\n<meta name=\"twitter:label1\" content=\"Escrito por\" \/>\n\t<meta name=\"twitter:data1\" content=\"admin\" \/>\n\t<meta name=\"twitter:label2\" content=\"Est. tempo de leitura\" \/>\n\t<meta name=\"twitter:data2\" content=\"15 minutos\" \/>\n<script type=\"application\/ld+json\" class=\"yoast-schema-graph\">{\"@context\":\"https:\/\/schema.org\",\"@graph\":[{\"@type\":\"WebSite\",\"@id\":\"https:\/\/franciscanos.org.br\/noticias\/#website\",\"url\":\"https:\/\/franciscanos.org.br\/noticias\/\",\"name\":\"Not\u00edcias - Franciscanos\",\"description\":\"Prov\u00edncia Franciscana da Imaculada Concei\u00e7\u00e3o do Brasil - Ordem dos Frades Menores - OFM\",\"potentialAction\":[{\"@type\":\"SearchAction\",\"target\":{\"@type\":\"EntryPoint\",\"urlTemplate\":\"https:\/\/franciscanos.org.br\/noticias\/?s={search_term_string}\"},\"query-input\":\"required name=search_term_string\"}],\"inLanguage\":\"pt-BR\"},{\"@type\":\"ImageObject\",\"inLanguage\":\"pt-BR\",\"@id\":\"https:\/\/franciscanos.org.br\/noticias\/ordenacao-do-frei-antonio-boaventura-zovo-baza-2.html#primaryimage\",\"url\":\"https:\/\/franciscanos.org.br\/noticias\/wp-content\/uploads\/2012\/01\/baza-1.jpg\",\"contentUrl\":\"https:\/\/franciscanos.org.br\/noticias\/wp-content\/uploads\/2012\/01\/baza-1.jpg\",\"width\":273,\"height\":181},{\"@type\":\"WebPage\",\"@id\":\"https:\/\/franciscanos.org.br\/noticias\/ordenacao-do-frei-antonio-boaventura-zovo-baza-2.html#webpage\",\"url\":\"https:\/\/franciscanos.org.br\/noticias\/ordenacao-do-frei-antonio-boaventura-zovo-baza-2.html\",\"name\":\"Ordena\u00e7\u00e3o do Frei Ant\u00f3nio Boaventura Zovo Baza - Not\u00edcias - Franciscanos\",\"isPartOf\":{\"@id\":\"https:\/\/franciscanos.org.br\/noticias\/#website\"},\"primaryImageOfPage\":{\"@id\":\"https:\/\/franciscanos.org.br\/noticias\/ordenacao-do-frei-antonio-boaventura-zovo-baza-2.html#primaryimage\"},\"datePublished\":\"2015-01-05T13:44:29+00:00\",\"dateModified\":\"2019-09-13T15:59:50+00:00\",\"author\":{\"@id\":\"https:\/\/franciscanos.org.br\/noticias\/#\/schema\/person\/b38fbf43118f02820bd932f2e4b14ad3\"},\"breadcrumb\":{\"@id\":\"https:\/\/franciscanos.org.br\/noticias\/ordenacao-do-frei-antonio-boaventura-zovo-baza-2.html#breadcrumb\"},\"inLanguage\":\"pt-BR\",\"potentialAction\":[{\"@type\":\"ReadAction\",\"target\":[\"https:\/\/franciscanos.org.br\/noticias\/ordenacao-do-frei-antonio-boaventura-zovo-baza-2.html\"]}]},{\"@type\":\"BreadcrumbList\",\"@id\":\"https:\/\/franciscanos.org.br\/noticias\/ordenacao-do-frei-antonio-boaventura-zovo-baza-2.html#breadcrumb\",\"itemListElement\":[{\"@type\":\"ListItem\",\"position\":1,\"name\":\"Home\",\"item\":\"https:\/\/franciscanos.org.br\/noticias\"},{\"@type\":\"ListItem\",\"position\":2,\"name\":\"Ordena\u00e7\u00e3o do Frei Ant\u00f3nio Boaventura Zovo Baza\"}]},{\"@type\":\"Person\",\"@id\":\"https:\/\/franciscanos.org.br\/noticias\/#\/schema\/person\/b38fbf43118f02820bd932f2e4b14ad3\",\"name\":\"admin\",\"image\":{\"@type\":\"ImageObject\",\"inLanguage\":\"pt-BR\",\"@id\":\"https:\/\/franciscanos.org.br\/noticias\/#\/schema\/person\/image\/\",\"url\":\"https:\/\/secure.gravatar.com\/avatar\/e8495742d34d0ba6448ea1c628263b3e?s=96&d=mm&r=g\",\"contentUrl\":\"https:\/\/secure.gravatar.com\/avatar\/e8495742d34d0ba6448ea1c628263b3e?s=96&d=mm&r=g\",\"caption\":\"admin\"},\"url\":\"https:\/\/franciscanos.org.br\/noticias\/author\/admin\"}]}<\/script>\n<!-- \/ Yoast SEO plugin. -->","yoast_head_json":{"title":"Ordena\u00e7\u00e3o do Frei Ant\u00f3nio Boaventura Zovo Baza - Not\u00edcias - Franciscanos","robots":{"index":"index","follow":"follow","max-snippet":"max-snippet:-1","max-image-preview":"max-image-preview:large","max-video-preview":"max-video-preview:-1"},"canonical":"https:\/\/franciscanos.org.br\/noticias\/ordenacao-do-frei-antonio-boaventura-zovo-baza-2.html","og_locale":"pt_BR","og_type":"article","og_title":"Ordena\u00e7\u00e3o do Frei Ant\u00f3nio Boaventura Zovo Baza - Not\u00edcias - Franciscanos","og_description":"Presen\u00e7a franciscana em Angola","og_url":"https:\/\/franciscanos.org.br\/noticias\/ordenacao-do-frei-antonio-boaventura-zovo-baza-2.html","og_site_name":"Not\u00edcias - Franciscanos","article_published_time":"2015-01-05T13:44:29+00:00","article_modified_time":"2019-09-13T15:59:50+00:00","og_image":[{"width":273,"height":181,"url":"https:\/\/franciscanos.org.br\/noticias\/wp-content\/uploads\/2012\/01\/baza-1.jpg","type":"image\/jpeg"}],"author":"admin","twitter_card":"summary_large_image","twitter_misc":{"Escrito por":"admin","Est. tempo de leitura":"15 minutos"},"schema":{"@context":"https:\/\/schema.org","@graph":[{"@type":"WebSite","@id":"https:\/\/franciscanos.org.br\/noticias\/#website","url":"https:\/\/franciscanos.org.br\/noticias\/","name":"Not\u00edcias - Franciscanos","description":"Prov\u00edncia Franciscana da Imaculada Concei\u00e7\u00e3o do Brasil - Ordem dos Frades Menores - OFM","potentialAction":[{"@type":"SearchAction","target":{"@type":"EntryPoint","urlTemplate":"https:\/\/franciscanos.org.br\/noticias\/?s={search_term_string}"},"query-input":"required name=search_term_string"}],"inLanguage":"pt-BR"},{"@type":"ImageObject","inLanguage":"pt-BR","@id":"https:\/\/franciscanos.org.br\/noticias\/ordenacao-do-frei-antonio-boaventura-zovo-baza-2.html#primaryimage","url":"https:\/\/franciscanos.org.br\/noticias\/wp-content\/uploads\/2012\/01\/baza-1.jpg","contentUrl":"https:\/\/franciscanos.org.br\/noticias\/wp-content\/uploads\/2012\/01\/baza-1.jpg","width":273,"height":181},{"@type":"WebPage","@id":"https:\/\/franciscanos.org.br\/noticias\/ordenacao-do-frei-antonio-boaventura-zovo-baza-2.html#webpage","url":"https:\/\/franciscanos.org.br\/noticias\/ordenacao-do-frei-antonio-boaventura-zovo-baza-2.html","name":"Ordena\u00e7\u00e3o do Frei Ant\u00f3nio Boaventura Zovo Baza - Not\u00edcias - Franciscanos","isPartOf":{"@id":"https:\/\/franciscanos.org.br\/noticias\/#website"},"primaryImageOfPage":{"@id":"https:\/\/franciscanos.org.br\/noticias\/ordenacao-do-frei-antonio-boaventura-zovo-baza-2.html#primaryimage"},"datePublished":"2015-01-05T13:44:29+00:00","dateModified":"2019-09-13T15:59:50+00:00","author":{"@id":"https:\/\/franciscanos.org.br\/noticias\/#\/schema\/person\/b38fbf43118f02820bd932f2e4b14ad3"},"breadcrumb":{"@id":"https:\/\/franciscanos.org.br\/noticias\/ordenacao-do-frei-antonio-boaventura-zovo-baza-2.html#breadcrumb"},"inLanguage":"pt-BR","potentialAction":[{"@type":"ReadAction","target":["https:\/\/franciscanos.org.br\/noticias\/ordenacao-do-frei-antonio-boaventura-zovo-baza-2.html"]}]},{"@type":"BreadcrumbList","@id":"https:\/\/franciscanos.org.br\/noticias\/ordenacao-do-frei-antonio-boaventura-zovo-baza-2.html#breadcrumb","itemListElement":[{"@type":"ListItem","position":1,"name":"Home","item":"https:\/\/franciscanos.org.br\/noticias"},{"@type":"ListItem","position":2,"name":"Ordena\u00e7\u00e3o do Frei Ant\u00f3nio Boaventura Zovo Baza"}]},{"@type":"Person","@id":"https:\/\/franciscanos.org.br\/noticias\/#\/schema\/person\/b38fbf43118f02820bd932f2e4b14ad3","name":"admin","image":{"@type":"ImageObject","inLanguage":"pt-BR","@id":"https:\/\/franciscanos.org.br\/noticias\/#\/schema\/person\/image\/","url":"https:\/\/secure.gravatar.com\/avatar\/e8495742d34d0ba6448ea1c628263b3e?s=96&d=mm&r=g","contentUrl":"https:\/\/secure.gravatar.com\/avatar\/e8495742d34d0ba6448ea1c628263b3e?s=96&d=mm&r=g","caption":"admin"},"url":"https:\/\/franciscanos.org.br\/noticias\/author\/admin"}]}},"_links":{"self":[{"href":"https:\/\/franciscanos.org.br\/noticias\/wp-json\/wp\/v2\/posts\/78490"}],"collection":[{"href":"https:\/\/franciscanos.org.br\/noticias\/wp-json\/wp\/v2\/posts"}],"about":[{"href":"https:\/\/franciscanos.org.br\/noticias\/wp-json\/wp\/v2\/types\/post"}],"author":[{"embeddable":true,"href":"https:\/\/franciscanos.org.br\/noticias\/wp-json\/wp\/v2\/users\/1"}],"replies":[{"embeddable":true,"href":"https:\/\/franciscanos.org.br\/noticias\/wp-json\/wp\/v2\/comments?post=78490"}],"version-history":[{"count":0,"href":"https:\/\/franciscanos.org.br\/noticias\/wp-json\/wp\/v2\/posts\/78490\/revisions"}],"wp:featuredmedia":[{"embeddable":true,"href":"https:\/\/franciscanos.org.br\/noticias\/wp-json\/wp\/v2\/media\/210867"}],"wp:attachment":[{"href":"https:\/\/franciscanos.org.br\/noticias\/wp-json\/wp\/v2\/media?parent=78490"}],"wp:term":[{"taxonomy":"category","embeddable":true,"href":"https:\/\/franciscanos.org.br\/noticias\/wp-json\/wp\/v2\/categories?post=78490"},{"taxonomy":"post_tag","embeddable":true,"href":"https:\/\/franciscanos.org.br\/noticias\/wp-json\/wp\/v2\/tags?post=78490"}],"curies":[{"name":"wp","href":"https:\/\/api.w.org\/{rel}","templated":true}]}}