{"id":78475,"date":"2015-01-05T11:26:53","date_gmt":"2015-01-05T13:26:53","guid":{"rendered":"http:\/\/franciscanos.org.br\/?p=78475"},"modified":"2020-02-12T13:24:37","modified_gmt":"2020-02-12T16:24:37","slug":"o-mestre-e-o-discipulo","status":"publish","type":"post","link":"https:\/\/franciscanos.org.br\/noticias\/o-mestre-e-o-discipulo.html","title":{"rendered":"Frei Afonso, o primeiro professo solene"},"content":{"rendered":"<p><strong>Frei Samuel<\/strong><\/p>\n<p><strong>Frei Afonso Kachekele Quissongo<\/strong><em>\u00a0nasceu no dia 3 de abril de 1975, em Huambo, em Angola. Ele acaba de escrever um dos momentos mais belos da hist\u00f3ria da Miss\u00e3o de Angola, ao se tornar o primeiro frade angolano a fazer a profiss\u00e3o solene. Nesta entrevista, ele fala do amadurecimento de sua voca\u00e7\u00e3o e revela a dificuldade que teve para chegar at\u00e9 os frades quando decidiu ser franciscano.\u00a0<strong>Frei Samuel Ferreira de Lima<\/strong>, que retornou recentemente de Angola, foi um dos frades que acompanharam o desenvolvimento da voca\u00e7\u00e3o de Frei Afonso. \u00c9 ele que entrevista Frei Afonso, professo solene no \u00faltimo dia 30 de junho. Acompanhe!\u00a0<\/em><\/p>\n<p><strong><a href=\"http:\/\/franciscanos.org.br\/wp-content\/uploads\/2007\/07\/2896_030812.jpg\"><img loading=\"lazy\" class=\"alignright wp-image-21380\" title=\"2896_030812\" src=\"http:\/\/franciscanos.org.br\/wp-content\/uploads\/2007\/07\/2896_030812.jpg\" alt=\"\" width=\"307\" height=\"161\" \/><\/a>Site Franciscanos &#8211; <\/strong><em>Como voc\u00ea se sente sendo o primeiro angolano a professar solenemente na \u00a0Ordem do Frades Menores?\u00a0<\/em><strong>\u00a0<\/strong><br \/>\n<strong>Frei Afonso<\/strong>\u00a0&#8211; Sendo o primeiro, sinto sobre mim uma grande responsabilidade; isto porque no contexto biol\u00f3gico, o primeiro filho \u00e9 o segundo pai da fam\u00edlia, sobre o qual recai toda a responsabilidade que escapa ao pai. Deste modo fico a pensar em mim mesmo e questiono-me: como hei de responder as expectativas daqueles que me v\u00eaem como primeiro e como fazer para que eu n\u00e3o permane\u00e7a sozinho? Estou muito preocupado com o reduzido n\u00famero de voca\u00e7\u00f5es nativas, me sinto sozinho; espero que este meu sim definitivo cative os demais irm\u00e3os para juntos levarmos a Miss\u00e3o a um desenvolvimento maior. Na verdade uma pedra pode servir de fundamento, mas n\u00e3o basta para a constru\u00e7\u00e3o duma casa. Para al\u00e9m dessa preocupa\u00e7\u00e3o, sinto-me mais realizado, mais seguro na minha resposta ao chamado do Senhor e cada vez mais feliz.<\/p>\n<p><strong>\u00a0<a href=\"http:\/\/franciscanos.org.br\/wp-content\/uploads\/2007\/07\/2897_030812.jpg\"><img loading=\"lazy\" class=\"alignleft size-full wp-image-21381\" title=\"2897_030812\" src=\"http:\/\/franciscanos.org.br\/wp-content\/uploads\/2007\/07\/2897_030812.jpg\" alt=\"\" width=\"200\" height=\"242\" \/><\/a>Franciscanos &#8211;<\/strong><em> Qual elemento da vida franciscana mais o encanta?\u00a0\u00a0<\/em><br \/>\n<strong>Frei Afonso<\/strong>\u00a0&#8211; A simplicidade na diaconia \u00e9 o que mais me encanta na vida franciscana; visto que s\u00f3 quem \u00e9 simples \u00e9 capaz de entregar-se ao servi\u00e7o sem questionamento de recusa ou murm\u00fario, sem busca de recompensa. Eu sinto de perto este elemento em muitos confrades que se doam para exercer a sua voca\u00e7\u00e3o em terras de Miss\u00e3o. Isto me motiva muito e cultiva em mim o esp\u00edrito mission\u00e1rio, sentindo-me disposto a ir a qualquer lugar para servir, sem prefer\u00eancia de nacionalidade, ra\u00e7a ou cultura; o que importa \u00e9 o servi\u00e7o em favor do Reino, na simplicidade.<\/p>\n<p><strong>\u00a0Franciscanos &#8211; <\/strong><em>Quais os desafios que voc\u00ea enfrentou at\u00e9 esta etapa da sua vida?\u00a0\u00a0<\/em><br \/>\n<strong>Frei Afonso<\/strong>\u00a0&#8211; Comecei a enfrentar desafios para esta vida, mesmo antes de ser acolhido pelos frades, o que\u00a0 serviu como sinal da minha firmeza na decis\u00e3o e na resposta \u00e0 minha voca\u00e7\u00e3o. Fui rejeitado em primeiro lugar por muitos que conheciam os frades, e que n\u00e3o aceitaram dar-me boleia (corona) para poder chegar a Kibala, lugar onde se encontravam os frades naquela \u00e9poca. Com a gra\u00e7a de Deus e a ajuda das Irm\u00e3s do SS. Salvador (Salvatorianas), que me acolheram no seu convento, juntos fomos procurando os meios necess\u00e1rios para alcan\u00e7ar os frades. As irm\u00e3s guadalupanas conseguiram o transporte por interm\u00e9dio dos Padres Xaverianos, de nacionalidade colombiana, que me levaram at\u00e9 Kibala. Por\u00e9m, os desafios continuaram. No semin\u00e1rio e durante o tempo da minha forma\u00e7\u00e3o acad\u00eamica (estudos proped\u00eauticos), a guerra se intensificou e fomos obrigados a apresentar-nos \u00e0 vida militar obrigatoriamente. Mas Deus assim n\u00e3o o quis, protegeu-me e n\u00e3o pude ir. As exig\u00eancias pol\u00edticas fizeram com que os frades sugerissem a mudan\u00e7a para Luanda, ou ent\u00e3o, que, por um tempo, volt\u00e1ssemos aos nossos familiares. Nisso fui o primeiro a tomar a decis\u00e3o de n\u00e3o ir nem para Luanda, nem aos meus familiares, pelo que tive que me hospedar junto aos gaiatos (casa dos meninos de rua, esp\u00e9cie de um orfanato).<\/p>\n<p><strong><a href=\"http:\/\/franciscanos.org.br\/wp-content\/uploads\/2007\/07\/2898_030812.jpg\"><img loading=\"lazy\" class=\"alignright size-full wp-image-21382\" title=\"2898_030812\" src=\"http:\/\/franciscanos.org.br\/wp-content\/uploads\/2007\/07\/2898_030812.jpg\" alt=\"\" width=\"200\" height=\"184\" \/><\/a>Franciscanos &#8211; <\/strong><em>Como voc\u00ea se sente diante da profiss\u00e3o solene?\u00a0<\/em><strong>\u00a0<\/strong><br \/>\n<strong>Frei Afonso<\/strong>\u00a0&#8211; \u00c9 um momento muito especial, inesquec\u00edvel e inef\u00e1vel ao mesmo tempo, porque diante deste ato, n\u00e3o consegui separar o entusiasmo da emo\u00e7\u00e3o e alegria, de modo que me foi dif\u00edcil tomar uma posi\u00e7\u00e3o certa: chorar, rir&#8230;<\/p>\n<p><strong>Franciscanos &#8211; <\/strong><em>O que voc\u00ea diria aos jovens de Angola, aos nossos formandos, sobre o carisma \u00a0franciscano?\u00a0<\/em><br \/>\n<strong>Frei Afonso<\/strong>\u00a0&#8211; Aos jovens angolanos, meus conterr\u00e2neos e futuros confrades, pe\u00e7o coragem e paci\u00eancia para enfrentar as vicissitudes e vencer as tenta\u00e7\u00f5es que o mundo atual oferece, colocando em primeiro lugar o chamado que o Senhor fez e faz a cada momento da vida. O nosso carisma requer uma entrega total, um esquecer as ofertas materiais e temporais para uma viv\u00eancia plena do Evangelho.<\/p>\n<p><strong>Franciscanos &#8211; <\/strong><em>Como voc\u00ea v\u00ea o processo da Ordem de volta \u00e0s origens para celebrar os 800 anos de \u00a0nossa regra no ano de 2009?<\/em><strong>\u00a0\u00a0<\/strong><br \/>\n<strong>Frei Afonso<\/strong>\u00a0&#8211; \u00c9 uma grande alegria e gra\u00e7a porque esta celebra\u00e7\u00e3o constitui um magn\u00edfico marco hist\u00f3rico e nos revigora na nossa espiritualidade de modo especial, n\u00f3s que somos rec\u00e9m-nascidos nessa espiritualidade. Pois isto nos d\u00e1 o ensejo de bebermos da \u00e1gua pura tirada da fonte e nos enche de vida, for\u00e7a e alegria na caminhada.<\/p>\n<p><strong><a href=\"http:\/\/franciscanos.org.br\/wp-content\/uploads\/2007\/07\/2900_030812.jpg\"><img loading=\"lazy\" class=\"alignleft size-full wp-image-21383\" title=\"2900_030812\" src=\"http:\/\/franciscanos.org.br\/wp-content\/uploads\/2007\/07\/2900_030812.jpg\" alt=\"\" width=\"200\" height=\"174\" \/><\/a>Franciscanos &#8211; <\/strong><em>Que aspecto do carisma franciscano ajudaria os angolanos no processo de reconcilia\u00e7\u00e3o?\u00a0<\/em><strong>\u00a0<\/strong><br \/>\n<strong>Frei Afonso<\/strong>\u00a0&#8211; Tendo em vista o passado \u00e1rduo marcado pelas m\u00e1goas da guerra, dentro do nosso carisma pe\u00e7o a todos os angolanos o esp\u00edrito de justi\u00e7a e paz; porque quem quer a paz procura reconciliar-se com o seu irm\u00e3o, e quem se reconcilia perdoa todo o mal que lhe foi feito. Portanto, todo angolano procure ser cada vez mais crist\u00e3o, homem da paz e do amor, esquecendo as marcas do passado, sabendo perdoar, que \u00e9 uma gra\u00e7a e dom de Deus.<\/p>\n<p><strong>Franciscanos &#8211; <\/strong><em>Como seus familiares v\u00eaem este momento importante em sua vida?\u00a0\u00a0<\/em><br \/>\n<strong>Frei Afonso<\/strong>\u00a0&#8211; A alegria dos meus familiares pareceu-me estar acima da minha. Tiveram que se deslocar da minha Prov\u00edncia (Estado) at\u00e9 Luanda pela estrada de carro, levando consigo alguns produtos da minha terra e animais vivos para a prociss\u00e3o das oferendas. Mas, segundo eles, n\u00e3o sentiram nem dist\u00e2ncias, nem cansa\u00e7o, nem horas a passarem de t\u00e3o ansiosos que estavam.<\/p>\n<p><strong>Franciscanos &#8211; <\/strong>Como neo-professo, como voc\u00ea v\u00ea a caminhada franciscana em Angola?<strong>\u00a0\u00a0<\/strong><br \/>\n<strong>Frei Afonso &#8211;<\/strong>\u00a0Vejo que somos muito poucos e as exig\u00eancias s\u00e3o v\u00e1rias. Assim, devemos apostar mais na forma\u00e7\u00e3o dos jovens que v\u00eam ao nosso encontro, dentro do esp\u00edrito franciscano, para facilitar a resposta a essa exig\u00eancia. Muitas vezes, perdemos as nossas voca\u00e7\u00f5es por causa da tamanha depend\u00eancia a escolas ou institutos diocesanos, o que leva os nossos jovens a fazer compara\u00e7\u00f5es n\u00e3o vivificantes da nossa espiritualidade.<\/p>\n<p><strong>Franciscanos &#8211; <\/strong><em>Que mensagem voc\u00ea deixa para os nossos benfeitores e confrades?\u00a0<\/em><strong>\u00a0<\/strong><br \/>\n<strong>Frei Afonso<\/strong>\u00a0&#8211; Aos benfeitores tenho a agradecer por todo o trabalho e pelas obras de miseric\u00f3rdia. E saibam que n\u00f3s procuramos corresponder incansavelmente, rogando a Deus que os aben\u00e7oe e multiplique o fruto de seus esfor\u00e7os, cem por um.<\/p>\n<p>Aos confrades, a minha alegria \u00e9 tanta que n\u00e3o tenho forma suficiente para medi-la, sabendo que de agora em diante sou vosso e totalmente filho de S\u00e3o Francisco. Juntos, fa\u00e7amos com que essa obra por ele iniciada, repercuta sem esmorecer.<\/p>\n","protected":false},"excerpt":{"rendered":"<p>Presen\u00e7a franciscana em Angola<\/p>\n","protected":false},"author":1,"featured_media":219730,"comment_status":"open","ping_status":"open","sticky":false,"template":"","format":"standard","meta":[],"categories":[1],"tags":[1313],"acf":[],"yoast_head":"<!-- This site is optimized with the Yoast SEO plugin v19.2 - https:\/\/yoast.com\/wordpress\/plugins\/seo\/ -->\n<title>Frei Afonso, o primeiro professo solene - Not\u00edcias - Franciscanos<\/title>\n<meta name=\"robots\" content=\"index, follow, max-snippet:-1, max-image-preview:large, max-video-preview:-1\" \/>\n<link rel=\"canonical\" href=\"https:\/\/franciscanos.org.br\/noticias\/o-mestre-e-o-discipulo.html\" \/>\n<meta property=\"og:locale\" content=\"pt_BR\" \/>\n<meta property=\"og:type\" content=\"article\" \/>\n<meta property=\"og:title\" content=\"Frei Afonso, o primeiro professo solene - Not\u00edcias - Franciscanos\" \/>\n<meta property=\"og:description\" content=\"Presen\u00e7a franciscana em Angola\" \/>\n<meta property=\"og:url\" content=\"https:\/\/franciscanos.org.br\/noticias\/o-mestre-e-o-discipulo.html\" \/>\n<meta property=\"og:site_name\" content=\"Not\u00edcias - Franciscanos\" \/>\n<meta property=\"article:published_time\" content=\"2015-01-05T13:26:53+00:00\" \/>\n<meta property=\"article:modified_time\" content=\"2020-02-12T16:24:37+00:00\" \/>\n<meta property=\"og:image\" content=\"https:\/\/franciscanos.org.br\/noticias\/wp-content\/uploads\/2015\/01\/2896_030812.jpg\" \/>\n\t<meta property=\"og:image:width\" content=\"273\" \/>\n\t<meta property=\"og:image:height\" content=\"181\" \/>\n\t<meta property=\"og:image:type\" content=\"image\/jpeg\" \/>\n<meta name=\"author\" content=\"admin\" \/>\n<meta name=\"twitter:card\" content=\"summary_large_image\" \/>\n<meta name=\"twitter:label1\" content=\"Escrito por\" \/>\n\t<meta name=\"twitter:data1\" content=\"admin\" \/>\n\t<meta name=\"twitter:label2\" content=\"Est. tempo de leitura\" \/>\n\t<meta name=\"twitter:data2\" content=\"6 minutos\" \/>\n<script type=\"application\/ld+json\" class=\"yoast-schema-graph\">{\"@context\":\"https:\/\/schema.org\",\"@graph\":[{\"@type\":\"WebSite\",\"@id\":\"https:\/\/franciscanos.org.br\/noticias\/#website\",\"url\":\"https:\/\/franciscanos.org.br\/noticias\/\",\"name\":\"Not\u00edcias - Franciscanos\",\"description\":\"Prov\u00edncia Franciscana da Imaculada Concei\u00e7\u00e3o do Brasil - Ordem dos Frades Menores - OFM\",\"potentialAction\":[{\"@type\":\"SearchAction\",\"target\":{\"@type\":\"EntryPoint\",\"urlTemplate\":\"https:\/\/franciscanos.org.br\/noticias\/?s={search_term_string}\"},\"query-input\":\"required name=search_term_string\"}],\"inLanguage\":\"pt-BR\"},{\"@type\":\"ImageObject\",\"inLanguage\":\"pt-BR\",\"@id\":\"https:\/\/franciscanos.org.br\/noticias\/o-mestre-e-o-discipulo.html#primaryimage\",\"url\":\"https:\/\/franciscanos.org.br\/noticias\/wp-content\/uploads\/2015\/01\/2896_030812.jpg\",\"contentUrl\":\"https:\/\/franciscanos.org.br\/noticias\/wp-content\/uploads\/2015\/01\/2896_030812.jpg\",\"width\":273,\"height\":181},{\"@type\":\"WebPage\",\"@id\":\"https:\/\/franciscanos.org.br\/noticias\/o-mestre-e-o-discipulo.html#webpage\",\"url\":\"https:\/\/franciscanos.org.br\/noticias\/o-mestre-e-o-discipulo.html\",\"name\":\"Frei Afonso, o primeiro professo solene - Not\u00edcias - Franciscanos\",\"isPartOf\":{\"@id\":\"https:\/\/franciscanos.org.br\/noticias\/#website\"},\"primaryImageOfPage\":{\"@id\":\"https:\/\/franciscanos.org.br\/noticias\/o-mestre-e-o-discipulo.html#primaryimage\"},\"datePublished\":\"2015-01-05T13:26:53+00:00\",\"dateModified\":\"2020-02-12T16:24:37+00:00\",\"author\":{\"@id\":\"https:\/\/franciscanos.org.br\/noticias\/#\/schema\/person\/b38fbf43118f02820bd932f2e4b14ad3\"},\"breadcrumb\":{\"@id\":\"https:\/\/franciscanos.org.br\/noticias\/o-mestre-e-o-discipulo.html#breadcrumb\"},\"inLanguage\":\"pt-BR\",\"potentialAction\":[{\"@type\":\"ReadAction\",\"target\":[\"https:\/\/franciscanos.org.br\/noticias\/o-mestre-e-o-discipulo.html\"]}]},{\"@type\":\"BreadcrumbList\",\"@id\":\"https:\/\/franciscanos.org.br\/noticias\/o-mestre-e-o-discipulo.html#breadcrumb\",\"itemListElement\":[{\"@type\":\"ListItem\",\"position\":1,\"name\":\"Home\",\"item\":\"https:\/\/franciscanos.org.br\/noticias\"},{\"@type\":\"ListItem\",\"position\":2,\"name\":\"Frei Afonso, o primeiro professo solene\"}]},{\"@type\":\"Person\",\"@id\":\"https:\/\/franciscanos.org.br\/noticias\/#\/schema\/person\/b38fbf43118f02820bd932f2e4b14ad3\",\"name\":\"admin\",\"image\":{\"@type\":\"ImageObject\",\"inLanguage\":\"pt-BR\",\"@id\":\"https:\/\/franciscanos.org.br\/noticias\/#\/schema\/person\/image\/\",\"url\":\"https:\/\/secure.gravatar.com\/avatar\/e8495742d34d0ba6448ea1c628263b3e?s=96&d=mm&r=g\",\"contentUrl\":\"https:\/\/secure.gravatar.com\/avatar\/e8495742d34d0ba6448ea1c628263b3e?s=96&d=mm&r=g\",\"caption\":\"admin\"},\"url\":\"https:\/\/franciscanos.org.br\/noticias\/author\/admin\"}]}<\/script>\n<!-- \/ Yoast SEO plugin. -->","yoast_head_json":{"title":"Frei Afonso, o primeiro professo solene - Not\u00edcias - Franciscanos","robots":{"index":"index","follow":"follow","max-snippet":"max-snippet:-1","max-image-preview":"max-image-preview:large","max-video-preview":"max-video-preview:-1"},"canonical":"https:\/\/franciscanos.org.br\/noticias\/o-mestre-e-o-discipulo.html","og_locale":"pt_BR","og_type":"article","og_title":"Frei Afonso, o primeiro professo solene - Not\u00edcias - Franciscanos","og_description":"Presen\u00e7a franciscana em Angola","og_url":"https:\/\/franciscanos.org.br\/noticias\/o-mestre-e-o-discipulo.html","og_site_name":"Not\u00edcias - Franciscanos","article_published_time":"2015-01-05T13:26:53+00:00","article_modified_time":"2020-02-12T16:24:37+00:00","og_image":[{"width":273,"height":181,"url":"https:\/\/franciscanos.org.br\/noticias\/wp-content\/uploads\/2015\/01\/2896_030812.jpg","type":"image\/jpeg"}],"author":"admin","twitter_card":"summary_large_image","twitter_misc":{"Escrito por":"admin","Est. tempo de leitura":"6 minutos"},"schema":{"@context":"https:\/\/schema.org","@graph":[{"@type":"WebSite","@id":"https:\/\/franciscanos.org.br\/noticias\/#website","url":"https:\/\/franciscanos.org.br\/noticias\/","name":"Not\u00edcias - Franciscanos","description":"Prov\u00edncia Franciscana da Imaculada Concei\u00e7\u00e3o do Brasil - Ordem dos Frades Menores - OFM","potentialAction":[{"@type":"SearchAction","target":{"@type":"EntryPoint","urlTemplate":"https:\/\/franciscanos.org.br\/noticias\/?s={search_term_string}"},"query-input":"required name=search_term_string"}],"inLanguage":"pt-BR"},{"@type":"ImageObject","inLanguage":"pt-BR","@id":"https:\/\/franciscanos.org.br\/noticias\/o-mestre-e-o-discipulo.html#primaryimage","url":"https:\/\/franciscanos.org.br\/noticias\/wp-content\/uploads\/2015\/01\/2896_030812.jpg","contentUrl":"https:\/\/franciscanos.org.br\/noticias\/wp-content\/uploads\/2015\/01\/2896_030812.jpg","width":273,"height":181},{"@type":"WebPage","@id":"https:\/\/franciscanos.org.br\/noticias\/o-mestre-e-o-discipulo.html#webpage","url":"https:\/\/franciscanos.org.br\/noticias\/o-mestre-e-o-discipulo.html","name":"Frei Afonso, o primeiro professo solene - Not\u00edcias - Franciscanos","isPartOf":{"@id":"https:\/\/franciscanos.org.br\/noticias\/#website"},"primaryImageOfPage":{"@id":"https:\/\/franciscanos.org.br\/noticias\/o-mestre-e-o-discipulo.html#primaryimage"},"datePublished":"2015-01-05T13:26:53+00:00","dateModified":"2020-02-12T16:24:37+00:00","author":{"@id":"https:\/\/franciscanos.org.br\/noticias\/#\/schema\/person\/b38fbf43118f02820bd932f2e4b14ad3"},"breadcrumb":{"@id":"https:\/\/franciscanos.org.br\/noticias\/o-mestre-e-o-discipulo.html#breadcrumb"},"inLanguage":"pt-BR","potentialAction":[{"@type":"ReadAction","target":["https:\/\/franciscanos.org.br\/noticias\/o-mestre-e-o-discipulo.html"]}]},{"@type":"BreadcrumbList","@id":"https:\/\/franciscanos.org.br\/noticias\/o-mestre-e-o-discipulo.html#breadcrumb","itemListElement":[{"@type":"ListItem","position":1,"name":"Home","item":"https:\/\/franciscanos.org.br\/noticias"},{"@type":"ListItem","position":2,"name":"Frei Afonso, o primeiro professo solene"}]},{"@type":"Person","@id":"https:\/\/franciscanos.org.br\/noticias\/#\/schema\/person\/b38fbf43118f02820bd932f2e4b14ad3","name":"admin","image":{"@type":"ImageObject","inLanguage":"pt-BR","@id":"https:\/\/franciscanos.org.br\/noticias\/#\/schema\/person\/image\/","url":"https:\/\/secure.gravatar.com\/avatar\/e8495742d34d0ba6448ea1c628263b3e?s=96&d=mm&r=g","contentUrl":"https:\/\/secure.gravatar.com\/avatar\/e8495742d34d0ba6448ea1c628263b3e?s=96&d=mm&r=g","caption":"admin"},"url":"https:\/\/franciscanos.org.br\/noticias\/author\/admin"}]}},"_links":{"self":[{"href":"https:\/\/franciscanos.org.br\/noticias\/wp-json\/wp\/v2\/posts\/78475"}],"collection":[{"href":"https:\/\/franciscanos.org.br\/noticias\/wp-json\/wp\/v2\/posts"}],"about":[{"href":"https:\/\/franciscanos.org.br\/noticias\/wp-json\/wp\/v2\/types\/post"}],"author":[{"embeddable":true,"href":"https:\/\/franciscanos.org.br\/noticias\/wp-json\/wp\/v2\/users\/1"}],"replies":[{"embeddable":true,"href":"https:\/\/franciscanos.org.br\/noticias\/wp-json\/wp\/v2\/comments?post=78475"}],"version-history":[{"count":0,"href":"https:\/\/franciscanos.org.br\/noticias\/wp-json\/wp\/v2\/posts\/78475\/revisions"}],"wp:featuredmedia":[{"embeddable":true,"href":"https:\/\/franciscanos.org.br\/noticias\/wp-json\/wp\/v2\/media\/219730"}],"wp:attachment":[{"href":"https:\/\/franciscanos.org.br\/noticias\/wp-json\/wp\/v2\/media?parent=78475"}],"wp:term":[{"taxonomy":"category","embeddable":true,"href":"https:\/\/franciscanos.org.br\/noticias\/wp-json\/wp\/v2\/categories?post=78475"},{"taxonomy":"post_tag","embeddable":true,"href":"https:\/\/franciscanos.org.br\/noticias\/wp-json\/wp\/v2\/tags?post=78475"}],"curies":[{"name":"wp","href":"https:\/\/api.w.org\/{rel}","templated":true}]}}