{"id":7803,"date":"2011-12-07T09:48:26","date_gmt":"2011-12-07T09:48:26","guid":{"rendered":"http:\/\/new.franciscanos.org.br\/?p=7803"},"modified":"2020-03-19T13:59:00","modified_gmt":"2020-03-19T16:59:00","slug":"cultura-franciscana","status":"publish","type":"post","link":"https:\/\/franciscanos.org.br\/noticias\/cultura-franciscana.html","title":{"rendered":"Exposi\u00e7\u00e3o Franciscana de Pres\u00e9pios"},"content":{"rendered":"<p>Iniciada no ano de 1989, a Exposi\u00e7\u00e3o Franciscana de Pres\u00e9pios do Convento S\u00e3o Francisco de Assis faz parte do calend\u00e1rio das festividades natalina da cidade de S\u00e3o Paulo. Em todas as edi\u00e7\u00f5es s\u00e3o expostos pres\u00e9pios que revelam o mist\u00e9rio do Nascimento de Jesus nas mais variadas formas, materiais e t\u00e9cnicas de representa\u00e7\u00e3o pl\u00e1stica. O acervo em exposi\u00e7\u00e3o faz parte de uma grande cole\u00e7\u00e3o iniciada por Frei Est\u00eav\u00e3o Ottenbreitt, OFM. Em todas as exposi\u00e7\u00f5es foram expostos mais de 800 pres\u00e9pios provindos de v\u00e1rias partes do Brasil e tamb\u00e9m de outros pa\u00edses. A cada mostra, novos pres\u00e9pios s\u00e3o adquiridos. Ap\u00f3s o t\u00e9rmino da exposi\u00e7\u00e3o os pres\u00e9pios novos s\u00e3o incorporados \u00e0 cole\u00e7\u00e3o.<\/p>\n<p>Ao longo desses 22 anos, as mostras tiveram como curadores os freis: Frei Pedro Pinheiro &#8211; artista pl\u00e1stico, Frei Airton da Rosa e Frei Marcos Mello &#8211; artes\u00e3os e desde a \u00faltima edi\u00e7\u00e3o Frei R\u00f3ger Brunorio &#8211; muse\u00f3logo. Os frades sempre contaram com o apoio e ajuda de outros profissionais habilidosos e com pessoal de intui\u00e7\u00e3o art\u00edstica souberam \u201carmar\u201d os pres\u00e9pios, de modo que despertasse em cada visitante a admira\u00e7\u00e3o pelo sagrado e o interesse cultural.<\/p>\n<p>Desde a \u00faltima edi\u00e7\u00e3o, a mostra passou a ter um olhar museol\u00f3gico. Os cen\u00e1rios para cada pres\u00e9pio foram simplificados, de modo que cada pe\u00e7a do grupo escult\u00f3rico e, ao mesmo tempo, todo conjunto, fosse completamente valorizado no que h\u00e1 de mais cultural, numa tentativa de responder os diversos estilos. Em cada edi\u00e7\u00e3o s\u00e3o expostos cerca de trinta pres\u00e9pios em nichos individualizados. A 22\u00aa Exposi\u00e7\u00e3o Franciscana de Pres\u00e9pios prop\u00f5e tamb\u00e9m neste ano continuar trabalhando com a proposta museal.<br \/>\nA representa\u00e7\u00e3o do Nascimento de Jesus \u00e9 registrada em relevos do s\u00e9culo III e IV. As primeiras representa\u00e7\u00f5es narram o Menino Jesus com Maria e Jos\u00e9 ou apenas o boi, o jumento e o Menino deitado na manjedoura. Muito pouco s\u00e3o os exemplares da representa\u00e7\u00e3o desse epis\u00f3dio. Certamente foi com S\u00e3o Francisco de Assis que iniciou a tradi\u00e7\u00e3o de montar os pres\u00e9pios. Foi na noite de 1223, na cidade italiana de Greccio, que Francisco celebrou o Natal e encenou o Nascimento de Jesus. Os bi\u00f3grafos citam a cena da noite preparada com tochas, numa gruta entre o boi e o jumento uma crian\u00e7a. A criativa encena\u00e7\u00e3o de S\u00e3o Francisco agradou e se tornou conhecida pelo mundo inteiro. A divulga\u00e7\u00e3o e propaga\u00e7\u00e3o desse acontecimento se deve, em grande parte, aos franciscanos.<\/p>\n<p>Numerosos e variados s\u00e3os os grupos escult\u00f3ricos que representam o nascimento de Jesus. A esta representa\u00e7\u00e3o deu-se o nome de pres\u00e9pio (praesepium) &#8211; palavra de origem hebraica que significa: \u201cmanjedoura dos animais\u201d ou \u201cest\u00e1bulo dos animais\u201d. Com a expans\u00e3o do catolicismo e a divulga\u00e7\u00e3o de pr\u00e1ticas religiosas, o pres\u00e9pio passou a ser sin\u00f4nimo de um grande processo escultural inspirado em textos b\u00edblicos, bem como, nas lendas e na liberdade criativa do artista que com habilidade inseriu entre outros, elementos regionais. A confec\u00e7\u00e3o e a exposi\u00e7\u00e3o de pres\u00e9pios t\u00eam como principal fun\u00e7\u00e3o a representa\u00e7\u00e3o, louva\u00e7\u00e3o e admira\u00e7\u00e3o do Nascimento de Jesus.<\/p>\n<p>A iniciativa de realizar a Exposi\u00e7\u00e3o Franciscana de Pres\u00e9pios no Convento S\u00e3o Francisco est\u00e1 focada na preserva\u00e7\u00e3o, valoriza\u00e7\u00e3o e difus\u00e3o da manifesta\u00e7\u00e3o da cultura erudita e popular de diversos pa\u00edses. O evento tamb\u00e9m se configura como uma oportunidade de compreender e apresentar a data natalina fora da perspectiva comercial, permitindo reestabelecer a tradi\u00e7\u00e3o cultural do tema e as mensagens positivas \u00e0s quais est\u00e1 relacionado. Neste sentido, o p\u00fablico que visita a exposi\u00e7\u00e3o \u00e9 bastante variado.<\/p>\n<p><strong>22\u00aa Exposi\u00e7\u00e3o Franciscana de Pres\u00e9pios<\/strong><br \/>\n<strong><br \/>\n07 a 30 de dezembro de 2011<\/strong><br \/>\nClaustro do Convento S\u00e3o Francisco de Assis<br \/>\nLargo S\u00e3o Francisco, 133 &#8211; S\u00e9 &#8211; S\u00e3o Paulo &#8211; SP<br \/>\n(ao lado da Faculdade de Direito da USP)<\/p>\n<p><strong>Hor\u00e1rio:<\/strong> 10h \u00e0s 18h, diariamente.<br \/>\nEntrada Gratuita<br \/>\nNos dias 24 e 25 n\u00e3o haver\u00e1 visita\u00e7\u00e3o.<\/p>\n<p><strong>Informa\u00e7\u00f5es:<\/strong> (11) 3291 2400<br \/>\n<a href=\"http:\/\/franciscanos.org.br\/\">franciscanos.org.br<\/a><\/p>\n","protected":false},"excerpt":{"rendered":"<p>Pres\u00e9pios<\/p>\n","protected":false},"author":1,"featured_media":222046,"comment_status":"closed","ping_status":"open","sticky":false,"template":"","format":"standard","meta":[],"categories":[1],"tags":[76,78,79],"acf":[],"yoast_head":"<!-- This site is optimized with the Yoast SEO plugin v19.2 - https:\/\/yoast.com\/wordpress\/plugins\/seo\/ -->\n<title>Exposi\u00e7\u00e3o Franciscana de Pres\u00e9pios - Not\u00edcias - Franciscanos<\/title>\n<meta name=\"robots\" content=\"index, follow, max-snippet:-1, max-image-preview:large, max-video-preview:-1\" \/>\n<link rel=\"canonical\" href=\"https:\/\/franciscanos.org.br\/noticias\/cultura-franciscana.html\" \/>\n<meta property=\"og:locale\" content=\"pt_BR\" \/>\n<meta property=\"og:type\" content=\"article\" \/>\n<meta property=\"og:title\" content=\"Exposi\u00e7\u00e3o Franciscana de Pres\u00e9pios - Not\u00edcias - Franciscanos\" \/>\n<meta property=\"og:description\" content=\"Pres\u00e9pios\" \/>\n<meta property=\"og:url\" content=\"https:\/\/franciscanos.org.br\/noticias\/cultura-franciscana.html\" \/>\n<meta property=\"og:site_name\" content=\"Not\u00edcias - Franciscanos\" \/>\n<meta property=\"article:published_time\" content=\"2011-12-07T09:48:26+00:00\" \/>\n<meta property=\"article:modified_time\" content=\"2020-03-19T16:59:00+00:00\" \/>\n<meta property=\"og:image\" content=\"https:\/\/franciscanos.org.br\/noticias\/wp-content\/uploads\/2011\/12\/0-121-150x113-1.jpg\" \/>\n\t<meta property=\"og:image:width\" content=\"273\" \/>\n\t<meta property=\"og:image:height\" content=\"180\" \/>\n\t<meta property=\"og:image:type\" content=\"image\/jpeg\" \/>\n<meta name=\"author\" content=\"admin\" \/>\n<meta name=\"twitter:card\" content=\"summary_large_image\" \/>\n<meta name=\"twitter:label1\" content=\"Escrito por\" \/>\n\t<meta name=\"twitter:data1\" content=\"admin\" \/>\n\t<meta name=\"twitter:label2\" content=\"Est. tempo de leitura\" \/>\n\t<meta name=\"twitter:data2\" content=\"4 minutos\" \/>\n<script type=\"application\/ld+json\" class=\"yoast-schema-graph\">{\"@context\":\"https:\/\/schema.org\",\"@graph\":[{\"@type\":\"WebSite\",\"@id\":\"https:\/\/franciscanos.org.br\/noticias\/#website\",\"url\":\"https:\/\/franciscanos.org.br\/noticias\/\",\"name\":\"Not\u00edcias - Franciscanos\",\"description\":\"Prov\u00edncia Franciscana da Imaculada Concei\u00e7\u00e3o do Brasil - Ordem dos Frades Menores - OFM\",\"potentialAction\":[{\"@type\":\"SearchAction\",\"target\":{\"@type\":\"EntryPoint\",\"urlTemplate\":\"https:\/\/franciscanos.org.br\/noticias\/?s={search_term_string}\"},\"query-input\":\"required name=search_term_string\"}],\"inLanguage\":\"pt-BR\"},{\"@type\":\"ImageObject\",\"inLanguage\":\"pt-BR\",\"@id\":\"https:\/\/franciscanos.org.br\/noticias\/cultura-franciscana.html#primaryimage\",\"url\":\"https:\/\/franciscanos.org.br\/noticias\/wp-content\/uploads\/2011\/12\/0-121-150x113-1.jpg\",\"contentUrl\":\"https:\/\/franciscanos.org.br\/noticias\/wp-content\/uploads\/2011\/12\/0-121-150x113-1.jpg\",\"width\":273,\"height\":180},{\"@type\":\"WebPage\",\"@id\":\"https:\/\/franciscanos.org.br\/noticias\/cultura-franciscana.html#webpage\",\"url\":\"https:\/\/franciscanos.org.br\/noticias\/cultura-franciscana.html\",\"name\":\"Exposi\u00e7\u00e3o Franciscana de Pres\u00e9pios - Not\u00edcias - Franciscanos\",\"isPartOf\":{\"@id\":\"https:\/\/franciscanos.org.br\/noticias\/#website\"},\"primaryImageOfPage\":{\"@id\":\"https:\/\/franciscanos.org.br\/noticias\/cultura-franciscana.html#primaryimage\"},\"datePublished\":\"2011-12-07T09:48:26+00:00\",\"dateModified\":\"2020-03-19T16:59:00+00:00\",\"author\":{\"@id\":\"https:\/\/franciscanos.org.br\/noticias\/#\/schema\/person\/b38fbf43118f02820bd932f2e4b14ad3\"},\"breadcrumb\":{\"@id\":\"https:\/\/franciscanos.org.br\/noticias\/cultura-franciscana.html#breadcrumb\"},\"inLanguage\":\"pt-BR\",\"potentialAction\":[{\"@type\":\"ReadAction\",\"target\":[\"https:\/\/franciscanos.org.br\/noticias\/cultura-franciscana.html\"]}]},{\"@type\":\"BreadcrumbList\",\"@id\":\"https:\/\/franciscanos.org.br\/noticias\/cultura-franciscana.html#breadcrumb\",\"itemListElement\":[{\"@type\":\"ListItem\",\"position\":1,\"name\":\"Home\",\"item\":\"https:\/\/franciscanos.org.br\/noticias\"},{\"@type\":\"ListItem\",\"position\":2,\"name\":\"Exposi\u00e7\u00e3o Franciscana de Pres\u00e9pios\"}]},{\"@type\":\"Person\",\"@id\":\"https:\/\/franciscanos.org.br\/noticias\/#\/schema\/person\/b38fbf43118f02820bd932f2e4b14ad3\",\"name\":\"admin\",\"image\":{\"@type\":\"ImageObject\",\"inLanguage\":\"pt-BR\",\"@id\":\"https:\/\/franciscanos.org.br\/noticias\/#\/schema\/person\/image\/\",\"url\":\"https:\/\/secure.gravatar.com\/avatar\/e8495742d34d0ba6448ea1c628263b3e?s=96&d=mm&r=g\",\"contentUrl\":\"https:\/\/secure.gravatar.com\/avatar\/e8495742d34d0ba6448ea1c628263b3e?s=96&d=mm&r=g\",\"caption\":\"admin\"},\"url\":\"https:\/\/franciscanos.org.br\/noticias\/author\/admin\"}]}<\/script>\n<!-- \/ Yoast SEO plugin. -->","yoast_head_json":{"title":"Exposi\u00e7\u00e3o Franciscana de Pres\u00e9pios - Not\u00edcias - Franciscanos","robots":{"index":"index","follow":"follow","max-snippet":"max-snippet:-1","max-image-preview":"max-image-preview:large","max-video-preview":"max-video-preview:-1"},"canonical":"https:\/\/franciscanos.org.br\/noticias\/cultura-franciscana.html","og_locale":"pt_BR","og_type":"article","og_title":"Exposi\u00e7\u00e3o Franciscana de Pres\u00e9pios - Not\u00edcias - Franciscanos","og_description":"Pres\u00e9pios","og_url":"https:\/\/franciscanos.org.br\/noticias\/cultura-franciscana.html","og_site_name":"Not\u00edcias - Franciscanos","article_published_time":"2011-12-07T09:48:26+00:00","article_modified_time":"2020-03-19T16:59:00+00:00","og_image":[{"width":273,"height":180,"url":"https:\/\/franciscanos.org.br\/noticias\/wp-content\/uploads\/2011\/12\/0-121-150x113-1.jpg","type":"image\/jpeg"}],"author":"admin","twitter_card":"summary_large_image","twitter_misc":{"Escrito por":"admin","Est. tempo de leitura":"4 minutos"},"schema":{"@context":"https:\/\/schema.org","@graph":[{"@type":"WebSite","@id":"https:\/\/franciscanos.org.br\/noticias\/#website","url":"https:\/\/franciscanos.org.br\/noticias\/","name":"Not\u00edcias - Franciscanos","description":"Prov\u00edncia Franciscana da Imaculada Concei\u00e7\u00e3o do Brasil - Ordem dos Frades Menores - OFM","potentialAction":[{"@type":"SearchAction","target":{"@type":"EntryPoint","urlTemplate":"https:\/\/franciscanos.org.br\/noticias\/?s={search_term_string}"},"query-input":"required name=search_term_string"}],"inLanguage":"pt-BR"},{"@type":"ImageObject","inLanguage":"pt-BR","@id":"https:\/\/franciscanos.org.br\/noticias\/cultura-franciscana.html#primaryimage","url":"https:\/\/franciscanos.org.br\/noticias\/wp-content\/uploads\/2011\/12\/0-121-150x113-1.jpg","contentUrl":"https:\/\/franciscanos.org.br\/noticias\/wp-content\/uploads\/2011\/12\/0-121-150x113-1.jpg","width":273,"height":180},{"@type":"WebPage","@id":"https:\/\/franciscanos.org.br\/noticias\/cultura-franciscana.html#webpage","url":"https:\/\/franciscanos.org.br\/noticias\/cultura-franciscana.html","name":"Exposi\u00e7\u00e3o Franciscana de Pres\u00e9pios - Not\u00edcias - Franciscanos","isPartOf":{"@id":"https:\/\/franciscanos.org.br\/noticias\/#website"},"primaryImageOfPage":{"@id":"https:\/\/franciscanos.org.br\/noticias\/cultura-franciscana.html#primaryimage"},"datePublished":"2011-12-07T09:48:26+00:00","dateModified":"2020-03-19T16:59:00+00:00","author":{"@id":"https:\/\/franciscanos.org.br\/noticias\/#\/schema\/person\/b38fbf43118f02820bd932f2e4b14ad3"},"breadcrumb":{"@id":"https:\/\/franciscanos.org.br\/noticias\/cultura-franciscana.html#breadcrumb"},"inLanguage":"pt-BR","potentialAction":[{"@type":"ReadAction","target":["https:\/\/franciscanos.org.br\/noticias\/cultura-franciscana.html"]}]},{"@type":"BreadcrumbList","@id":"https:\/\/franciscanos.org.br\/noticias\/cultura-franciscana.html#breadcrumb","itemListElement":[{"@type":"ListItem","position":1,"name":"Home","item":"https:\/\/franciscanos.org.br\/noticias"},{"@type":"ListItem","position":2,"name":"Exposi\u00e7\u00e3o Franciscana de Pres\u00e9pios"}]},{"@type":"Person","@id":"https:\/\/franciscanos.org.br\/noticias\/#\/schema\/person\/b38fbf43118f02820bd932f2e4b14ad3","name":"admin","image":{"@type":"ImageObject","inLanguage":"pt-BR","@id":"https:\/\/franciscanos.org.br\/noticias\/#\/schema\/person\/image\/","url":"https:\/\/secure.gravatar.com\/avatar\/e8495742d34d0ba6448ea1c628263b3e?s=96&d=mm&r=g","contentUrl":"https:\/\/secure.gravatar.com\/avatar\/e8495742d34d0ba6448ea1c628263b3e?s=96&d=mm&r=g","caption":"admin"},"url":"https:\/\/franciscanos.org.br\/noticias\/author\/admin"}]}},"_links":{"self":[{"href":"https:\/\/franciscanos.org.br\/noticias\/wp-json\/wp\/v2\/posts\/7803"}],"collection":[{"href":"https:\/\/franciscanos.org.br\/noticias\/wp-json\/wp\/v2\/posts"}],"about":[{"href":"https:\/\/franciscanos.org.br\/noticias\/wp-json\/wp\/v2\/types\/post"}],"author":[{"embeddable":true,"href":"https:\/\/franciscanos.org.br\/noticias\/wp-json\/wp\/v2\/users\/1"}],"replies":[{"embeddable":true,"href":"https:\/\/franciscanos.org.br\/noticias\/wp-json\/wp\/v2\/comments?post=7803"}],"version-history":[{"count":1,"href":"https:\/\/franciscanos.org.br\/noticias\/wp-json\/wp\/v2\/posts\/7803\/revisions"}],"predecessor-version":[{"id":221946,"href":"https:\/\/franciscanos.org.br\/noticias\/wp-json\/wp\/v2\/posts\/7803\/revisions\/221946"}],"wp:featuredmedia":[{"embeddable":true,"href":"https:\/\/franciscanos.org.br\/noticias\/wp-json\/wp\/v2\/media\/222046"}],"wp:attachment":[{"href":"https:\/\/franciscanos.org.br\/noticias\/wp-json\/wp\/v2\/media?parent=7803"}],"wp:term":[{"taxonomy":"category","embeddable":true,"href":"https:\/\/franciscanos.org.br\/noticias\/wp-json\/wp\/v2\/categories?post=7803"},{"taxonomy":"post_tag","embeddable":true,"href":"https:\/\/franciscanos.org.br\/noticias\/wp-json\/wp\/v2\/tags?post=7803"}],"curies":[{"name":"wp","href":"https:\/\/api.w.org\/{rel}","templated":true}]}}