{"id":77992,"date":"2015-01-27T08:14:35","date_gmt":"2015-01-27T10:14:35","guid":{"rendered":"http:\/\/franciscanos.org.br\/?p=77992"},"modified":"2019-07-19T21:57:48","modified_gmt":"2019-07-20T00:57:48","slug":"festa-franciscana-da-juventude-em-concordia","status":"publish","type":"post","link":"https:\/\/franciscanos.org.br\/noticias\/festa-franciscana-da-juventude-em-concordia.html","title":{"rendered":"Festa franciscana da juventude em Conc\u00f3rdia"},"content":{"rendered":"<p><img loading=\"lazy\" class=\"alignnone size-full wp-image-207038\" src=\"https:\/\/franciscanos.org.br\/noticias\/wp-content\/uploads\/2015\/01\/concordia_3.jpg\" alt=\"\" width=\"890\" height=\"592\" srcset=\"https:\/\/franciscanos.org.br\/noticias\/wp-content\/uploads\/2015\/01\/concordia_3.jpg 890w, https:\/\/franciscanos.org.br\/noticias\/wp-content\/uploads\/2015\/01\/concordia_3-450x299.jpg 450w, https:\/\/franciscanos.org.br\/noticias\/wp-content\/uploads\/2015\/01\/concordia_3-768x511.jpg 768w, https:\/\/franciscanos.org.br\/noticias\/wp-content\/uploads\/2015\/01\/concordia_3-150x100.jpg 150w\" sizes=\"(max-width: 890px) 100vw, 890px\" \/><\/p>\n<p><strong>\u00c9rika Augusto<\/strong><\/p>\n<p>Entre os dias 22 e 25 de janeiro de 2015, aconteceu em Conc\u00f3rdia (SC), as Miss\u00f5es Franciscanas da Juventude, com o tema: &#8220;Vai, restaura a minha igreja&#8221;. Mais de 215 jovens participantes, al\u00e9m de uma grande infraestrutura de cozinha e apoio, e as equipes das 8 comunidades que receberam os jovens mission\u00e1rios. A fraternidade e a comunidade da Par\u00f3quia Nossa Senhora do Ros\u00e1rio acolheram as Miss\u00f5es Franciscanas com muita alegria e entusiasmo.<\/p>\n<p>As atividades come\u00e7aram na quinta-feira de manh\u00e3 (22), com a chegada dos participantes, vindos do Rio de Janeiro, S\u00e3o Paulo, Paran\u00e1 e diversas cidades de Santa Catarina. O sal\u00e3o paroquial foi preparado com muito carinho, com diversos ambientes. Na entrada, os mission\u00e1rios encontraram um t\u00fanel, com frases b\u00edblicas, um outro espa\u00e7o com almofadas para descanso, dois ambientes que foram utilizados na primeira noite como dormit\u00f3rio. No palco, uma imagem de S\u00e3o Francisco, o crucifixo de S\u00e3o Dami\u00e3o e o tau com a arte do Frei Dito, \u00a0o s\u00edmbolo das Miss\u00f5es Franciscanas.<\/p>\n<p>No final da tarde, os jovens foram reunidos para a abertura oficial. Eles foram recebidos com anima\u00e7\u00e3o pelo coordenador do Servi\u00e7o de Anima\u00e7\u00e3o Vocacional (SAV), Frei Diego Atalino de Melo. No final da noite, uma bel\u00edssima ora\u00e7\u00e3o foi preparada na igreja, que estava ornamentada com velas e panos. Os jovens puderam ouvir a partilha de uma das participantes, Mariana Rogoski, de 27 anos, que falou sobre sua vida pessoal e afetiva, e como acabou se afastando da Igreja em determinado momento da vida. Em seguida, Frei Diego fez a un\u00e7\u00e3o dos jovens com \u00f3leo, simbolizando o envio dos jovens mission\u00e1rios para as comunidades.<\/p>\n<p><strong>Conhecendo o local da miss\u00e3o<\/strong><\/p>\n<p>Na sexta-feira, ap\u00f3s a ora\u00e7\u00e3o da manh\u00e3, os jovens puderam conhecer um pouco mais da hist\u00f3ria da cidade de Conc\u00f3rdia, contada pelo p\u00e1roco Frei Evandro Balestrin. Em seguida, o Ministro Provincial Frei Fid\u00eancio Vanboemmel destacou \u00a0a import\u00e2ncia da miss\u00e3o para o carisma franciscano. O Ministro Provincial falou sobre o epis\u00f3dio da vida de S\u00e3o Francisco, quando Jesus fala atrav\u00e9s do crucifixo de S\u00e3o Dami\u00e3o: &#8220;Vai, restaura a minha igreja&#8221;. &#8220;A Igreja de Deus n\u00e3o s\u00e3o pedras, tijolos, a Igreja de Deus \u00e9 cada um de n\u00f3s, e juntos, formamos as pedras vivas&#8221;, afirmou Frei Fid\u00eancio, que falou ainda sobre a import\u00e2ncia do discernimento para descobrir o desejo de Deus para a vida de cada um. &#8220;O sonho de Deus acontece onde a gente pisa, onde eu vivo a minha hist\u00f3ria&#8221;, acrescentou. O Ministro Provincial recordou ainda trechos da fala do Papa Francisco durante a Vig\u00edlia na Jornada Mundial da Juventude, no Rio de Janeiro. A fala animou e preparou os jovens para o que viria em seguida.<\/p>\n<p>Ap\u00f3s o almo\u00e7o, os jovens puderam ouvir o testemunho da Carol, uma jovem presidi\u00e1ria, que est\u00e1 cumprindo pena por tr\u00e1fico de drogas h\u00e1 4 anos. A jovem contou um pouco de sua hist\u00f3ria, que serviu como alerta para os jovens terem cuidado com as amizades e os relacionamentos, para que n\u00e3o se desviem do caminho do bem e nunca se afastem de Deus.<\/p>\n<p>A fala da Carol preparou os jovens para um momento muito especial das Miss\u00f5es. Na sexta \u00e0 tarde, o grupo se dividiu em dois. Um visitou o Pres\u00eddio Regional de Conc\u00f3rdia. A outra metade do grupo fez o plantio de 600 mudas de \u00e1rvores no entorno do Rio Queimados, um dos mais importantes da regi\u00e3o. Os respons\u00e1veis pela ONG Queimados Vivo tamb\u00e9m falaram aos jovens, explicando a hist\u00f3ria da ONG e a situa\u00e7\u00e3o do rio hoje e sua import\u00e2ncia para a cidade de Conc\u00f3rdia.<\/p>\n<p>Os dois grupos partiram para a miss\u00e3o propriamente dita. O grupo que visitou o pres\u00eddio teve que caminhar alguns quil\u00f4metros para chegar ao pres\u00eddio, onde se dividiram em grupos. Alguns visitaram a ala feminina, outros os presos em regime semi-aberto e outros dois grupos visitaram os presos em regime fechado. Foi um momento de muita emo\u00e7\u00e3o e muita descoberta para estes jovens. Eles puderam perceber que a miss\u00e3o n\u00e3o era algo grandioso. Ouvir os presos, suas hist\u00f3rias, aquilo que eles trazem no cora\u00e7\u00e3o, levar uma palavra de carinho, conforto, perd\u00e3o. A miss\u00e3o no pres\u00eddio foi assim, simples, mas transformadora. A maior parte dos jovens nunca tinha entrado em uma carceragem e pode perceber como um gesto simples pode transformar a vida de uma pessoa.<\/p>\n<p>Para Samuel Cavalcanti do Amaral, de Nil\u00f3polis (RJ), as Miss\u00f5es Franciscanas serviram para mostrar a alegria de se colocar \u00e0 disposi\u00e7\u00e3o daqueles que mais necessitam. Atrav\u00e9s de pequenos gestos, visitando os encarcerados, cuidando da natureza, reconstruindo uma igreja, entre tantas a\u00e7\u00f5es. \u201cForam dias de festa, acolhimento, alegria, dan\u00e7a, demonstra\u00e7\u00f5es de f\u00e9 e sobretudo muito amor partilhado\u201d, destacou o jovem.<\/p>\n<p>Para Renan Nilson Bacca, de Gaspar (SC), a experi\u00eancia serviu para se desconectar de um mundo consumista e superficial. \u201cNestes quatro dias tive a oportunidade de sair deste fluxo e coloquei-me diante de uma experi\u00eancia diferente, forte, que dia ap\u00f3s dia foi ganhando forma, mostrando um rosto juvenil, alegre, persistente, que levou Cristo nos cora\u00e7\u00f5es de cada morador de Conc\u00f3rdia\u201d, afirmou.<\/p>\n<p><strong><img loading=\"lazy\" src=\"http:\/\/franciscanos.org.br\/wp-content\/uploads\/2015\/01\/concordia_2.jpg\" alt=\"concordia_2\" width=\"820\" height=\"284\" \/><br \/>\nComunidades recebem os jovens mission\u00e1rios<\/strong><\/p>\n<p>Apenas 8, das mais de 60 comunidades da Par\u00f3quia Nossa Senhora do Ros\u00e1rio, foram escolhidas para acolherem os jovens. Os grupos foram formados de acordo com a realidade local e com a necessidade de cada uma. Frei Je\u00e2 Paulo de Andrade, vig\u00e1rio paroquial, ajudou a coordenar e organizar as experi\u00eancias. Os jovens foram para os bairros: Nova Bras\u00edlia, Santa Rita, Na\u00e7\u00f5es, Catarina Fontana, Vista Alegre, Petr\u00f3polis, Natureza\/ Poente do Sol e Fragosos.<\/p>\n<p>O bairro Natureza e Poente do Sol receberam os jovens com muito entusiasmo e uma queima de fogos. Para Paula Eliana Gomes, do grupo de jovens da comunidade, a chegada dos participantes foi muito especial. \u201cQuando os jovens viram que havia um pessoal na entrada do bairro esperando por eles, ficaram muito felizes. Para n\u00f3s foi uma recep\u00e7\u00e3o muito simples, mas o modo como eles reagiram, os sorrisos que eles deram, tornou o momento muito marcante\u201d, afirmou.<\/p>\n<p>Os participantes seguiram a p\u00e9 com a comunidade at\u00e9 o Centro Comunit\u00e1rio, onde foram recebidos com um risoto no tacho, um prato t\u00edpico. Os ministros leigos falaram um pouco sobre a realidade local e o Santu\u00e1rio Santa Augusta, que est\u00e1 em constru\u00e7\u00e3o h\u00e1 4 anos. De Rossi, ministro leigo, explicou para os jovens sobre a vida de Santa Augusta. Este Santu\u00e1rio \u00e9 a r\u00e9plica do Santu\u00e1rio da It\u00e1lia, e \u00fanica r\u00e9plica existente no mundo. A igreja ainda n\u00e3o est\u00e1 terminada, e parte da miss\u00e3o dos jovens foi construir um pequeno jardim na entrada.<\/p>\n<p>No s\u00e1bado de manh\u00e3 os jovens se dividiram em 4 grupos, que foram visitar os enfermos, fam\u00edlias e idosos. Na parte da tarde, os participantes se reuniram com a comunidade para ajudar na constru\u00e7\u00e3o do jardim. Quem tinha mais experi\u00eancia ajudava os iniciantes, e cada um, conforme seus dons, fez sua parte. O jardim ficou pronto, com dois canteiros laterais e um cora\u00e7\u00e3o com flores. A comunidade se reuniu para a celebra\u00e7\u00e3o da Palavra \u00e0 noite. Ap\u00f3s a celebra\u00e7\u00e3o, Frei Diego Melo aben\u00e7oou o jardim, que foi aprovado pelos paroquianos.<\/p>\n<p>Para Paula Eliana Gomes, a presen\u00e7a dos jovens mission\u00e1rios mudou completamente a rotina da comunidade, e os frutos ser\u00e3o colhidos por muito tempo. \u201cAs marcas que eles deixaram vai muito al\u00e9m do jardim que foi feito, eles mudaram a cara da comunidade, eles fizeram reviver a esperan\u00e7a nos jovens daqui, eles fizeram muitas pessoas repensar no modo como vivem, como agem e falam, n\u00f3s sentimos pessoas diferentes. Na primeira noite havia uma fogueira com brasas acesas, os jovens mission\u00e1rios fizeram essa fogueira incendiar\u201d, testemunhou a jovem.<\/p>\n<p><strong>Nossa Senhora de Lourdes aben\u00e7oou os mission\u00e1rios<\/strong><\/p>\n<p>Era de madrugada quando se ouvia a movimenta\u00e7\u00e3o nos bairros de Conc\u00f3rdia. Os 8 grupos come\u00e7aram a se dirigir para a gruta Nossa Senhora de Lourdes por volta das 4 horas da manh\u00e3. Os jovens sa\u00edram em caminhada com velas nas m\u00e3os, partindo em dire\u00e7\u00e3o \u00e0 matriz, para a missa de encerramento. N\u00e3o somente os jovens, muitos adultos, crian\u00e7as e pessoas de idade quiseram acompanhar a caminhada. Eram pessoas das comunidades e fam\u00edlias que receberam os jovens em suas casas. Assim, uma longa prociss\u00e3o se formou, com cantos, ora\u00e7\u00f5es, todos celebrando a alegria do reencontro e a partilha das experi\u00eancias. O grupo parou em uma par\u00f3quia local para um encontro muito especial: com Cristo Eucar\u00edstico. Frei Daniel Dellandrea conduziu a breve adora\u00e7\u00e3o, onde os caminheiros puderam descansar e rezar. O grupo foi em seguida para o hospital S\u00e3o Francisco de Assis, onde alguns puderam passar nos quartos para visitar os enfermos. Mais um momento de emo\u00e7\u00e3o. Pessoas internadas e seus familiares puderam receber um carinho e uma palavra de confian\u00e7a dos jovens mission\u00e1rios. Ap\u00f3s a visita, a pr\u00f3xima parada foi na matriz, onde chegaram por volta das 7h30, recebidos com alegria e uma calorosa queima de fogos.<\/p>\n<p><strong>Missa marca o encerramento e o an\u00fancio das Miss\u00f5es Franciscanas 2016<\/strong><\/p>\n<p>Ap\u00f3s um tempo de descanso e o caf\u00e9 da manh\u00e3, a comunidade e os jovens mission\u00e1rios celebraram juntos a Eucaristia. A missa foi presidida por Frei Fid\u00eancio, que esteve presente durante todo o tempo das Miss\u00f5es, inclusive na caminhada.<\/p>\n<p>Em sua homilia, o frade fez uma releitura da passagem do envio de Jonas \u00e0 cidade de N\u00edvive, que era a 1\u00aa leitura deste domingo (Jn 3,1-5.10). \u201cLevanta-te e vai para a cidade de Conc\u00f3rdia\u201d, parafraseou Frei Fid\u00eancio. O Ministro Provincial destacou que a esta \u00e9 talvez, a maior par\u00f3quia da Prov\u00edncia, com mais de 60 comunidades e que n\u00e3o foi poss\u00edvel visitar todas as comunidades. \u201cO foco deste encontro era a miss\u00e3o, evangelizar do jeito de S\u00e3o Francisco e no apelo que Jesus fez a Francisco \u2013 Vai, reconstr\u00f3i a minha igreja\u201d.<\/p>\n<p>Frei Fid\u00eancio destacou que esta igreja, tanto para S\u00e3o Francisco como para os jovens mission\u00e1rios, n\u00e3o \u00e9 o templo de pedra, mas a Igreja espiritual, sobretudo na Igreja mais sofrida. O frade destacou a visita ao pres\u00eddio e a visita ao hospital, como locais de encontro com o Cristo naquele que sofre. \u201cA palavra de Deus nos pede uma coisa muito importante: convers\u00e3o. Convers\u00e3o significa voltar-se para o Senhor, para Deus. N\u00f3s sempre precisamos ser pessoas convertidas. Convers\u00e3o significa viver a radicalidade do Evangelho, significa perguntar para o Senhor: que queres que eu fa\u00e7a?\u201d, acrescentou Frei Fid\u00eancio.<\/p>\n<p>O Ministro Provincial falou ainda sobre o chamado de Jesus aos ap\u00f3stolos, e a cada um de n\u00f3s. \u201cJesus convoca n\u00e3o apenas mission\u00e1rios, mas toda a Igreja. Somos chamados a sermos seguidores de Jesus Cristo!\u201d, afirmou Frei Fid\u00eancio, lembrando que este chamado n\u00e3o \u00e9 feito em sala de aula: o aprendizado do Evangelho se d\u00e1 na a\u00e7\u00e3o, no decorrer da miss\u00e3o. E recordou o pedido do Papa Francisco de sermos uma Igreja em sa\u00edda. \u201c\u00c9 no caminho que se faz com o Cristo, que n\u00f3s temos nosso aprendizado. Jesus cada dia nos surpreende. Quando voc\u00eas chegam aqui nem imaginavam o que iria acontecer. E muitas vezes tivemos que nos dobrar diante das surpresas que Jesus foi nos oferecendo\u201d, concluiu Frei Fid\u00eancio.<\/p>\n<p>No momento de a\u00e7\u00e3o de gra\u00e7as, os jovens foram convidados a colocar dentro do tau, s\u00edmbolo das Miss\u00f5es Franciscanas, o seu nome, em um peda\u00e7o de papel. Este nome ficar\u00e1 para sempre dentro do tau, como s\u00edmbolo permanente desta miss\u00e3o.<\/p>\n<p><img loading=\"lazy\" src=\"http:\/\/franciscanos.org.br\/wp-content\/uploads\/2015\/01\/concordia_4.jpg\" alt=\"concordia_4\" width=\"820\" height=\"406\" \/><br \/>\nNo final da missa, Frei Diego fez o an\u00fancio oficial do local que receber\u00e1 as Miss\u00f5es Franciscanas da Juventude em 2016. Ser\u00e1 a cidade de Chopinzinho, no Paran\u00e1. Os jovens de Conc\u00f3rdia entregaram ent\u00e3o o tau para os jovens chopinzinhenses que estavam presentes, que ficaram muito emocionados.<\/p>\n<p>Frei Diego, coordenador do SAV e organizador das Miss\u00f5es Franciscanas, destacou 4 aspectos desta edi\u00e7\u00e3o. A ades\u00e3o e o entusiasmo dos jovens neste projeto. No ano passado foram 100 participantes na primeira edi\u00e7\u00e3o, e neste ano o n\u00famero de participantes mais que dobrou. \u201cO envolvimento das comunidades da par\u00f3quia de Conc\u00f3rdia proporcionou o bom andamento desta miss\u00e3o, tamb\u00e9m os jovens contribu\u00edram para dar um novo f\u00f4lego para estas comunidades, que colher\u00e3o muitos frutos desta miss\u00e3o\u201d, destacou Frei Diego. Ele falou ainda de mais 2 aspectos importantes desta edi\u00e7\u00e3o: a descoberta do jovem como mission\u00e1rios e evangelizadores. A capacidade de doa\u00e7\u00e3o, a criatividade, tudo isso torna o jovem protagonista, e o olhar que se teve para as periferias. \u201cOs jovens foram levados para realidades desafiadoras, que s\u00e3o pouco atendidas, realidades desafiadoras\u201d, destacou Frei Diego. A visita ao pres\u00eddio, ao centro de deten\u00e7\u00e3o provis\u00f3ria para menores infratores, foram locais de destaque nesta miss\u00e3o. Houve tamb\u00e9m uma aten\u00e7\u00e3o especial aos jovens surdos da cidade, que atrav\u00e9s do trabalho de tradu\u00e7\u00e3o do Frei Jhones Martins, puderam participar de alguns momentos das miss\u00f5es. A preocupa\u00e7\u00e3o com o meio ambiente tamb\u00e9m foi um dos destaques, segundo o organizador, no plantio das mudas no entorno do Rio Queimados. \u201cA reconstru\u00e7\u00e3o da igreja se d\u00e1 de diversas maneiras e existem muitas faces desta igreja que precisa ser reconstru\u00edda, a Igreja da evangeliza\u00e7\u00e3o, a igreja do ser humano, a igreja do servi\u00e7o social, do cuidado com o meio ambiente, entre outras\u201d, concluiu Frei Diego.<\/p>\n<p>Para Frei Fid\u00eancio Vanboemmel, Ministro Provincial, o car\u00e1ter mission\u00e1rio deve estar sempre presente na vida crist\u00e3, mais ainda na vida franciscana, pois no espelhamos no exemplo de Francisco de Assis. \u201cO esp\u00edrito mission\u00e1rio deve ser a alma de toda a evangeliza\u00e7\u00e3o, e muito particularmente da nossa evangeliza\u00e7\u00e3o franciscana\u201d, afirmou. Para os jovens, a presen\u00e7a do Ministro Provincial durante todo o encontro foi muito marcante. Para Frei Fid\u00eancio, sua presen\u00e7a foi uma resposta \u00e0 \u201cfeliz e grande aposta da Prov\u00edncia\u201d. E acrescentou: \u201cFiz-me presente porque acredito no segundo objetivo espec\u00edfico do nosso Plano de Evangeliza\u00e7\u00e3o que \u00e9: \u2018Revigorar a anima\u00e7\u00e3o vocacional\u2019, tendo com uma das estrat\u00e9gias o \u2018investimento no trabalho com a juventude\u2019\u201d.<\/p>\n<p>\u201cVi jovens provenientes de diversas realidades e regi\u00f5es da nossa Prov\u00edncia (SC, PR, SP e RJ) e senti que todos estavam dispostos a responder ao apelo do Papa Francisco na Jornada Mundial da Juventude na noite da Vig\u00edlia na praia de Copacabana, \u2018Vai, repara a minha casa\u2019.<\/p>\n<p>Vi jovens atentos e senti que eles mesmos experimentaram a alegria do \u2018vencer-se a si mesmo\u2019 quando perceberam as diferentes facetas do mesmo Crucificado em tantas verdades nuas e cruas da vida humana: mis\u00e9rias, doen\u00e7as, solid\u00e3o, experi\u00eancias de perdas, encarcerados, hospitalizados etc.<\/p>\n<p>Vi jovens acreditarem que a nossa Igreja deve ser uma \u2018Igreja em sa\u00edda&#8217;. Senti que eles perceberam que o verdadeiro discipulado n\u00e3o se faz em salas de aula, somente com reflex\u00f5es de uma catequese abstrata, mas no caminhar com Cristo e ir com Ele a todas as periferias existenciais.\u201d<\/p>\n<p>Frei Fid\u00eancio Vanboemmel deixou uma mensagem aos participantes das Miss\u00f5es Franciscanas da Juventude: &#8220;Voc\u00eas, jovens, s\u00e3o os verdadeiros protagonistas da Igreja do futuro. Portanto, acreditem nas potencialidades que \u00a0carregam no cora\u00e7\u00e3o. Por favor, n\u00e3o tenham medo de \u00a0insistir junto aos nossos frades por um espa\u00e7o na comunidade de F\u00e9. Que o Senhor nos aben\u00e7oe e nos guarde!&#8221;<img class=\"ngg_displayed_gallery mceItem\" src=\"http:\/\/franciscanos.org.br\/index.php\/nextgen-attach_to_post\/preview\/id--78107\" alt=\"\" \/><\/p>\n","protected":false},"excerpt":{"rendered":"<p>Miss\u00f5es Franciscanas da Juventude em Conc\u00f3rdia<\/p>\n","protected":false},"author":1,"featured_media":208103,"comment_status":"open","ping_status":"open","sticky":false,"template":"","format":"standard","meta":[],"categories":[1],"tags":[1206],"acf":[],"yoast_head":"<!-- This site is optimized with the Yoast SEO plugin v19.2 - https:\/\/yoast.com\/wordpress\/plugins\/seo\/ -->\n<title>Festa franciscana da juventude em Conc\u00f3rdia - Not\u00edcias - Franciscanos<\/title>\n<meta name=\"robots\" content=\"index, follow, max-snippet:-1, max-image-preview:large, max-video-preview:-1\" \/>\n<link rel=\"canonical\" href=\"https:\/\/franciscanos.org.br\/noticias\/festa-franciscana-da-juventude-em-concordia.html\" \/>\n<meta property=\"og:locale\" content=\"pt_BR\" \/>\n<meta property=\"og:type\" content=\"article\" \/>\n<meta property=\"og:title\" content=\"Festa franciscana da juventude em Conc\u00f3rdia - Not\u00edcias - Franciscanos\" \/>\n<meta property=\"og:description\" content=\"Miss\u00f5es Franciscanas da Juventude em Conc\u00f3rdia\" \/>\n<meta property=\"og:url\" content=\"https:\/\/franciscanos.org.br\/noticias\/festa-franciscana-da-juventude-em-concordia.html\" \/>\n<meta property=\"og:site_name\" content=\"Not\u00edcias - Franciscanos\" \/>\n<meta property=\"article:published_time\" content=\"2015-01-27T10:14:35+00:00\" \/>\n<meta property=\"article:modified_time\" content=\"2019-07-20T00:57:48+00:00\" \/>\n<meta property=\"og:image\" content=\"https:\/\/franciscanos.org.br\/noticias\/wp-content\/uploads\/2015\/01\/concordia_3-1.jpg\" \/>\n\t<meta property=\"og:image:width\" content=\"273\" \/>\n\t<meta property=\"og:image:height\" content=\"182\" \/>\n\t<meta property=\"og:image:type\" content=\"image\/jpeg\" \/>\n<meta name=\"author\" content=\"admin\" \/>\n<meta name=\"twitter:card\" content=\"summary_large_image\" \/>\n<meta name=\"twitter:label1\" content=\"Escrito por\" \/>\n\t<meta name=\"twitter:data1\" content=\"admin\" \/>\n\t<meta name=\"twitter:label2\" content=\"Est. tempo de leitura\" \/>\n\t<meta name=\"twitter:data2\" content=\"13 minutos\" \/>\n<script type=\"application\/ld+json\" class=\"yoast-schema-graph\">{\"@context\":\"https:\/\/schema.org\",\"@graph\":[{\"@type\":\"WebSite\",\"@id\":\"https:\/\/franciscanos.org.br\/noticias\/#website\",\"url\":\"https:\/\/franciscanos.org.br\/noticias\/\",\"name\":\"Not\u00edcias - Franciscanos\",\"description\":\"Prov\u00edncia Franciscana da Imaculada Concei\u00e7\u00e3o do Brasil - Ordem dos Frades Menores - OFM\",\"potentialAction\":[{\"@type\":\"SearchAction\",\"target\":{\"@type\":\"EntryPoint\",\"urlTemplate\":\"https:\/\/franciscanos.org.br\/noticias\/?s={search_term_string}\"},\"query-input\":\"required name=search_term_string\"}],\"inLanguage\":\"pt-BR\"},{\"@type\":\"ImageObject\",\"inLanguage\":\"pt-BR\",\"@id\":\"https:\/\/franciscanos.org.br\/noticias\/festa-franciscana-da-juventude-em-concordia.html#primaryimage\",\"url\":\"https:\/\/franciscanos.org.br\/noticias\/wp-content\/uploads\/2015\/01\/concordia_3-1.jpg\",\"contentUrl\":\"https:\/\/franciscanos.org.br\/noticias\/wp-content\/uploads\/2015\/01\/concordia_3-1.jpg\",\"width\":273,\"height\":182},{\"@type\":\"WebPage\",\"@id\":\"https:\/\/franciscanos.org.br\/noticias\/festa-franciscana-da-juventude-em-concordia.html#webpage\",\"url\":\"https:\/\/franciscanos.org.br\/noticias\/festa-franciscana-da-juventude-em-concordia.html\",\"name\":\"Festa franciscana da juventude em Conc\u00f3rdia - Not\u00edcias - Franciscanos\",\"isPartOf\":{\"@id\":\"https:\/\/franciscanos.org.br\/noticias\/#website\"},\"primaryImageOfPage\":{\"@id\":\"https:\/\/franciscanos.org.br\/noticias\/festa-franciscana-da-juventude-em-concordia.html#primaryimage\"},\"datePublished\":\"2015-01-27T10:14:35+00:00\",\"dateModified\":\"2019-07-20T00:57:48+00:00\",\"author\":{\"@id\":\"https:\/\/franciscanos.org.br\/noticias\/#\/schema\/person\/b38fbf43118f02820bd932f2e4b14ad3\"},\"breadcrumb\":{\"@id\":\"https:\/\/franciscanos.org.br\/noticias\/festa-franciscana-da-juventude-em-concordia.html#breadcrumb\"},\"inLanguage\":\"pt-BR\",\"potentialAction\":[{\"@type\":\"ReadAction\",\"target\":[\"https:\/\/franciscanos.org.br\/noticias\/festa-franciscana-da-juventude-em-concordia.html\"]}]},{\"@type\":\"BreadcrumbList\",\"@id\":\"https:\/\/franciscanos.org.br\/noticias\/festa-franciscana-da-juventude-em-concordia.html#breadcrumb\",\"itemListElement\":[{\"@type\":\"ListItem\",\"position\":1,\"name\":\"Home\",\"item\":\"https:\/\/franciscanos.org.br\/noticias\"},{\"@type\":\"ListItem\",\"position\":2,\"name\":\"Festa franciscana da juventude em Conc\u00f3rdia\"}]},{\"@type\":\"Person\",\"@id\":\"https:\/\/franciscanos.org.br\/noticias\/#\/schema\/person\/b38fbf43118f02820bd932f2e4b14ad3\",\"name\":\"admin\",\"image\":{\"@type\":\"ImageObject\",\"inLanguage\":\"pt-BR\",\"@id\":\"https:\/\/franciscanos.org.br\/noticias\/#\/schema\/person\/image\/\",\"url\":\"https:\/\/secure.gravatar.com\/avatar\/e8495742d34d0ba6448ea1c628263b3e?s=96&d=mm&r=g\",\"contentUrl\":\"https:\/\/secure.gravatar.com\/avatar\/e8495742d34d0ba6448ea1c628263b3e?s=96&d=mm&r=g\",\"caption\":\"admin\"},\"url\":\"https:\/\/franciscanos.org.br\/noticias\/author\/admin\"}]}<\/script>\n<!-- \/ Yoast SEO plugin. -->","yoast_head_json":{"title":"Festa franciscana da juventude em Conc\u00f3rdia - Not\u00edcias - Franciscanos","robots":{"index":"index","follow":"follow","max-snippet":"max-snippet:-1","max-image-preview":"max-image-preview:large","max-video-preview":"max-video-preview:-1"},"canonical":"https:\/\/franciscanos.org.br\/noticias\/festa-franciscana-da-juventude-em-concordia.html","og_locale":"pt_BR","og_type":"article","og_title":"Festa franciscana da juventude em Conc\u00f3rdia - Not\u00edcias - Franciscanos","og_description":"Miss\u00f5es Franciscanas da Juventude em Conc\u00f3rdia","og_url":"https:\/\/franciscanos.org.br\/noticias\/festa-franciscana-da-juventude-em-concordia.html","og_site_name":"Not\u00edcias - Franciscanos","article_published_time":"2015-01-27T10:14:35+00:00","article_modified_time":"2019-07-20T00:57:48+00:00","og_image":[{"width":273,"height":182,"url":"https:\/\/franciscanos.org.br\/noticias\/wp-content\/uploads\/2015\/01\/concordia_3-1.jpg","type":"image\/jpeg"}],"author":"admin","twitter_card":"summary_large_image","twitter_misc":{"Escrito por":"admin","Est. tempo de leitura":"13 minutos"},"schema":{"@context":"https:\/\/schema.org","@graph":[{"@type":"WebSite","@id":"https:\/\/franciscanos.org.br\/noticias\/#website","url":"https:\/\/franciscanos.org.br\/noticias\/","name":"Not\u00edcias - Franciscanos","description":"Prov\u00edncia Franciscana da Imaculada Concei\u00e7\u00e3o do Brasil - Ordem dos Frades Menores - OFM","potentialAction":[{"@type":"SearchAction","target":{"@type":"EntryPoint","urlTemplate":"https:\/\/franciscanos.org.br\/noticias\/?s={search_term_string}"},"query-input":"required name=search_term_string"}],"inLanguage":"pt-BR"},{"@type":"ImageObject","inLanguage":"pt-BR","@id":"https:\/\/franciscanos.org.br\/noticias\/festa-franciscana-da-juventude-em-concordia.html#primaryimage","url":"https:\/\/franciscanos.org.br\/noticias\/wp-content\/uploads\/2015\/01\/concordia_3-1.jpg","contentUrl":"https:\/\/franciscanos.org.br\/noticias\/wp-content\/uploads\/2015\/01\/concordia_3-1.jpg","width":273,"height":182},{"@type":"WebPage","@id":"https:\/\/franciscanos.org.br\/noticias\/festa-franciscana-da-juventude-em-concordia.html#webpage","url":"https:\/\/franciscanos.org.br\/noticias\/festa-franciscana-da-juventude-em-concordia.html","name":"Festa franciscana da juventude em Conc\u00f3rdia - Not\u00edcias - Franciscanos","isPartOf":{"@id":"https:\/\/franciscanos.org.br\/noticias\/#website"},"primaryImageOfPage":{"@id":"https:\/\/franciscanos.org.br\/noticias\/festa-franciscana-da-juventude-em-concordia.html#primaryimage"},"datePublished":"2015-01-27T10:14:35+00:00","dateModified":"2019-07-20T00:57:48+00:00","author":{"@id":"https:\/\/franciscanos.org.br\/noticias\/#\/schema\/person\/b38fbf43118f02820bd932f2e4b14ad3"},"breadcrumb":{"@id":"https:\/\/franciscanos.org.br\/noticias\/festa-franciscana-da-juventude-em-concordia.html#breadcrumb"},"inLanguage":"pt-BR","potentialAction":[{"@type":"ReadAction","target":["https:\/\/franciscanos.org.br\/noticias\/festa-franciscana-da-juventude-em-concordia.html"]}]},{"@type":"BreadcrumbList","@id":"https:\/\/franciscanos.org.br\/noticias\/festa-franciscana-da-juventude-em-concordia.html#breadcrumb","itemListElement":[{"@type":"ListItem","position":1,"name":"Home","item":"https:\/\/franciscanos.org.br\/noticias"},{"@type":"ListItem","position":2,"name":"Festa franciscana da juventude em Conc\u00f3rdia"}]},{"@type":"Person","@id":"https:\/\/franciscanos.org.br\/noticias\/#\/schema\/person\/b38fbf43118f02820bd932f2e4b14ad3","name":"admin","image":{"@type":"ImageObject","inLanguage":"pt-BR","@id":"https:\/\/franciscanos.org.br\/noticias\/#\/schema\/person\/image\/","url":"https:\/\/secure.gravatar.com\/avatar\/e8495742d34d0ba6448ea1c628263b3e?s=96&d=mm&r=g","contentUrl":"https:\/\/secure.gravatar.com\/avatar\/e8495742d34d0ba6448ea1c628263b3e?s=96&d=mm&r=g","caption":"admin"},"url":"https:\/\/franciscanos.org.br\/noticias\/author\/admin"}]}},"_links":{"self":[{"href":"https:\/\/franciscanos.org.br\/noticias\/wp-json\/wp\/v2\/posts\/77992"}],"collection":[{"href":"https:\/\/franciscanos.org.br\/noticias\/wp-json\/wp\/v2\/posts"}],"about":[{"href":"https:\/\/franciscanos.org.br\/noticias\/wp-json\/wp\/v2\/types\/post"}],"author":[{"embeddable":true,"href":"https:\/\/franciscanos.org.br\/noticias\/wp-json\/wp\/v2\/users\/1"}],"replies":[{"embeddable":true,"href":"https:\/\/franciscanos.org.br\/noticias\/wp-json\/wp\/v2\/comments?post=77992"}],"version-history":[{"count":0,"href":"https:\/\/franciscanos.org.br\/noticias\/wp-json\/wp\/v2\/posts\/77992\/revisions"}],"wp:featuredmedia":[{"embeddable":true,"href":"https:\/\/franciscanos.org.br\/noticias\/wp-json\/wp\/v2\/media\/208103"}],"wp:attachment":[{"href":"https:\/\/franciscanos.org.br\/noticias\/wp-json\/wp\/v2\/media?parent=77992"}],"wp:term":[{"taxonomy":"category","embeddable":true,"href":"https:\/\/franciscanos.org.br\/noticias\/wp-json\/wp\/v2\/categories?post=77992"},{"taxonomy":"post_tag","embeddable":true,"href":"https:\/\/franciscanos.org.br\/noticias\/wp-json\/wp\/v2\/tags?post=77992"}],"curies":[{"name":"wp","href":"https:\/\/api.w.org\/{rel}","templated":true}]}}