{"id":77960,"date":"2015-01-26T09:34:30","date_gmt":"2015-01-26T11:34:30","guid":{"rendered":"http:\/\/franciscanos.org.br\/?p=77960"},"modified":"2021-07-05T20:10:15","modified_gmt":"2021-07-05T23:10:15","slug":"coral-dos-canarinhos-abre-vagas-para-curso-de-aprendizes","status":"publish","type":"post","link":"https:\/\/franciscanos.org.br\/noticias\/coral-dos-canarinhos-abre-vagas-para-curso-de-aprendizes.html","title":{"rendered":"Coral dos Canarinhos abre vagas para Curso de Aprendizes"},"content":{"rendered":"<p><strong><a href=\"http:\/\/franciscanos.org.br\/wp-content\/uploads\/2015\/01\/canarinhos-820.png\"><img loading=\"lazy\" src=\"http:\/\/franciscanos.org.br\/wp-content\/uploads\/2015\/01\/canarinhos-820.png\" alt=\"canarinhos-820\" width=\"820\" height=\"386\" \/><\/a><\/strong><\/p>\n<p><strong>Philippe Fernandes<\/strong><em>, especial para este site<\/em><\/p>\n<p>Quem ama m\u00fasica e sonha em ingressar no Coral dos Canarinhos de Petr\u00f3polis tem uma grande oportunidade nesta semana. O Instituto dos Meninos Cantores de Petr\u00f3polis (IMCP) est\u00e1 com inscri\u00e7\u00f5es abertas. Mas fique atento: o prazo vai apenas at\u00e9 o dia 3 de fevereiro, e o n\u00famero de vagas \u00e9 limitado: apenas nove vagas est\u00e3o dispon\u00edveis.<\/p>\n<p>As inscri\u00e7\u00f5es podem ser feitas atrav\u00e9s do site <a href=\"http:\/\/www.canarinhos.com.br\">www.canarinhos.com.br<\/a> ou indo pessoalmente na sede da entidade, na Rua Santos Dumont, 355, no Centro Hist\u00f3rico, de segunda a sexta-feira, entre 9h e 17h30. Podem ingressar no grupo vocal meninos que tem entre 8 e 9 anos.<\/p>\n<p>No curso, \u00e9 feita a prepara\u00e7\u00e3o para que os meninos se tornem de fato Canarinhos, com aulas de inicia\u00e7\u00e3o musical e flauta doce, teoria musical e solfejo e t\u00e9cnica vocal. As aulas, gratuitas, acontecem \u00e0s ter\u00e7as, quartas e quintas-feiras, entre 8h30 e 11h. No fim das aulas, o IMCP ainda oferece um almo\u00e7o para os participantes.<\/p>\n<p>Regente do Coral e diretor art\u00edstico do Instituto dos Meninos Cantores de Petr\u00f3polis, Marco Aur\u00e9lio Lischt explica a import\u00e2ncia da m\u00fasica para a forma\u00e7\u00e3o das crian\u00e7as. \u201cA m\u00fasica tem a fun\u00e7\u00e3o de educar. Os alunos que participam do Curso de Aprendizes saem com uma grande vantagem: t\u00eam uma percep\u00e7\u00e3o de grupo e de ordem maior do que quem n\u00e3o tem esta experi\u00eancia. Al\u00e9m disso, a m\u00fasica faz com que eles tenham foco e o\u00a0direcionem para um \u00fanico objetivo\u201d, afirmou.<\/p>\n<p>Mais informa\u00e7\u00f5es sobre as atividades do Instituto dos Meninos Cantores de Petr\u00f3polis podem ser consultadas pelo Facebook <a href=\"http:\/\/fb.com\/canarinhosdepetropolis\">http:\/\/fb.com\/canarinhosdepetropolis<\/a> ou pelo telefone: (24) 2104-4141.<\/p>\n","protected":false},"excerpt":{"rendered":"<p>Em Petr\u00f3polis<\/p>\n","protected":false},"author":1,"featured_media":201545,"comment_status":"open","ping_status":"open","sticky":false,"template":"","format":"standard","meta":[],"categories":[1],"tags":[1378],"acf":[],"yoast_head":"<!-- This site is optimized with the Yoast SEO plugin v19.2 - https:\/\/yoast.com\/wordpress\/plugins\/seo\/ -->\n<title>Coral dos Canarinhos abre vagas para Curso de Aprendizes - Not\u00edcias - Franciscanos<\/title>\n<meta name=\"robots\" content=\"index, follow, max-snippet:-1, max-image-preview:large, max-video-preview:-1\" \/>\n<link rel=\"canonical\" href=\"https:\/\/franciscanos.org.br\/noticias\/coral-dos-canarinhos-abre-vagas-para-curso-de-aprendizes.html\" \/>\n<meta property=\"og:locale\" content=\"pt_BR\" \/>\n<meta property=\"og:type\" content=\"article\" \/>\n<meta property=\"og:title\" content=\"Coral dos Canarinhos abre vagas para Curso de Aprendizes - Not\u00edcias - Franciscanos\" \/>\n<meta property=\"og:description\" content=\"Em Petr\u00f3polis\" \/>\n<meta property=\"og:url\" content=\"https:\/\/franciscanos.org.br\/noticias\/coral-dos-canarinhos-abre-vagas-para-curso-de-aprendizes.html\" \/>\n<meta property=\"og:site_name\" content=\"Not\u00edcias - Franciscanos\" \/>\n<meta property=\"article:published_time\" content=\"2015-01-26T11:34:30+00:00\" \/>\n<meta property=\"article:modified_time\" content=\"2021-07-05T23:10:15+00:00\" \/>\n<meta property=\"og:image\" content=\"https:\/\/franciscanos.org.br\/noticias\/wp-content\/uploads\/2015\/01\/canarinhos_curso.jpg\" \/>\n\t<meta property=\"og:image:width\" content=\"273\" \/>\n\t<meta property=\"og:image:height\" content=\"181\" \/>\n\t<meta property=\"og:image:type\" content=\"image\/jpeg\" \/>\n<meta name=\"author\" content=\"admin\" \/>\n<meta name=\"twitter:card\" content=\"summary_large_image\" \/>\n<meta name=\"twitter:label1\" content=\"Escrito por\" \/>\n\t<meta name=\"twitter:data1\" content=\"admin\" \/>\n\t<meta name=\"twitter:label2\" content=\"Est. tempo de leitura\" \/>\n\t<meta name=\"twitter:data2\" content=\"1 minuto\" \/>\n<script type=\"application\/ld+json\" class=\"yoast-schema-graph\">{\"@context\":\"https:\/\/schema.org\",\"@graph\":[{\"@type\":\"WebSite\",\"@id\":\"https:\/\/franciscanos.org.br\/noticias\/#website\",\"url\":\"https:\/\/franciscanos.org.br\/noticias\/\",\"name\":\"Not\u00edcias - Franciscanos\",\"description\":\"Prov\u00edncia Franciscana da Imaculada Concei\u00e7\u00e3o do Brasil - Ordem dos Frades Menores - OFM\",\"potentialAction\":[{\"@type\":\"SearchAction\",\"target\":{\"@type\":\"EntryPoint\",\"urlTemplate\":\"https:\/\/franciscanos.org.br\/noticias\/?s={search_term_string}\"},\"query-input\":\"required name=search_term_string\"}],\"inLanguage\":\"pt-BR\"},{\"@type\":\"ImageObject\",\"inLanguage\":\"pt-BR\",\"@id\":\"https:\/\/franciscanos.org.br\/noticias\/coral-dos-canarinhos-abre-vagas-para-curso-de-aprendizes.html#primaryimage\",\"url\":\"https:\/\/franciscanos.org.br\/noticias\/wp-content\/uploads\/2015\/01\/canarinhos_curso.jpg\",\"contentUrl\":\"https:\/\/franciscanos.org.br\/noticias\/wp-content\/uploads\/2015\/01\/canarinhos_curso.jpg\",\"width\":273,\"height\":181},{\"@type\":\"WebPage\",\"@id\":\"https:\/\/franciscanos.org.br\/noticias\/coral-dos-canarinhos-abre-vagas-para-curso-de-aprendizes.html#webpage\",\"url\":\"https:\/\/franciscanos.org.br\/noticias\/coral-dos-canarinhos-abre-vagas-para-curso-de-aprendizes.html\",\"name\":\"Coral dos Canarinhos abre vagas para Curso de Aprendizes - Not\u00edcias - Franciscanos\",\"isPartOf\":{\"@id\":\"https:\/\/franciscanos.org.br\/noticias\/#website\"},\"primaryImageOfPage\":{\"@id\":\"https:\/\/franciscanos.org.br\/noticias\/coral-dos-canarinhos-abre-vagas-para-curso-de-aprendizes.html#primaryimage\"},\"datePublished\":\"2015-01-26T11:34:30+00:00\",\"dateModified\":\"2021-07-05T23:10:15+00:00\",\"author\":{\"@id\":\"https:\/\/franciscanos.org.br\/noticias\/#\/schema\/person\/b38fbf43118f02820bd932f2e4b14ad3\"},\"breadcrumb\":{\"@id\":\"https:\/\/franciscanos.org.br\/noticias\/coral-dos-canarinhos-abre-vagas-para-curso-de-aprendizes.html#breadcrumb\"},\"inLanguage\":\"pt-BR\",\"potentialAction\":[{\"@type\":\"ReadAction\",\"target\":[\"https:\/\/franciscanos.org.br\/noticias\/coral-dos-canarinhos-abre-vagas-para-curso-de-aprendizes.html\"]}]},{\"@type\":\"BreadcrumbList\",\"@id\":\"https:\/\/franciscanos.org.br\/noticias\/coral-dos-canarinhos-abre-vagas-para-curso-de-aprendizes.html#breadcrumb\",\"itemListElement\":[{\"@type\":\"ListItem\",\"position\":1,\"name\":\"Home\",\"item\":\"https:\/\/franciscanos.org.br\/noticias\"},{\"@type\":\"ListItem\",\"position\":2,\"name\":\"Coral dos Canarinhos abre vagas para Curso de Aprendizes\"}]},{\"@type\":\"Person\",\"@id\":\"https:\/\/franciscanos.org.br\/noticias\/#\/schema\/person\/b38fbf43118f02820bd932f2e4b14ad3\",\"name\":\"admin\",\"image\":{\"@type\":\"ImageObject\",\"inLanguage\":\"pt-BR\",\"@id\":\"https:\/\/franciscanos.org.br\/noticias\/#\/schema\/person\/image\/\",\"url\":\"https:\/\/secure.gravatar.com\/avatar\/e8495742d34d0ba6448ea1c628263b3e?s=96&d=mm&r=g\",\"contentUrl\":\"https:\/\/secure.gravatar.com\/avatar\/e8495742d34d0ba6448ea1c628263b3e?s=96&d=mm&r=g\",\"caption\":\"admin\"},\"url\":\"https:\/\/franciscanos.org.br\/noticias\/author\/admin\"}]}<\/script>\n<!-- \/ Yoast SEO plugin. -->","yoast_head_json":{"title":"Coral dos Canarinhos abre vagas para Curso de Aprendizes - Not\u00edcias - Franciscanos","robots":{"index":"index","follow":"follow","max-snippet":"max-snippet:-1","max-image-preview":"max-image-preview:large","max-video-preview":"max-video-preview:-1"},"canonical":"https:\/\/franciscanos.org.br\/noticias\/coral-dos-canarinhos-abre-vagas-para-curso-de-aprendizes.html","og_locale":"pt_BR","og_type":"article","og_title":"Coral dos Canarinhos abre vagas para Curso de Aprendizes - Not\u00edcias - Franciscanos","og_description":"Em Petr\u00f3polis","og_url":"https:\/\/franciscanos.org.br\/noticias\/coral-dos-canarinhos-abre-vagas-para-curso-de-aprendizes.html","og_site_name":"Not\u00edcias - Franciscanos","article_published_time":"2015-01-26T11:34:30+00:00","article_modified_time":"2021-07-05T23:10:15+00:00","og_image":[{"width":273,"height":181,"url":"https:\/\/franciscanos.org.br\/noticias\/wp-content\/uploads\/2015\/01\/canarinhos_curso.jpg","type":"image\/jpeg"}],"author":"admin","twitter_card":"summary_large_image","twitter_misc":{"Escrito por":"admin","Est. tempo de leitura":"1 minuto"},"schema":{"@context":"https:\/\/schema.org","@graph":[{"@type":"WebSite","@id":"https:\/\/franciscanos.org.br\/noticias\/#website","url":"https:\/\/franciscanos.org.br\/noticias\/","name":"Not\u00edcias - Franciscanos","description":"Prov\u00edncia Franciscana da Imaculada Concei\u00e7\u00e3o do Brasil - Ordem dos Frades Menores - OFM","potentialAction":[{"@type":"SearchAction","target":{"@type":"EntryPoint","urlTemplate":"https:\/\/franciscanos.org.br\/noticias\/?s={search_term_string}"},"query-input":"required name=search_term_string"}],"inLanguage":"pt-BR"},{"@type":"ImageObject","inLanguage":"pt-BR","@id":"https:\/\/franciscanos.org.br\/noticias\/coral-dos-canarinhos-abre-vagas-para-curso-de-aprendizes.html#primaryimage","url":"https:\/\/franciscanos.org.br\/noticias\/wp-content\/uploads\/2015\/01\/canarinhos_curso.jpg","contentUrl":"https:\/\/franciscanos.org.br\/noticias\/wp-content\/uploads\/2015\/01\/canarinhos_curso.jpg","width":273,"height":181},{"@type":"WebPage","@id":"https:\/\/franciscanos.org.br\/noticias\/coral-dos-canarinhos-abre-vagas-para-curso-de-aprendizes.html#webpage","url":"https:\/\/franciscanos.org.br\/noticias\/coral-dos-canarinhos-abre-vagas-para-curso-de-aprendizes.html","name":"Coral dos Canarinhos abre vagas para Curso de Aprendizes - Not\u00edcias - Franciscanos","isPartOf":{"@id":"https:\/\/franciscanos.org.br\/noticias\/#website"},"primaryImageOfPage":{"@id":"https:\/\/franciscanos.org.br\/noticias\/coral-dos-canarinhos-abre-vagas-para-curso-de-aprendizes.html#primaryimage"},"datePublished":"2015-01-26T11:34:30+00:00","dateModified":"2021-07-05T23:10:15+00:00","author":{"@id":"https:\/\/franciscanos.org.br\/noticias\/#\/schema\/person\/b38fbf43118f02820bd932f2e4b14ad3"},"breadcrumb":{"@id":"https:\/\/franciscanos.org.br\/noticias\/coral-dos-canarinhos-abre-vagas-para-curso-de-aprendizes.html#breadcrumb"},"inLanguage":"pt-BR","potentialAction":[{"@type":"ReadAction","target":["https:\/\/franciscanos.org.br\/noticias\/coral-dos-canarinhos-abre-vagas-para-curso-de-aprendizes.html"]}]},{"@type":"BreadcrumbList","@id":"https:\/\/franciscanos.org.br\/noticias\/coral-dos-canarinhos-abre-vagas-para-curso-de-aprendizes.html#breadcrumb","itemListElement":[{"@type":"ListItem","position":1,"name":"Home","item":"https:\/\/franciscanos.org.br\/noticias"},{"@type":"ListItem","position":2,"name":"Coral dos Canarinhos abre vagas para Curso de Aprendizes"}]},{"@type":"Person","@id":"https:\/\/franciscanos.org.br\/noticias\/#\/schema\/person\/b38fbf43118f02820bd932f2e4b14ad3","name":"admin","image":{"@type":"ImageObject","inLanguage":"pt-BR","@id":"https:\/\/franciscanos.org.br\/noticias\/#\/schema\/person\/image\/","url":"https:\/\/secure.gravatar.com\/avatar\/e8495742d34d0ba6448ea1c628263b3e?s=96&d=mm&r=g","contentUrl":"https:\/\/secure.gravatar.com\/avatar\/e8495742d34d0ba6448ea1c628263b3e?s=96&d=mm&r=g","caption":"admin"},"url":"https:\/\/franciscanos.org.br\/noticias\/author\/admin"}]}},"_links":{"self":[{"href":"https:\/\/franciscanos.org.br\/noticias\/wp-json\/wp\/v2\/posts\/77960"}],"collection":[{"href":"https:\/\/franciscanos.org.br\/noticias\/wp-json\/wp\/v2\/posts"}],"about":[{"href":"https:\/\/franciscanos.org.br\/noticias\/wp-json\/wp\/v2\/types\/post"}],"author":[{"embeddable":true,"href":"https:\/\/franciscanos.org.br\/noticias\/wp-json\/wp\/v2\/users\/1"}],"replies":[{"embeddable":true,"href":"https:\/\/franciscanos.org.br\/noticias\/wp-json\/wp\/v2\/comments?post=77960"}],"version-history":[{"count":1,"href":"https:\/\/franciscanos.org.br\/noticias\/wp-json\/wp\/v2\/posts\/77960\/revisions"}],"predecessor-version":[{"id":232898,"href":"https:\/\/franciscanos.org.br\/noticias\/wp-json\/wp\/v2\/posts\/77960\/revisions\/232898"}],"wp:featuredmedia":[{"embeddable":true,"href":"https:\/\/franciscanos.org.br\/noticias\/wp-json\/wp\/v2\/media\/201545"}],"wp:attachment":[{"href":"https:\/\/franciscanos.org.br\/noticias\/wp-json\/wp\/v2\/media?parent=77960"}],"wp:term":[{"taxonomy":"category","embeddable":true,"href":"https:\/\/franciscanos.org.br\/noticias\/wp-json\/wp\/v2\/categories?post=77960"},{"taxonomy":"post_tag","embeddable":true,"href":"https:\/\/franciscanos.org.br\/noticias\/wp-json\/wp\/v2\/tags?post=77960"}],"curies":[{"name":"wp","href":"https:\/\/api.w.org\/{rel}","templated":true}]}}