{"id":77914,"date":"2015-01-23T15:29:14","date_gmt":"2015-01-23T17:29:14","guid":{"rendered":"http:\/\/franciscanos.org.br\/?p=77914"},"modified":"2019-04-25T13:52:00","modified_gmt":"2019-04-25T16:52:00","slug":"santuario-do-valongo-celebra-375-anos-na-segunda","status":"publish","type":"post","link":"https:\/\/franciscanos.org.br\/noticias\/santuario-do-valongo-celebra-375-anos-na-segunda.html","title":{"rendered":"Santu\u00e1rio do Valongo celebra 375 anos. Missa neste domingo."},"content":{"rendered":"<div id=\"attachment_77915\" style=\"width: 510px\" class=\"wp-caption alignright\"><a href=\"http:\/\/franciscanos.org.br\/wp-content\/uploads\/2015\/01\/santos.jpg\"><img aria-describedby=\"caption-attachment-77915\" loading=\"lazy\" class=\"wp-image-77915 size-full\" src=\"http:\/\/franciscanos.org.br\/wp-content\/uploads\/2015\/01\/santos.jpg\" alt=\"santos\" width=\"500\" height=\"375\" \/><\/a><p id=\"caption-attachment-77915\" class=\"wp-caption-text\">Frei Roz\u00e2ntimo (\u00e0. esq.) e Frei Andr\u00e9 (\u00e0 dir) em frente ao Convento<\/p><\/div>\n<p><strong>Elaine Rodrigues, especial para este site<\/strong><\/p>\n<p><strong>Santos (SP)<\/strong> &#8211; Um dos principais templos franciscanos do Brasil, o Santu\u00e1rio Santo Ant\u00f4nio do Valongo, em Santos, celebra 375 anos de funda\u00e7\u00e3o na pr\u00f3xima segunda-feira (26), data em que tamb\u00e9m \u00e9 comemorado o anivers\u00e1rio da Cidade. Em alus\u00e3o \u00e0 data, ser\u00e1 celebrada Missa solene na noite de domingo (25), \u00e0s 19 horas, com a inaugura\u00e7\u00e3o da nova ilumina\u00e7\u00e3o da fachada, integrando as programa\u00e7\u00e3oes oficiais do anivers\u00e1rio de Santos. Como Santo Ant\u00f4nio \u00e9 um dos mais populares do catolicismo, a f\u00e9 depositada nele \u00e9 celebrada no Valongo desde 26 de janeiro de 1640, quando os franciscanos fundaram o templo religioso.<\/p>\n<p>Segundo Frei Roz\u00e2ntimo Antunes Costa, chegar aos 375 anos \u00e9 resultado de in\u00fameros sofrimentos e extraordin\u00e1rias vit\u00f3rias. &#8220;Nada se conquista sem luta, garra e sobretudo f\u00e9 de todos aqueles que fizeram essa hist\u00f3ria, e que hoje s\u00e3o personagens de nossa mais sincera venera\u00e7\u00e3o, amizade e agradecimento&#8221;, acredita.<\/p>\n<p>\u201cPara tudo h\u00e1 um momento debaixo dos c\u00e9us: tempo de nascer, tempo para morrer; tempo para plantar, e tempo para arrancar o que foi plantado; tempo para matar e tempo para sarar; tempo para demolir e tempo para construir&#8230;\u201d (Ecl. 3,1-3). A lista desse livro b\u00edblico \u00e9 longa e n\u00e3o pretende ser completa. Devemos continu\u00e1-la. Assim tendo em vista os 375 anos do Santu\u00e1rio Santo Ant\u00f4nio do Valongo, do qual muito me orgulho de fazer parte, cabe a todos n\u00f3s tomar consci\u00eancia desta verdade: as gra\u00e7as que seus filhos receberam tem sua origem no Cora\u00e7\u00e3o do Senhor \u2013 Ele \u00e9 poderoso; Ele \u00e9 que demonstrou o poder de seu bra\u00e7o; Ele \u00e9 que \u201cde bens saciou os famintos\u201d (Lc. 1,53)&#8221;, acrescenta Frei Roz\u00e2ntimo, pedindo que Santo Ant\u00f4nio continue aben\u00e7oando e intercedendo por toda Baixada Santista e por esse \u201clongo vale\u201d Valongo.<\/p>\n<p>O Santu\u00e1rio Santo Ant\u00f4nio do Valongo integra o patrim\u00f4nio hist\u00f3rico e cultural da Baixada Santista, compondo o Centro Hist\u00f3rico de Santos. O local \u00e9 visitado por turistas de toda a parte e \u00e9 bastante procurado por noivos porque Santo Ant\u00f4nio \u00e9 conhecido como o santo casamenteiro. O bairro passa por um momento \u00edmpar de revitaliza\u00e7\u00e3o, com a constru\u00e7\u00e3o das torres da Petrobras atr\u00e1s do Santu\u00e1rio e com a pujan\u00e7a do Museu Pel\u00e9, inaugurado no ano passado, \u00e0 frente do templo religioso. Al\u00e9m disso, a igreja \u00e9 um dos pontos do roteiro do bonde tur\u00edstico de Santos.<\/p>\n<p>No Valongo h\u00e1 uma fraternidade composta por tr\u00eas sacerdotes da Ordem dos Frades Menores (OFM): Frei Andr\u00e9 Becker, o reitor, e os vig\u00e1rios Frei Roz\u00e2ntimo Antunes Costa e Frei Hip\u00f3lito Martendal. Hoje o Valongo, como \u00e9 carinhosamente conhecido, tem a Par\u00f3quia Nossa Senhora da Assun\u00e7\u00e3o, no Morro S\u00e3o Bento, como sua Matriz.<\/p>\n<p>A comunidade eclesial conta com diversas pastorais e a Ordem Franciscana Secular (OFS), que realizam uma s\u00e9rie de a\u00e7\u00f5es evangelizadoras e sociais, como o cursinho de pr\u00e9-vestibular comunit\u00e1rio Educafro, a cooperativa de f\u00e1brica de vassouras a partir de garrafas pet, a Escola de Inform\u00e1tica e Cidadania (EIC), o Roupeiro de Santa Clara, entre outros.<\/p>\n<p>A exposi\u00e7\u00e3o de pres\u00e9pios internacionais do Valongo \u00e9 conhecida por pessoas de diversos lugares e chegou a sua 21\u00aa edi\u00e7\u00e3o, uma verdadeira mostra do esp\u00edrito franciscano de retratar aos povos a chegada de Menino Jesus ao mundo.<\/p>\n<p>Curiosamente, tamb\u00e9m em janeiro, dois frades do Santu\u00e1rio comemoram anivers\u00e1rio de ordena\u00e7\u00e3o. E no mesmo dia. Tanto para Frei Andr\u00e9 como para Frei Roz\u00e2ntimo, o dia 17 de janeiro ficou marcado como o in\u00edcio de suas vidas enquanto sacerdotes. Frei Andr\u00e9 completou 34 anos de sacerd\u00f3cio e Frei Roz\u00e2ntimo, 28.<\/p>\n<p>Ainda na linha das comemora\u00e7\u00f5es, no pr\u00f3ximo dia 4 de fevereiro \u00e9 a vez da Juventude Franciscana do Valongo soprar velinhas pelo seu 42\u00ba anivers\u00e1rio.<\/p>\n","protected":false},"excerpt":{"rendered":"<p>Presen\u00e7a franciscana<\/p>\n","protected":false},"author":1,"featured_media":203402,"comment_status":"open","ping_status":"open","sticky":false,"template":"","format":"standard","meta":[],"categories":[1],"tags":[712,1309],"acf":[],"yoast_head":"<!-- This site is optimized with the Yoast SEO plugin v19.2 - https:\/\/yoast.com\/wordpress\/plugins\/seo\/ -->\n<title>Santu\u00e1rio do Valongo celebra 375 anos. Missa neste domingo. - Not\u00edcias - Franciscanos<\/title>\n<meta name=\"robots\" content=\"index, follow, max-snippet:-1, max-image-preview:large, max-video-preview:-1\" \/>\n<link rel=\"canonical\" href=\"https:\/\/franciscanos.org.br\/noticias\/santuario-do-valongo-celebra-375-anos-na-segunda.html\" \/>\n<meta property=\"og:locale\" content=\"pt_BR\" \/>\n<meta property=\"og:type\" content=\"article\" \/>\n<meta property=\"og:title\" content=\"Santu\u00e1rio do Valongo celebra 375 anos. Missa neste domingo. - Not\u00edcias - Franciscanos\" \/>\n<meta property=\"og:description\" content=\"Presen\u00e7a franciscana\" \/>\n<meta property=\"og:url\" content=\"https:\/\/franciscanos.org.br\/noticias\/santuario-do-valongo-celebra-375-anos-na-segunda.html\" \/>\n<meta property=\"og:site_name\" content=\"Not\u00edcias - Franciscanos\" \/>\n<meta property=\"article:published_time\" content=\"2015-01-23T17:29:14+00:00\" \/>\n<meta property=\"article:modified_time\" content=\"2019-04-25T16:52:00+00:00\" \/>\n<meta property=\"og:image\" content=\"https:\/\/franciscanos.org.br\/noticias\/wp-content\/uploads\/2015\/01\/santos.jpg\" \/>\n\t<meta property=\"og:image:width\" content=\"273\" \/>\n\t<meta property=\"og:image:height\" content=\"181\" \/>\n\t<meta property=\"og:image:type\" content=\"image\/jpeg\" \/>\n<meta name=\"author\" content=\"admin\" \/>\n<meta name=\"twitter:card\" content=\"summary_large_image\" \/>\n<meta name=\"twitter:label1\" content=\"Escrito por\" \/>\n\t<meta name=\"twitter:data1\" content=\"admin\" \/>\n\t<meta name=\"twitter:label2\" content=\"Est. tempo de leitura\" \/>\n\t<meta name=\"twitter:data2\" content=\"3 minutos\" \/>\n<script type=\"application\/ld+json\" class=\"yoast-schema-graph\">{\"@context\":\"https:\/\/schema.org\",\"@graph\":[{\"@type\":\"WebSite\",\"@id\":\"https:\/\/franciscanos.org.br\/noticias\/#website\",\"url\":\"https:\/\/franciscanos.org.br\/noticias\/\",\"name\":\"Not\u00edcias - Franciscanos\",\"description\":\"Prov\u00edncia Franciscana da Imaculada Concei\u00e7\u00e3o do Brasil - Ordem dos Frades Menores - OFM\",\"potentialAction\":[{\"@type\":\"SearchAction\",\"target\":{\"@type\":\"EntryPoint\",\"urlTemplate\":\"https:\/\/franciscanos.org.br\/noticias\/?s={search_term_string}\"},\"query-input\":\"required name=search_term_string\"}],\"inLanguage\":\"pt-BR\"},{\"@type\":\"ImageObject\",\"inLanguage\":\"pt-BR\",\"@id\":\"https:\/\/franciscanos.org.br\/noticias\/santuario-do-valongo-celebra-375-anos-na-segunda.html#primaryimage\",\"url\":\"https:\/\/franciscanos.org.br\/noticias\/wp-content\/uploads\/2015\/01\/santos.jpg\",\"contentUrl\":\"https:\/\/franciscanos.org.br\/noticias\/wp-content\/uploads\/2015\/01\/santos.jpg\",\"width\":273,\"height\":181},{\"@type\":\"WebPage\",\"@id\":\"https:\/\/franciscanos.org.br\/noticias\/santuario-do-valongo-celebra-375-anos-na-segunda.html#webpage\",\"url\":\"https:\/\/franciscanos.org.br\/noticias\/santuario-do-valongo-celebra-375-anos-na-segunda.html\",\"name\":\"Santu\u00e1rio do Valongo celebra 375 anos. Missa neste domingo. - Not\u00edcias - Franciscanos\",\"isPartOf\":{\"@id\":\"https:\/\/franciscanos.org.br\/noticias\/#website\"},\"primaryImageOfPage\":{\"@id\":\"https:\/\/franciscanos.org.br\/noticias\/santuario-do-valongo-celebra-375-anos-na-segunda.html#primaryimage\"},\"datePublished\":\"2015-01-23T17:29:14+00:00\",\"dateModified\":\"2019-04-25T16:52:00+00:00\",\"author\":{\"@id\":\"https:\/\/franciscanos.org.br\/noticias\/#\/schema\/person\/b38fbf43118f02820bd932f2e4b14ad3\"},\"breadcrumb\":{\"@id\":\"https:\/\/franciscanos.org.br\/noticias\/santuario-do-valongo-celebra-375-anos-na-segunda.html#breadcrumb\"},\"inLanguage\":\"pt-BR\",\"potentialAction\":[{\"@type\":\"ReadAction\",\"target\":[\"https:\/\/franciscanos.org.br\/noticias\/santuario-do-valongo-celebra-375-anos-na-segunda.html\"]}]},{\"@type\":\"BreadcrumbList\",\"@id\":\"https:\/\/franciscanos.org.br\/noticias\/santuario-do-valongo-celebra-375-anos-na-segunda.html#breadcrumb\",\"itemListElement\":[{\"@type\":\"ListItem\",\"position\":1,\"name\":\"Home\",\"item\":\"https:\/\/franciscanos.org.br\/noticias\"},{\"@type\":\"ListItem\",\"position\":2,\"name\":\"Santu\u00e1rio do Valongo celebra 375 anos. Missa neste domingo.\"}]},{\"@type\":\"Person\",\"@id\":\"https:\/\/franciscanos.org.br\/noticias\/#\/schema\/person\/b38fbf43118f02820bd932f2e4b14ad3\",\"name\":\"admin\",\"image\":{\"@type\":\"ImageObject\",\"inLanguage\":\"pt-BR\",\"@id\":\"https:\/\/franciscanos.org.br\/noticias\/#\/schema\/person\/image\/\",\"url\":\"https:\/\/secure.gravatar.com\/avatar\/e8495742d34d0ba6448ea1c628263b3e?s=96&d=mm&r=g\",\"contentUrl\":\"https:\/\/secure.gravatar.com\/avatar\/e8495742d34d0ba6448ea1c628263b3e?s=96&d=mm&r=g\",\"caption\":\"admin\"},\"url\":\"https:\/\/franciscanos.org.br\/noticias\/author\/admin\"}]}<\/script>\n<!-- \/ Yoast SEO plugin. -->","yoast_head_json":{"title":"Santu\u00e1rio do Valongo celebra 375 anos. Missa neste domingo. - Not\u00edcias - Franciscanos","robots":{"index":"index","follow":"follow","max-snippet":"max-snippet:-1","max-image-preview":"max-image-preview:large","max-video-preview":"max-video-preview:-1"},"canonical":"https:\/\/franciscanos.org.br\/noticias\/santuario-do-valongo-celebra-375-anos-na-segunda.html","og_locale":"pt_BR","og_type":"article","og_title":"Santu\u00e1rio do Valongo celebra 375 anos. Missa neste domingo. - Not\u00edcias - Franciscanos","og_description":"Presen\u00e7a franciscana","og_url":"https:\/\/franciscanos.org.br\/noticias\/santuario-do-valongo-celebra-375-anos-na-segunda.html","og_site_name":"Not\u00edcias - Franciscanos","article_published_time":"2015-01-23T17:29:14+00:00","article_modified_time":"2019-04-25T16:52:00+00:00","og_image":[{"width":273,"height":181,"url":"https:\/\/franciscanos.org.br\/noticias\/wp-content\/uploads\/2015\/01\/santos.jpg","type":"image\/jpeg"}],"author":"admin","twitter_card":"summary_large_image","twitter_misc":{"Escrito por":"admin","Est. tempo de leitura":"3 minutos"},"schema":{"@context":"https:\/\/schema.org","@graph":[{"@type":"WebSite","@id":"https:\/\/franciscanos.org.br\/noticias\/#website","url":"https:\/\/franciscanos.org.br\/noticias\/","name":"Not\u00edcias - Franciscanos","description":"Prov\u00edncia Franciscana da Imaculada Concei\u00e7\u00e3o do Brasil - Ordem dos Frades Menores - OFM","potentialAction":[{"@type":"SearchAction","target":{"@type":"EntryPoint","urlTemplate":"https:\/\/franciscanos.org.br\/noticias\/?s={search_term_string}"},"query-input":"required name=search_term_string"}],"inLanguage":"pt-BR"},{"@type":"ImageObject","inLanguage":"pt-BR","@id":"https:\/\/franciscanos.org.br\/noticias\/santuario-do-valongo-celebra-375-anos-na-segunda.html#primaryimage","url":"https:\/\/franciscanos.org.br\/noticias\/wp-content\/uploads\/2015\/01\/santos.jpg","contentUrl":"https:\/\/franciscanos.org.br\/noticias\/wp-content\/uploads\/2015\/01\/santos.jpg","width":273,"height":181},{"@type":"WebPage","@id":"https:\/\/franciscanos.org.br\/noticias\/santuario-do-valongo-celebra-375-anos-na-segunda.html#webpage","url":"https:\/\/franciscanos.org.br\/noticias\/santuario-do-valongo-celebra-375-anos-na-segunda.html","name":"Santu\u00e1rio do Valongo celebra 375 anos. Missa neste domingo. - Not\u00edcias - Franciscanos","isPartOf":{"@id":"https:\/\/franciscanos.org.br\/noticias\/#website"},"primaryImageOfPage":{"@id":"https:\/\/franciscanos.org.br\/noticias\/santuario-do-valongo-celebra-375-anos-na-segunda.html#primaryimage"},"datePublished":"2015-01-23T17:29:14+00:00","dateModified":"2019-04-25T16:52:00+00:00","author":{"@id":"https:\/\/franciscanos.org.br\/noticias\/#\/schema\/person\/b38fbf43118f02820bd932f2e4b14ad3"},"breadcrumb":{"@id":"https:\/\/franciscanos.org.br\/noticias\/santuario-do-valongo-celebra-375-anos-na-segunda.html#breadcrumb"},"inLanguage":"pt-BR","potentialAction":[{"@type":"ReadAction","target":["https:\/\/franciscanos.org.br\/noticias\/santuario-do-valongo-celebra-375-anos-na-segunda.html"]}]},{"@type":"BreadcrumbList","@id":"https:\/\/franciscanos.org.br\/noticias\/santuario-do-valongo-celebra-375-anos-na-segunda.html#breadcrumb","itemListElement":[{"@type":"ListItem","position":1,"name":"Home","item":"https:\/\/franciscanos.org.br\/noticias"},{"@type":"ListItem","position":2,"name":"Santu\u00e1rio do Valongo celebra 375 anos. Missa neste domingo."}]},{"@type":"Person","@id":"https:\/\/franciscanos.org.br\/noticias\/#\/schema\/person\/b38fbf43118f02820bd932f2e4b14ad3","name":"admin","image":{"@type":"ImageObject","inLanguage":"pt-BR","@id":"https:\/\/franciscanos.org.br\/noticias\/#\/schema\/person\/image\/","url":"https:\/\/secure.gravatar.com\/avatar\/e8495742d34d0ba6448ea1c628263b3e?s=96&d=mm&r=g","contentUrl":"https:\/\/secure.gravatar.com\/avatar\/e8495742d34d0ba6448ea1c628263b3e?s=96&d=mm&r=g","caption":"admin"},"url":"https:\/\/franciscanos.org.br\/noticias\/author\/admin"}]}},"_links":{"self":[{"href":"https:\/\/franciscanos.org.br\/noticias\/wp-json\/wp\/v2\/posts\/77914"}],"collection":[{"href":"https:\/\/franciscanos.org.br\/noticias\/wp-json\/wp\/v2\/posts"}],"about":[{"href":"https:\/\/franciscanos.org.br\/noticias\/wp-json\/wp\/v2\/types\/post"}],"author":[{"embeddable":true,"href":"https:\/\/franciscanos.org.br\/noticias\/wp-json\/wp\/v2\/users\/1"}],"replies":[{"embeddable":true,"href":"https:\/\/franciscanos.org.br\/noticias\/wp-json\/wp\/v2\/comments?post=77914"}],"version-history":[{"count":0,"href":"https:\/\/franciscanos.org.br\/noticias\/wp-json\/wp\/v2\/posts\/77914\/revisions"}],"wp:featuredmedia":[{"embeddable":true,"href":"https:\/\/franciscanos.org.br\/noticias\/wp-json\/wp\/v2\/media\/203402"}],"wp:attachment":[{"href":"https:\/\/franciscanos.org.br\/noticias\/wp-json\/wp\/v2\/media?parent=77914"}],"wp:term":[{"taxonomy":"category","embeddable":true,"href":"https:\/\/franciscanos.org.br\/noticias\/wp-json\/wp\/v2\/categories?post=77914"},{"taxonomy":"post_tag","embeddable":true,"href":"https:\/\/franciscanos.org.br\/noticias\/wp-json\/wp\/v2\/tags?post=77914"}],"curies":[{"name":"wp","href":"https:\/\/api.w.org\/{rel}","templated":true}]}}