{"id":77884,"date":"2015-01-23T13:20:11","date_gmt":"2015-01-23T15:20:11","guid":{"rendered":"http:\/\/franciscanos.org.br\/?p=77884"},"modified":"2019-02-27T11:52:37","modified_gmt":"2019-02-27T14:52:37","slug":"liturgia-dominical-converter-se-e-convencer-se","status":"publish","type":"post","link":"https:\/\/franciscanos.org.br\/noticias\/liturgia-dominical-converter-se-e-convencer-se.html","title":{"rendered":"Converter-se \u00e9 convencer-se"},"content":{"rendered":"<p><img loading=\"lazy\" class=\"alignnone size-full wp-image-196824\" src=\"https:\/\/franciscanos.org.br\/noticias\/wp-content\/uploads\/2015\/01\/domingo_25.jpg\" alt=\"\" width=\"820\" height=\"380\" srcset=\"https:\/\/franciscanos.org.br\/noticias\/wp-content\/uploads\/2015\/01\/domingo_25.jpg 820w, https:\/\/franciscanos.org.br\/noticias\/wp-content\/uploads\/2015\/01\/domingo_25-450x209.jpg 450w, https:\/\/franciscanos.org.br\/noticias\/wp-content\/uploads\/2015\/01\/domingo_25-768x356.jpg 768w, https:\/\/franciscanos.org.br\/noticias\/wp-content\/uploads\/2015\/01\/domingo_25-150x70.jpg 150w\" sizes=\"(max-width: 820px) 100vw, 820px\" \/><\/p>\n<p><strong>Frei Gustavo Medella<\/strong><\/p>\n<p>\u201cO Reino de Deus est\u00e1 pr\u00f3ximo!\u201d A proximidade do Reino divulgada por Jesus em sua miss\u00e3o parece indicar para al\u00e9m da no\u00e7\u00e3o de tempo ou espa\u00e7o. Em Cristo, o Reino se faz presen\u00e7a e proximidade. Est\u00e1 acess\u00edvel a todo aquele que se converte a este projeto de vida plena e realiza\u00e7\u00e3o. Desta proximidade constatada e oferecida por Jesus \u00e9 que brota o seu convite direto e pessoal: \u201cConvertei-vos!\u201d. Converter-se \u00e9 convencer-se de que, em Jesus Deus, confere sentido e dire\u00e7\u00e3o \u00e0 vida humana, apesar de todas as lutas e limita\u00e7\u00f5es.<\/p>\n<p>Converter-se \u00e9 tornar-se vitorioso de antem\u00e3o. Convencer-se (\u201cVencer com\u201d) \u00e9 tornar-se vencedor em companhia de Cristo e todos aqueles e aquelas que decidiram irmanar-se no convite comprometido e apaixonado que o Salvador dirige aos quatro ventos. Os jovens pescadores, Sim\u00e3o (Pedro), Andr\u00e9, Tiago e Jo\u00e3o aderiram ao chamado do Mestre. Sabiam que n\u00e3o estavam abra\u00e7ando uma vida de facilidades, afinal, ser vencedor demanda grande investimento de for\u00e7a, determina\u00e7\u00e3o, intelig\u00eancia e vontade. Agiram do modo que S\u00e3o Paulo aconselha na segunda leitura (1Cor 7,29-31) deste 3\u00ba domingo do Tempo Comum, e se colocaram totalmente \u00e0 disposi\u00e7\u00e3o do tempo de Deus, aquele que garante desde agora o acesso \u00e0s coisas eternas, aquelas que n\u00e3o passam.<\/p>\n<p>Converter-se corajosamente ao Reino \u00e9 tarefa inadi\u00e1vel da Igreja e de cada crist\u00e3o. Diferentemente do que pode se pensar, a convers\u00e3o n\u00e3o \u00e9 uma din\u00e2mica disparada pelo medo e pela submiss\u00e3o de quem faz tudo certinho nesta vida para n\u00e3o se castigado na eternidade. Esta n\u00e3o \u00e9 a proposta de Jesus. Para o Mestre, converter-se significa abra\u00e7ar desde j\u00e1 a acess\u00edvel proposta do Reino, que faz de todos vencedores, sem exclus\u00e3o ou acep\u00e7\u00e3o de pessoas. O pr\u00f3prio Papa Francisco confirma esta vis\u00e3o ao afirmar que a Igreja cresce n\u00e3o pelo proselitismo (a conquista de fi\u00e9is pela for\u00e7a e pelo medo), mas por ades\u00e3o quando, livremente, a pessoa abra\u00e7a e toma para si com entusiasmo e vigor a tarefa de construir em comunidade o Projeto de Deus para seus filhos e filhas. Assim, se pode seguramente fazer coro ao Ap\u00f3stolo S\u00e3o Paulo quando este diz: \u201cContudo, em todas as coisas somos mais que vencedores, por meio daquele que nos amou\u201d (Rm 8,37).<\/p>\n","protected":false},"excerpt":{"rendered":"<p>Liturgia dominical<\/p>\n","protected":false},"author":1,"featured_media":200721,"comment_status":"open","ping_status":"open","sticky":false,"template":"","format":"standard","meta":[],"categories":[1],"tags":[537],"acf":[],"yoast_head":"<!-- This site is optimized with the Yoast SEO plugin v19.2 - https:\/\/yoast.com\/wordpress\/plugins\/seo\/ -->\n<title>Converter-se \u00e9 convencer-se - Not\u00edcias - Franciscanos<\/title>\n<meta name=\"robots\" content=\"index, follow, max-snippet:-1, max-image-preview:large, max-video-preview:-1\" \/>\n<link rel=\"canonical\" href=\"https:\/\/franciscanos.org.br\/noticias\/liturgia-dominical-converter-se-e-convencer-se.html\" \/>\n<meta property=\"og:locale\" content=\"pt_BR\" \/>\n<meta property=\"og:type\" content=\"article\" \/>\n<meta property=\"og:title\" content=\"Converter-se \u00e9 convencer-se - Not\u00edcias - Franciscanos\" \/>\n<meta property=\"og:description\" content=\"Liturgia dominical\" \/>\n<meta property=\"og:url\" content=\"https:\/\/franciscanos.org.br\/noticias\/liturgia-dominical-converter-se-e-convencer-se.html\" \/>\n<meta property=\"og:site_name\" content=\"Not\u00edcias - Franciscanos\" \/>\n<meta property=\"article:published_time\" content=\"2015-01-23T15:20:11+00:00\" \/>\n<meta property=\"article:modified_time\" content=\"2019-02-27T14:52:37+00:00\" \/>\n<meta property=\"og:image\" content=\"https:\/\/franciscanos.org.br\/noticias\/wp-content\/uploads\/2015\/01\/domingo_25-1.jpg\" \/>\n\t<meta property=\"og:image:width\" content=\"273\" \/>\n\t<meta property=\"og:image:height\" content=\"181\" \/>\n\t<meta property=\"og:image:type\" content=\"image\/jpeg\" \/>\n<meta name=\"author\" content=\"admin\" \/>\n<meta name=\"twitter:card\" content=\"summary_large_image\" \/>\n<meta name=\"twitter:label1\" content=\"Escrito por\" \/>\n\t<meta name=\"twitter:data1\" content=\"admin\" \/>\n\t<meta name=\"twitter:label2\" content=\"Est. tempo de leitura\" \/>\n\t<meta name=\"twitter:data2\" content=\"2 minutos\" \/>\n<script type=\"application\/ld+json\" class=\"yoast-schema-graph\">{\"@context\":\"https:\/\/schema.org\",\"@graph\":[{\"@type\":\"WebSite\",\"@id\":\"https:\/\/franciscanos.org.br\/noticias\/#website\",\"url\":\"https:\/\/franciscanos.org.br\/noticias\/\",\"name\":\"Not\u00edcias - Franciscanos\",\"description\":\"Prov\u00edncia Franciscana da Imaculada Concei\u00e7\u00e3o do Brasil - Ordem dos Frades Menores - OFM\",\"potentialAction\":[{\"@type\":\"SearchAction\",\"target\":{\"@type\":\"EntryPoint\",\"urlTemplate\":\"https:\/\/franciscanos.org.br\/noticias\/?s={search_term_string}\"},\"query-input\":\"required name=search_term_string\"}],\"inLanguage\":\"pt-BR\"},{\"@type\":\"ImageObject\",\"inLanguage\":\"pt-BR\",\"@id\":\"https:\/\/franciscanos.org.br\/noticias\/liturgia-dominical-converter-se-e-convencer-se.html#primaryimage\",\"url\":\"https:\/\/franciscanos.org.br\/noticias\/wp-content\/uploads\/2015\/01\/domingo_25-1.jpg\",\"contentUrl\":\"https:\/\/franciscanos.org.br\/noticias\/wp-content\/uploads\/2015\/01\/domingo_25-1.jpg\",\"width\":273,\"height\":181},{\"@type\":\"WebPage\",\"@id\":\"https:\/\/franciscanos.org.br\/noticias\/liturgia-dominical-converter-se-e-convencer-se.html#webpage\",\"url\":\"https:\/\/franciscanos.org.br\/noticias\/liturgia-dominical-converter-se-e-convencer-se.html\",\"name\":\"Converter-se \u00e9 convencer-se - Not\u00edcias - Franciscanos\",\"isPartOf\":{\"@id\":\"https:\/\/franciscanos.org.br\/noticias\/#website\"},\"primaryImageOfPage\":{\"@id\":\"https:\/\/franciscanos.org.br\/noticias\/liturgia-dominical-converter-se-e-convencer-se.html#primaryimage\"},\"datePublished\":\"2015-01-23T15:20:11+00:00\",\"dateModified\":\"2019-02-27T14:52:37+00:00\",\"author\":{\"@id\":\"https:\/\/franciscanos.org.br\/noticias\/#\/schema\/person\/b38fbf43118f02820bd932f2e4b14ad3\"},\"breadcrumb\":{\"@id\":\"https:\/\/franciscanos.org.br\/noticias\/liturgia-dominical-converter-se-e-convencer-se.html#breadcrumb\"},\"inLanguage\":\"pt-BR\",\"potentialAction\":[{\"@type\":\"ReadAction\",\"target\":[\"https:\/\/franciscanos.org.br\/noticias\/liturgia-dominical-converter-se-e-convencer-se.html\"]}]},{\"@type\":\"BreadcrumbList\",\"@id\":\"https:\/\/franciscanos.org.br\/noticias\/liturgia-dominical-converter-se-e-convencer-se.html#breadcrumb\",\"itemListElement\":[{\"@type\":\"ListItem\",\"position\":1,\"name\":\"Home\",\"item\":\"https:\/\/franciscanos.org.br\/noticias\"},{\"@type\":\"ListItem\",\"position\":2,\"name\":\"Converter-se \u00e9 convencer-se\"}]},{\"@type\":\"Person\",\"@id\":\"https:\/\/franciscanos.org.br\/noticias\/#\/schema\/person\/b38fbf43118f02820bd932f2e4b14ad3\",\"name\":\"admin\",\"image\":{\"@type\":\"ImageObject\",\"inLanguage\":\"pt-BR\",\"@id\":\"https:\/\/franciscanos.org.br\/noticias\/#\/schema\/person\/image\/\",\"url\":\"https:\/\/secure.gravatar.com\/avatar\/e8495742d34d0ba6448ea1c628263b3e?s=96&d=mm&r=g\",\"contentUrl\":\"https:\/\/secure.gravatar.com\/avatar\/e8495742d34d0ba6448ea1c628263b3e?s=96&d=mm&r=g\",\"caption\":\"admin\"},\"url\":\"https:\/\/franciscanos.org.br\/noticias\/author\/admin\"}]}<\/script>\n<!-- \/ Yoast SEO plugin. -->","yoast_head_json":{"title":"Converter-se \u00e9 convencer-se - Not\u00edcias - Franciscanos","robots":{"index":"index","follow":"follow","max-snippet":"max-snippet:-1","max-image-preview":"max-image-preview:large","max-video-preview":"max-video-preview:-1"},"canonical":"https:\/\/franciscanos.org.br\/noticias\/liturgia-dominical-converter-se-e-convencer-se.html","og_locale":"pt_BR","og_type":"article","og_title":"Converter-se \u00e9 convencer-se - Not\u00edcias - Franciscanos","og_description":"Liturgia dominical","og_url":"https:\/\/franciscanos.org.br\/noticias\/liturgia-dominical-converter-se-e-convencer-se.html","og_site_name":"Not\u00edcias - Franciscanos","article_published_time":"2015-01-23T15:20:11+00:00","article_modified_time":"2019-02-27T14:52:37+00:00","og_image":[{"width":273,"height":181,"url":"https:\/\/franciscanos.org.br\/noticias\/wp-content\/uploads\/2015\/01\/domingo_25-1.jpg","type":"image\/jpeg"}],"author":"admin","twitter_card":"summary_large_image","twitter_misc":{"Escrito por":"admin","Est. tempo de leitura":"2 minutos"},"schema":{"@context":"https:\/\/schema.org","@graph":[{"@type":"WebSite","@id":"https:\/\/franciscanos.org.br\/noticias\/#website","url":"https:\/\/franciscanos.org.br\/noticias\/","name":"Not\u00edcias - Franciscanos","description":"Prov\u00edncia Franciscana da Imaculada Concei\u00e7\u00e3o do Brasil - Ordem dos Frades Menores - OFM","potentialAction":[{"@type":"SearchAction","target":{"@type":"EntryPoint","urlTemplate":"https:\/\/franciscanos.org.br\/noticias\/?s={search_term_string}"},"query-input":"required name=search_term_string"}],"inLanguage":"pt-BR"},{"@type":"ImageObject","inLanguage":"pt-BR","@id":"https:\/\/franciscanos.org.br\/noticias\/liturgia-dominical-converter-se-e-convencer-se.html#primaryimage","url":"https:\/\/franciscanos.org.br\/noticias\/wp-content\/uploads\/2015\/01\/domingo_25-1.jpg","contentUrl":"https:\/\/franciscanos.org.br\/noticias\/wp-content\/uploads\/2015\/01\/domingo_25-1.jpg","width":273,"height":181},{"@type":"WebPage","@id":"https:\/\/franciscanos.org.br\/noticias\/liturgia-dominical-converter-se-e-convencer-se.html#webpage","url":"https:\/\/franciscanos.org.br\/noticias\/liturgia-dominical-converter-se-e-convencer-se.html","name":"Converter-se \u00e9 convencer-se - Not\u00edcias - Franciscanos","isPartOf":{"@id":"https:\/\/franciscanos.org.br\/noticias\/#website"},"primaryImageOfPage":{"@id":"https:\/\/franciscanos.org.br\/noticias\/liturgia-dominical-converter-se-e-convencer-se.html#primaryimage"},"datePublished":"2015-01-23T15:20:11+00:00","dateModified":"2019-02-27T14:52:37+00:00","author":{"@id":"https:\/\/franciscanos.org.br\/noticias\/#\/schema\/person\/b38fbf43118f02820bd932f2e4b14ad3"},"breadcrumb":{"@id":"https:\/\/franciscanos.org.br\/noticias\/liturgia-dominical-converter-se-e-convencer-se.html#breadcrumb"},"inLanguage":"pt-BR","potentialAction":[{"@type":"ReadAction","target":["https:\/\/franciscanos.org.br\/noticias\/liturgia-dominical-converter-se-e-convencer-se.html"]}]},{"@type":"BreadcrumbList","@id":"https:\/\/franciscanos.org.br\/noticias\/liturgia-dominical-converter-se-e-convencer-se.html#breadcrumb","itemListElement":[{"@type":"ListItem","position":1,"name":"Home","item":"https:\/\/franciscanos.org.br\/noticias"},{"@type":"ListItem","position":2,"name":"Converter-se \u00e9 convencer-se"}]},{"@type":"Person","@id":"https:\/\/franciscanos.org.br\/noticias\/#\/schema\/person\/b38fbf43118f02820bd932f2e4b14ad3","name":"admin","image":{"@type":"ImageObject","inLanguage":"pt-BR","@id":"https:\/\/franciscanos.org.br\/noticias\/#\/schema\/person\/image\/","url":"https:\/\/secure.gravatar.com\/avatar\/e8495742d34d0ba6448ea1c628263b3e?s=96&d=mm&r=g","contentUrl":"https:\/\/secure.gravatar.com\/avatar\/e8495742d34d0ba6448ea1c628263b3e?s=96&d=mm&r=g","caption":"admin"},"url":"https:\/\/franciscanos.org.br\/noticias\/author\/admin"}]}},"_links":{"self":[{"href":"https:\/\/franciscanos.org.br\/noticias\/wp-json\/wp\/v2\/posts\/77884"}],"collection":[{"href":"https:\/\/franciscanos.org.br\/noticias\/wp-json\/wp\/v2\/posts"}],"about":[{"href":"https:\/\/franciscanos.org.br\/noticias\/wp-json\/wp\/v2\/types\/post"}],"author":[{"embeddable":true,"href":"https:\/\/franciscanos.org.br\/noticias\/wp-json\/wp\/v2\/users\/1"}],"replies":[{"embeddable":true,"href":"https:\/\/franciscanos.org.br\/noticias\/wp-json\/wp\/v2\/comments?post=77884"}],"version-history":[{"count":0,"href":"https:\/\/franciscanos.org.br\/noticias\/wp-json\/wp\/v2\/posts\/77884\/revisions"}],"wp:featuredmedia":[{"embeddable":true,"href":"https:\/\/franciscanos.org.br\/noticias\/wp-json\/wp\/v2\/media\/200721"}],"wp:attachment":[{"href":"https:\/\/franciscanos.org.br\/noticias\/wp-json\/wp\/v2\/media?parent=77884"}],"wp:term":[{"taxonomy":"category","embeddable":true,"href":"https:\/\/franciscanos.org.br\/noticias\/wp-json\/wp\/v2\/categories?post=77884"},{"taxonomy":"post_tag","embeddable":true,"href":"https:\/\/franciscanos.org.br\/noticias\/wp-json\/wp\/v2\/tags?post=77884"}],"curies":[{"name":"wp","href":"https:\/\/api.w.org\/{rel}","templated":true}]}}