{"id":77852,"date":"2015-01-05T10:16:56","date_gmt":"2015-01-05T12:16:56","guid":{"rendered":"http:\/\/franciscanos.org.br\/?p=77852"},"modified":"2019-02-01T14:49:13","modified_gmt":"2019-02-01T16:49:13","slug":"doze-anos-em-angola","status":"publish","type":"post","link":"https:\/\/franciscanos.org.br\/noticias\/doze-anos-em-angola.html","title":{"rendered":"Frei Pedro Caron: doze anos em Angola"},"content":{"rendered":"<p><strong>Frei Je\u00e2 Paulo Andrade<\/strong><\/p>\n<p>Natural de \u00c1gua Doce, em Santa Catarina, Frei Pedro Caron nasceu no dia 6 de agosto de 1942 e vestiu o h\u00e1bito franciscano no dia 19 de dezembro de 1964. No dia 13 de dezembro de 1970 era ordenado presb\u00edtero. No dia 24 de setembro de 1990, iniciava a sua primeira experi\u00eancia mission\u00e1ria ao viajar para Luanda, em Angola, onde chegou no dia 25. Nesta entrevista, Frei Pedro fala deste tempo em terras angolanas.<\/p>\n<p><strong><img loading=\"lazy\" class=\"alignleft wp-image-78235\" src=\"http:\/\/franciscanos.org.br\/wp-content\/uploads\/2015\/07\/angola-02.jpg\" alt=\"angola-02\" width=\"299\" height=\"331\" \/>Site Franciscanos<\/strong>\u00a0<em>&#8211; Como foi a chegada e o in\u00edcio do trabalho mission\u00e1rio?<\/em><\/p>\n<p><strong>Frei Pedro Caron<\/strong> &#8211; Minha chegada em Angola foi em tempo de guerra civil. Se n\u00e3o me engano aos 24 de setembro de 1990, pela manh\u00e3. Do aeroporto fomos \u00e0 sede da CEAST (Confer\u00eancia Episcopal de Angola e S\u00e3o Tom\u00e9 e Pr\u00edncipe). Mal chegamos e a pol\u00edcia apareceu exigindo a m\u00e1quina fotogr\u00e1fica, uma vez que havia sido fotografado no aeroporto. Logo vimos que era tempo de guerra mesmo. O bispo Dom Eug\u00eanio Salessu, que nos acolhera, intercedeu por n\u00f3s. Ficamos com a m\u00e1quina, mas perdemos o filme. No mesmo dia conseguimos partir para Malange, nosso destino mission\u00e1rio, mais ou menos uns 400 km da capital Luanda. Chegamos em Malange de avi\u00e3o e algumas senhoras nos acolheram (parece que n\u00e3o esperavam a chegada t\u00e3o cedo). O p\u00e1roco angolano da Katepa n\u00e3o estava ali na ocasi\u00e3o. Fomos bem recebidos, aos poucos ia surgindo cada vez mais gente, tamb\u00e9m vieram as irm\u00e3s franciscanas que l\u00e1 tinham morada. No in\u00edcio das atividades algumas quest\u00f5es se apresentaram:<\/p>\n<ol>\n<li>A orienta\u00e7\u00e3o que t\u00ednhamos era de ser \u201cpresen\u00e7a\u201d franciscana sem assumir par\u00f3quia. Por\u00e9m, na primeira assembleia diocesana que participamos Dom Eug\u00eanio falou: \u201cN\u00e3o sabemos ainda a que vieram frades\u201d.<\/li>\n<li>Foi nos dada uma \u00e1rea do tamanho de uma diocese. Nos deram uma miss\u00e3o (interior) muito extensa com muitas aldeias. As estradas eram prec\u00e1rias e minadas. Muitas dificuldades devido ao clima de guerra. O trabalho mission\u00e1rio era de acolher bem o povo (alegre e festivo) no meio da pen\u00faria. Levar paz era a meta.<\/li>\n<li>\u00c9ramos tr\u00eas frades: Frei Pl\u00ednio (irm\u00e3o), Frei Jos\u00e9 Zanchet e eu. Um grande desafio foi eu ser \u201cquase imposto\u201d como p\u00e1roco e guardi\u00e3o. Depois vieram dois frades ga\u00fachos para se juntar a n\u00f3s, nos primeiros meses da nossa estadia. Eu sentia muito a press\u00e3o para a a\u00e7\u00e3o pastoral. Chegou a um ponto que eu n\u00e3o suportei e renunciei! Assumiu o meu lugar Frei Evaldo Melz, da Prov\u00edncia ga\u00facha. N\u00e3o houve vota\u00e7\u00e3o. Estive na miss\u00e3o por doze anos e meio, em tr\u00eas per\u00edodos.<\/li>\n<\/ol>\n<p><strong>Site Franciscanos<\/strong><em>\u00a0&#8211; Como surgiu a possibilidade de fazer parte desse primeiro grupo?<\/em><\/p>\n<p><strong>Frei Pedro<\/strong> &#8211; Talvez porque eu rezava muito pela evangeliza\u00e7\u00e3o dos povos, pela uni\u00e3o dos crist\u00e3os. Foi numa conversa com Frei Est\u00eav\u00e3o Ottembreit, ent\u00e3o ministro provincial, sobre miss\u00e3o ad gentes. O Frei me desafiou: voc\u00ea n\u00e3o quer ir para a miss\u00e3o? (Guin\u00e9 Bissau era a primeira proposta). Eu falava da China. Admirava o pa\u00eds, mas o problema era a l\u00edngua. Diante do desafio fui r\u00e1pido no pensamento e disse: \u201cTopo\u201d! Mais tarde, Frei Est\u00eav\u00e3o me falou que eu havia sido o primeiro a se apresentar e que a miss\u00e3o seria em Angola.<\/p>\n<p><strong><img loading=\"lazy\" class=\"alignleft wp-image-77855\" src=\"http:\/\/franciscanos.org.br\/wp-content\/uploads\/2015\/01\/012.jpg\" alt=\"01\" width=\"296\" height=\"348\" \/>Site Franciscanos<\/strong><em>\u00a0&#8211; Quais os desafios que enfrentou na Miss\u00e3o?<\/em><\/p>\n<p><strong>Frei Pedro<\/strong> &#8211; O povo \u00e9 acolhedor. Recebiam-nos sempre bem nas visitas \u00e0s aldeias (nos viam quase como \u201canjos\u201d).\u00a0 Mas t\u00ednhamos o desafio de n\u00e3o desanimar no meio de toda a situa\u00e7\u00e3o que o povo vivia. Era preciso esp\u00edrito de sacrif\u00edcio, para suportar as necessidades, fome, pobreza e inseguran\u00e7a. Precis\u00e1vamos estar com o povo, dando-lhe seguran\u00e7a com a nossa presen\u00e7a, alimentando nele a f\u00e9, a busca da paz, da reconcilia\u00e7\u00e3o. Era preciso acreditar no fermento do Reino de Deus dentro de sua cultura. Exigia dos frades mission\u00e1rios uma paci\u00eancia \u201chist\u00f3rica\u201d.<\/p>\n<p><strong>Site Franciscanos<\/strong><em>\u00a0&#8211; Quais os aprendizados e experi\u00eancias vividas na miss\u00e3o que mais o marcaram?<\/em><\/p>\n<p><strong>Frei Pedro<\/strong> &#8211; Aprendi a virtude da paci\u00eancia, da alegria, a valorizar o canto, a dan\u00e7a, a fam\u00edlia \u201calargada\u201d, os s\u00edmbolos religiosos. Foi muito positiva a comunh\u00e3o com os mais sofridos (visitar os doentes, idosos, os lascados da vida). Merecer a confian\u00e7a das pessoas. No \u00faltimo per\u00edodo que estive em Angola (Palanka), pude ouvir muita gente, pois vinham buscar orienta\u00e7\u00e3o sobre tudo: problemas pessoais, familiares, tribais, opini\u00e3o sobre neg\u00f3cios. Procurava dar a melhor mensagem \u00e0 luz do Evangelho. Duas experi\u00eancias marcaram. Numa ocasi\u00e3o em Kibala Frei Jos\u00e9 Zanchet, eu e mais alguns homens fomos enterrar cad\u00e1veres que jaziam ao sol numa esp\u00e9cie de rotat\u00f3ria de carros, junta \u00e0 vila. Estavam a\u00ed insepultos h\u00e1 duas semanas devido um confronto de guerra civil. Eram quatro defuntos. Foi uma experi\u00eancia de f\u00e9. Eu propus que fiz\u00e9ssemos essa obra de miseric\u00f3rdia, era um domingo. Quando estava em Malange, durante a guerra, tivemos a oportunidade de voltar para casa com passagem paga pelo governo brasileiro. N\u00f3s, frades, nos reunimos e decidimos continuar junto do povo.<\/p>\n<p><strong>Site Franciscanos<\/strong><em>\u00a0&#8211; Que mensagem voc\u00ea deixaria para quem quer ser mission\u00e1rio em Angola?<\/em><\/p>\n<p><strong>Frei Pedro<\/strong> &#8211; Que acredite de verdade no Cristo. Que viva a espiritualidade de S\u00e3o Francisco que \u00e9 igualmente evang\u00e9lica. Que seja simples. Que saiba acolher as pessoas, ouvindo-as quando o procuram. Seja frade menor!<\/p>\n","protected":false},"excerpt":{"rendered":"<p>Entrevista com Frei Pedro Caron<\/p>\n","protected":false},"author":1,"featured_media":199256,"comment_status":"open","ping_status":"open","sticky":false,"template":"","format":"standard","meta":[],"categories":[758],"tags":[361],"acf":[],"yoast_head":"<!-- This site is optimized with the Yoast SEO plugin v19.2 - https:\/\/yoast.com\/wordpress\/plugins\/seo\/ -->\n<title>Frei Pedro Caron: doze anos em Angola - Not\u00edcias - Franciscanos<\/title>\n<meta name=\"robots\" content=\"index, follow, max-snippet:-1, max-image-preview:large, max-video-preview:-1\" \/>\n<link rel=\"canonical\" href=\"https:\/\/franciscanos.org.br\/noticias\/doze-anos-em-angola.html\" \/>\n<meta property=\"og:locale\" content=\"pt_BR\" \/>\n<meta property=\"og:type\" content=\"article\" \/>\n<meta property=\"og:title\" content=\"Frei Pedro Caron: doze anos em Angola - Not\u00edcias - Franciscanos\" \/>\n<meta property=\"og:description\" content=\"Entrevista com Frei Pedro Caron\" \/>\n<meta property=\"og:url\" content=\"https:\/\/franciscanos.org.br\/noticias\/doze-anos-em-angola.html\" \/>\n<meta property=\"og:site_name\" content=\"Not\u00edcias - Franciscanos\" \/>\n<meta property=\"article:published_time\" content=\"2015-01-05T12:16:56+00:00\" \/>\n<meta property=\"article:modified_time\" content=\"2019-02-01T16:49:13+00:00\" \/>\n<meta property=\"og:image\" content=\"https:\/\/franciscanos.org.br\/noticias\/wp-content\/uploads\/2015\/01\/caron_1.jpg\" \/>\n\t<meta property=\"og:image:width\" content=\"273\" \/>\n\t<meta property=\"og:image:height\" content=\"181\" \/>\n\t<meta property=\"og:image:type\" content=\"image\/jpeg\" \/>\n<meta name=\"author\" content=\"admin\" \/>\n<meta name=\"twitter:card\" content=\"summary_large_image\" \/>\n<meta name=\"twitter:label1\" content=\"Escrito por\" \/>\n\t<meta name=\"twitter:data1\" content=\"admin\" \/>\n\t<meta name=\"twitter:label2\" content=\"Est. tempo de leitura\" \/>\n\t<meta name=\"twitter:data2\" content=\"5 minutos\" \/>\n<script type=\"application\/ld+json\" class=\"yoast-schema-graph\">{\"@context\":\"https:\/\/schema.org\",\"@graph\":[{\"@type\":\"WebSite\",\"@id\":\"https:\/\/franciscanos.org.br\/noticias\/#website\",\"url\":\"https:\/\/franciscanos.org.br\/noticias\/\",\"name\":\"Not\u00edcias - Franciscanos\",\"description\":\"Prov\u00edncia Franciscana da Imaculada Concei\u00e7\u00e3o do Brasil - Ordem dos Frades Menores - OFM\",\"potentialAction\":[{\"@type\":\"SearchAction\",\"target\":{\"@type\":\"EntryPoint\",\"urlTemplate\":\"https:\/\/franciscanos.org.br\/noticias\/?s={search_term_string}\"},\"query-input\":\"required name=search_term_string\"}],\"inLanguage\":\"pt-BR\"},{\"@type\":\"ImageObject\",\"inLanguage\":\"pt-BR\",\"@id\":\"https:\/\/franciscanos.org.br\/noticias\/doze-anos-em-angola.html#primaryimage\",\"url\":\"https:\/\/franciscanos.org.br\/noticias\/wp-content\/uploads\/2015\/01\/caron_1.jpg\",\"contentUrl\":\"https:\/\/franciscanos.org.br\/noticias\/wp-content\/uploads\/2015\/01\/caron_1.jpg\",\"width\":273,\"height\":181},{\"@type\":\"WebPage\",\"@id\":\"https:\/\/franciscanos.org.br\/noticias\/doze-anos-em-angola.html#webpage\",\"url\":\"https:\/\/franciscanos.org.br\/noticias\/doze-anos-em-angola.html\",\"name\":\"Frei Pedro Caron: doze anos em Angola - Not\u00edcias - Franciscanos\",\"isPartOf\":{\"@id\":\"https:\/\/franciscanos.org.br\/noticias\/#website\"},\"primaryImageOfPage\":{\"@id\":\"https:\/\/franciscanos.org.br\/noticias\/doze-anos-em-angola.html#primaryimage\"},\"datePublished\":\"2015-01-05T12:16:56+00:00\",\"dateModified\":\"2019-02-01T16:49:13+00:00\",\"author\":{\"@id\":\"https:\/\/franciscanos.org.br\/noticias\/#\/schema\/person\/b38fbf43118f02820bd932f2e4b14ad3\"},\"breadcrumb\":{\"@id\":\"https:\/\/franciscanos.org.br\/noticias\/doze-anos-em-angola.html#breadcrumb\"},\"inLanguage\":\"pt-BR\",\"potentialAction\":[{\"@type\":\"ReadAction\",\"target\":[\"https:\/\/franciscanos.org.br\/noticias\/doze-anos-em-angola.html\"]}]},{\"@type\":\"BreadcrumbList\",\"@id\":\"https:\/\/franciscanos.org.br\/noticias\/doze-anos-em-angola.html#breadcrumb\",\"itemListElement\":[{\"@type\":\"ListItem\",\"position\":1,\"name\":\"Home\",\"item\":\"https:\/\/franciscanos.org.br\/noticias\"},{\"@type\":\"ListItem\",\"position\":2,\"name\":\"Frei Pedro Caron: doze anos em Angola\"}]},{\"@type\":\"Person\",\"@id\":\"https:\/\/franciscanos.org.br\/noticias\/#\/schema\/person\/b38fbf43118f02820bd932f2e4b14ad3\",\"name\":\"admin\",\"image\":{\"@type\":\"ImageObject\",\"inLanguage\":\"pt-BR\",\"@id\":\"https:\/\/franciscanos.org.br\/noticias\/#\/schema\/person\/image\/\",\"url\":\"https:\/\/secure.gravatar.com\/avatar\/e8495742d34d0ba6448ea1c628263b3e?s=96&d=mm&r=g\",\"contentUrl\":\"https:\/\/secure.gravatar.com\/avatar\/e8495742d34d0ba6448ea1c628263b3e?s=96&d=mm&r=g\",\"caption\":\"admin\"},\"url\":\"https:\/\/franciscanos.org.br\/noticias\/author\/admin\"}]}<\/script>\n<!-- \/ Yoast SEO plugin. -->","yoast_head_json":{"title":"Frei Pedro Caron: doze anos em Angola - Not\u00edcias - Franciscanos","robots":{"index":"index","follow":"follow","max-snippet":"max-snippet:-1","max-image-preview":"max-image-preview:large","max-video-preview":"max-video-preview:-1"},"canonical":"https:\/\/franciscanos.org.br\/noticias\/doze-anos-em-angola.html","og_locale":"pt_BR","og_type":"article","og_title":"Frei Pedro Caron: doze anos em Angola - Not\u00edcias - Franciscanos","og_description":"Entrevista com Frei Pedro Caron","og_url":"https:\/\/franciscanos.org.br\/noticias\/doze-anos-em-angola.html","og_site_name":"Not\u00edcias - Franciscanos","article_published_time":"2015-01-05T12:16:56+00:00","article_modified_time":"2019-02-01T16:49:13+00:00","og_image":[{"width":273,"height":181,"url":"https:\/\/franciscanos.org.br\/noticias\/wp-content\/uploads\/2015\/01\/caron_1.jpg","type":"image\/jpeg"}],"author":"admin","twitter_card":"summary_large_image","twitter_misc":{"Escrito por":"admin","Est. tempo de leitura":"5 minutos"},"schema":{"@context":"https:\/\/schema.org","@graph":[{"@type":"WebSite","@id":"https:\/\/franciscanos.org.br\/noticias\/#website","url":"https:\/\/franciscanos.org.br\/noticias\/","name":"Not\u00edcias - Franciscanos","description":"Prov\u00edncia Franciscana da Imaculada Concei\u00e7\u00e3o do Brasil - Ordem dos Frades Menores - OFM","potentialAction":[{"@type":"SearchAction","target":{"@type":"EntryPoint","urlTemplate":"https:\/\/franciscanos.org.br\/noticias\/?s={search_term_string}"},"query-input":"required name=search_term_string"}],"inLanguage":"pt-BR"},{"@type":"ImageObject","inLanguage":"pt-BR","@id":"https:\/\/franciscanos.org.br\/noticias\/doze-anos-em-angola.html#primaryimage","url":"https:\/\/franciscanos.org.br\/noticias\/wp-content\/uploads\/2015\/01\/caron_1.jpg","contentUrl":"https:\/\/franciscanos.org.br\/noticias\/wp-content\/uploads\/2015\/01\/caron_1.jpg","width":273,"height":181},{"@type":"WebPage","@id":"https:\/\/franciscanos.org.br\/noticias\/doze-anos-em-angola.html#webpage","url":"https:\/\/franciscanos.org.br\/noticias\/doze-anos-em-angola.html","name":"Frei Pedro Caron: doze anos em Angola - Not\u00edcias - Franciscanos","isPartOf":{"@id":"https:\/\/franciscanos.org.br\/noticias\/#website"},"primaryImageOfPage":{"@id":"https:\/\/franciscanos.org.br\/noticias\/doze-anos-em-angola.html#primaryimage"},"datePublished":"2015-01-05T12:16:56+00:00","dateModified":"2019-02-01T16:49:13+00:00","author":{"@id":"https:\/\/franciscanos.org.br\/noticias\/#\/schema\/person\/b38fbf43118f02820bd932f2e4b14ad3"},"breadcrumb":{"@id":"https:\/\/franciscanos.org.br\/noticias\/doze-anos-em-angola.html#breadcrumb"},"inLanguage":"pt-BR","potentialAction":[{"@type":"ReadAction","target":["https:\/\/franciscanos.org.br\/noticias\/doze-anos-em-angola.html"]}]},{"@type":"BreadcrumbList","@id":"https:\/\/franciscanos.org.br\/noticias\/doze-anos-em-angola.html#breadcrumb","itemListElement":[{"@type":"ListItem","position":1,"name":"Home","item":"https:\/\/franciscanos.org.br\/noticias"},{"@type":"ListItem","position":2,"name":"Frei Pedro Caron: doze anos em Angola"}]},{"@type":"Person","@id":"https:\/\/franciscanos.org.br\/noticias\/#\/schema\/person\/b38fbf43118f02820bd932f2e4b14ad3","name":"admin","image":{"@type":"ImageObject","inLanguage":"pt-BR","@id":"https:\/\/franciscanos.org.br\/noticias\/#\/schema\/person\/image\/","url":"https:\/\/secure.gravatar.com\/avatar\/e8495742d34d0ba6448ea1c628263b3e?s=96&d=mm&r=g","contentUrl":"https:\/\/secure.gravatar.com\/avatar\/e8495742d34d0ba6448ea1c628263b3e?s=96&d=mm&r=g","caption":"admin"},"url":"https:\/\/franciscanos.org.br\/noticias\/author\/admin"}]}},"_links":{"self":[{"href":"https:\/\/franciscanos.org.br\/noticias\/wp-json\/wp\/v2\/posts\/77852"}],"collection":[{"href":"https:\/\/franciscanos.org.br\/noticias\/wp-json\/wp\/v2\/posts"}],"about":[{"href":"https:\/\/franciscanos.org.br\/noticias\/wp-json\/wp\/v2\/types\/post"}],"author":[{"embeddable":true,"href":"https:\/\/franciscanos.org.br\/noticias\/wp-json\/wp\/v2\/users\/1"}],"replies":[{"embeddable":true,"href":"https:\/\/franciscanos.org.br\/noticias\/wp-json\/wp\/v2\/comments?post=77852"}],"version-history":[{"count":0,"href":"https:\/\/franciscanos.org.br\/noticias\/wp-json\/wp\/v2\/posts\/77852\/revisions"}],"wp:featuredmedia":[{"embeddable":true,"href":"https:\/\/franciscanos.org.br\/noticias\/wp-json\/wp\/v2\/media\/199256"}],"wp:attachment":[{"href":"https:\/\/franciscanos.org.br\/noticias\/wp-json\/wp\/v2\/media?parent=77852"}],"wp:term":[{"taxonomy":"category","embeddable":true,"href":"https:\/\/franciscanos.org.br\/noticias\/wp-json\/wp\/v2\/categories?post=77852"},{"taxonomy":"post_tag","embeddable":true,"href":"https:\/\/franciscanos.org.br\/noticias\/wp-json\/wp\/v2\/tags?post=77852"}],"curies":[{"name":"wp","href":"https:\/\/api.w.org\/{rel}","templated":true}]}}