{"id":77842,"date":"2015-01-05T10:00:51","date_gmt":"2015-01-05T12:00:51","guid":{"rendered":"http:\/\/franciscanos.org.br\/?p=77842"},"modified":"2019-05-20T07:49:33","modified_gmt":"2019-05-20T10:49:33","slug":"assembleia-abre-jubileu","status":"publish","type":"post","link":"https:\/\/franciscanos.org.br\/noticias\/assembleia-abre-jubileu.html","title":{"rendered":"Assembleia abre Jubileu de Angola"},"content":{"rendered":"<p><strong>Frei Alo\u00edsio Paulo dos Santos<\/strong><\/p>\n<p>Os frades da Funda\u00e7\u00e3o Imaculada M\u00e3e de Deus de Angola se reuniram com o Definidor Frei Evaristo Spengler, de 9 a 11 de novembro,\u00a0 para celebrarem a sua assembleia anual,\u00a0 um tempo forte da Funda\u00e7\u00e3o, onde pudemos rever a nossa vida e nossa caminhada como fraternidade mission\u00e1ria. Foram diversos momentos de ora\u00e7\u00e3o, reflex\u00e3o e conv\u00edvio fraterno. Alguns frades n\u00e3o puderam estar presentes, especialmente os envolvidos em atividades acad\u00eamicas.<\/p>\n<p><img loading=\"lazy\" class=\"alignleft wp-image-78220\" src=\"http:\/\/franciscanos.org.br\/wp-content\/uploads\/2015\/07\/01_3.jpg\" alt=\"01_3\" width=\"334\" height=\"239\" \/>Com alegria, a Fraternidade de Kibala recepcionou a todos que vieram de Viana, do Brasil, de Palanca e de Malange no dia 9, marcado\u00a0 para chegada. Com um jantar-recreio, deu-se in\u00edcio \u00e0 nossa assembleia.<\/p>\n<p>Na manh\u00e3 do dia 10 montamos a pauta de assuntos a serem tratados: vida fraterna, forma\u00e7\u00e3o, evangeliza\u00e7\u00e3o, administra\u00e7\u00e3o foram os temas centrais de nossas reflex\u00f5es.\u00a0 Com as contribui\u00e7\u00f5es de Frei Evaristo, com a carta enviada pelo nosso Provincial Frei Fid\u00eancio Vanboemmel e com a contribui\u00e7\u00e3o de cada frade revimos a nossa caminhada e apontamos caminhos para o futuro da Funda\u00e7\u00e3o.<\/p>\n<p>Uma das dificuldades mais tangentes evidenciada \u00e9 a falta de frades a servi\u00e7o da miss\u00e3o. A FIMDA, com a gra\u00e7a de Deus, j\u00e1 n\u00e3o \u00e9 mais uma pequena entidade. Ela tomou propor\u00e7\u00f5es bem maiores preocupa\u00e7\u00f5es e os n\u00fameros falam por si. Temos mais de 80 vocacionados que far\u00e3o os est\u00e1gios vocacionais para entrar no semin\u00e1rio no ano que vem. Atualmente, no Semin\u00e1rio Monte Alverne contamos com 53 seminaristas, no postulantado temos 7 jovens se preparando para o Noviciado e 7 fazendo o Noviciado no Brasil. Em Viana, que \u00e9 etapa do p\u00f3s-noviciado, temos 11 frades estudantes. Em Petr\u00f3polis, no per\u00edodo da Teologia, s\u00e3o 3 estudantes.\u00a0 Vale a pena ressaltar que a perseveran\u00e7a em todas etapas \u00e9 bem alta. Al\u00e9m disso, com o aumento populacional no territ\u00f3rio de nossas par\u00f3quias est\u00e3o aumentando as exig\u00eancias pastorais e o Kimbo S\u00e3o Francisco, localizado no bairro do Palanca, se tornou efetivamente um local de peregrina\u00e7\u00e3o e de espiritualidade franciscana do povo da grande Luanda.\u00a0 E para todas essas atividades faltam frades.<\/p>\n<p><img loading=\"lazy\" class=\"alignleft wp-image-78194\" src=\"http:\/\/franciscanos.org.br\/wp-content\/uploads\/2015\/07\/02.jpg\" alt=\"02\" width=\"333\" height=\"273\" \/>Olhando para frente, vemos grandes esperan\u00e7as de um futuro promissor, visto que daqui a 4 ou 5 anos muitos frades angolanos que est\u00e3o no per\u00edodo de forma\u00e7\u00e3o estar\u00e3o concluindo seus estudos e preenchendo os quadros da Funda\u00e7\u00e3o. Mas at\u00e9 l\u00e1 estaremos passando por um per\u00edodo de \u201cestiagem\u201d.<\/p>\n<p>No dia 11, Angola celebrava a sua Independ\u00eancia. N\u00e3o esquecemos em nossas ora\u00e7\u00f5es todo o povo angolano que hoje goza da paz e do desenvolvimento.<\/p>\n<p>O ponto alto dessa Assembleia foi a abertura do Ano Jubilar. Com a Celebra\u00e7\u00e3o Eucar\u00edstica presidida por Frei Evaristo, demos in\u00edcio \u00e0s comemora\u00e7\u00f5es dos 25 anos da Funda\u00e7\u00e3o. Foi um momento de partilha de vida onde, na homilia, cada frade ou postulante falou de sua experi\u00eancia de vida nessas terras.<\/p>\n<p>A assembleia teve um clima muito bom de partilha e conv\u00edvio, visto que o intuito n\u00e3o era de aprovar nada e nem eleger ningu\u00e9m, mas rever a nossa caminhada e acender luzes para certos problemas.<\/p>\n<p>Agradecemos a presen\u00e7a de Frei Evaristo que veio como representante do Governo Provincial. Soubemos da vontade de Frei Fid\u00eancio de estar conosco, mais por motivos de sa\u00fade n\u00e3o p\u00f4de viajar.<\/p>\n<p>Por fim, agradecemos a todos os frades da Prov\u00edncia que diariamente rezam por n\u00f3s. E fazemos um apelo a todos que se sentirem chamados a abra\u00e7ar a vida mission\u00e1ria em terras angolanas que se coloquem \u00e0 disposi\u00e7\u00e3o.<\/p>\n","protected":false},"excerpt":{"rendered":"<p>25 anos de presen\u00e7a franciscana em Angola<\/p>\n","protected":false},"author":1,"featured_media":204888,"comment_status":"open","ping_status":"open","sticky":false,"template":"","format":"standard","meta":[],"categories":[1],"tags":[360],"acf":[],"yoast_head":"<!-- This site is optimized with the Yoast SEO plugin v19.2 - https:\/\/yoast.com\/wordpress\/plugins\/seo\/ -->\n<title>Assembleia abre Jubileu de Angola - Not\u00edcias - Franciscanos<\/title>\n<meta name=\"robots\" content=\"index, follow, max-snippet:-1, max-image-preview:large, max-video-preview:-1\" \/>\n<link rel=\"canonical\" href=\"https:\/\/franciscanos.org.br\/noticias\/assembleia-abre-jubileu.html\" \/>\n<meta property=\"og:locale\" content=\"pt_BR\" \/>\n<meta property=\"og:type\" content=\"article\" \/>\n<meta property=\"og:title\" content=\"Assembleia abre Jubileu de Angola - Not\u00edcias - Franciscanos\" \/>\n<meta property=\"og:description\" content=\"25 anos de presen\u00e7a franciscana em Angola\" \/>\n<meta property=\"og:url\" content=\"https:\/\/franciscanos.org.br\/noticias\/assembleia-abre-jubileu.html\" \/>\n<meta property=\"og:site_name\" content=\"Not\u00edcias - Franciscanos\" \/>\n<meta property=\"article:published_time\" content=\"2015-01-05T12:00:51+00:00\" \/>\n<meta property=\"article:modified_time\" content=\"2019-05-20T10:49:33+00:00\" \/>\n<meta property=\"og:image\" content=\"https:\/\/franciscanos.org.br\/noticias\/wp-content\/uploads\/2015\/01\/fimda.jpg\" \/>\n\t<meta property=\"og:image:width\" content=\"273\" \/>\n\t<meta property=\"og:image:height\" content=\"181\" \/>\n\t<meta property=\"og:image:type\" content=\"image\/jpeg\" \/>\n<meta name=\"author\" content=\"admin\" \/>\n<meta name=\"twitter:card\" content=\"summary_large_image\" \/>\n<meta name=\"twitter:label1\" content=\"Escrito por\" \/>\n\t<meta name=\"twitter:data1\" content=\"admin\" \/>\n\t<meta name=\"twitter:label2\" content=\"Est. tempo de leitura\" \/>\n\t<meta name=\"twitter:data2\" content=\"3 minutos\" \/>\n<script type=\"application\/ld+json\" class=\"yoast-schema-graph\">{\"@context\":\"https:\/\/schema.org\",\"@graph\":[{\"@type\":\"WebSite\",\"@id\":\"https:\/\/franciscanos.org.br\/noticias\/#website\",\"url\":\"https:\/\/franciscanos.org.br\/noticias\/\",\"name\":\"Not\u00edcias - Franciscanos\",\"description\":\"Prov\u00edncia Franciscana da Imaculada Concei\u00e7\u00e3o do Brasil - Ordem dos Frades Menores - OFM\",\"potentialAction\":[{\"@type\":\"SearchAction\",\"target\":{\"@type\":\"EntryPoint\",\"urlTemplate\":\"https:\/\/franciscanos.org.br\/noticias\/?s={search_term_string}\"},\"query-input\":\"required name=search_term_string\"}],\"inLanguage\":\"pt-BR\"},{\"@type\":\"ImageObject\",\"inLanguage\":\"pt-BR\",\"@id\":\"https:\/\/franciscanos.org.br\/noticias\/assembleia-abre-jubileu.html#primaryimage\",\"url\":\"https:\/\/franciscanos.org.br\/noticias\/wp-content\/uploads\/2015\/01\/fimda.jpg\",\"contentUrl\":\"https:\/\/franciscanos.org.br\/noticias\/wp-content\/uploads\/2015\/01\/fimda.jpg\",\"width\":273,\"height\":181},{\"@type\":\"WebPage\",\"@id\":\"https:\/\/franciscanos.org.br\/noticias\/assembleia-abre-jubileu.html#webpage\",\"url\":\"https:\/\/franciscanos.org.br\/noticias\/assembleia-abre-jubileu.html\",\"name\":\"Assembleia abre Jubileu de Angola - Not\u00edcias - Franciscanos\",\"isPartOf\":{\"@id\":\"https:\/\/franciscanos.org.br\/noticias\/#website\"},\"primaryImageOfPage\":{\"@id\":\"https:\/\/franciscanos.org.br\/noticias\/assembleia-abre-jubileu.html#primaryimage\"},\"datePublished\":\"2015-01-05T12:00:51+00:00\",\"dateModified\":\"2019-05-20T10:49:33+00:00\",\"author\":{\"@id\":\"https:\/\/franciscanos.org.br\/noticias\/#\/schema\/person\/b38fbf43118f02820bd932f2e4b14ad3\"},\"breadcrumb\":{\"@id\":\"https:\/\/franciscanos.org.br\/noticias\/assembleia-abre-jubileu.html#breadcrumb\"},\"inLanguage\":\"pt-BR\",\"potentialAction\":[{\"@type\":\"ReadAction\",\"target\":[\"https:\/\/franciscanos.org.br\/noticias\/assembleia-abre-jubileu.html\"]}]},{\"@type\":\"BreadcrumbList\",\"@id\":\"https:\/\/franciscanos.org.br\/noticias\/assembleia-abre-jubileu.html#breadcrumb\",\"itemListElement\":[{\"@type\":\"ListItem\",\"position\":1,\"name\":\"Home\",\"item\":\"https:\/\/franciscanos.org.br\/noticias\"},{\"@type\":\"ListItem\",\"position\":2,\"name\":\"Assembleia abre Jubileu de Angola\"}]},{\"@type\":\"Person\",\"@id\":\"https:\/\/franciscanos.org.br\/noticias\/#\/schema\/person\/b38fbf43118f02820bd932f2e4b14ad3\",\"name\":\"admin\",\"image\":{\"@type\":\"ImageObject\",\"inLanguage\":\"pt-BR\",\"@id\":\"https:\/\/franciscanos.org.br\/noticias\/#\/schema\/person\/image\/\",\"url\":\"https:\/\/secure.gravatar.com\/avatar\/e8495742d34d0ba6448ea1c628263b3e?s=96&d=mm&r=g\",\"contentUrl\":\"https:\/\/secure.gravatar.com\/avatar\/e8495742d34d0ba6448ea1c628263b3e?s=96&d=mm&r=g\",\"caption\":\"admin\"},\"url\":\"https:\/\/franciscanos.org.br\/noticias\/author\/admin\"}]}<\/script>\n<!-- \/ Yoast SEO plugin. -->","yoast_head_json":{"title":"Assembleia abre Jubileu de Angola - Not\u00edcias - Franciscanos","robots":{"index":"index","follow":"follow","max-snippet":"max-snippet:-1","max-image-preview":"max-image-preview:large","max-video-preview":"max-video-preview:-1"},"canonical":"https:\/\/franciscanos.org.br\/noticias\/assembleia-abre-jubileu.html","og_locale":"pt_BR","og_type":"article","og_title":"Assembleia abre Jubileu de Angola - Not\u00edcias - Franciscanos","og_description":"25 anos de presen\u00e7a franciscana em Angola","og_url":"https:\/\/franciscanos.org.br\/noticias\/assembleia-abre-jubileu.html","og_site_name":"Not\u00edcias - Franciscanos","article_published_time":"2015-01-05T12:00:51+00:00","article_modified_time":"2019-05-20T10:49:33+00:00","og_image":[{"width":273,"height":181,"url":"https:\/\/franciscanos.org.br\/noticias\/wp-content\/uploads\/2015\/01\/fimda.jpg","type":"image\/jpeg"}],"author":"admin","twitter_card":"summary_large_image","twitter_misc":{"Escrito por":"admin","Est. tempo de leitura":"3 minutos"},"schema":{"@context":"https:\/\/schema.org","@graph":[{"@type":"WebSite","@id":"https:\/\/franciscanos.org.br\/noticias\/#website","url":"https:\/\/franciscanos.org.br\/noticias\/","name":"Not\u00edcias - Franciscanos","description":"Prov\u00edncia Franciscana da Imaculada Concei\u00e7\u00e3o do Brasil - Ordem dos Frades Menores - OFM","potentialAction":[{"@type":"SearchAction","target":{"@type":"EntryPoint","urlTemplate":"https:\/\/franciscanos.org.br\/noticias\/?s={search_term_string}"},"query-input":"required name=search_term_string"}],"inLanguage":"pt-BR"},{"@type":"ImageObject","inLanguage":"pt-BR","@id":"https:\/\/franciscanos.org.br\/noticias\/assembleia-abre-jubileu.html#primaryimage","url":"https:\/\/franciscanos.org.br\/noticias\/wp-content\/uploads\/2015\/01\/fimda.jpg","contentUrl":"https:\/\/franciscanos.org.br\/noticias\/wp-content\/uploads\/2015\/01\/fimda.jpg","width":273,"height":181},{"@type":"WebPage","@id":"https:\/\/franciscanos.org.br\/noticias\/assembleia-abre-jubileu.html#webpage","url":"https:\/\/franciscanos.org.br\/noticias\/assembleia-abre-jubileu.html","name":"Assembleia abre Jubileu de Angola - Not\u00edcias - Franciscanos","isPartOf":{"@id":"https:\/\/franciscanos.org.br\/noticias\/#website"},"primaryImageOfPage":{"@id":"https:\/\/franciscanos.org.br\/noticias\/assembleia-abre-jubileu.html#primaryimage"},"datePublished":"2015-01-05T12:00:51+00:00","dateModified":"2019-05-20T10:49:33+00:00","author":{"@id":"https:\/\/franciscanos.org.br\/noticias\/#\/schema\/person\/b38fbf43118f02820bd932f2e4b14ad3"},"breadcrumb":{"@id":"https:\/\/franciscanos.org.br\/noticias\/assembleia-abre-jubileu.html#breadcrumb"},"inLanguage":"pt-BR","potentialAction":[{"@type":"ReadAction","target":["https:\/\/franciscanos.org.br\/noticias\/assembleia-abre-jubileu.html"]}]},{"@type":"BreadcrumbList","@id":"https:\/\/franciscanos.org.br\/noticias\/assembleia-abre-jubileu.html#breadcrumb","itemListElement":[{"@type":"ListItem","position":1,"name":"Home","item":"https:\/\/franciscanos.org.br\/noticias"},{"@type":"ListItem","position":2,"name":"Assembleia abre Jubileu de Angola"}]},{"@type":"Person","@id":"https:\/\/franciscanos.org.br\/noticias\/#\/schema\/person\/b38fbf43118f02820bd932f2e4b14ad3","name":"admin","image":{"@type":"ImageObject","inLanguage":"pt-BR","@id":"https:\/\/franciscanos.org.br\/noticias\/#\/schema\/person\/image\/","url":"https:\/\/secure.gravatar.com\/avatar\/e8495742d34d0ba6448ea1c628263b3e?s=96&d=mm&r=g","contentUrl":"https:\/\/secure.gravatar.com\/avatar\/e8495742d34d0ba6448ea1c628263b3e?s=96&d=mm&r=g","caption":"admin"},"url":"https:\/\/franciscanos.org.br\/noticias\/author\/admin"}]}},"_links":{"self":[{"href":"https:\/\/franciscanos.org.br\/noticias\/wp-json\/wp\/v2\/posts\/77842"}],"collection":[{"href":"https:\/\/franciscanos.org.br\/noticias\/wp-json\/wp\/v2\/posts"}],"about":[{"href":"https:\/\/franciscanos.org.br\/noticias\/wp-json\/wp\/v2\/types\/post"}],"author":[{"embeddable":true,"href":"https:\/\/franciscanos.org.br\/noticias\/wp-json\/wp\/v2\/users\/1"}],"replies":[{"embeddable":true,"href":"https:\/\/franciscanos.org.br\/noticias\/wp-json\/wp\/v2\/comments?post=77842"}],"version-history":[{"count":0,"href":"https:\/\/franciscanos.org.br\/noticias\/wp-json\/wp\/v2\/posts\/77842\/revisions"}],"wp:featuredmedia":[{"embeddable":true,"href":"https:\/\/franciscanos.org.br\/noticias\/wp-json\/wp\/v2\/media\/204888"}],"wp:attachment":[{"href":"https:\/\/franciscanos.org.br\/noticias\/wp-json\/wp\/v2\/media?parent=77842"}],"wp:term":[{"taxonomy":"category","embeddable":true,"href":"https:\/\/franciscanos.org.br\/noticias\/wp-json\/wp\/v2\/categories?post=77842"},{"taxonomy":"post_tag","embeddable":true,"href":"https:\/\/franciscanos.org.br\/noticias\/wp-json\/wp\/v2\/tags?post=77842"}],"curies":[{"name":"wp","href":"https:\/\/api.w.org\/{rel}","templated":true}]}}