{"id":77832,"date":"2015-01-05T09:27:11","date_gmt":"2015-01-05T11:27:11","guid":{"rendered":"http:\/\/franciscanos.org.br\/?p=77832"},"modified":"2019-02-01T15:13:43","modified_gmt":"2019-02-01T17:13:43","slug":"25-anos-de-presenca-da-ordem-dos-frades-menores-em-angola","status":"publish","type":"post","link":"https:\/\/franciscanos.org.br\/noticias\/25-anos-de-presenca-da-ordem-dos-frades-menores-em-angola.html","title":{"rendered":"Mensagem do Ministro Provincial por ocasi\u00e3o dos 25 anos de presen\u00e7a franciscana em Angola"},"content":{"rendered":"<blockquote><p><em>\u201cIde, pois, fazei disc\u00edpulos meus todos os povos&#8230; (Mt 28,19-20). Cada crist\u00e3o e cada comunidade h\u00e1 de discernir qual \u00e9 o caminho que o Senhor lhe pede, mas todos somos convidados a aceitar este chamado: sair da pr\u00f3pria comodidade e ter a coragem de alcan\u00e7ar todas as periferias que precisam da luz do Evangelho\u201d (EG 19-20).<\/em><\/p><\/blockquote>\n<p><strong>Car\u00edssimos irm\u00e3os e irm\u00e3s,<\/strong><\/p>\n<p><img loading=\"lazy\" class=\"alignleft wp-image-78210\" src=\"http:\/\/franciscanos.org.br\/wp-content\/uploads\/2015\/07\/021.jpg\" alt=\"02\" width=\"297\" height=\"263\" \/>Com estas palavras iniciais da Exorta\u00e7\u00e3o Apost\u00f3lica <em>Evangelii Gaudium<\/em>, os convido a celebrar os 25 anos da nossa presen\u00e7a franciscana em Angola, hoje representada pela Funda\u00e7\u00e3o Imaculada M\u00e3e de Deus de Angola. E para bem celebrar esta data no m\u00eas de setembro de 2015, conv\u00e9m rememorar a motiva\u00e7\u00e3o que fundamentou o envio dos primeiros frades que deram in\u00edcio \u00e0 implanta\u00e7\u00e3o da Ordem dos Frades Menores em terras angolanas.<\/p>\n<p>A nossa Prov\u00edncia Franciscana da Imaculada Concei\u00e7\u00e3o do Brasil, no Cap\u00edtulo Provincial de 1988, iniciou os preparativos para a celebra\u00e7\u00e3o do Primeiro Centen\u00e1rio da sua Restaura\u00e7\u00e3o (1991). Nesse Cap\u00edtulo, como gesto concreto de restitui\u00e7\u00e3o a Deus pela obra mission\u00e1ria dos frades alem\u00e3es que, ao restaurarem a nossa Prov\u00edncia tamb\u00e9m iniciaram um novo projeto evangelizador na regi\u00e3o sul e sudeste do Brasil, a nossa Fraternidade Provincial aprovou o in\u00edcio de uma frente mission\u00e1ria na \u00c1frica. Inicialmente hav\u00edamos pensado na Guin\u00e9-Bissau. Mas quis o des\u00edgnio divino que inici\u00e1ssemos esta miss\u00e3o em Angola.<\/p>\n<p>Se naquela \u00e9poca o Cap\u00edtulo Geral da Ordem dos Frades Menores nos convidava \u00e0 \u2018Forma\u00e7\u00e3o para o Esp\u00edrito Mission\u00e1rio\u2019 mediante o clamor \u201cA \u00c1FRICA NOS CHAMA\u201d, e se a nossa Prov\u00edncia tinha como um dos seus objetivos espec\u00edficos \u2018Desenvolver o Carisma Mission\u00e1rio Franciscano\u2019 e o desejo de restituir gratuitamente a Deus pela vinda abnegada dos mission\u00e1rios alem\u00e3es que h\u00e1 cem anos iniciaram um NOVO projeto de restaura\u00e7\u00e3o, a resposta concreta e prof\u00e9tica veio dos confrades que se prontificaram a iniciar e assumir uma nova presen\u00e7a mission\u00e1ria em Angola. E n\u00e3o foi por acaso que esta presen\u00e7a evang\u00e9lica e evangelizadora se iniciou num per\u00edodo em que Angola encontrava-se imersa em graves conflitos sociais, numa guerra civil que gerava pobreza, destrui\u00e7\u00e3o e morte.<br \/>\nNaquela \u00e9poca Frei Est\u00eav\u00e3o Ottenbreit, ent\u00e3o Ministro Provincial, escreveu: \u201cA \u00c1frica nos espera! E com isso a Prov\u00edncia renasceu&#8230; Fomos capazes de direcionar o olhar para al\u00e9m dos horizontes de nosso dia a dia, para al\u00e9m daquilo que conhecemos e amamos; veio \u00e0 tona o esp\u00edrito mission\u00e1rio que est\u00e1 na dupla raiz de nossa Prov\u00edncia (Funda\u00e7\u00e3o e Restaura\u00e7\u00e3o), e que se constitui no essencial de nossa voca\u00e7\u00e3o franciscana: PARTIR \u2013 para o desconhecido, sem bagagem, esquemas e proje\u00e7\u00f5es; COMPARTILHAR \u2013 a vida do povo. Estar no meio do povo para ouvir e aprender; TESTEMUNHAR \u2013 antes de tudo pela vida, a cortesia e ternura de Deus, atrav\u00e9s da nossa submiss\u00e3o a toda criatura\u201d.<\/p>\n<p>E foi assim que, no dia 25 de setembro de 1990, Frei Pedro Caron, Frei Jos\u00e9 Zanchet e Frei Pl\u00ednio Grande da Silva desembarcaram em Luanda, seguindo no mesmo dia para Malange, onde tudo come\u00e7ou. Simplesmente partiram, sem medo, para compartilhar e testemunhar.<\/p>\n<p><img loading=\"lazy\" class=\"alignleft wp-image-77836\" src=\"http:\/\/franciscanos.org.br\/wp-content\/uploads\/2015\/01\/01.jpg\" alt=\"01\" width=\"290\" height=\"516\" \/>Que a mem\u00f3ria das origens da nossa presen\u00e7a mission\u00e1ria em Angola nos estimule a resgatar com gratid\u00e3o estes 25 anos de caminhada, n\u00e3o sem sacrif\u00edcios, lutas e at\u00e9 perdas, pr\u00f3prias de quem abra\u00e7a e carrega com amor o mist\u00e9rio da Cruz. E que acima de tudo saibamos evidenciar as nossas conquistas para agradecer e louvar a Deus. E entre tantos benef\u00edcios que o Senhor nos concedeu, destaco especialmente os novos confrades angolanos dados pelo Senhor e que o Doador de toda boa d\u00e1diva continua a nos oferecer: Frei Ant\u00f3nio B., Frei Afonso K., Frei Jo\u00e3o B., Frei Jo\u00e3o Alberto, Frei Ermelindo, Frei Jos\u00e9 Morais, Frei Gaud\u00eancio, Frei Manuel, Frei Mvula, Frei Jo\u00e3o C., Frei Canga Manuel, Frei Ananias, Frei Alfredo, Frei M\u00e1rio, Frei Mateus, Frei Santana, Frei Siro, os sete Novi\u00e7os que est\u00e3o em Rodeio, os sete Postulantes de Quibala e o significativo n\u00famero de Seminaristas que fazem seu discernimento vocacional no semin\u00e1rio de Malange. Sem d\u00favida alguma, podemos cantar com a mesma alegria e f\u00e9 o canto do povo de Deus no Quimbo de S\u00e3o Francisco, em Luanda-Palanka: \u201cComo hei de agradecer a tamanha gra\u00e7a que o Senhor me concedeu\u201d.\u00a0 Mas precisamos todos cuidar para que esta planta se enra\u00edze, crie firmeza, estenda seus ramos e frutifique em muitas novas voca\u00e7\u00f5es angolanas.<\/p>\n<p>E hoje, 25 anos depois, Angola continua a nos convidar para que abracemos com paix\u00e3o os novos desafios da evangeliza\u00e7\u00e3o mission\u00e1ria que o Senhor acredita sermos capazes de abra\u00e7ar. Angola necessita da nossa generosidade! O clamor que marcou nossa primeira ida continua vivo: \u201cPartir para o desconhecido, sem bagagem, esquemas e proje\u00e7\u00f5es; Compartilhar a vida do povo, estar no meio daquele povo para ouvir e aprender; Testemunhar, antes de tudo pela vida, a cortesia e ternura de Deus, atrav\u00e9s da nossa submiss\u00e3o a toda criatura\u201d.<\/p>\n<p>A Exorta\u00e7\u00e3o Apost\u00f3lica <em>Evangelii Gaudium<\/em> nos recorda que \u201ca miss\u00e3o no cora\u00e7\u00e3o do povo n\u00e3o \u00e9 uma parte da minha vida, ou um ornamento que posso p\u00f4r de lado; n\u00e3o \u00e9 um ap\u00eandice ou um momento entre tantos outros da minha vida. \u00c9 algo que n\u00e3o posso arrancar do meu ser, se n\u00e3o quero me destruir. Eu sou uma miss\u00e3o nesta terra, e para isso estou neste mundo&#8230;\u201d(EG 273).\u00a0 O Papa Francisco, ao exortar que a prioridade da vida consagrada \u00e9 \u201ca profecia do Reino, que n\u00e3o \u00e9 negoci\u00e1vel\u201d, admoesta: \u201cN\u00e3o tenham medo de se dirigir a quem quer que seja\u201d e recorda que \u201co carisma dos religiosos \u00e9 como fermento: a profecia anuncia o esp\u00edrito do Evangelho\u201d. E isso exige de cada um de n\u00f3s o \u201csair da pr\u00f3pria comodidade e ter a coragem de alcan\u00e7ar todas as periferias que precisam da luz do Evangelho\u201d (EG 20).<\/p>\n<p><strong>Frei Fid\u00eancio Vanboemmel, OFM<br \/>\n<\/strong><em>Ministro Provincial<\/em><\/p>\n","protected":false},"excerpt":{"rendered":"<p>Frei Fid\u00eancio Vanboemmel escreve sobre o Jubileu da Miss\u00e3o<\/p>\n","protected":false},"author":1,"featured_media":199263,"comment_status":"open","ping_status":"open","sticky":false,"template":"","format":"standard","meta":[],"categories":[1],"tags":[361],"acf":[],"yoast_head":"<!-- This site is optimized with the Yoast SEO plugin v19.2 - https:\/\/yoast.com\/wordpress\/plugins\/seo\/ -->\n<title>Mensagem do Ministro Provincial por ocasi\u00e3o dos 25 anos de presen\u00e7a franciscana em Angola - Not\u00edcias - Franciscanos<\/title>\n<meta name=\"robots\" content=\"index, follow, max-snippet:-1, max-image-preview:large, max-video-preview:-1\" \/>\n<link rel=\"canonical\" href=\"https:\/\/franciscanos.org.br\/noticias\/25-anos-de-presenca-da-ordem-dos-frades-menores-em-angola.html\" \/>\n<meta property=\"og:locale\" content=\"pt_BR\" \/>\n<meta property=\"og:type\" content=\"article\" \/>\n<meta property=\"og:title\" content=\"Mensagem do Ministro Provincial por ocasi\u00e3o dos 25 anos de presen\u00e7a franciscana em Angola - Not\u00edcias - Franciscanos\" \/>\n<meta property=\"og:description\" content=\"Frei Fid\u00eancio Vanboemmel escreve sobre o Jubileu da Miss\u00e3o\" \/>\n<meta property=\"og:url\" content=\"https:\/\/franciscanos.org.br\/noticias\/25-anos-de-presenca-da-ordem-dos-frades-menores-em-angola.html\" \/>\n<meta property=\"og:site_name\" content=\"Not\u00edcias - Franciscanos\" \/>\n<meta property=\"article:published_time\" content=\"2015-01-05T11:27:11+00:00\" \/>\n<meta property=\"article:modified_time\" content=\"2019-02-01T17:13:43+00:00\" \/>\n<meta property=\"og:image\" content=\"https:\/\/franciscanos.org.br\/noticias\/wp-content\/uploads\/2015\/01\/fidencio_2.jpg\" \/>\n\t<meta property=\"og:image:width\" content=\"273\" \/>\n\t<meta property=\"og:image:height\" content=\"181\" \/>\n\t<meta property=\"og:image:type\" content=\"image\/jpeg\" \/>\n<meta name=\"author\" content=\"admin\" \/>\n<meta name=\"twitter:card\" content=\"summary_large_image\" \/>\n<meta name=\"twitter:label1\" content=\"Escrito por\" \/>\n\t<meta name=\"twitter:data1\" content=\"admin\" \/>\n\t<meta name=\"twitter:label2\" content=\"Est. tempo de leitura\" \/>\n\t<meta name=\"twitter:data2\" content=\"5 minutos\" \/>\n<script type=\"application\/ld+json\" class=\"yoast-schema-graph\">{\"@context\":\"https:\/\/schema.org\",\"@graph\":[{\"@type\":\"WebSite\",\"@id\":\"https:\/\/franciscanos.org.br\/noticias\/#website\",\"url\":\"https:\/\/franciscanos.org.br\/noticias\/\",\"name\":\"Not\u00edcias - Franciscanos\",\"description\":\"Prov\u00edncia Franciscana da Imaculada Concei\u00e7\u00e3o do Brasil - Ordem dos Frades Menores - OFM\",\"potentialAction\":[{\"@type\":\"SearchAction\",\"target\":{\"@type\":\"EntryPoint\",\"urlTemplate\":\"https:\/\/franciscanos.org.br\/noticias\/?s={search_term_string}\"},\"query-input\":\"required name=search_term_string\"}],\"inLanguage\":\"pt-BR\"},{\"@type\":\"ImageObject\",\"inLanguage\":\"pt-BR\",\"@id\":\"https:\/\/franciscanos.org.br\/noticias\/25-anos-de-presenca-da-ordem-dos-frades-menores-em-angola.html#primaryimage\",\"url\":\"https:\/\/franciscanos.org.br\/noticias\/wp-content\/uploads\/2015\/01\/fidencio_2.jpg\",\"contentUrl\":\"https:\/\/franciscanos.org.br\/noticias\/wp-content\/uploads\/2015\/01\/fidencio_2.jpg\",\"width\":273,\"height\":181},{\"@type\":\"WebPage\",\"@id\":\"https:\/\/franciscanos.org.br\/noticias\/25-anos-de-presenca-da-ordem-dos-frades-menores-em-angola.html#webpage\",\"url\":\"https:\/\/franciscanos.org.br\/noticias\/25-anos-de-presenca-da-ordem-dos-frades-menores-em-angola.html\",\"name\":\"Mensagem do Ministro Provincial por ocasi\u00e3o dos 25 anos de presen\u00e7a franciscana em Angola - Not\u00edcias - Franciscanos\",\"isPartOf\":{\"@id\":\"https:\/\/franciscanos.org.br\/noticias\/#website\"},\"primaryImageOfPage\":{\"@id\":\"https:\/\/franciscanos.org.br\/noticias\/25-anos-de-presenca-da-ordem-dos-frades-menores-em-angola.html#primaryimage\"},\"datePublished\":\"2015-01-05T11:27:11+00:00\",\"dateModified\":\"2019-02-01T17:13:43+00:00\",\"author\":{\"@id\":\"https:\/\/franciscanos.org.br\/noticias\/#\/schema\/person\/b38fbf43118f02820bd932f2e4b14ad3\"},\"breadcrumb\":{\"@id\":\"https:\/\/franciscanos.org.br\/noticias\/25-anos-de-presenca-da-ordem-dos-frades-menores-em-angola.html#breadcrumb\"},\"inLanguage\":\"pt-BR\",\"potentialAction\":[{\"@type\":\"ReadAction\",\"target\":[\"https:\/\/franciscanos.org.br\/noticias\/25-anos-de-presenca-da-ordem-dos-frades-menores-em-angola.html\"]}]},{\"@type\":\"BreadcrumbList\",\"@id\":\"https:\/\/franciscanos.org.br\/noticias\/25-anos-de-presenca-da-ordem-dos-frades-menores-em-angola.html#breadcrumb\",\"itemListElement\":[{\"@type\":\"ListItem\",\"position\":1,\"name\":\"Home\",\"item\":\"https:\/\/franciscanos.org.br\/noticias\"},{\"@type\":\"ListItem\",\"position\":2,\"name\":\"Mensagem do Ministro Provincial por ocasi\u00e3o dos 25 anos de presen\u00e7a franciscana em Angola\"}]},{\"@type\":\"Person\",\"@id\":\"https:\/\/franciscanos.org.br\/noticias\/#\/schema\/person\/b38fbf43118f02820bd932f2e4b14ad3\",\"name\":\"admin\",\"image\":{\"@type\":\"ImageObject\",\"inLanguage\":\"pt-BR\",\"@id\":\"https:\/\/franciscanos.org.br\/noticias\/#\/schema\/person\/image\/\",\"url\":\"https:\/\/secure.gravatar.com\/avatar\/e8495742d34d0ba6448ea1c628263b3e?s=96&d=mm&r=g\",\"contentUrl\":\"https:\/\/secure.gravatar.com\/avatar\/e8495742d34d0ba6448ea1c628263b3e?s=96&d=mm&r=g\",\"caption\":\"admin\"},\"url\":\"https:\/\/franciscanos.org.br\/noticias\/author\/admin\"}]}<\/script>\n<!-- \/ Yoast SEO plugin. -->","yoast_head_json":{"title":"Mensagem do Ministro Provincial por ocasi\u00e3o dos 25 anos de presen\u00e7a franciscana em Angola - Not\u00edcias - Franciscanos","robots":{"index":"index","follow":"follow","max-snippet":"max-snippet:-1","max-image-preview":"max-image-preview:large","max-video-preview":"max-video-preview:-1"},"canonical":"https:\/\/franciscanos.org.br\/noticias\/25-anos-de-presenca-da-ordem-dos-frades-menores-em-angola.html","og_locale":"pt_BR","og_type":"article","og_title":"Mensagem do Ministro Provincial por ocasi\u00e3o dos 25 anos de presen\u00e7a franciscana em Angola - Not\u00edcias - Franciscanos","og_description":"Frei Fid\u00eancio Vanboemmel escreve sobre o Jubileu da Miss\u00e3o","og_url":"https:\/\/franciscanos.org.br\/noticias\/25-anos-de-presenca-da-ordem-dos-frades-menores-em-angola.html","og_site_name":"Not\u00edcias - Franciscanos","article_published_time":"2015-01-05T11:27:11+00:00","article_modified_time":"2019-02-01T17:13:43+00:00","og_image":[{"width":273,"height":181,"url":"https:\/\/franciscanos.org.br\/noticias\/wp-content\/uploads\/2015\/01\/fidencio_2.jpg","type":"image\/jpeg"}],"author":"admin","twitter_card":"summary_large_image","twitter_misc":{"Escrito por":"admin","Est. tempo de leitura":"5 minutos"},"schema":{"@context":"https:\/\/schema.org","@graph":[{"@type":"WebSite","@id":"https:\/\/franciscanos.org.br\/noticias\/#website","url":"https:\/\/franciscanos.org.br\/noticias\/","name":"Not\u00edcias - Franciscanos","description":"Prov\u00edncia Franciscana da Imaculada Concei\u00e7\u00e3o do Brasil - Ordem dos Frades Menores - OFM","potentialAction":[{"@type":"SearchAction","target":{"@type":"EntryPoint","urlTemplate":"https:\/\/franciscanos.org.br\/noticias\/?s={search_term_string}"},"query-input":"required name=search_term_string"}],"inLanguage":"pt-BR"},{"@type":"ImageObject","inLanguage":"pt-BR","@id":"https:\/\/franciscanos.org.br\/noticias\/25-anos-de-presenca-da-ordem-dos-frades-menores-em-angola.html#primaryimage","url":"https:\/\/franciscanos.org.br\/noticias\/wp-content\/uploads\/2015\/01\/fidencio_2.jpg","contentUrl":"https:\/\/franciscanos.org.br\/noticias\/wp-content\/uploads\/2015\/01\/fidencio_2.jpg","width":273,"height":181},{"@type":"WebPage","@id":"https:\/\/franciscanos.org.br\/noticias\/25-anos-de-presenca-da-ordem-dos-frades-menores-em-angola.html#webpage","url":"https:\/\/franciscanos.org.br\/noticias\/25-anos-de-presenca-da-ordem-dos-frades-menores-em-angola.html","name":"Mensagem do Ministro Provincial por ocasi\u00e3o dos 25 anos de presen\u00e7a franciscana em Angola - Not\u00edcias - Franciscanos","isPartOf":{"@id":"https:\/\/franciscanos.org.br\/noticias\/#website"},"primaryImageOfPage":{"@id":"https:\/\/franciscanos.org.br\/noticias\/25-anos-de-presenca-da-ordem-dos-frades-menores-em-angola.html#primaryimage"},"datePublished":"2015-01-05T11:27:11+00:00","dateModified":"2019-02-01T17:13:43+00:00","author":{"@id":"https:\/\/franciscanos.org.br\/noticias\/#\/schema\/person\/b38fbf43118f02820bd932f2e4b14ad3"},"breadcrumb":{"@id":"https:\/\/franciscanos.org.br\/noticias\/25-anos-de-presenca-da-ordem-dos-frades-menores-em-angola.html#breadcrumb"},"inLanguage":"pt-BR","potentialAction":[{"@type":"ReadAction","target":["https:\/\/franciscanos.org.br\/noticias\/25-anos-de-presenca-da-ordem-dos-frades-menores-em-angola.html"]}]},{"@type":"BreadcrumbList","@id":"https:\/\/franciscanos.org.br\/noticias\/25-anos-de-presenca-da-ordem-dos-frades-menores-em-angola.html#breadcrumb","itemListElement":[{"@type":"ListItem","position":1,"name":"Home","item":"https:\/\/franciscanos.org.br\/noticias"},{"@type":"ListItem","position":2,"name":"Mensagem do Ministro Provincial por ocasi\u00e3o dos 25 anos de presen\u00e7a franciscana em Angola"}]},{"@type":"Person","@id":"https:\/\/franciscanos.org.br\/noticias\/#\/schema\/person\/b38fbf43118f02820bd932f2e4b14ad3","name":"admin","image":{"@type":"ImageObject","inLanguage":"pt-BR","@id":"https:\/\/franciscanos.org.br\/noticias\/#\/schema\/person\/image\/","url":"https:\/\/secure.gravatar.com\/avatar\/e8495742d34d0ba6448ea1c628263b3e?s=96&d=mm&r=g","contentUrl":"https:\/\/secure.gravatar.com\/avatar\/e8495742d34d0ba6448ea1c628263b3e?s=96&d=mm&r=g","caption":"admin"},"url":"https:\/\/franciscanos.org.br\/noticias\/author\/admin"}]}},"_links":{"self":[{"href":"https:\/\/franciscanos.org.br\/noticias\/wp-json\/wp\/v2\/posts\/77832"}],"collection":[{"href":"https:\/\/franciscanos.org.br\/noticias\/wp-json\/wp\/v2\/posts"}],"about":[{"href":"https:\/\/franciscanos.org.br\/noticias\/wp-json\/wp\/v2\/types\/post"}],"author":[{"embeddable":true,"href":"https:\/\/franciscanos.org.br\/noticias\/wp-json\/wp\/v2\/users\/1"}],"replies":[{"embeddable":true,"href":"https:\/\/franciscanos.org.br\/noticias\/wp-json\/wp\/v2\/comments?post=77832"}],"version-history":[{"count":0,"href":"https:\/\/franciscanos.org.br\/noticias\/wp-json\/wp\/v2\/posts\/77832\/revisions"}],"wp:featuredmedia":[{"embeddable":true,"href":"https:\/\/franciscanos.org.br\/noticias\/wp-json\/wp\/v2\/media\/199263"}],"wp:attachment":[{"href":"https:\/\/franciscanos.org.br\/noticias\/wp-json\/wp\/v2\/media?parent=77832"}],"wp:term":[{"taxonomy":"category","embeddable":true,"href":"https:\/\/franciscanos.org.br\/noticias\/wp-json\/wp\/v2\/categories?post=77832"},{"taxonomy":"post_tag","embeddable":true,"href":"https:\/\/franciscanos.org.br\/noticias\/wp-json\/wp\/v2\/tags?post=77832"}],"curies":[{"name":"wp","href":"https:\/\/api.w.org\/{rel}","templated":true}]}}