{"id":77784,"date":"2015-01-23T08:49:38","date_gmt":"2015-01-23T10:49:38","guid":{"rendered":"http:\/\/franciscanos.org.br\/?p=77784"},"modified":"2023-01-14T18:25:15","modified_gmt":"2023-01-14T21:25:15","slug":"juventude-se-reune-para-missoes-franciscanas-em-concordia-sc","status":"publish","type":"post","link":"https:\/\/franciscanos.org.br\/noticias\/juventude-se-reune-para-missoes-franciscanas-em-concordia-sc.html","title":{"rendered":"Juventude se re\u00fane em Conc\u00f3rdia para as Miss\u00f5es"},"content":{"rendered":"<p><a href=\"http:\/\/franciscanos.org.br\/wp-content\/uploads\/2015\/01\/principal2.jpg\"><img loading=\"lazy\" src=\"http:\/\/franciscanos.org.br\/wp-content\/uploads\/2015\/01\/principal2.jpg\" alt=\"principal\" width=\"820\" height=\"400\" \/><\/a><\/p>\n<p><strong>\u00c9rika Augusto<\/strong><\/p>\n<p>Come\u00e7ou nesta quinta-feira, 22 de janeiro, as Miss\u00f5es Franciscanas da Juventude em Conc\u00f3rdia, Santa Catarina. A miss\u00e3o deste ano tem como tema: &#8220;Vai e reconstr\u00f3i a minha igreja&#8221;.<\/p>\n<p>A Matriz Nossa Senhora do Ros\u00e1rio come\u00e7ou a receber os jovens mission\u00e1rios no final da manh\u00e3, que vieram das comunidades franciscanas do Rio de Janeiro, S\u00e3o Paulo, Paran\u00e1 e diversas cidades de Santa Catarina. No total, cerca de 215 jovens se inscreveram para participar das miss\u00f5es, um momento de viv\u00eancia espiritual e fraterna, sa\u00eddas mission\u00e1rias e partilha com a comunidade local.<\/p>\n<p>O sal\u00e3o paroquial foi preparado com muito carinho, com diversos ambientes. Na entrada, os mission\u00e1rios encontraram um t\u00fanel, com frases b\u00edblicas, um outro espa\u00e7o com almofadas para descanso, dois ambientes que ser\u00e3o utilizados na noite de hoje como dormit\u00f3rio. No palco uma imagem de S\u00e3o Francisco, o crucifixo de S\u00e3o Dami\u00e3o e o tau, com a arte do Frei Dito, que ser\u00e1 o s\u00edmbolo das Miss\u00f5es Franciscanas.<\/p>\n<p>No final da tarde os jovens foram recebidos com anima\u00e7\u00e3o pelo coordenador do SAV, Frei Diego Atalino de Melo. Em meio a uma divertida din\u00e2mica, os participantes puderam conhecer um pouco mais os jovens de outras cidades e estados que est\u00e3o participando da miss\u00e3o. Em seguida, o minist\u00e9rio de m\u00fasica da Par\u00f3quia Nossa Senhora do Ros\u00e1rio animou os mission\u00e1rios, com cantos e dan\u00e7as.<\/p>\n<p>Os presentes montaram parte de um quebra-cabe\u00e7as, preparado pela equipe, com a imagem da fachada da par\u00f3quia, simbolizando que cada um \u00e9 parte importante desta miss\u00e3o franciscana.<\/p>\n<p>Na noite do primeiro dia os jovens puderam apresentar m\u00fasicas e brincadeiras t\u00edpicas de cada regi\u00e3o.<\/p>\n<p>Para a manh\u00e3 da sexta-feira haver\u00e1 um momento de forma\u00e7\u00e3o com a equipe e com o Ministro Provincial, Frei Fid\u00eancio Vanboemmel, antes dos jovens partirem em miss\u00e3o em 8 comunidades da par\u00f3quia.<big><\/big><img class=\"ngg_displayed_gallery mceItem\" src=\"http:\/\/franciscanos.org.br\/index.php\/nextgen-attach_to_post\/preview\/id--77827\" alt=\"\" \/><\/p>\n","protected":false},"excerpt":{"rendered":"<p>Miss\u00f5es Franciscanas da Juventude em Conc\u00f3rdia<\/p>\n","protected":false},"author":1,"featured_media":207035,"comment_status":"open","ping_status":"open","sticky":false,"template":"","format":"standard","meta":[],"categories":[1],"tags":[1466,1206],"acf":[],"yoast_head":"<!-- This site is optimized with the Yoast SEO plugin v19.2 - https:\/\/yoast.com\/wordpress\/plugins\/seo\/ -->\n<title>Juventude se re\u00fane em Conc\u00f3rdia para as Miss\u00f5es - Not\u00edcias - Franciscanos<\/title>\n<meta name=\"robots\" content=\"index, follow, max-snippet:-1, max-image-preview:large, max-video-preview:-1\" \/>\n<link rel=\"canonical\" href=\"https:\/\/franciscanos.org.br\/noticias\/juventude-se-reune-para-missoes-franciscanas-em-concordia-sc.html\" \/>\n<meta property=\"og:locale\" content=\"pt_BR\" \/>\n<meta property=\"og:type\" content=\"article\" \/>\n<meta property=\"og:title\" content=\"Juventude se re\u00fane em Conc\u00f3rdia para as Miss\u00f5es - Not\u00edcias - Franciscanos\" \/>\n<meta property=\"og:description\" content=\"Miss\u00f5es Franciscanas da Juventude em Conc\u00f3rdia\" \/>\n<meta property=\"og:url\" content=\"https:\/\/franciscanos.org.br\/noticias\/juventude-se-reune-para-missoes-franciscanas-em-concordia-sc.html\" \/>\n<meta property=\"og:site_name\" content=\"Not\u00edcias - Franciscanos\" \/>\n<meta property=\"article:published_time\" content=\"2015-01-23T10:49:38+00:00\" \/>\n<meta property=\"article:modified_time\" content=\"2023-01-14T21:25:15+00:00\" \/>\n<meta property=\"og:image\" content=\"https:\/\/franciscanos.org.br\/noticias\/wp-content\/uploads\/2015\/01\/concordia_0207.jpg\" \/>\n\t<meta property=\"og:image:width\" content=\"273\" \/>\n\t<meta property=\"og:image:height\" content=\"181\" \/>\n\t<meta property=\"og:image:type\" content=\"image\/jpeg\" \/>\n<meta name=\"author\" content=\"admin\" \/>\n<meta name=\"twitter:card\" content=\"summary_large_image\" \/>\n<meta name=\"twitter:label1\" content=\"Escrito por\" \/>\n\t<meta name=\"twitter:data1\" content=\"admin\" \/>\n\t<meta name=\"twitter:label2\" content=\"Est. tempo de leitura\" \/>\n\t<meta name=\"twitter:data2\" content=\"2 minutos\" \/>\n<script type=\"application\/ld+json\" class=\"yoast-schema-graph\">{\"@context\":\"https:\/\/schema.org\",\"@graph\":[{\"@type\":\"WebSite\",\"@id\":\"https:\/\/franciscanos.org.br\/noticias\/#website\",\"url\":\"https:\/\/franciscanos.org.br\/noticias\/\",\"name\":\"Not\u00edcias - Franciscanos\",\"description\":\"Prov\u00edncia Franciscana da Imaculada Concei\u00e7\u00e3o do Brasil - Ordem dos Frades Menores - OFM\",\"potentialAction\":[{\"@type\":\"SearchAction\",\"target\":{\"@type\":\"EntryPoint\",\"urlTemplate\":\"https:\/\/franciscanos.org.br\/noticias\/?s={search_term_string}\"},\"query-input\":\"required name=search_term_string\"}],\"inLanguage\":\"pt-BR\"},{\"@type\":\"ImageObject\",\"inLanguage\":\"pt-BR\",\"@id\":\"https:\/\/franciscanos.org.br\/noticias\/juventude-se-reune-para-missoes-franciscanas-em-concordia-sc.html#primaryimage\",\"url\":\"https:\/\/franciscanos.org.br\/noticias\/wp-content\/uploads\/2015\/01\/concordia_0207.jpg\",\"contentUrl\":\"https:\/\/franciscanos.org.br\/noticias\/wp-content\/uploads\/2015\/01\/concordia_0207.jpg\",\"width\":273,\"height\":181},{\"@type\":\"WebPage\",\"@id\":\"https:\/\/franciscanos.org.br\/noticias\/juventude-se-reune-para-missoes-franciscanas-em-concordia-sc.html#webpage\",\"url\":\"https:\/\/franciscanos.org.br\/noticias\/juventude-se-reune-para-missoes-franciscanas-em-concordia-sc.html\",\"name\":\"Juventude se re\u00fane em Conc\u00f3rdia para as Miss\u00f5es - Not\u00edcias - Franciscanos\",\"isPartOf\":{\"@id\":\"https:\/\/franciscanos.org.br\/noticias\/#website\"},\"primaryImageOfPage\":{\"@id\":\"https:\/\/franciscanos.org.br\/noticias\/juventude-se-reune-para-missoes-franciscanas-em-concordia-sc.html#primaryimage\"},\"datePublished\":\"2015-01-23T10:49:38+00:00\",\"dateModified\":\"2023-01-14T21:25:15+00:00\",\"author\":{\"@id\":\"https:\/\/franciscanos.org.br\/noticias\/#\/schema\/person\/b38fbf43118f02820bd932f2e4b14ad3\"},\"breadcrumb\":{\"@id\":\"https:\/\/franciscanos.org.br\/noticias\/juventude-se-reune-para-missoes-franciscanas-em-concordia-sc.html#breadcrumb\"},\"inLanguage\":\"pt-BR\",\"potentialAction\":[{\"@type\":\"ReadAction\",\"target\":[\"https:\/\/franciscanos.org.br\/noticias\/juventude-se-reune-para-missoes-franciscanas-em-concordia-sc.html\"]}]},{\"@type\":\"BreadcrumbList\",\"@id\":\"https:\/\/franciscanos.org.br\/noticias\/juventude-se-reune-para-missoes-franciscanas-em-concordia-sc.html#breadcrumb\",\"itemListElement\":[{\"@type\":\"ListItem\",\"position\":1,\"name\":\"Home\",\"item\":\"https:\/\/franciscanos.org.br\/noticias\"},{\"@type\":\"ListItem\",\"position\":2,\"name\":\"Juventude se re\u00fane em Conc\u00f3rdia para as Miss\u00f5es\"}]},{\"@type\":\"Person\",\"@id\":\"https:\/\/franciscanos.org.br\/noticias\/#\/schema\/person\/b38fbf43118f02820bd932f2e4b14ad3\",\"name\":\"admin\",\"image\":{\"@type\":\"ImageObject\",\"inLanguage\":\"pt-BR\",\"@id\":\"https:\/\/franciscanos.org.br\/noticias\/#\/schema\/person\/image\/\",\"url\":\"https:\/\/secure.gravatar.com\/avatar\/e8495742d34d0ba6448ea1c628263b3e?s=96&d=mm&r=g\",\"contentUrl\":\"https:\/\/secure.gravatar.com\/avatar\/e8495742d34d0ba6448ea1c628263b3e?s=96&d=mm&r=g\",\"caption\":\"admin\"},\"url\":\"https:\/\/franciscanos.org.br\/noticias\/author\/admin\"}]}<\/script>\n<!-- \/ Yoast SEO plugin. -->","yoast_head_json":{"title":"Juventude se re\u00fane em Conc\u00f3rdia para as Miss\u00f5es - Not\u00edcias - Franciscanos","robots":{"index":"index","follow":"follow","max-snippet":"max-snippet:-1","max-image-preview":"max-image-preview:large","max-video-preview":"max-video-preview:-1"},"canonical":"https:\/\/franciscanos.org.br\/noticias\/juventude-se-reune-para-missoes-franciscanas-em-concordia-sc.html","og_locale":"pt_BR","og_type":"article","og_title":"Juventude se re\u00fane em Conc\u00f3rdia para as Miss\u00f5es - Not\u00edcias - Franciscanos","og_description":"Miss\u00f5es Franciscanas da Juventude em Conc\u00f3rdia","og_url":"https:\/\/franciscanos.org.br\/noticias\/juventude-se-reune-para-missoes-franciscanas-em-concordia-sc.html","og_site_name":"Not\u00edcias - Franciscanos","article_published_time":"2015-01-23T10:49:38+00:00","article_modified_time":"2023-01-14T21:25:15+00:00","og_image":[{"width":273,"height":181,"url":"https:\/\/franciscanos.org.br\/noticias\/wp-content\/uploads\/2015\/01\/concordia_0207.jpg","type":"image\/jpeg"}],"author":"admin","twitter_card":"summary_large_image","twitter_misc":{"Escrito por":"admin","Est. tempo de leitura":"2 minutos"},"schema":{"@context":"https:\/\/schema.org","@graph":[{"@type":"WebSite","@id":"https:\/\/franciscanos.org.br\/noticias\/#website","url":"https:\/\/franciscanos.org.br\/noticias\/","name":"Not\u00edcias - Franciscanos","description":"Prov\u00edncia Franciscana da Imaculada Concei\u00e7\u00e3o do Brasil - Ordem dos Frades Menores - OFM","potentialAction":[{"@type":"SearchAction","target":{"@type":"EntryPoint","urlTemplate":"https:\/\/franciscanos.org.br\/noticias\/?s={search_term_string}"},"query-input":"required name=search_term_string"}],"inLanguage":"pt-BR"},{"@type":"ImageObject","inLanguage":"pt-BR","@id":"https:\/\/franciscanos.org.br\/noticias\/juventude-se-reune-para-missoes-franciscanas-em-concordia-sc.html#primaryimage","url":"https:\/\/franciscanos.org.br\/noticias\/wp-content\/uploads\/2015\/01\/concordia_0207.jpg","contentUrl":"https:\/\/franciscanos.org.br\/noticias\/wp-content\/uploads\/2015\/01\/concordia_0207.jpg","width":273,"height":181},{"@type":"WebPage","@id":"https:\/\/franciscanos.org.br\/noticias\/juventude-se-reune-para-missoes-franciscanas-em-concordia-sc.html#webpage","url":"https:\/\/franciscanos.org.br\/noticias\/juventude-se-reune-para-missoes-franciscanas-em-concordia-sc.html","name":"Juventude se re\u00fane em Conc\u00f3rdia para as Miss\u00f5es - Not\u00edcias - Franciscanos","isPartOf":{"@id":"https:\/\/franciscanos.org.br\/noticias\/#website"},"primaryImageOfPage":{"@id":"https:\/\/franciscanos.org.br\/noticias\/juventude-se-reune-para-missoes-franciscanas-em-concordia-sc.html#primaryimage"},"datePublished":"2015-01-23T10:49:38+00:00","dateModified":"2023-01-14T21:25:15+00:00","author":{"@id":"https:\/\/franciscanos.org.br\/noticias\/#\/schema\/person\/b38fbf43118f02820bd932f2e4b14ad3"},"breadcrumb":{"@id":"https:\/\/franciscanos.org.br\/noticias\/juventude-se-reune-para-missoes-franciscanas-em-concordia-sc.html#breadcrumb"},"inLanguage":"pt-BR","potentialAction":[{"@type":"ReadAction","target":["https:\/\/franciscanos.org.br\/noticias\/juventude-se-reune-para-missoes-franciscanas-em-concordia-sc.html"]}]},{"@type":"BreadcrumbList","@id":"https:\/\/franciscanos.org.br\/noticias\/juventude-se-reune-para-missoes-franciscanas-em-concordia-sc.html#breadcrumb","itemListElement":[{"@type":"ListItem","position":1,"name":"Home","item":"https:\/\/franciscanos.org.br\/noticias"},{"@type":"ListItem","position":2,"name":"Juventude se re\u00fane em Conc\u00f3rdia para as Miss\u00f5es"}]},{"@type":"Person","@id":"https:\/\/franciscanos.org.br\/noticias\/#\/schema\/person\/b38fbf43118f02820bd932f2e4b14ad3","name":"admin","image":{"@type":"ImageObject","inLanguage":"pt-BR","@id":"https:\/\/franciscanos.org.br\/noticias\/#\/schema\/person\/image\/","url":"https:\/\/secure.gravatar.com\/avatar\/e8495742d34d0ba6448ea1c628263b3e?s=96&d=mm&r=g","contentUrl":"https:\/\/secure.gravatar.com\/avatar\/e8495742d34d0ba6448ea1c628263b3e?s=96&d=mm&r=g","caption":"admin"},"url":"https:\/\/franciscanos.org.br\/noticias\/author\/admin"}]}},"_links":{"self":[{"href":"https:\/\/franciscanos.org.br\/noticias\/wp-json\/wp\/v2\/posts\/77784"}],"collection":[{"href":"https:\/\/franciscanos.org.br\/noticias\/wp-json\/wp\/v2\/posts"}],"about":[{"href":"https:\/\/franciscanos.org.br\/noticias\/wp-json\/wp\/v2\/types\/post"}],"author":[{"embeddable":true,"href":"https:\/\/franciscanos.org.br\/noticias\/wp-json\/wp\/v2\/users\/1"}],"replies":[{"embeddable":true,"href":"https:\/\/franciscanos.org.br\/noticias\/wp-json\/wp\/v2\/comments?post=77784"}],"version-history":[{"count":1,"href":"https:\/\/franciscanos.org.br\/noticias\/wp-json\/wp\/v2\/posts\/77784\/revisions"}],"predecessor-version":[{"id":241763,"href":"https:\/\/franciscanos.org.br\/noticias\/wp-json\/wp\/v2\/posts\/77784\/revisions\/241763"}],"wp:featuredmedia":[{"embeddable":true,"href":"https:\/\/franciscanos.org.br\/noticias\/wp-json\/wp\/v2\/media\/207035"}],"wp:attachment":[{"href":"https:\/\/franciscanos.org.br\/noticias\/wp-json\/wp\/v2\/media?parent=77784"}],"wp:term":[{"taxonomy":"category","embeddable":true,"href":"https:\/\/franciscanos.org.br\/noticias\/wp-json\/wp\/v2\/categories?post=77784"},{"taxonomy":"post_tag","embeddable":true,"href":"https:\/\/franciscanos.org.br\/noticias\/wp-json\/wp\/v2\/tags?post=77784"}],"curies":[{"name":"wp","href":"https:\/\/api.w.org\/{rel}","templated":true}]}}