{"id":77214,"date":"2015-01-15T10:17:40","date_gmt":"2015-01-15T12:17:40","guid":{"rendered":"http:\/\/franciscanos.org.br\/?p=77214"},"modified":"2020-02-12T13:36:22","modified_gmt":"2020-02-12T16:36:22","slug":"seminaristas-de-todo-o-pais-se-reunem-em-florianopolis","status":"publish","type":"post","link":"https:\/\/franciscanos.org.br\/noticias\/seminaristas-de-todo-o-pais-se-reunem-em-florianopolis.html","title":{"rendered":"Seminaristas de todo o pa\u00eds se re\u00fanem em Florian\u00f3polis"},"content":{"rendered":"<p style=\"text-align: left;\"><a href=\"http:\/\/franciscanos.org.br\/wp-content\/uploads\/2015\/01\/retiro600.jpg\"><img loading=\"lazy\" class=\"alignright wp-image-77216\" src=\"http:\/\/franciscanos.org.br\/wp-content\/uploads\/2015\/01\/retiro600.jpg\" alt=\"retiro600\" width=\"427\" height=\"270\" \/><\/a>Teve in\u00edcio na segunda-feira, 12 de janeiro, em Florian\u00f3polis (SC), o 35\u00ba Retiro Nacional de Seminaristas, promovido pelo Minist\u00e9rio para Seminaristas da Renova\u00e7\u00e3o Carism\u00e1tica Cat\u00f3lica (RCC) do Brasil. O evento prossegue at\u00e9 sexta, 16, e conta com a participa\u00e7\u00e3o de quase 300 seminaristas de todo o Brasil.<\/p>\n<p style=\"text-align: left;\">A missa de abertura do encontro, no dia 12, teve a presen\u00e7a de sacerdotes, leigos, consagrados e fam\u00edlias, al\u00e9m do arcebispo de Bel\u00e9m (PA) e diretor espiritual do Minist\u00e9rio para Seminaristas, dom Alberto Taveira.<\/p>\n<p style=\"text-align: left;\">Esta edi\u00e7\u00e3o do Renasem, como \u00e9 conhecido o retiro, tem como tema a ressurei\u00e7\u00e3o, em mem\u00f3ria \u00e0 edi\u00e7\u00e3o do ano anterior, quando um grave acidente durante a estadia em Palmas (TO) para preparar aquele retiro tirou a vida de Luiz Gustavo Eccel, um dos coordenadores.<\/p>\n<p style=\"text-align: left;\">Na homilia da celebra\u00e7\u00e3o, o coordenador do Minist\u00e9rio Cristo Sacerdote da RCC em Santa Catarina, Pe. Leandro Rech, recordou o primeiro ano de falecimento do seminarista Luiz Gustavo Eccel. &#8220;N\u00f3s podemos servir melhor a Deus. Luiz Gustavo sempre esteve disposto a servir, a anunciar o Evangelho, a ser anunciador das gra\u00e7as de Deus. Muitos podem testemunhar isto. N\u00f3s tamb\u00e9m podemos ser. Deixemos que o Esp\u00edrito de Deus nos conduza neste retiro&#8221;, pediu<\/p>\n<p style=\"text-align: left;\">O sacerdote tamb\u00e9m pediu ora\u00e7\u00f5es para que os participantes possam viver ao m\u00e1ximo a d\u00e1diva que prov\u00e9m do Esp\u00edrito Santo no encontro.<\/p>\n<p style=\"text-align: left;\">Presente na celebra\u00e7\u00e3o, a fam\u00edlia de Luiz Gustavo foi homenageada com um \u00e1lbum de fotos, um quadro e muitos aplausos. Antes do t\u00e9rmino da celebra\u00e7\u00e3o, a assembleia realizou uma intercess\u00e3o pela fam\u00edlia.<\/p>\n<p style=\"text-align: left;\"><strong>Atividades<\/strong><\/p>\n<p style=\"text-align: left;\">Na ter\u00e7a-feira, 13, al\u00e9m de diversas atividades, a programa\u00e7\u00e3o contou com duas prega\u00e7\u00f5es para os seminaristas, proferidas pelo bispo da prelazia do Maraj\u00f3 (PA), dom Jos\u00e9 Luiz Azcona. Antes do repouso, houve o momento do Lucern\u00e1rio com as Completas.<\/p>\n<p style=\"text-align: left;\">Na quarta-feira, 14, ser\u00e1 realizada uma missa aberta ao p\u00fablico e votiva ao Esp\u00edrito Santo, \u00e0s 20h, na Igreja do Col\u00e9gio Catarinense, seguida por uma vig\u00edlia \u00e0s 22h.<\/p>\n<p style=\"text-align: left;\">Na quinta-feira, 15, \u00e0s 10h30, o padre Eduardo Braga e Silva, de Niter\u00f3i (RJ), conduzir\u00e1 o momento de efus\u00e3o do Esp\u00edrito Santo. O encontro termina na sexta-feira, com o almo\u00e7o.<\/p>\n","protected":false},"excerpt":{"rendered":"<p>35\u00ba Retiro Nacional de Seminaristas<\/p>\n","protected":false},"author":1,"featured_media":219753,"comment_status":"open","ping_status":"open","sticky":false,"template":"","format":"standard","meta":[],"categories":[1],"tags":[],"acf":[],"yoast_head":"<!-- This site is optimized with the Yoast SEO plugin v19.2 - https:\/\/yoast.com\/wordpress\/plugins\/seo\/ -->\n<title>Seminaristas de todo o pa\u00eds se re\u00fanem em Florian\u00f3polis - Not\u00edcias - Franciscanos<\/title>\n<meta name=\"robots\" content=\"index, follow, max-snippet:-1, max-image-preview:large, max-video-preview:-1\" \/>\n<link rel=\"canonical\" href=\"https:\/\/franciscanos.org.br\/noticias\/seminaristas-de-todo-o-pais-se-reunem-em-florianopolis.html\" \/>\n<meta property=\"og:locale\" content=\"pt_BR\" \/>\n<meta property=\"og:type\" content=\"article\" \/>\n<meta property=\"og:title\" content=\"Seminaristas de todo o pa\u00eds se re\u00fanem em Florian\u00f3polis - Not\u00edcias - Franciscanos\" \/>\n<meta property=\"og:description\" content=\"35\u00ba Retiro Nacional de Seminaristas\" \/>\n<meta property=\"og:url\" content=\"https:\/\/franciscanos.org.br\/noticias\/seminaristas-de-todo-o-pais-se-reunem-em-florianopolis.html\" \/>\n<meta property=\"og:site_name\" content=\"Not\u00edcias - Franciscanos\" \/>\n<meta property=\"article:published_time\" content=\"2015-01-15T12:17:40+00:00\" \/>\n<meta property=\"article:modified_time\" content=\"2020-02-12T16:36:22+00:00\" \/>\n<meta property=\"og:image\" content=\"https:\/\/franciscanos.org.br\/noticias\/wp-content\/uploads\/2015\/01\/retiro600.jpg\" \/>\n\t<meta property=\"og:image:width\" content=\"273\" \/>\n\t<meta property=\"og:image:height\" content=\"181\" \/>\n\t<meta property=\"og:image:type\" content=\"image\/jpeg\" \/>\n<meta name=\"author\" content=\"admin\" \/>\n<meta name=\"twitter:card\" content=\"summary_large_image\" \/>\n<meta name=\"twitter:label1\" content=\"Escrito por\" \/>\n\t<meta name=\"twitter:data1\" content=\"admin\" \/>\n\t<meta name=\"twitter:label2\" content=\"Est. tempo de leitura\" \/>\n\t<meta name=\"twitter:data2\" content=\"2 minutos\" \/>\n<script type=\"application\/ld+json\" class=\"yoast-schema-graph\">{\"@context\":\"https:\/\/schema.org\",\"@graph\":[{\"@type\":\"WebSite\",\"@id\":\"https:\/\/franciscanos.org.br\/noticias\/#website\",\"url\":\"https:\/\/franciscanos.org.br\/noticias\/\",\"name\":\"Not\u00edcias - Franciscanos\",\"description\":\"Prov\u00edncia Franciscana da Imaculada Concei\u00e7\u00e3o do Brasil - Ordem dos Frades Menores - OFM\",\"potentialAction\":[{\"@type\":\"SearchAction\",\"target\":{\"@type\":\"EntryPoint\",\"urlTemplate\":\"https:\/\/franciscanos.org.br\/noticias\/?s={search_term_string}\"},\"query-input\":\"required name=search_term_string\"}],\"inLanguage\":\"pt-BR\"},{\"@type\":\"ImageObject\",\"inLanguage\":\"pt-BR\",\"@id\":\"https:\/\/franciscanos.org.br\/noticias\/seminaristas-de-todo-o-pais-se-reunem-em-florianopolis.html#primaryimage\",\"url\":\"https:\/\/franciscanos.org.br\/noticias\/wp-content\/uploads\/2015\/01\/retiro600.jpg\",\"contentUrl\":\"https:\/\/franciscanos.org.br\/noticias\/wp-content\/uploads\/2015\/01\/retiro600.jpg\",\"width\":273,\"height\":181},{\"@type\":\"WebPage\",\"@id\":\"https:\/\/franciscanos.org.br\/noticias\/seminaristas-de-todo-o-pais-se-reunem-em-florianopolis.html#webpage\",\"url\":\"https:\/\/franciscanos.org.br\/noticias\/seminaristas-de-todo-o-pais-se-reunem-em-florianopolis.html\",\"name\":\"Seminaristas de todo o pa\u00eds se re\u00fanem em Florian\u00f3polis - Not\u00edcias - Franciscanos\",\"isPartOf\":{\"@id\":\"https:\/\/franciscanos.org.br\/noticias\/#website\"},\"primaryImageOfPage\":{\"@id\":\"https:\/\/franciscanos.org.br\/noticias\/seminaristas-de-todo-o-pais-se-reunem-em-florianopolis.html#primaryimage\"},\"datePublished\":\"2015-01-15T12:17:40+00:00\",\"dateModified\":\"2020-02-12T16:36:22+00:00\",\"author\":{\"@id\":\"https:\/\/franciscanos.org.br\/noticias\/#\/schema\/person\/b38fbf43118f02820bd932f2e4b14ad3\"},\"breadcrumb\":{\"@id\":\"https:\/\/franciscanos.org.br\/noticias\/seminaristas-de-todo-o-pais-se-reunem-em-florianopolis.html#breadcrumb\"},\"inLanguage\":\"pt-BR\",\"potentialAction\":[{\"@type\":\"ReadAction\",\"target\":[\"https:\/\/franciscanos.org.br\/noticias\/seminaristas-de-todo-o-pais-se-reunem-em-florianopolis.html\"]}]},{\"@type\":\"BreadcrumbList\",\"@id\":\"https:\/\/franciscanos.org.br\/noticias\/seminaristas-de-todo-o-pais-se-reunem-em-florianopolis.html#breadcrumb\",\"itemListElement\":[{\"@type\":\"ListItem\",\"position\":1,\"name\":\"Home\",\"item\":\"https:\/\/franciscanos.org.br\/noticias\"},{\"@type\":\"ListItem\",\"position\":2,\"name\":\"Seminaristas de todo o pa\u00eds se re\u00fanem em Florian\u00f3polis\"}]},{\"@type\":\"Person\",\"@id\":\"https:\/\/franciscanos.org.br\/noticias\/#\/schema\/person\/b38fbf43118f02820bd932f2e4b14ad3\",\"name\":\"admin\",\"image\":{\"@type\":\"ImageObject\",\"inLanguage\":\"pt-BR\",\"@id\":\"https:\/\/franciscanos.org.br\/noticias\/#\/schema\/person\/image\/\",\"url\":\"https:\/\/secure.gravatar.com\/avatar\/e8495742d34d0ba6448ea1c628263b3e?s=96&d=mm&r=g\",\"contentUrl\":\"https:\/\/secure.gravatar.com\/avatar\/e8495742d34d0ba6448ea1c628263b3e?s=96&d=mm&r=g\",\"caption\":\"admin\"},\"url\":\"https:\/\/franciscanos.org.br\/noticias\/author\/admin\"}]}<\/script>\n<!-- \/ Yoast SEO plugin. -->","yoast_head_json":{"title":"Seminaristas de todo o pa\u00eds se re\u00fanem em Florian\u00f3polis - Not\u00edcias - Franciscanos","robots":{"index":"index","follow":"follow","max-snippet":"max-snippet:-1","max-image-preview":"max-image-preview:large","max-video-preview":"max-video-preview:-1"},"canonical":"https:\/\/franciscanos.org.br\/noticias\/seminaristas-de-todo-o-pais-se-reunem-em-florianopolis.html","og_locale":"pt_BR","og_type":"article","og_title":"Seminaristas de todo o pa\u00eds se re\u00fanem em Florian\u00f3polis - Not\u00edcias - Franciscanos","og_description":"35\u00ba Retiro Nacional de Seminaristas","og_url":"https:\/\/franciscanos.org.br\/noticias\/seminaristas-de-todo-o-pais-se-reunem-em-florianopolis.html","og_site_name":"Not\u00edcias - Franciscanos","article_published_time":"2015-01-15T12:17:40+00:00","article_modified_time":"2020-02-12T16:36:22+00:00","og_image":[{"width":273,"height":181,"url":"https:\/\/franciscanos.org.br\/noticias\/wp-content\/uploads\/2015\/01\/retiro600.jpg","type":"image\/jpeg"}],"author":"admin","twitter_card":"summary_large_image","twitter_misc":{"Escrito por":"admin","Est. tempo de leitura":"2 minutos"},"schema":{"@context":"https:\/\/schema.org","@graph":[{"@type":"WebSite","@id":"https:\/\/franciscanos.org.br\/noticias\/#website","url":"https:\/\/franciscanos.org.br\/noticias\/","name":"Not\u00edcias - Franciscanos","description":"Prov\u00edncia Franciscana da Imaculada Concei\u00e7\u00e3o do Brasil - Ordem dos Frades Menores - OFM","potentialAction":[{"@type":"SearchAction","target":{"@type":"EntryPoint","urlTemplate":"https:\/\/franciscanos.org.br\/noticias\/?s={search_term_string}"},"query-input":"required name=search_term_string"}],"inLanguage":"pt-BR"},{"@type":"ImageObject","inLanguage":"pt-BR","@id":"https:\/\/franciscanos.org.br\/noticias\/seminaristas-de-todo-o-pais-se-reunem-em-florianopolis.html#primaryimage","url":"https:\/\/franciscanos.org.br\/noticias\/wp-content\/uploads\/2015\/01\/retiro600.jpg","contentUrl":"https:\/\/franciscanos.org.br\/noticias\/wp-content\/uploads\/2015\/01\/retiro600.jpg","width":273,"height":181},{"@type":"WebPage","@id":"https:\/\/franciscanos.org.br\/noticias\/seminaristas-de-todo-o-pais-se-reunem-em-florianopolis.html#webpage","url":"https:\/\/franciscanos.org.br\/noticias\/seminaristas-de-todo-o-pais-se-reunem-em-florianopolis.html","name":"Seminaristas de todo o pa\u00eds se re\u00fanem em Florian\u00f3polis - Not\u00edcias - Franciscanos","isPartOf":{"@id":"https:\/\/franciscanos.org.br\/noticias\/#website"},"primaryImageOfPage":{"@id":"https:\/\/franciscanos.org.br\/noticias\/seminaristas-de-todo-o-pais-se-reunem-em-florianopolis.html#primaryimage"},"datePublished":"2015-01-15T12:17:40+00:00","dateModified":"2020-02-12T16:36:22+00:00","author":{"@id":"https:\/\/franciscanos.org.br\/noticias\/#\/schema\/person\/b38fbf43118f02820bd932f2e4b14ad3"},"breadcrumb":{"@id":"https:\/\/franciscanos.org.br\/noticias\/seminaristas-de-todo-o-pais-se-reunem-em-florianopolis.html#breadcrumb"},"inLanguage":"pt-BR","potentialAction":[{"@type":"ReadAction","target":["https:\/\/franciscanos.org.br\/noticias\/seminaristas-de-todo-o-pais-se-reunem-em-florianopolis.html"]}]},{"@type":"BreadcrumbList","@id":"https:\/\/franciscanos.org.br\/noticias\/seminaristas-de-todo-o-pais-se-reunem-em-florianopolis.html#breadcrumb","itemListElement":[{"@type":"ListItem","position":1,"name":"Home","item":"https:\/\/franciscanos.org.br\/noticias"},{"@type":"ListItem","position":2,"name":"Seminaristas de todo o pa\u00eds se re\u00fanem em Florian\u00f3polis"}]},{"@type":"Person","@id":"https:\/\/franciscanos.org.br\/noticias\/#\/schema\/person\/b38fbf43118f02820bd932f2e4b14ad3","name":"admin","image":{"@type":"ImageObject","inLanguage":"pt-BR","@id":"https:\/\/franciscanos.org.br\/noticias\/#\/schema\/person\/image\/","url":"https:\/\/secure.gravatar.com\/avatar\/e8495742d34d0ba6448ea1c628263b3e?s=96&d=mm&r=g","contentUrl":"https:\/\/secure.gravatar.com\/avatar\/e8495742d34d0ba6448ea1c628263b3e?s=96&d=mm&r=g","caption":"admin"},"url":"https:\/\/franciscanos.org.br\/noticias\/author\/admin"}]}},"_links":{"self":[{"href":"https:\/\/franciscanos.org.br\/noticias\/wp-json\/wp\/v2\/posts\/77214"}],"collection":[{"href":"https:\/\/franciscanos.org.br\/noticias\/wp-json\/wp\/v2\/posts"}],"about":[{"href":"https:\/\/franciscanos.org.br\/noticias\/wp-json\/wp\/v2\/types\/post"}],"author":[{"embeddable":true,"href":"https:\/\/franciscanos.org.br\/noticias\/wp-json\/wp\/v2\/users\/1"}],"replies":[{"embeddable":true,"href":"https:\/\/franciscanos.org.br\/noticias\/wp-json\/wp\/v2\/comments?post=77214"}],"version-history":[{"count":0,"href":"https:\/\/franciscanos.org.br\/noticias\/wp-json\/wp\/v2\/posts\/77214\/revisions"}],"wp:featuredmedia":[{"embeddable":true,"href":"https:\/\/franciscanos.org.br\/noticias\/wp-json\/wp\/v2\/media\/219753"}],"wp:attachment":[{"href":"https:\/\/franciscanos.org.br\/noticias\/wp-json\/wp\/v2\/media?parent=77214"}],"wp:term":[{"taxonomy":"category","embeddable":true,"href":"https:\/\/franciscanos.org.br\/noticias\/wp-json\/wp\/v2\/categories?post=77214"},{"taxonomy":"post_tag","embeddable":true,"href":"https:\/\/franciscanos.org.br\/noticias\/wp-json\/wp\/v2\/tags?post=77214"}],"curies":[{"name":"wp","href":"https:\/\/api.w.org\/{rel}","templated":true}]}}