{"id":77167,"date":"2015-01-22T09:34:02","date_gmt":"2015-01-22T11:34:02","guid":{"rendered":"http:\/\/franciscanos.org.br\/?p=77167"},"modified":"2019-01-24T13:34:09","modified_gmt":"2019-01-24T15:34:09","slug":"o-novo-livro-de-anselm-grun-entre-os-lancamentos","status":"publish","type":"post","link":"https:\/\/franciscanos.org.br\/noticias\/o-novo-livro-de-anselm-grun-entre-os-lancamentos.html","title":{"rendered":"O novo livro de Anselm Gr\u00fcn entre os lan\u00e7amentos"},"content":{"rendered":"<p>A Editora Vozes apresenta seus \u00faltimos lan\u00e7amentos.<\/p>\n<h4><strong><a href=\"http:\/\/franciscanos.org.br\/wp-content\/uploads\/2015\/01\/humildade.jpg\"><img loading=\"lazy\" class=\"alignleft size-full wp-image-77779\" src=\"http:\/\/franciscanos.org.br\/wp-content\/uploads\/2015\/01\/humildade.jpg\" alt=\"humildade\" width=\"200\" height=\"345\" \/><\/a>Humildade e Experi\u00eancia de Deus<\/strong><\/h4>\n<p><em>Anselm Gr\u00fcn<\/em><\/p>\n<p>Observando os escritos dos monges antigos, encontramos in\u00fameras vezes a palavra <em>humildade<\/em> como uma esp\u00e9cie de sin\u00f4nimo da express\u00e3o <em>experi\u00eancia de Deus<\/em>. No monacato antigo, todos os autores cantavam louvores \u00e0 humildade, como a vit\u00f3ria sobre as paix\u00f5es e os v\u00edcios. Hoje quase n\u00e3o se fala da humildade e muito se fala da experi\u00eancia de Deus. Mas, na verdade, os dois conceitos s\u00e3o insepar\u00e1veis. Assim, s\u00f3 entendemos corretamente o conceito de <em>experi\u00eancia de Deus<\/em> se o pronunciamos no mesmo sentido de <em>humildade<\/em>. O orgulhoso n\u00e3o consegue experimentar Deus, s\u00f3 consegue falar sobre Deus. Quem experimenta Deus, experimenta, ao mesmo tempo, sua pr\u00f3pria fraqueza e falibilidade, experimenta a si mesmo em sua <em>humilitas<\/em>, em sua pr\u00f3pria inferioridade.<\/p>\n<p>Na obra <em>Humildade e Experi\u00eancia de Deus <\/em>Anselm Gr\u00fcn apresenta os efeitos da humildade e demonstra como podemos alcan\u00e7\u00e1-la. Assim, a sabedoria dos monges antigos pode ajudar-nos a encontrar a n\u00f3s mesmos e vivenciar Deus.<\/p>\n<p style=\"padding-left: 30px;\"><em>Anselm Gr\u00fcn OSB,<\/em><em> doutor em teologia, nascido em 1945, \u00e9 despenseiro na Abadia de M\u00fcnsterschwarzach e guia de medita\u00e7\u00e3o. Seus livros s\u00e3o divulgados pelo mundo, chegando a milh\u00f5es de c\u00f3pias vendidas. H\u00e1 d\u00e9cadas vem se dedicando a refletir e escrever sobre as quest\u00f5es fundamentais da vida, das rela\u00e7\u00f5es humanas, dos desafios que nos convidam a amadurecer e abrir nossa alma para encontrar sua verdadeira natureza e perceber Deus nas coisas aparentemente simples. Inspira-se na tradu\u00e7\u00e3o mon\u00e1stica e crist\u00e3, e recorre tamb\u00e9m \u00e0 psicologia e \u00e0s demais ci\u00eancias para ajudar as pessoas a compreender melhor sua vida e diminuir a complexidade dos problemas que a vida moderna nos imp\u00f5e enfrentar. Tem a habilidade de falar com clareza, e expressar aquilo que muitos n\u00e3o conseguem formular em palavras. \u00c9 autor de dezenas de obras publicadas no Brasil pela Editora Vozes.<\/em><\/p>\n<p><strong>N\u00ba DE P\u00c1GINAS:\u00a080<\/strong><\/p>\n<p><strong><a href=\"http:\/\/franciscanos.org.br\/wp-content\/uploads\/2015\/01\/a-essencia-1.jpg\"><img loading=\"lazy\" class=\"alignleft size-full wp-image-77778\" src=\"http:\/\/franciscanos.org.br\/wp-content\/uploads\/2015\/01\/a-essencia-1.jpg\" alt=\"a-essencia-1\" width=\"200\" height=\"340\" \/><\/a>A ess\u00eancia da filosofia (Textos Filos\u00f3ficos)<\/strong><\/p>\n<p><em>Wilhelm Dilthey<\/em><\/p>\n<p>O conceito da filosofia, exatamente como o conceito da arte, da religiosidade ou do direito, s\u00f3 pode ser encontrado na medida em que s\u00e3o derivadas as rela\u00e7\u00f5es entre as caracter\u00edsticas que constituem o conceito. Neste caso, j\u00e1 se pressup\u00f5e uma decis\u00e3o sobre quais estados de fato precisam ser designados como filosofia. Essa decis\u00e3o, contudo, s\u00f3 pode ser levada a termo pelo pensamento se ele j\u00e1 estiver de posse das caracter\u00edsticas que s\u00e3o suficientes para fixar junto aos estados de fato o car\u00e1ter da filosofia. Assim, j\u00e1 parece ser preciso saber o que \u00e9 a filosofia, caso se comece com a forma\u00e7\u00e3o desse conceito por fatos.<\/p>\n<p>A presente sele\u00e7\u00e3o de textos para o livro <em>A<\/em> <em>Ess\u00eancia da filosofia<\/em> elucida as linhas fundamentais, que Dilthey esbo\u00e7ou no escrito hom\u00f4nimo de 1907, a partir de partes oriundas do volume 1 do <em>Introdu\u00e7\u00e3o \u00e0s ci\u00eancias humanas <\/em>(1883) e de fragmentos p\u00f3stumos dos anos de 1880 e 1889, que foram dedicados ao prosseguimento da obra capital sistem\u00e1tica. Eles atestam a continuidade do plano de uma \u201ccr\u00edtica da raz\u00e3o hist\u00f3rica\u201d.<\/p>\n<p style=\"padding-left: 30px;\"><em>Wilhelm Dilthey (1833 \u2013 1911) foi um fil\u00f3sofo alem\u00e3o. \u00c9 reconhecido sobretudo por suas distin\u00e7\u00f5es entre ci\u00eancias naturais e ci\u00eancias humanas. Enquanto a tarefa primordial daquelas \u00e9 alcan\u00e7ar explica\u00e7\u00f5es baseadas em leis, a tarefa essencial das ci\u00eancias humanas \u00e9 compreender a vida humana e a hist\u00f3ria. O objetivo de\u00a0 Dilthey era ampliar a Cr\u00edtica da Raz\u00e3o Pura de Kant, essencialmente cognitiva, para uma\u00a0<em>Cr\u00edtica da Raz\u00e3o Hist\u00f3rica que pudesse fazer justi\u00e7a ao sentido pleno da experi\u00eancia em si<\/em>. A filosofia de Dilthey exerceu influ\u00eancia em pensadores do s\u00e9culo vinte, especialmente Ortega, Heidegger, Gadamer e Ricoeur.<\/em><\/p>\n<p><strong>N\u00ba DE P\u00c1GINAS:\u00a0192<br \/>\n<\/strong><strong>Edi\u00e7\u00e3o de bolso<\/strong><\/p>\n<p><strong>N\u00ba DE P\u00c1GINAS:\u00a0224<\/strong><\/p>\n<h4><strong><a href=\"http:\/\/franciscanos.org.br\/wp-content\/uploads\/2015\/01\/redescobrindo.jpg\"><img loading=\"lazy\" class=\"alignleft size-full wp-image-77168\" src=\"http:\/\/franciscanos.org.br\/wp-content\/uploads\/2015\/01\/redescobrindo.jpg\" alt=\"redescobrindo\" width=\"200\" height=\"310\" \/><\/a>Redescobrindo a vida \u2013<br \/>\ndesperte para a realidade<\/strong><\/h4>\n<p><em>Anthony de Mello<\/em><\/p>\n<p>Esta obra procura despertar em cada um de n\u00f3s a beleza da experi\u00eancia humana e nos convida a encontrar o significado mais profundo de nossa vida. Antony de Mello oferece uma nova maneira de olhar o mundo e Deus que ir\u00e1 transformar nossa vida, por meio de supera\u00e7\u00e3o dos desejos, das programa\u00e7\u00f5es mentais e das cren\u00e7as que costumam condicionar nossa liberdade. Segundo o autor: \u201cTornar-se consciente da natureza tortuosa e habitual dos nossos pensamentos limitantes nos permite encontrar solu\u00e7\u00f5es simples que nos libertam de sentimentos e isolamento, raiva, tristeza e depress\u00e3o.\u201d<\/p>\n<p>O autor \u00e9 considerado um grande escritor espiritual e neste livro, que tem como tem\u00e1tica a redescoberta da vida, oferece uma oportunidade para quem quer encontrar um novo significado para a vida e aprender a conquistar a paz e a felicidade permanente em seu interior.<\/p>\n<p style=\"padding-left: 30px;\"><em>Anthony de Mello foi o mais importante escritor espiritual do s\u00e9culo XX. Seus livros incluindo Song of the Bird,\u00a0Sadhana e o besteselling internacional Awareness\u00a0 s\u00e3o considerados por muitos como alguns dos ensinamentos espirituais mais influentes dos \u00faltimos 50 anos.<\/em><\/p>\n<p><strong>N\u00ba DE P\u00c1GINAS:\u00a0120<\/strong><\/p>\n<p>&nbsp;<\/p>\n<h4><strong><a href=\"http:\/\/franciscanos.org.br\/wp-content\/uploads\/2015\/01\/vigiar.jpg\"><img loading=\"lazy\" class=\"alignleft size-full wp-image-77169\" src=\"http:\/\/franciscanos.org.br\/wp-content\/uploads\/2015\/01\/vigiar.jpg\" alt=\"vigiar\" width=\"200\" height=\"288\" \/><\/a>Vigiar e Punir \u2013<br \/>\nNascimento da pris\u00e3o<\/strong><\/h4>\n<p><em>Michel Foucault<\/em><\/p>\n<p>Vigiar e Punir j\u00e1 se tornou uma obra cl\u00e1ssica sobre a evolu\u00e7\u00e3o hist\u00f3rica da legisla\u00e7\u00e3o penal e os respectivos m\u00e9todos e meios coercitivos e punitivos adotados pelo poder p\u00fablico na repress\u00e3o da delinqu\u00eancia, desde os s\u00e9culos passados at\u00e9 as modernas institui\u00e7\u00f5es correcionais. Esta edi\u00e7\u00e3o traz, al\u00e9m da revis\u00e3o da obra, uma nova capa mais atual e moderna.<\/p>\n<p>Como um estudo cient\u00edfico, fartamente documentado, o livro aborda o grave problema que a sociedade e as autoridades p\u00fablicas sempre tiveram de enfrentar: a criminalidade.<\/p>\n<p>Desde tempos remotos se organizou um sistema judici\u00e1rio e coercitivo, julgado necess\u00e1rio e adequado para a defesa dos direitos privados e p\u00fablicos, punindo de v\u00e1rias maneiras aqueles que eram considerados injustos agressores. Cada \u00e9poca \u2013 documenta o autor \u2013 criou suas pr\u00f3prias leis penais, instituindo e usando os mais variados processos punitivos, que v\u00e3o da terrivelmente macabra viol\u00eancia f\u00edsica ao uso dos institutos penitenci\u00e1rios modernos.<\/p>\n<p>Vigiar e Punir teve enorme impacto sobre o modo de pensar e fazer pol\u00edtica social no Ocidente. E este estudo afirmou-se desde sua publica\u00e7\u00e3o original em 1975 como uma obra de refer\u00eancia na compreens\u00e3o da criminalidade e da delinq\u00fc\u00eancia em confronto com a repress\u00e3o e a puni\u00e7\u00e3o.<\/p>\n<p style=\"padding-left: 30px;\"><em>Michel Foucault nasceu em Poitiers em 1926. Formado em Filosofia e Psicopatologia, sua fama vem, sobretudo do livro \u201cAs palavras e as coisas (1966)\u201d, ensaio de uma epistemologia das ci\u00eancias sociais. Como titular da Cadeira de Sistemas de Pensamento no Coll\u00e8ge de France, Michel Foucault desenvolveu uma investiga\u00e7\u00e3o sobre a estrutura das institui\u00e7\u00f5es judiciais e penitenci\u00e1rias na \u00e9poca moderna; uma etapa deste trabalho \u00e9 seu livro \u201cEu, Pierre Rivi\u00e8re, tendo degolado minha m\u00e3e, minha irm\u00e3 e meu irm\u00e3o&#8230; (1973)\u201d. Morreu em Paris, no dia 25 de junho de 1984, aos 57 anos.<\/em><\/p>\n<p><strong>N\u00ba DE P\u00c1GINAS:\u00a0328<\/strong><\/p>\n","protected":false},"excerpt":{"rendered":"<p>Editora Vozes<\/p>\n","protected":false},"author":1,"featured_media":194592,"comment_status":"open","ping_status":"open","sticky":false,"template":"","format":"standard","meta":[],"categories":[1],"tags":[238],"acf":[],"yoast_head":"<!-- This site is optimized with the Yoast SEO plugin v19.2 - https:\/\/yoast.com\/wordpress\/plugins\/seo\/ -->\n<title>O novo livro de Anselm Gr\u00fcn entre os lan\u00e7amentos - Not\u00edcias - Franciscanos<\/title>\n<meta name=\"robots\" content=\"index, follow, max-snippet:-1, max-image-preview:large, max-video-preview:-1\" \/>\n<link rel=\"canonical\" href=\"https:\/\/franciscanos.org.br\/noticias\/o-novo-livro-de-anselm-grun-entre-os-lancamentos.html\" \/>\n<meta property=\"og:locale\" content=\"pt_BR\" \/>\n<meta property=\"og:type\" content=\"article\" \/>\n<meta property=\"og:title\" content=\"O novo livro de Anselm Gr\u00fcn entre os lan\u00e7amentos - Not\u00edcias - Franciscanos\" \/>\n<meta property=\"og:description\" content=\"Editora Vozes\" \/>\n<meta property=\"og:url\" content=\"https:\/\/franciscanos.org.br\/noticias\/o-novo-livro-de-anselm-grun-entre-os-lancamentos.html\" \/>\n<meta property=\"og:site_name\" content=\"Not\u00edcias - Franciscanos\" \/>\n<meta property=\"article:published_time\" content=\"2015-01-22T11:34:02+00:00\" \/>\n<meta property=\"article:modified_time\" content=\"2019-01-24T15:34:09+00:00\" \/>\n<meta property=\"og:image\" content=\"https:\/\/franciscanos.org.br\/noticias\/wp-content\/uploads\/2017\/11\/vozes.png\" \/>\n\t<meta property=\"og:image:width\" content=\"273\" \/>\n\t<meta property=\"og:image:height\" content=\"181\" \/>\n\t<meta property=\"og:image:type\" content=\"image\/png\" \/>\n<meta name=\"author\" content=\"admin\" \/>\n<meta name=\"twitter:card\" content=\"summary_large_image\" \/>\n<meta name=\"twitter:label1\" content=\"Escrito por\" \/>\n\t<meta name=\"twitter:data1\" content=\"admin\" \/>\n\t<meta name=\"twitter:label2\" content=\"Est. tempo de leitura\" \/>\n\t<meta name=\"twitter:data2\" content=\"6 minutos\" \/>\n<script type=\"application\/ld+json\" class=\"yoast-schema-graph\">{\"@context\":\"https:\/\/schema.org\",\"@graph\":[{\"@type\":\"WebSite\",\"@id\":\"https:\/\/franciscanos.org.br\/noticias\/#website\",\"url\":\"https:\/\/franciscanos.org.br\/noticias\/\",\"name\":\"Not\u00edcias - Franciscanos\",\"description\":\"Prov\u00edncia Franciscana da Imaculada Concei\u00e7\u00e3o do Brasil - Ordem dos Frades Menores - OFM\",\"potentialAction\":[{\"@type\":\"SearchAction\",\"target\":{\"@type\":\"EntryPoint\",\"urlTemplate\":\"https:\/\/franciscanos.org.br\/noticias\/?s={search_term_string}\"},\"query-input\":\"required name=search_term_string\"}],\"inLanguage\":\"pt-BR\"},{\"@type\":\"ImageObject\",\"inLanguage\":\"pt-BR\",\"@id\":\"https:\/\/franciscanos.org.br\/noticias\/o-novo-livro-de-anselm-grun-entre-os-lancamentos.html#primaryimage\",\"url\":\"https:\/\/franciscanos.org.br\/noticias\/wp-content\/uploads\/2017\/11\/vozes.png\",\"contentUrl\":\"https:\/\/franciscanos.org.br\/noticias\/wp-content\/uploads\/2017\/11\/vozes.png\",\"width\":273,\"height\":181},{\"@type\":\"WebPage\",\"@id\":\"https:\/\/franciscanos.org.br\/noticias\/o-novo-livro-de-anselm-grun-entre-os-lancamentos.html#webpage\",\"url\":\"https:\/\/franciscanos.org.br\/noticias\/o-novo-livro-de-anselm-grun-entre-os-lancamentos.html\",\"name\":\"O novo livro de Anselm Gr\u00fcn entre os lan\u00e7amentos - Not\u00edcias - Franciscanos\",\"isPartOf\":{\"@id\":\"https:\/\/franciscanos.org.br\/noticias\/#website\"},\"primaryImageOfPage\":{\"@id\":\"https:\/\/franciscanos.org.br\/noticias\/o-novo-livro-de-anselm-grun-entre-os-lancamentos.html#primaryimage\"},\"datePublished\":\"2015-01-22T11:34:02+00:00\",\"dateModified\":\"2019-01-24T15:34:09+00:00\",\"author\":{\"@id\":\"https:\/\/franciscanos.org.br\/noticias\/#\/schema\/person\/b38fbf43118f02820bd932f2e4b14ad3\"},\"breadcrumb\":{\"@id\":\"https:\/\/franciscanos.org.br\/noticias\/o-novo-livro-de-anselm-grun-entre-os-lancamentos.html#breadcrumb\"},\"inLanguage\":\"pt-BR\",\"potentialAction\":[{\"@type\":\"ReadAction\",\"target\":[\"https:\/\/franciscanos.org.br\/noticias\/o-novo-livro-de-anselm-grun-entre-os-lancamentos.html\"]}]},{\"@type\":\"BreadcrumbList\",\"@id\":\"https:\/\/franciscanos.org.br\/noticias\/o-novo-livro-de-anselm-grun-entre-os-lancamentos.html#breadcrumb\",\"itemListElement\":[{\"@type\":\"ListItem\",\"position\":1,\"name\":\"Home\",\"item\":\"https:\/\/franciscanos.org.br\/noticias\"},{\"@type\":\"ListItem\",\"position\":2,\"name\":\"O novo livro de Anselm Gr\u00fcn entre os lan\u00e7amentos\"}]},{\"@type\":\"Person\",\"@id\":\"https:\/\/franciscanos.org.br\/noticias\/#\/schema\/person\/b38fbf43118f02820bd932f2e4b14ad3\",\"name\":\"admin\",\"image\":{\"@type\":\"ImageObject\",\"inLanguage\":\"pt-BR\",\"@id\":\"https:\/\/franciscanos.org.br\/noticias\/#\/schema\/person\/image\/\",\"url\":\"https:\/\/secure.gravatar.com\/avatar\/e8495742d34d0ba6448ea1c628263b3e?s=96&d=mm&r=g\",\"contentUrl\":\"https:\/\/secure.gravatar.com\/avatar\/e8495742d34d0ba6448ea1c628263b3e?s=96&d=mm&r=g\",\"caption\":\"admin\"},\"url\":\"https:\/\/franciscanos.org.br\/noticias\/author\/admin\"}]}<\/script>\n<!-- \/ Yoast SEO plugin. -->","yoast_head_json":{"title":"O novo livro de Anselm Gr\u00fcn entre os lan\u00e7amentos - Not\u00edcias - Franciscanos","robots":{"index":"index","follow":"follow","max-snippet":"max-snippet:-1","max-image-preview":"max-image-preview:large","max-video-preview":"max-video-preview:-1"},"canonical":"https:\/\/franciscanos.org.br\/noticias\/o-novo-livro-de-anselm-grun-entre-os-lancamentos.html","og_locale":"pt_BR","og_type":"article","og_title":"O novo livro de Anselm Gr\u00fcn entre os lan\u00e7amentos - Not\u00edcias - Franciscanos","og_description":"Editora Vozes","og_url":"https:\/\/franciscanos.org.br\/noticias\/o-novo-livro-de-anselm-grun-entre-os-lancamentos.html","og_site_name":"Not\u00edcias - Franciscanos","article_published_time":"2015-01-22T11:34:02+00:00","article_modified_time":"2019-01-24T15:34:09+00:00","og_image":[{"width":273,"height":181,"url":"https:\/\/franciscanos.org.br\/noticias\/wp-content\/uploads\/2017\/11\/vozes.png","type":"image\/png"}],"author":"admin","twitter_card":"summary_large_image","twitter_misc":{"Escrito por":"admin","Est. tempo de leitura":"6 minutos"},"schema":{"@context":"https:\/\/schema.org","@graph":[{"@type":"WebSite","@id":"https:\/\/franciscanos.org.br\/noticias\/#website","url":"https:\/\/franciscanos.org.br\/noticias\/","name":"Not\u00edcias - Franciscanos","description":"Prov\u00edncia Franciscana da Imaculada Concei\u00e7\u00e3o do Brasil - Ordem dos Frades Menores - OFM","potentialAction":[{"@type":"SearchAction","target":{"@type":"EntryPoint","urlTemplate":"https:\/\/franciscanos.org.br\/noticias\/?s={search_term_string}"},"query-input":"required name=search_term_string"}],"inLanguage":"pt-BR"},{"@type":"ImageObject","inLanguage":"pt-BR","@id":"https:\/\/franciscanos.org.br\/noticias\/o-novo-livro-de-anselm-grun-entre-os-lancamentos.html#primaryimage","url":"https:\/\/franciscanos.org.br\/noticias\/wp-content\/uploads\/2017\/11\/vozes.png","contentUrl":"https:\/\/franciscanos.org.br\/noticias\/wp-content\/uploads\/2017\/11\/vozes.png","width":273,"height":181},{"@type":"WebPage","@id":"https:\/\/franciscanos.org.br\/noticias\/o-novo-livro-de-anselm-grun-entre-os-lancamentos.html#webpage","url":"https:\/\/franciscanos.org.br\/noticias\/o-novo-livro-de-anselm-grun-entre-os-lancamentos.html","name":"O novo livro de Anselm Gr\u00fcn entre os lan\u00e7amentos - Not\u00edcias - Franciscanos","isPartOf":{"@id":"https:\/\/franciscanos.org.br\/noticias\/#website"},"primaryImageOfPage":{"@id":"https:\/\/franciscanos.org.br\/noticias\/o-novo-livro-de-anselm-grun-entre-os-lancamentos.html#primaryimage"},"datePublished":"2015-01-22T11:34:02+00:00","dateModified":"2019-01-24T15:34:09+00:00","author":{"@id":"https:\/\/franciscanos.org.br\/noticias\/#\/schema\/person\/b38fbf43118f02820bd932f2e4b14ad3"},"breadcrumb":{"@id":"https:\/\/franciscanos.org.br\/noticias\/o-novo-livro-de-anselm-grun-entre-os-lancamentos.html#breadcrumb"},"inLanguage":"pt-BR","potentialAction":[{"@type":"ReadAction","target":["https:\/\/franciscanos.org.br\/noticias\/o-novo-livro-de-anselm-grun-entre-os-lancamentos.html"]}]},{"@type":"BreadcrumbList","@id":"https:\/\/franciscanos.org.br\/noticias\/o-novo-livro-de-anselm-grun-entre-os-lancamentos.html#breadcrumb","itemListElement":[{"@type":"ListItem","position":1,"name":"Home","item":"https:\/\/franciscanos.org.br\/noticias"},{"@type":"ListItem","position":2,"name":"O novo livro de Anselm Gr\u00fcn entre os lan\u00e7amentos"}]},{"@type":"Person","@id":"https:\/\/franciscanos.org.br\/noticias\/#\/schema\/person\/b38fbf43118f02820bd932f2e4b14ad3","name":"admin","image":{"@type":"ImageObject","inLanguage":"pt-BR","@id":"https:\/\/franciscanos.org.br\/noticias\/#\/schema\/person\/image\/","url":"https:\/\/secure.gravatar.com\/avatar\/e8495742d34d0ba6448ea1c628263b3e?s=96&d=mm&r=g","contentUrl":"https:\/\/secure.gravatar.com\/avatar\/e8495742d34d0ba6448ea1c628263b3e?s=96&d=mm&r=g","caption":"admin"},"url":"https:\/\/franciscanos.org.br\/noticias\/author\/admin"}]}},"_links":{"self":[{"href":"https:\/\/franciscanos.org.br\/noticias\/wp-json\/wp\/v2\/posts\/77167"}],"collection":[{"href":"https:\/\/franciscanos.org.br\/noticias\/wp-json\/wp\/v2\/posts"}],"about":[{"href":"https:\/\/franciscanos.org.br\/noticias\/wp-json\/wp\/v2\/types\/post"}],"author":[{"embeddable":true,"href":"https:\/\/franciscanos.org.br\/noticias\/wp-json\/wp\/v2\/users\/1"}],"replies":[{"embeddable":true,"href":"https:\/\/franciscanos.org.br\/noticias\/wp-json\/wp\/v2\/comments?post=77167"}],"version-history":[{"count":0,"href":"https:\/\/franciscanos.org.br\/noticias\/wp-json\/wp\/v2\/posts\/77167\/revisions"}],"wp:featuredmedia":[{"embeddable":true,"href":"https:\/\/franciscanos.org.br\/noticias\/wp-json\/wp\/v2\/media\/194592"}],"wp:attachment":[{"href":"https:\/\/franciscanos.org.br\/noticias\/wp-json\/wp\/v2\/media?parent=77167"}],"wp:term":[{"taxonomy":"category","embeddable":true,"href":"https:\/\/franciscanos.org.br\/noticias\/wp-json\/wp\/v2\/categories?post=77167"},{"taxonomy":"post_tag","embeddable":true,"href":"https:\/\/franciscanos.org.br\/noticias\/wp-json\/wp\/v2\/tags?post=77167"}],"curies":[{"name":"wp","href":"https:\/\/api.w.org\/{rel}","templated":true}]}}