{"id":76626,"date":"2015-01-09T13:14:22","date_gmt":"2015-01-09T15:14:22","guid":{"rendered":"http:\/\/franciscanos.org.br\/?p=76626"},"modified":"2020-06-24T11:52:23","modified_gmt":"2020-06-24T14:52:23","slug":"o-filho-amado-festa-do-batismo-do-senhor","status":"publish","type":"post","link":"https:\/\/franciscanos.org.br\/noticias\/o-filho-amado-festa-do-batismo-do-senhor.html","title":{"rendered":"&#8220;O Filho Amado&#8221;:  festa do Batismo do Senhor"},"content":{"rendered":"<p><strong><a href=\"http:\/\/franciscanos.org.br\/wp-content\/uploads\/2015\/01\/joao_baptista.jpg\"><img loading=\"lazy\" class=\"alignleft size-full wp-image-76629\" src=\"http:\/\/franciscanos.org.br\/wp-content\/uploads\/2015\/01\/joao_baptista.jpg\" alt=\"joao_baptista\" width=\"454\" height=\"700\" \/><\/a>11 de janeiro de 2015<\/strong><br \/>\n<strong>Festa do Batismo do Senhor<\/strong><br \/>\n<strong>Isa\u00edas 42, 1-4.6-7; Atos 10, 34-38; Marcos 1, 7-11<\/strong><\/p>\n<p>Assim fala o Senhor: \u201cEis o meu servo \u2013 eu o recebo; eis o meu eleito, nele se compraz a minha alma; pus meu esp\u00edrito sobre ele, ele promover\u00e1 o julgamento das na\u00e7\u00f5es (Is 42, 1).<\/p>\n<p>Estamos para terminar o ciclo da liturgia do Natal. O Deus grande e belo foi se revelando aos seus: primeiro foi o pres\u00e9pio das palhas, em seguida a manifesta\u00e7\u00e3o aos Magos. Hoje, o Pai mostra o Filho amado nas \u00e1guas do Jord\u00e3o.<\/p>\n<p>Havia alguma coisa diferente no ar. O Batista impressionava. Falava da chegada dos tempos finais e pedia que seus ouvintes se convertessem e os convidava a um banho de purifica\u00e7\u00e3o. Aqueles e aquelas que ouviam suas palavras fortes e contundentes tinham vontade colocar um sinal, um gesto exterior que expressasse seu arrependimento. Era batizados no Jord\u00e3o. Ao nome de Jo\u00e3o, filho de Isabel e de Zacarias, acrescentou-se uma palavra que, de alguma forma, o definia: Jo\u00e3o Batista, o batizador.<\/p>\n<p>Um belo dia, Jesus se associa ao cortejo dos pecadores. Aquele que n\u00e3o havia conhecido pecado, o transparente, a luz que vem da luz, se apresenta a Jo\u00e3o pedindo que ele o batizasse. Ele queria se unir a todo um povo de pessoas que tinham consci\u00eancia dos dilaceramentos interiores. Aquele que n\u00e3o conhecera pecado agora se unia ao cortejo dos infratores.<\/p>\n<p>Marcos, sempre sucinto, descreve a cena com poucas palavras: \u201cNaqueles dias, Jesus veio de Nazar\u00e9 da Galil\u00e9ia e foi batizado por Jo\u00e3o no rio Jord\u00e3o. E logo ao sair da \u00e1gua viu o c\u00e9u se abrindo, e o Espirito, como pomba descer sobre ele\u201d.<\/p>\n<p>Demos a palavra a Pedro Cris\u00f3logo (sec. V):<\/p>\n<p>\u201cHoje Cristo entrou nas \u00e1guas do Jord\u00e3o para lavar o pecado do mundo. E Jo\u00e3o d\u00e1 testemunho que foi para isso que ele veio, ao dizer: Eis o Cordeiro de Deus que tira o pecado do mundo (Jo 1,29).<\/p>\n<p>Hoje, o servo recebe o Senhor, o homem recebe Deus, Jo\u00e3o recebe Cristo; recebe-o para obter o perd\u00e3o e n\u00e3o para conceder. Hoje, como disse o profeta, a voz do Senhor ressoa sobre as \u00e1guas (Sl 28,3). E o que diz esta voz? Eis o meu Filho amado no qual eu pus o meu agrado (Mt 3, 17).<br \/>\nHoje, o Espirito Santo, em forma de pomba paira sobre as \u00e1guas: assim como uma pomba anunciou a No\u00e9 o fim do dil\u00favio, por sua presen\u00e7a os homens saberiam que havia terminado ininterrupto naufr\u00e1gio do mundo. Esta pomba n\u00e3o trouxe como a outra, um ramo da antiga oliveira, mas derramou sobre a cabe\u00e7a do Senhor toda a riqueza do novo \u00f3leo, cumprindo-se assim o que o profeta anunciara: \u00c9 por isso que Deus vos ungiu com seu \u00f3leo, deu-vos mais alegria que aos vossos amigos (Sl 44,8).<\/p>\n<p><strong>Frei Almir Ribeiro Guimar\u00e3es<\/strong><\/p>\n<p>&nbsp;<\/p>\n<p>Leia tamb\u00e9m a reflex\u00e3o do <a href=\"http:\/\/franciscanos.org.br\/?p=76571\">Pe. Johan Konings. <\/a><\/p>\n<p>l<\/p>\n","protected":false},"excerpt":{"rendered":"<p>Mesa da Palavra<\/p>\n","protected":false},"author":1,"featured_media":219033,"comment_status":"open","ping_status":"open","sticky":false,"template":"","format":"standard","meta":[],"categories":[1],"tags":[537],"acf":[],"yoast_head":"<!-- This site is optimized with the Yoast SEO plugin v19.2 - https:\/\/yoast.com\/wordpress\/plugins\/seo\/ -->\n<title>&quot;O Filho Amado&quot;: festa do Batismo do Senhor - Not\u00edcias - Franciscanos<\/title>\n<meta name=\"robots\" content=\"index, follow, max-snippet:-1, max-image-preview:large, max-video-preview:-1\" \/>\n<link rel=\"canonical\" href=\"https:\/\/franciscanos.org.br\/noticias\/o-filho-amado-festa-do-batismo-do-senhor.html\" \/>\n<meta property=\"og:locale\" content=\"pt_BR\" \/>\n<meta property=\"og:type\" content=\"article\" \/>\n<meta property=\"og:title\" content=\"&quot;O Filho Amado&quot;: festa do Batismo do Senhor - Not\u00edcias - Franciscanos\" \/>\n<meta property=\"og:description\" content=\"Mesa da Palavra\" \/>\n<meta property=\"og:url\" content=\"https:\/\/franciscanos.org.br\/noticias\/o-filho-amado-festa-do-batismo-do-senhor.html\" \/>\n<meta property=\"og:site_name\" content=\"Not\u00edcias - Franciscanos\" \/>\n<meta property=\"article:published_time\" content=\"2015-01-09T15:14:22+00:00\" \/>\n<meta property=\"article:modified_time\" content=\"2020-06-24T14:52:23+00:00\" \/>\n<meta property=\"og:image\" content=\"https:\/\/franciscanos.org.br\/noticias\/wp-content\/uploads\/2015\/01\/joao_baptista.jpg\" \/>\n\t<meta property=\"og:image:width\" content=\"273\" \/>\n\t<meta property=\"og:image:height\" content=\"182\" \/>\n\t<meta property=\"og:image:type\" content=\"image\/jpeg\" \/>\n<meta name=\"author\" content=\"admin\" \/>\n<meta name=\"twitter:card\" content=\"summary_large_image\" \/>\n<meta name=\"twitter:label1\" content=\"Escrito por\" \/>\n\t<meta name=\"twitter:data1\" content=\"admin\" \/>\n\t<meta name=\"twitter:label2\" content=\"Est. tempo de leitura\" \/>\n\t<meta name=\"twitter:data2\" content=\"3 minutos\" \/>\n<script type=\"application\/ld+json\" class=\"yoast-schema-graph\">{\"@context\":\"https:\/\/schema.org\",\"@graph\":[{\"@type\":\"WebSite\",\"@id\":\"https:\/\/franciscanos.org.br\/noticias\/#website\",\"url\":\"https:\/\/franciscanos.org.br\/noticias\/\",\"name\":\"Not\u00edcias - Franciscanos\",\"description\":\"Prov\u00edncia Franciscana da Imaculada Concei\u00e7\u00e3o do Brasil - Ordem dos Frades Menores - OFM\",\"potentialAction\":[{\"@type\":\"SearchAction\",\"target\":{\"@type\":\"EntryPoint\",\"urlTemplate\":\"https:\/\/franciscanos.org.br\/noticias\/?s={search_term_string}\"},\"query-input\":\"required name=search_term_string\"}],\"inLanguage\":\"pt-BR\"},{\"@type\":\"ImageObject\",\"inLanguage\":\"pt-BR\",\"@id\":\"https:\/\/franciscanos.org.br\/noticias\/o-filho-amado-festa-do-batismo-do-senhor.html#primaryimage\",\"url\":\"https:\/\/franciscanos.org.br\/noticias\/wp-content\/uploads\/2015\/01\/joao_baptista.jpg\",\"contentUrl\":\"https:\/\/franciscanos.org.br\/noticias\/wp-content\/uploads\/2015\/01\/joao_baptista.jpg\",\"width\":273,\"height\":182},{\"@type\":\"WebPage\",\"@id\":\"https:\/\/franciscanos.org.br\/noticias\/o-filho-amado-festa-do-batismo-do-senhor.html#webpage\",\"url\":\"https:\/\/franciscanos.org.br\/noticias\/o-filho-amado-festa-do-batismo-do-senhor.html\",\"name\":\"\\\"O Filho Amado\\\": festa do Batismo do Senhor - Not\u00edcias - Franciscanos\",\"isPartOf\":{\"@id\":\"https:\/\/franciscanos.org.br\/noticias\/#website\"},\"primaryImageOfPage\":{\"@id\":\"https:\/\/franciscanos.org.br\/noticias\/o-filho-amado-festa-do-batismo-do-senhor.html#primaryimage\"},\"datePublished\":\"2015-01-09T15:14:22+00:00\",\"dateModified\":\"2020-06-24T14:52:23+00:00\",\"author\":{\"@id\":\"https:\/\/franciscanos.org.br\/noticias\/#\/schema\/person\/b38fbf43118f02820bd932f2e4b14ad3\"},\"breadcrumb\":{\"@id\":\"https:\/\/franciscanos.org.br\/noticias\/o-filho-amado-festa-do-batismo-do-senhor.html#breadcrumb\"},\"inLanguage\":\"pt-BR\",\"potentialAction\":[{\"@type\":\"ReadAction\",\"target\":[\"https:\/\/franciscanos.org.br\/noticias\/o-filho-amado-festa-do-batismo-do-senhor.html\"]}]},{\"@type\":\"BreadcrumbList\",\"@id\":\"https:\/\/franciscanos.org.br\/noticias\/o-filho-amado-festa-do-batismo-do-senhor.html#breadcrumb\",\"itemListElement\":[{\"@type\":\"ListItem\",\"position\":1,\"name\":\"Home\",\"item\":\"https:\/\/franciscanos.org.br\/noticias\"},{\"@type\":\"ListItem\",\"position\":2,\"name\":\"&#8220;O Filho Amado&#8221;: festa do Batismo do Senhor\"}]},{\"@type\":\"Person\",\"@id\":\"https:\/\/franciscanos.org.br\/noticias\/#\/schema\/person\/b38fbf43118f02820bd932f2e4b14ad3\",\"name\":\"admin\",\"image\":{\"@type\":\"ImageObject\",\"inLanguage\":\"pt-BR\",\"@id\":\"https:\/\/franciscanos.org.br\/noticias\/#\/schema\/person\/image\/\",\"url\":\"https:\/\/secure.gravatar.com\/avatar\/e8495742d34d0ba6448ea1c628263b3e?s=96&d=mm&r=g\",\"contentUrl\":\"https:\/\/secure.gravatar.com\/avatar\/e8495742d34d0ba6448ea1c628263b3e?s=96&d=mm&r=g\",\"caption\":\"admin\"},\"url\":\"https:\/\/franciscanos.org.br\/noticias\/author\/admin\"}]}<\/script>\n<!-- \/ Yoast SEO plugin. -->","yoast_head_json":{"title":"\"O Filho Amado\": festa do Batismo do Senhor - Not\u00edcias - Franciscanos","robots":{"index":"index","follow":"follow","max-snippet":"max-snippet:-1","max-image-preview":"max-image-preview:large","max-video-preview":"max-video-preview:-1"},"canonical":"https:\/\/franciscanos.org.br\/noticias\/o-filho-amado-festa-do-batismo-do-senhor.html","og_locale":"pt_BR","og_type":"article","og_title":"\"O Filho Amado\": festa do Batismo do Senhor - Not\u00edcias - Franciscanos","og_description":"Mesa da Palavra","og_url":"https:\/\/franciscanos.org.br\/noticias\/o-filho-amado-festa-do-batismo-do-senhor.html","og_site_name":"Not\u00edcias - Franciscanos","article_published_time":"2015-01-09T15:14:22+00:00","article_modified_time":"2020-06-24T14:52:23+00:00","og_image":[{"width":273,"height":182,"url":"https:\/\/franciscanos.org.br\/noticias\/wp-content\/uploads\/2015\/01\/joao_baptista.jpg","type":"image\/jpeg"}],"author":"admin","twitter_card":"summary_large_image","twitter_misc":{"Escrito por":"admin","Est. tempo de leitura":"3 minutos"},"schema":{"@context":"https:\/\/schema.org","@graph":[{"@type":"WebSite","@id":"https:\/\/franciscanos.org.br\/noticias\/#website","url":"https:\/\/franciscanos.org.br\/noticias\/","name":"Not\u00edcias - Franciscanos","description":"Prov\u00edncia Franciscana da Imaculada Concei\u00e7\u00e3o do Brasil - Ordem dos Frades Menores - OFM","potentialAction":[{"@type":"SearchAction","target":{"@type":"EntryPoint","urlTemplate":"https:\/\/franciscanos.org.br\/noticias\/?s={search_term_string}"},"query-input":"required name=search_term_string"}],"inLanguage":"pt-BR"},{"@type":"ImageObject","inLanguage":"pt-BR","@id":"https:\/\/franciscanos.org.br\/noticias\/o-filho-amado-festa-do-batismo-do-senhor.html#primaryimage","url":"https:\/\/franciscanos.org.br\/noticias\/wp-content\/uploads\/2015\/01\/joao_baptista.jpg","contentUrl":"https:\/\/franciscanos.org.br\/noticias\/wp-content\/uploads\/2015\/01\/joao_baptista.jpg","width":273,"height":182},{"@type":"WebPage","@id":"https:\/\/franciscanos.org.br\/noticias\/o-filho-amado-festa-do-batismo-do-senhor.html#webpage","url":"https:\/\/franciscanos.org.br\/noticias\/o-filho-amado-festa-do-batismo-do-senhor.html","name":"\"O Filho Amado\": festa do Batismo do Senhor - Not\u00edcias - Franciscanos","isPartOf":{"@id":"https:\/\/franciscanos.org.br\/noticias\/#website"},"primaryImageOfPage":{"@id":"https:\/\/franciscanos.org.br\/noticias\/o-filho-amado-festa-do-batismo-do-senhor.html#primaryimage"},"datePublished":"2015-01-09T15:14:22+00:00","dateModified":"2020-06-24T14:52:23+00:00","author":{"@id":"https:\/\/franciscanos.org.br\/noticias\/#\/schema\/person\/b38fbf43118f02820bd932f2e4b14ad3"},"breadcrumb":{"@id":"https:\/\/franciscanos.org.br\/noticias\/o-filho-amado-festa-do-batismo-do-senhor.html#breadcrumb"},"inLanguage":"pt-BR","potentialAction":[{"@type":"ReadAction","target":["https:\/\/franciscanos.org.br\/noticias\/o-filho-amado-festa-do-batismo-do-senhor.html"]}]},{"@type":"BreadcrumbList","@id":"https:\/\/franciscanos.org.br\/noticias\/o-filho-amado-festa-do-batismo-do-senhor.html#breadcrumb","itemListElement":[{"@type":"ListItem","position":1,"name":"Home","item":"https:\/\/franciscanos.org.br\/noticias"},{"@type":"ListItem","position":2,"name":"&#8220;O Filho Amado&#8221;: festa do Batismo do Senhor"}]},{"@type":"Person","@id":"https:\/\/franciscanos.org.br\/noticias\/#\/schema\/person\/b38fbf43118f02820bd932f2e4b14ad3","name":"admin","image":{"@type":"ImageObject","inLanguage":"pt-BR","@id":"https:\/\/franciscanos.org.br\/noticias\/#\/schema\/person\/image\/","url":"https:\/\/secure.gravatar.com\/avatar\/e8495742d34d0ba6448ea1c628263b3e?s=96&d=mm&r=g","contentUrl":"https:\/\/secure.gravatar.com\/avatar\/e8495742d34d0ba6448ea1c628263b3e?s=96&d=mm&r=g","caption":"admin"},"url":"https:\/\/franciscanos.org.br\/noticias\/author\/admin"}]}},"_links":{"self":[{"href":"https:\/\/franciscanos.org.br\/noticias\/wp-json\/wp\/v2\/posts\/76626"}],"collection":[{"href":"https:\/\/franciscanos.org.br\/noticias\/wp-json\/wp\/v2\/posts"}],"about":[{"href":"https:\/\/franciscanos.org.br\/noticias\/wp-json\/wp\/v2\/types\/post"}],"author":[{"embeddable":true,"href":"https:\/\/franciscanos.org.br\/noticias\/wp-json\/wp\/v2\/users\/1"}],"replies":[{"embeddable":true,"href":"https:\/\/franciscanos.org.br\/noticias\/wp-json\/wp\/v2\/comments?post=76626"}],"version-history":[{"count":1,"href":"https:\/\/franciscanos.org.br\/noticias\/wp-json\/wp\/v2\/posts\/76626\/revisions"}],"predecessor-version":[{"id":226685,"href":"https:\/\/franciscanos.org.br\/noticias\/wp-json\/wp\/v2\/posts\/76626\/revisions\/226685"}],"wp:featuredmedia":[{"embeddable":true,"href":"https:\/\/franciscanos.org.br\/noticias\/wp-json\/wp\/v2\/media\/219033"}],"wp:attachment":[{"href":"https:\/\/franciscanos.org.br\/noticias\/wp-json\/wp\/v2\/media?parent=76626"}],"wp:term":[{"taxonomy":"category","embeddable":true,"href":"https:\/\/franciscanos.org.br\/noticias\/wp-json\/wp\/v2\/categories?post=76626"},{"taxonomy":"post_tag","embeddable":true,"href":"https:\/\/franciscanos.org.br\/noticias\/wp-json\/wp\/v2\/tags?post=76626"}],"curies":[{"name":"wp","href":"https:\/\/api.w.org\/{rel}","templated":true}]}}