{"id":76346,"date":"2015-01-06T00:23:21","date_gmt":"2015-01-06T02:23:21","guid":{"rendered":"http:\/\/franciscanos.org.br\/?p=76346"},"modified":"2021-07-05T19:24:38","modified_gmt":"2021-07-05T22:24:38","slug":"aos-neoprofessos-abracar-com-esperanca-o-futuro","status":"publish","type":"post","link":"https:\/\/franciscanos.org.br\/noticias\/aos-neoprofessos-abracar-com-esperanca-o-futuro.html","title":{"rendered":"Frei Fid\u00eancio pede para abra\u00e7ar com esperan\u00e7a o futuro"},"content":{"rendered":"<p><img loading=\"lazy\" class=\"size-full wp-image-197267 aligncenter\" src=\"https:\/\/franciscanos.org.br\/noticias\/wp-content\/uploads\/2015\/01\/ajoelhados.jpg\" alt=\"\" width=\"820\" height=\"498\" srcset=\"https:\/\/franciscanos.org.br\/noticias\/wp-content\/uploads\/2015\/01\/ajoelhados.jpg 820w, https:\/\/franciscanos.org.br\/noticias\/wp-content\/uploads\/2015\/01\/ajoelhados-450x273.jpg 450w, https:\/\/franciscanos.org.br\/noticias\/wp-content\/uploads\/2015\/01\/ajoelhados-768x466.jpg 768w, https:\/\/franciscanos.org.br\/noticias\/wp-content\/uploads\/2015\/01\/ajoelhados-150x91.jpg 150w\" sizes=\"(max-width: 820px) 100vw, 820px\" \/><\/p>\n<p><strong>Moacir Beggo<\/strong><\/p>\n<p><strong>Rodeio (SC)<\/strong> &#8211; Todo ano \u00e9 assim: a Primeira Profiss\u00e3o dos novi\u00e7os na vida religiosa franciscana se torna uma grande e emocionante celebra\u00e7\u00e3o. Dif\u00edcil n\u00e3o se &#8216;contaminar&#8217; pelo esp\u00edrito de alegria e comunh\u00e3o que toma conta do Noviciado S\u00e3o Jos\u00e9, em Rodeio, na pequena cidade catarinense no Vale do Itaja\u00ed. E como lembrou o Ministro Provincial, Frei Fid\u00eancio Vanboemmel, j\u00e1 s\u00e3o 114 anos vivendo este momento celebrativo nessa casa hist\u00f3rica da Prov\u00edncia da Imaculada Concei\u00e7\u00e3o.<\/p>\n<p>Desta vez, para fugir um pouco do calor intenso no Vale, a celebra\u00e7\u00e3o aconteceu \u00e0s 20 horas na Matriz de S\u00e3o Francisco de Assis. Frades de toda a Prov\u00edncia, familiares e a comunidade de Rodeio marcaram presen\u00e7a neste momento \u00fanico na vida dos catorze jovens novi\u00e7os &#8211; Frei Angelo Fernandes Baratella, Frei David Belineli, Frei Erick de Ara\u00fajo Lazaro, Frei Heberti Senra In\u00e1cio, Frei Leandro Ferreira Silva, Frei Raoni Freitas da Silva, Frei Samuel Santos Soares, Frei Alberto Andr\u00e9 Ant\u00f3nio, Frei Cris\u00f3stomo Pinto Ngala, Frei Diogo da Silva Filipe, Frei Gabriel Sapalo Chico, Frei Honorato Salvador Gaspar Gabriel, Frei Paulino Kamussamba Sopindi e Frei Victorino Chico Tchimuku &#8211; que conclu\u00edram o &#8220;ano de prova\u00e7\u00e3o&#8221; para ingressar na vida religiosa franciscana.<\/p>\n<p>Frei Fid\u00eancio Vanboemmel presidiu a celebra\u00e7\u00e3o, tendo como concelebrantes o presidente da Funda\u00e7\u00e3o Imaculada M\u00e3e de Deus de Angola, Frei Jos\u00e9 Ant\u00f4nio dos Santos, e o\u00a0 guardi\u00e3o da Fraternidade do Noviciado, Frei Valdir Laurentino. Recordando a mensagem do Papa Francisco para o Ano da Vida Consagrada, que est\u00e1 sendo celebrado em 2015, o Ministro Provincial destacou tr\u00eas grandes objetivos que dever\u00e3o marcar a vida desses novos filhos de S\u00e3o Francisco: olhar com gratid\u00e3o o passado, viver com paix\u00e3o o presente; e abra\u00e7ar com esperan\u00e7a o futuro.<\/p>\n<p>&#8220;Hoje \u00e0 noite, aqui em Rodeio, nessa hist\u00f3rica casa da Prov\u00edncia, nesta hist\u00f3rica casa de Rodeio, n\u00f3s queremos render gra\u00e7as a Deus e olhar, sempre de novo, com gratid\u00e3o para essa hist\u00f3ria de f\u00e9 e experi\u00eancia vocacional, de luta e discernimento pessoal, que tantos jovens fizeram neste espa\u00e7o sagrado do Noviciado&#8221;, disse Frei Fid\u00eancio.<\/p>\n<p>Para o ministro, o segundo objetivo &#8211; viver com paix\u00e3o a data e a celebra\u00e7\u00e3o de hoje -, \u00e9 uma forma de todos os frades renovarem tamb\u00e9m, com paix\u00e3o, a pr\u00f3pria profiss\u00e3o religiosa. Mas Frei Fid\u00eancio se concentrou no terceiro objetivo &#8211; abra\u00e7ar com esperan\u00e7a o futuro &#8211; ao motivar os professandos. Segundo Frei Fid\u00eancio, o Papa lembrou que a esperan\u00e7a n\u00e3o est\u00e1 nos n\u00fameros, ainda que para o mundo de hoje 14 novi\u00e7os fazerem a Primeira Profiss\u00e3o \u00e9 um n\u00famero muito expressivo e importante. &#8220;A esperan\u00e7a que n\u00f3s queremos viver \u00e9, sobretudo, o Esp\u00edrito Santo de Deus que vai nos inspirar a viver com alegria, com paix\u00e3o, com entusiasmo a nossa pr\u00f3pria consagra\u00e7\u00e3o&#8221;, disse o Ministro, lembrando que o Papa falou especialmente aos jovens consagrados, porque, em breve, &#8220;sereis chamados a tomar em vossas m\u00e3os a lideran\u00e7a da anima\u00e7\u00e3o provincial, da forma\u00e7\u00e3o, do servi\u00e7o, da miss\u00e3o&#8221;.<\/p>\n<p><img loading=\"lazy\" src=\"http:\/\/franciscanos.org.br\/wp-content\/uploads\/2015\/01\/sentados.jpg\" alt=\"sentados\" width=\"820\" height=\"615\" \/>Segundo o Ministro Provincial, esses jovens neoprofessos s\u00e3o protagonistas do di\u00e1logo com a gera\u00e7\u00e3o que vai \u00e0 frente, como os frades mais idosos da Prov\u00edncia presentes na celebra\u00e7\u00e3o, Frei Abel Schneider, Frei C\u00e1ssio Vieira de Lima, Frei Anselmo M\u00fcnchen. &#8220;Podeis, em comunh\u00e3o fraterna, enriquecerem-se com a experi\u00eancia e a sabedoria. Mas ao mesmo tempo, nos lembra o Papa Francisco, voc\u00eas nos provocam a repropor o ideal que conhecemos no in\u00edcio da vida religiosa e oferecem, a todos n\u00f3s, esse \u00edmpeto, essa alegria, essa coragem, esse entusiasmo, a fim de, juntos, construirmos uma vida evang\u00e9lica&#8221;, acrescentou.<\/p>\n<p>Para isso, segundo o Ministro, a liturgia da Palavra do dia oferecia as orienta\u00e7\u00f5es necess\u00e1rias, como o seguimento de Nosso Senhor Jesus Cristo no Evangelho. Mas, lembrou Frei Fid\u00eancio, torna-se necess\u00e1rio revestir de sentimentos que passam pela dimens\u00e3o da cruz. &#8220;Nos suportarmos como irm\u00e3os, como fraternidade, celebrarmos, dia ap\u00f3s dia, o perd\u00e3o das nossas ofensas, das nossas faltas, das nossas omiss\u00f5es, amar, ser agrad\u00e1vel um ao outro, nos deixarmos aplicar pela Palavra de Deus. E como diz a segunda leitura, de Tom\u00e1s de Celano, &#8216;renunciar a todo amor pr\u00f3prio&#8217;. O importante \u00e9 estarmos atentos \u00e0s necessidades da fraternidade, devemos estar sempre juntos, alimentando o projeto fraterno, vivendo o projeto fraterno de vida e miss\u00e3o&#8221;, admoestou.<\/p>\n<p><img loading=\"lazy\" src=\"http:\/\/franciscanos.org.br\/wp-content\/uploads\/2015\/01\/painosso.jpg\" alt=\"painosso\" width=\"820\" height=\"349\" \/>Segundo Frei Fid\u00eancio, a profiss\u00e3o \u00e9 estar sempre cheios da gra\u00e7a do Santo Evangelho. &#8220;Estar contentes quando podemos estar contentes, contentes quando podemos trabalhar com as nossas pr\u00f3prias m\u00e3os, estar contentes quando servirmos os leprosos da modernidade e estar contentes quando vamos \u00e0s periferias existenciais. E assim, queridos confrades, \u00a0irm\u00e3os e irm\u00e3s, n\u00f3s estaremos correspondendo \u00e0s grandes expectativas que o Papa Francisco alimenta a todos os religiosos neste ano dedicado \u00e0 Vida Consagrada&#8221;.<\/p>\n<p>Ele finalizou convidando a todos a viverem essa consagra\u00e7\u00e3o com alegria. &#8220;Nada de religiosos tristes, diz o Papa. Devemos ser religiosos felizes, alegres, satisfeitos, contentes. Viveremos, assim, a dimens\u00e3o prof\u00e9tica da nossa voca\u00e7\u00e3o de despertar o mundo para as coisas de Deus, despertar o mundo par ao Santo Evangelho. N\u00f3s seremos peritos em criar comunh\u00e3o, criar la\u00e7os fraternos num mundo t\u00e3o ferido, t\u00e3o cheio de fraturas. N\u00f3s, assim, teremos a coragem de sairmos um pouco mais de n\u00f3s mesmos e, de fato, irmos \u00e0s periferias como nos pede o Papa Francisco. E sempre de novo devemos nos perguntar: o que Deus, o que o mundo pede de n\u00f3s, frades menores, hoje?\u00a0 Queridos irm\u00e3os, irm\u00e3s, nos queremos celebrar com gratid\u00e3o mais uma p\u00e1gina da hist\u00f3ria do nosso noviciado em Rodeio. Queremos viver, com paix\u00e3o, esse momento presente,\u00a0 a profiss\u00e3o de voc\u00eas, e todos juntos queremos, sim, abra\u00e7ar com esperan\u00e7a o futuro&#8221;, concluiu.<\/p>\n<p><strong>O RITO<\/strong><\/p>\n<p><a href=\"http:\/\/franciscanos.org.br\/wp-content\/uploads\/2015\/01\/maos.jpg\"><img loading=\"lazy\" class=\"alignleft size-full wp-image-76492\" src=\"http:\/\/franciscanos.org.br\/wp-content\/uploads\/2015\/01\/maos.jpg\" alt=\"maos\" width=\"450\" height=\"338\" \/><\/a>Depois da Liturgia da Palavra, o Mestre dos Novi\u00e7os, Frei Samuel Ferreira de Lima, fez a chamada de cada um e os apresentou ao Ministro Provincial. Em seguida, Frei Gabriel se dirigiu ao Provincial em nome de todos os novi\u00e7os: &#8220;Pedimos humildemente, Frei Fid\u00eancio Vanboemmel e a todos os confrades, que digneis admitir-nos \u00e0 santa profiss\u00e3o na fraternidade dos Frades Menores\u201d. Frei Fid\u00eancio, ent\u00e3o, respondeu: \u00a0\u201cBendito seja Deus, que vos escolheu para conosco caminhardes em nova vida\u201d.<\/p>\n<p>Depois da homilia, os professandos se aproximaram do Ministro Provincial e foram interrogados se estavam preparados para se consagrarem a Deus e buscarem a perfei\u00e7\u00e3o da caridade segundo a Regra e as Constitui\u00e7\u00f5es da Ordem Ser\u00e1fica. Depois, ajoelhados, com as m\u00e3os nas m\u00e3os do Ministro Provincial fizeram a profiss\u00e3o religiosa.\u00a0 Em seguida, cada professando assinou o documento da profiss\u00e3o, expressando com isso que a vida passa a ser colocada sobre os des\u00edgnios de Deus, e cada neoprofesso recebeu do Provincial a Regra e as Constitui\u00e7\u00f5es da Ordem dos Frades Menores. O rito terminou com o abra\u00e7o da paz dos frades aos neoprofessos num gesto de acolhida e comunh\u00e3o \u00e0 Fraternidade Provincial.<\/p>\n<p><strong>AGRADECIMENTOS<\/strong><\/p>\n<p>Frei Fid\u00eancio agradeceu enfaticamente ao guardi\u00e3o Frei Valdir Laurentino, na &#8220;retaguarda da casa&#8221;, e ao Mestre dos Novi\u00e7os, Frei Samuel Ferreira de Lima.\u00a0 Tamb\u00e9m demonstrou gratid\u00e3o pela presen\u00e7a dos confrades neste momento t\u00e3o significativo da Prov\u00ednca da Imaculada, especialmente dos Definidores Frei Evaristo Spengler e Frei Germano Guesser. E n\u00e3o esqueceu de uma &#8220;palavra de carinho&#8221; a Frei Diego de Atalino Melo, pelo trabalho como animador vocacional da Prov\u00edncia. &#8220;Sem esse trabalho n\u00e3o ter\u00edamos irm\u00e3os nas etapas de forma\u00e7\u00e3o&#8221;.<\/p>\n<p><a href=\"http:\/\/franciscanos.org.br\/wp-content\/uploads\/2015\/01\/agradecer.jpg\"><img loading=\"lazy\" class=\"alignright size-full wp-image-76513\" src=\"http:\/\/franciscanos.org.br\/wp-content\/uploads\/2015\/01\/agradecer.jpg\" alt=\"agradecer\" width=\"450\" height=\"338\" \/><\/a>Frei Fid\u00eancio tamb\u00e9m falou com gratid\u00e3o e carinho dos 25 anos da Miss\u00e3o em Angola, agradecendo pelo trabalho ao presidente da Funda\u00e7\u00e3o Imaculada M\u00e3e de Deus de Angola, Frei Jos\u00e9 Ant\u00f4nio dos Santos. &#8220;Os frutos estamos vendo aqui com esses sete novi\u00e7os fazendo a Primeira Profiss\u00e3o&#8221;, lembrou. Por \u00faltimo, n\u00e3o esqueceu de agradecer aos familiares dos neoprofessos e a comunidade de Rodeio.<\/p>\n<p>Pelos novi\u00e7os, falou Frei Cris\u00f3stomo: &#8220;Como neoprofessos sabemos da responsabilidade e da etapa que nos espera pela frente&#8221;, garantiu. E como j\u00e1 se tornou uma tradi\u00e7\u00e3o no Noviciado, os novi\u00e7os brasileiros e angolanos uniram suas vozes num canto em v\u00e1rios dialetos angolanos. J\u00e1 se passavam das 22 horas, quando os novi\u00e7os ainda se voltaram para a comunidade de Rodeio para agradecer com o canto &#8220;Como \u00e9 bom esperar em ti&#8221;.<\/p>\n<p>Desta turma de novi\u00e7os, Frei Adriano C\u00e9sar foi o cerimoni\u00e1rio. Como novi\u00e7o da Funda\u00e7\u00e3o Franciscana de Nossa Senhora de F\u00e1tima, com sede em Uberl\u00e2ndia (MG), ele far\u00e1 a profiss\u00e3o tempor\u00e1ria no dia 11 de janeiro, \u00e0s 10 horas, na Igreja Nossa Senhora de F\u00e1tima, na sede da Funda\u00e7\u00e3o. Ele \u00e9 o \u00faltimo novi\u00e7o da Funda\u00e7\u00e3o a fazer o Noviciado em Rodeio, uma vez que a Funda\u00e7\u00e3o Mineira vai se juntar \u00e0 Cust\u00f3dia do Sagrado Cora\u00e7\u00e3o de Jesus, de S\u00e3o Paulo. O noviciado ser\u00e1 feito, ent\u00e3o, na cidade de Catal\u00e3o (GO).<img class=\"ngg_displayed_gallery mceItem\" src=\"http:\/\/franciscanos.org.br\/index.php\/nextgen-attach_to_post\/preview\/id--76515\" alt=\"\" \/><\/p>\n","protected":false},"excerpt":{"rendered":"<p>Primeira Profiss\u00e3o em Rodeio<\/p>\n","protected":false},"author":1,"featured_media":208620,"comment_status":"open","ping_status":"open","sticky":false,"template":"","format":"standard","meta":[],"categories":[1],"tags":[135,334],"acf":[],"yoast_head":"<!-- This site is optimized with the Yoast SEO plugin v19.2 - https:\/\/yoast.com\/wordpress\/plugins\/seo\/ -->\n<title>Frei Fid\u00eancio pede para abra\u00e7ar com esperan\u00e7a o futuro - Not\u00edcias - Franciscanos<\/title>\n<meta name=\"robots\" content=\"index, follow, max-snippet:-1, max-image-preview:large, max-video-preview:-1\" \/>\n<link rel=\"canonical\" href=\"https:\/\/franciscanos.org.br\/noticias\/aos-neoprofessos-abracar-com-esperanca-o-futuro.html\" \/>\n<meta property=\"og:locale\" content=\"pt_BR\" \/>\n<meta property=\"og:type\" content=\"article\" \/>\n<meta property=\"og:title\" content=\"Frei Fid\u00eancio pede para abra\u00e7ar com esperan\u00e7a o futuro - Not\u00edcias - Franciscanos\" \/>\n<meta property=\"og:description\" content=\"Primeira Profiss\u00e3o em Rodeio\" \/>\n<meta property=\"og:url\" content=\"https:\/\/franciscanos.org.br\/noticias\/aos-neoprofessos-abracar-com-esperanca-o-futuro.html\" \/>\n<meta property=\"og:site_name\" content=\"Not\u00edcias - Franciscanos\" \/>\n<meta property=\"article:published_time\" content=\"2015-01-06T02:23:21+00:00\" \/>\n<meta property=\"article:modified_time\" content=\"2021-07-05T22:24:38+00:00\" \/>\n<meta property=\"og:image\" content=\"https:\/\/franciscanos.org.br\/noticias\/wp-content\/uploads\/2015\/01\/rodeio.jpg\" \/>\n\t<meta property=\"og:image:width\" content=\"273\" \/>\n\t<meta property=\"og:image:height\" content=\"181\" \/>\n\t<meta property=\"og:image:type\" content=\"image\/jpeg\" \/>\n<meta name=\"author\" content=\"admin\" \/>\n<meta name=\"twitter:card\" content=\"summary_large_image\" \/>\n<meta name=\"twitter:label1\" content=\"Escrito por\" \/>\n\t<meta name=\"twitter:data1\" content=\"admin\" \/>\n\t<meta name=\"twitter:label2\" content=\"Est. tempo de leitura\" \/>\n\t<meta name=\"twitter:data2\" content=\"8 minutos\" \/>\n<script type=\"application\/ld+json\" class=\"yoast-schema-graph\">{\"@context\":\"https:\/\/schema.org\",\"@graph\":[{\"@type\":\"WebSite\",\"@id\":\"https:\/\/franciscanos.org.br\/noticias\/#website\",\"url\":\"https:\/\/franciscanos.org.br\/noticias\/\",\"name\":\"Not\u00edcias - Franciscanos\",\"description\":\"Prov\u00edncia Franciscana da Imaculada Concei\u00e7\u00e3o do Brasil - Ordem dos Frades Menores - OFM\",\"potentialAction\":[{\"@type\":\"SearchAction\",\"target\":{\"@type\":\"EntryPoint\",\"urlTemplate\":\"https:\/\/franciscanos.org.br\/noticias\/?s={search_term_string}\"},\"query-input\":\"required name=search_term_string\"}],\"inLanguage\":\"pt-BR\"},{\"@type\":\"ImageObject\",\"inLanguage\":\"pt-BR\",\"@id\":\"https:\/\/franciscanos.org.br\/noticias\/aos-neoprofessos-abracar-com-esperanca-o-futuro.html#primaryimage\",\"url\":\"https:\/\/franciscanos.org.br\/noticias\/wp-content\/uploads\/2015\/01\/rodeio.jpg\",\"contentUrl\":\"https:\/\/franciscanos.org.br\/noticias\/wp-content\/uploads\/2015\/01\/rodeio.jpg\",\"width\":273,\"height\":181},{\"@type\":\"WebPage\",\"@id\":\"https:\/\/franciscanos.org.br\/noticias\/aos-neoprofessos-abracar-com-esperanca-o-futuro.html#webpage\",\"url\":\"https:\/\/franciscanos.org.br\/noticias\/aos-neoprofessos-abracar-com-esperanca-o-futuro.html\",\"name\":\"Frei Fid\u00eancio pede para abra\u00e7ar com esperan\u00e7a o futuro - Not\u00edcias - Franciscanos\",\"isPartOf\":{\"@id\":\"https:\/\/franciscanos.org.br\/noticias\/#website\"},\"primaryImageOfPage\":{\"@id\":\"https:\/\/franciscanos.org.br\/noticias\/aos-neoprofessos-abracar-com-esperanca-o-futuro.html#primaryimage\"},\"datePublished\":\"2015-01-06T02:23:21+00:00\",\"dateModified\":\"2021-07-05T22:24:38+00:00\",\"author\":{\"@id\":\"https:\/\/franciscanos.org.br\/noticias\/#\/schema\/person\/b38fbf43118f02820bd932f2e4b14ad3\"},\"breadcrumb\":{\"@id\":\"https:\/\/franciscanos.org.br\/noticias\/aos-neoprofessos-abracar-com-esperanca-o-futuro.html#breadcrumb\"},\"inLanguage\":\"pt-BR\",\"potentialAction\":[{\"@type\":\"ReadAction\",\"target\":[\"https:\/\/franciscanos.org.br\/noticias\/aos-neoprofessos-abracar-com-esperanca-o-futuro.html\"]}]},{\"@type\":\"BreadcrumbList\",\"@id\":\"https:\/\/franciscanos.org.br\/noticias\/aos-neoprofessos-abracar-com-esperanca-o-futuro.html#breadcrumb\",\"itemListElement\":[{\"@type\":\"ListItem\",\"position\":1,\"name\":\"Home\",\"item\":\"https:\/\/franciscanos.org.br\/noticias\"},{\"@type\":\"ListItem\",\"position\":2,\"name\":\"Frei Fid\u00eancio pede para abra\u00e7ar com esperan\u00e7a o futuro\"}]},{\"@type\":\"Person\",\"@id\":\"https:\/\/franciscanos.org.br\/noticias\/#\/schema\/person\/b38fbf43118f02820bd932f2e4b14ad3\",\"name\":\"admin\",\"image\":{\"@type\":\"ImageObject\",\"inLanguage\":\"pt-BR\",\"@id\":\"https:\/\/franciscanos.org.br\/noticias\/#\/schema\/person\/image\/\",\"url\":\"https:\/\/secure.gravatar.com\/avatar\/e8495742d34d0ba6448ea1c628263b3e?s=96&d=mm&r=g\",\"contentUrl\":\"https:\/\/secure.gravatar.com\/avatar\/e8495742d34d0ba6448ea1c628263b3e?s=96&d=mm&r=g\",\"caption\":\"admin\"},\"url\":\"https:\/\/franciscanos.org.br\/noticias\/author\/admin\"}]}<\/script>\n<!-- \/ Yoast SEO plugin. -->","yoast_head_json":{"title":"Frei Fid\u00eancio pede para abra\u00e7ar com esperan\u00e7a o futuro - Not\u00edcias - Franciscanos","robots":{"index":"index","follow":"follow","max-snippet":"max-snippet:-1","max-image-preview":"max-image-preview:large","max-video-preview":"max-video-preview:-1"},"canonical":"https:\/\/franciscanos.org.br\/noticias\/aos-neoprofessos-abracar-com-esperanca-o-futuro.html","og_locale":"pt_BR","og_type":"article","og_title":"Frei Fid\u00eancio pede para abra\u00e7ar com esperan\u00e7a o futuro - Not\u00edcias - Franciscanos","og_description":"Primeira Profiss\u00e3o em Rodeio","og_url":"https:\/\/franciscanos.org.br\/noticias\/aos-neoprofessos-abracar-com-esperanca-o-futuro.html","og_site_name":"Not\u00edcias - Franciscanos","article_published_time":"2015-01-06T02:23:21+00:00","article_modified_time":"2021-07-05T22:24:38+00:00","og_image":[{"width":273,"height":181,"url":"https:\/\/franciscanos.org.br\/noticias\/wp-content\/uploads\/2015\/01\/rodeio.jpg","type":"image\/jpeg"}],"author":"admin","twitter_card":"summary_large_image","twitter_misc":{"Escrito por":"admin","Est. tempo de leitura":"8 minutos"},"schema":{"@context":"https:\/\/schema.org","@graph":[{"@type":"WebSite","@id":"https:\/\/franciscanos.org.br\/noticias\/#website","url":"https:\/\/franciscanos.org.br\/noticias\/","name":"Not\u00edcias - Franciscanos","description":"Prov\u00edncia Franciscana da Imaculada Concei\u00e7\u00e3o do Brasil - Ordem dos Frades Menores - OFM","potentialAction":[{"@type":"SearchAction","target":{"@type":"EntryPoint","urlTemplate":"https:\/\/franciscanos.org.br\/noticias\/?s={search_term_string}"},"query-input":"required name=search_term_string"}],"inLanguage":"pt-BR"},{"@type":"ImageObject","inLanguage":"pt-BR","@id":"https:\/\/franciscanos.org.br\/noticias\/aos-neoprofessos-abracar-com-esperanca-o-futuro.html#primaryimage","url":"https:\/\/franciscanos.org.br\/noticias\/wp-content\/uploads\/2015\/01\/rodeio.jpg","contentUrl":"https:\/\/franciscanos.org.br\/noticias\/wp-content\/uploads\/2015\/01\/rodeio.jpg","width":273,"height":181},{"@type":"WebPage","@id":"https:\/\/franciscanos.org.br\/noticias\/aos-neoprofessos-abracar-com-esperanca-o-futuro.html#webpage","url":"https:\/\/franciscanos.org.br\/noticias\/aos-neoprofessos-abracar-com-esperanca-o-futuro.html","name":"Frei Fid\u00eancio pede para abra\u00e7ar com esperan\u00e7a o futuro - Not\u00edcias - Franciscanos","isPartOf":{"@id":"https:\/\/franciscanos.org.br\/noticias\/#website"},"primaryImageOfPage":{"@id":"https:\/\/franciscanos.org.br\/noticias\/aos-neoprofessos-abracar-com-esperanca-o-futuro.html#primaryimage"},"datePublished":"2015-01-06T02:23:21+00:00","dateModified":"2021-07-05T22:24:38+00:00","author":{"@id":"https:\/\/franciscanos.org.br\/noticias\/#\/schema\/person\/b38fbf43118f02820bd932f2e4b14ad3"},"breadcrumb":{"@id":"https:\/\/franciscanos.org.br\/noticias\/aos-neoprofessos-abracar-com-esperanca-o-futuro.html#breadcrumb"},"inLanguage":"pt-BR","potentialAction":[{"@type":"ReadAction","target":["https:\/\/franciscanos.org.br\/noticias\/aos-neoprofessos-abracar-com-esperanca-o-futuro.html"]}]},{"@type":"BreadcrumbList","@id":"https:\/\/franciscanos.org.br\/noticias\/aos-neoprofessos-abracar-com-esperanca-o-futuro.html#breadcrumb","itemListElement":[{"@type":"ListItem","position":1,"name":"Home","item":"https:\/\/franciscanos.org.br\/noticias"},{"@type":"ListItem","position":2,"name":"Frei Fid\u00eancio pede para abra\u00e7ar com esperan\u00e7a o futuro"}]},{"@type":"Person","@id":"https:\/\/franciscanos.org.br\/noticias\/#\/schema\/person\/b38fbf43118f02820bd932f2e4b14ad3","name":"admin","image":{"@type":"ImageObject","inLanguage":"pt-BR","@id":"https:\/\/franciscanos.org.br\/noticias\/#\/schema\/person\/image\/","url":"https:\/\/secure.gravatar.com\/avatar\/e8495742d34d0ba6448ea1c628263b3e?s=96&d=mm&r=g","contentUrl":"https:\/\/secure.gravatar.com\/avatar\/e8495742d34d0ba6448ea1c628263b3e?s=96&d=mm&r=g","caption":"admin"},"url":"https:\/\/franciscanos.org.br\/noticias\/author\/admin"}]}},"_links":{"self":[{"href":"https:\/\/franciscanos.org.br\/noticias\/wp-json\/wp\/v2\/posts\/76346"}],"collection":[{"href":"https:\/\/franciscanos.org.br\/noticias\/wp-json\/wp\/v2\/posts"}],"about":[{"href":"https:\/\/franciscanos.org.br\/noticias\/wp-json\/wp\/v2\/types\/post"}],"author":[{"embeddable":true,"href":"https:\/\/franciscanos.org.br\/noticias\/wp-json\/wp\/v2\/users\/1"}],"replies":[{"embeddable":true,"href":"https:\/\/franciscanos.org.br\/noticias\/wp-json\/wp\/v2\/comments?post=76346"}],"version-history":[{"count":1,"href":"https:\/\/franciscanos.org.br\/noticias\/wp-json\/wp\/v2\/posts\/76346\/revisions"}],"predecessor-version":[{"id":232852,"href":"https:\/\/franciscanos.org.br\/noticias\/wp-json\/wp\/v2\/posts\/76346\/revisions\/232852"}],"wp:featuredmedia":[{"embeddable":true,"href":"https:\/\/franciscanos.org.br\/noticias\/wp-json\/wp\/v2\/media\/208620"}],"wp:attachment":[{"href":"https:\/\/franciscanos.org.br\/noticias\/wp-json\/wp\/v2\/media?parent=76346"}],"wp:term":[{"taxonomy":"category","embeddable":true,"href":"https:\/\/franciscanos.org.br\/noticias\/wp-json\/wp\/v2\/categories?post=76346"},{"taxonomy":"post_tag","embeddable":true,"href":"https:\/\/franciscanos.org.br\/noticias\/wp-json\/wp\/v2\/tags?post=76346"}],"curies":[{"name":"wp","href":"https:\/\/api.w.org\/{rel}","templated":true}]}}