{"id":76126,"date":"2015-01-01T10:03:50","date_gmt":"2015-01-01T12:03:50","guid":{"rendered":"http:\/\/franciscanos.org.br\/?p=76126"},"modified":"2020-06-10T16:58:14","modified_gmt":"2020-06-10T19:58:14","slug":"papa-francisco-concede-bencao-a-fraternidade-santo-antonio","status":"publish","type":"post","link":"https:\/\/franciscanos.org.br\/noticias\/papa-francisco-concede-bencao-a-fraternidade-santo-antonio.html","title":{"rendered":"Papa Francisco concede b\u00ean\u00e7\u00e3o \u00e0 Fraternidade Santo Ant\u00f4nio"},"content":{"rendered":"<p><a href=\"http:\/\/franciscanos.org.br\/wp-content\/uploads\/2015\/01\/ofs_4.jpg\"><img loading=\"lazy\" class=\"alignright size-full wp-image-76127\" src=\"http:\/\/franciscanos.org.br\/wp-content\/uploads\/2015\/01\/ofs_4.jpg\" alt=\"ofs_4\" width=\"400\" height=\"417\" \/><\/a>A Fraternidade Santo Ant\u00f4nio, vinculada \u00e0 Ordem Franciscana do Brasil (OFS) recebeu, na noite de Natal, das m\u00e3os do bispo da Diocese de Duque de Caxias, Dom Tarc\u00edsio Nascentes dos Santos, a tradicional B\u00ean\u00e7\u00e3o Apost\u00f3lica em pergaminho, concedida pelo Papa Francisco atrav\u00e9s do N\u00fancio Apost\u00f3lico no Brasil, Dom Giovanni d&#8217;Aniello. Na b\u00ean\u00e7\u00e3o, o Papa invoca b\u00ean\u00e7\u00e3os sobre todos os que a recebem, pois sendo o Sucessor de Pedro e Vig\u00e1rio de Cristo, tem essa dignidade.<\/p>\n<p>Ao conceder de bom grado a b\u00ean\u00e7\u00e3o apost\u00f3lica por ocasi\u00e3o do 54\u00ba anivers\u00e1rio de funda\u00e7\u00e3o da Fraternidade Sant Ant\u00f4nio, Papa Francisco invoca, \u201cde todo cora\u00e7\u00e3o\u201d, &#8220;copiosas gra\u00e7as e favores celestiais, e a cont\u00ednua prote\u00e7\u00e3o da Virgem Maria&#8221; para todos os membros da fraternidade.<\/p>\n<p>O documento foi entregue em m\u00e3os, na Catedral Santo Ant\u00f4nio, pelo bispo diocesano ao casal franciscano secular Manuel Humberto Teixeira Ramos e Juraci Meneses Ramos, membros fundadores da fraternidade, na presen\u00e7a da ministra local, Aline Milani Romeiro Pereira, e do p\u00e1roco da catedral, Renato Gentile. O casal sentiu-se honrado com a b\u00ean\u00e7\u00e3o apost\u00f3lica e agradeceu a Dom Tarc\u00edsio, a quem tamb\u00e9m pediu a b\u00ean\u00e7\u00e3o, e garantiu que a f\u00e9 estar\u00e1 sempre forte e presente no sentido de trabalhar pela Santa Igreja, na Ordem Franciscana Secular.<\/p>\n<p>Apos a homenagem, a assembleia reunida aplaudiu o casal em reconhecimento ao trabalho realizado pela fraternidade ao longo de mais de cinco d\u00e9cadas de vida em fraternidade, a servi\u00e7o \u00e0 Igreja e na caridade aos mais pobres. Os franciscanos seculares dedicaram a b\u00ean\u00e7\u00e3o aos membros da Fam\u00edlia Franciscana presentes na Diocese, em especial por todos os que nos precederam na caminhada e que j\u00e1 est\u00e3o diante do Pai, mas que com o seu testemunho de vida nos indicaram o seguimento de Jesus Cristo e do Santo Evangelho tendo como modelo inspirador S\u00e3o Francisco de Assis.<\/p>\n<p><img loading=\"lazy\" src=\"http:\/\/franciscanos.org.br\/wp-content\/uploads\/2015\/01\/bencao.jpg\" alt=\"bencao\" width=\"820\" height=\"598\" \/><\/p>\n<p><strong><a href=\"http:\/\/franciscanos.org.br\/wp-content\/uploads\/2015\/01\/ofs_3.jpg\"><img loading=\"lazy\" class=\"alignleft size-full wp-image-76128\" src=\"http:\/\/franciscanos.org.br\/wp-content\/uploads\/2015\/01\/ofs_3.jpg\" alt=\"ofs_3\" width=\"400\" height=\"533\" \/><\/a>Breve Hist\u00f3rico da Fraternidade Santo Ant\u00f4nio<\/strong><\/p>\n<p>A Fraternidade Santo Ant\u00f4nio teve sua ere\u00e7\u00e3o can\u00f4nica aprovada em 03 de outubro de 1960, autorizada por Dom Manoel Pedro da Cunha Cintra, bispo da Diocese de Petr\u00f3polis, conforme licen\u00e7a assinada em 17 de setembro de 1960 pelo Monsenhor Gentil Costa, Secret\u00e1rio do Bispado, pois a \u00e9poca, Duque de Caxias pertencia a Diocese de Petr\u00f3polis.<\/p>\n<p>No dia 02 de outubro de 1960, Frei Matheus Hoepers, OFM, que \u00e0 \u00e9poca exercia o cargo de Comiss\u00e1rio Provincial da Prov\u00edncia da Imaculada Concei\u00e7\u00e3o, redigiu de pr\u00f3prio punho o termo de ere\u00e7\u00e3o can\u00f4nica da Fraternidade da Ordem Terceira em Duque de Caxias, \u201c(&#8230;) sob a invoca\u00e7\u00e3o e patroc\u00ednio de Santo Ant\u00f4nio, estando presentes como testemunhas o Reverendo Padre Superior e Vig\u00e1rio Frei Teodoro Zimmermann e o Reverendo Padre Diretor Frei Urbano Monteiro\u201d.<\/p>\n<p>Somam-se aos esfor\u00e7os dos frades, as ora\u00e7\u00f5es e o empenho de valorosos irm\u00e3os da Fraternidade S\u00e3o Sebasti\u00e3o dos frades capuchinhos e Santo Ant\u00f4nio do Convento do Largo da Carioca, ambas no Rio de Janeiro, que nos precederam na caminhada e contribu\u00edram para a funda\u00e7\u00e3o da Fraternidade Santo Ant\u00f4nio, e assim proporcionar ao povo de Duque de Caxias o seguimento do Evangelho de Nosso Senhor Jesus Cristo nos passos de S\u00e3o Francisco de Assis.<\/p>\n<p>Frei Urbano Monteiro, OFM, primeiro assistente espiritual, deixou registrado, \u00e0 \u00e9poca, no livro de cr\u00f4nicas da fraternidade sua expectativa sobre a funda\u00e7\u00e3o da Fraternidade Santo Ant\u00f4nio de Duque de Caxias: \u201cA semente \u00e9 pequena, como o gr\u00e3o de mostarda da par\u00e1bola do Divino Mestre. Mas o zelo e o fervor dos primeiros nos levam \u00e0 esperan\u00e7a de que num dia n\u00e3o muito remoto a \u00e1rvore seja frondosa. Deus assim o permita, para sua maior gl\u00f3ria e santifica\u00e7\u00e3o e edifica\u00e7\u00e3o de muitas almas\u201d.<\/p>\n<p>Louvemos e agrade\u00e7amos ao Alt\u00edssimo por tantas gra\u00e7as operadas por meio de nossa fraternidade, pela presen\u00e7a dos irm\u00e3os e pela lembran\u00e7a daqueles que j\u00e1 est\u00e3o diante do Pai, por suas fam\u00edlias e por todas as pessoas, fraternidades e ramos da frondosa Fam\u00edlia Franciscana que contribu\u00edram para que celebr\u00e1ssemos 54 anos de vida fraterna.<\/p>\n<p>&nbsp;<\/p>\n","protected":false},"excerpt":{"rendered":"<p>OFS Duque de Caxias<\/p>\n","protected":false},"author":1,"featured_media":219161,"comment_status":"open","ping_status":"open","sticky":false,"template":"","format":"standard","meta":[],"categories":[1],"tags":[60],"acf":[],"yoast_head":"<!-- This site is optimized with the Yoast SEO plugin v19.2 - https:\/\/yoast.com\/wordpress\/plugins\/seo\/ -->\n<title>Papa Francisco concede b\u00ean\u00e7\u00e3o \u00e0 Fraternidade Santo Ant\u00f4nio - Not\u00edcias - Franciscanos<\/title>\n<meta name=\"robots\" content=\"index, follow, max-snippet:-1, max-image-preview:large, max-video-preview:-1\" \/>\n<link rel=\"canonical\" href=\"https:\/\/franciscanos.org.br\/noticias\/papa-francisco-concede-bencao-a-fraternidade-santo-antonio.html\" \/>\n<meta property=\"og:locale\" content=\"pt_BR\" \/>\n<meta property=\"og:type\" content=\"article\" \/>\n<meta property=\"og:title\" content=\"Papa Francisco concede b\u00ean\u00e7\u00e3o \u00e0 Fraternidade Santo Ant\u00f4nio - Not\u00edcias - Franciscanos\" \/>\n<meta property=\"og:description\" content=\"OFS Duque de Caxias\" \/>\n<meta property=\"og:url\" content=\"https:\/\/franciscanos.org.br\/noticias\/papa-francisco-concede-bencao-a-fraternidade-santo-antonio.html\" \/>\n<meta property=\"og:site_name\" content=\"Not\u00edcias - Franciscanos\" \/>\n<meta property=\"article:published_time\" content=\"2015-01-01T12:03:50+00:00\" \/>\n<meta property=\"article:modified_time\" content=\"2020-06-10T19:58:14+00:00\" \/>\n<meta property=\"og:image\" content=\"https:\/\/franciscanos.org.br\/noticias\/wp-content\/uploads\/2015\/01\/ofs_4.jpg\" \/>\n\t<meta property=\"og:image:width\" content=\"273\" \/>\n\t<meta property=\"og:image:height\" content=\"181\" \/>\n\t<meta property=\"og:image:type\" content=\"image\/jpeg\" \/>\n<meta name=\"author\" content=\"admin\" \/>\n<meta name=\"twitter:card\" content=\"summary_large_image\" \/>\n<meta name=\"twitter:label1\" content=\"Escrito por\" \/>\n\t<meta name=\"twitter:data1\" content=\"admin\" \/>\n\t<meta name=\"twitter:label2\" content=\"Est. tempo de leitura\" \/>\n\t<meta name=\"twitter:data2\" content=\"4 minutos\" \/>\n<script type=\"application\/ld+json\" class=\"yoast-schema-graph\">{\"@context\":\"https:\/\/schema.org\",\"@graph\":[{\"@type\":\"WebSite\",\"@id\":\"https:\/\/franciscanos.org.br\/noticias\/#website\",\"url\":\"https:\/\/franciscanos.org.br\/noticias\/\",\"name\":\"Not\u00edcias - Franciscanos\",\"description\":\"Prov\u00edncia Franciscana da Imaculada Concei\u00e7\u00e3o do Brasil - Ordem dos Frades Menores - OFM\",\"potentialAction\":[{\"@type\":\"SearchAction\",\"target\":{\"@type\":\"EntryPoint\",\"urlTemplate\":\"https:\/\/franciscanos.org.br\/noticias\/?s={search_term_string}\"},\"query-input\":\"required name=search_term_string\"}],\"inLanguage\":\"pt-BR\"},{\"@type\":\"ImageObject\",\"inLanguage\":\"pt-BR\",\"@id\":\"https:\/\/franciscanos.org.br\/noticias\/papa-francisco-concede-bencao-a-fraternidade-santo-antonio.html#primaryimage\",\"url\":\"https:\/\/franciscanos.org.br\/noticias\/wp-content\/uploads\/2015\/01\/ofs_4.jpg\",\"contentUrl\":\"https:\/\/franciscanos.org.br\/noticias\/wp-content\/uploads\/2015\/01\/ofs_4.jpg\",\"width\":273,\"height\":181},{\"@type\":\"WebPage\",\"@id\":\"https:\/\/franciscanos.org.br\/noticias\/papa-francisco-concede-bencao-a-fraternidade-santo-antonio.html#webpage\",\"url\":\"https:\/\/franciscanos.org.br\/noticias\/papa-francisco-concede-bencao-a-fraternidade-santo-antonio.html\",\"name\":\"Papa Francisco concede b\u00ean\u00e7\u00e3o \u00e0 Fraternidade Santo Ant\u00f4nio - Not\u00edcias - Franciscanos\",\"isPartOf\":{\"@id\":\"https:\/\/franciscanos.org.br\/noticias\/#website\"},\"primaryImageOfPage\":{\"@id\":\"https:\/\/franciscanos.org.br\/noticias\/papa-francisco-concede-bencao-a-fraternidade-santo-antonio.html#primaryimage\"},\"datePublished\":\"2015-01-01T12:03:50+00:00\",\"dateModified\":\"2020-06-10T19:58:14+00:00\",\"author\":{\"@id\":\"https:\/\/franciscanos.org.br\/noticias\/#\/schema\/person\/b38fbf43118f02820bd932f2e4b14ad3\"},\"breadcrumb\":{\"@id\":\"https:\/\/franciscanos.org.br\/noticias\/papa-francisco-concede-bencao-a-fraternidade-santo-antonio.html#breadcrumb\"},\"inLanguage\":\"pt-BR\",\"potentialAction\":[{\"@type\":\"ReadAction\",\"target\":[\"https:\/\/franciscanos.org.br\/noticias\/papa-francisco-concede-bencao-a-fraternidade-santo-antonio.html\"]}]},{\"@type\":\"BreadcrumbList\",\"@id\":\"https:\/\/franciscanos.org.br\/noticias\/papa-francisco-concede-bencao-a-fraternidade-santo-antonio.html#breadcrumb\",\"itemListElement\":[{\"@type\":\"ListItem\",\"position\":1,\"name\":\"Home\",\"item\":\"https:\/\/franciscanos.org.br\/noticias\"},{\"@type\":\"ListItem\",\"position\":2,\"name\":\"Papa Francisco concede b\u00ean\u00e7\u00e3o \u00e0 Fraternidade Santo Ant\u00f4nio\"}]},{\"@type\":\"Person\",\"@id\":\"https:\/\/franciscanos.org.br\/noticias\/#\/schema\/person\/b38fbf43118f02820bd932f2e4b14ad3\",\"name\":\"admin\",\"image\":{\"@type\":\"ImageObject\",\"inLanguage\":\"pt-BR\",\"@id\":\"https:\/\/franciscanos.org.br\/noticias\/#\/schema\/person\/image\/\",\"url\":\"https:\/\/secure.gravatar.com\/avatar\/e8495742d34d0ba6448ea1c628263b3e?s=96&d=mm&r=g\",\"contentUrl\":\"https:\/\/secure.gravatar.com\/avatar\/e8495742d34d0ba6448ea1c628263b3e?s=96&d=mm&r=g\",\"caption\":\"admin\"},\"url\":\"https:\/\/franciscanos.org.br\/noticias\/author\/admin\"}]}<\/script>\n<!-- \/ Yoast SEO plugin. -->","yoast_head_json":{"title":"Papa Francisco concede b\u00ean\u00e7\u00e3o \u00e0 Fraternidade Santo Ant\u00f4nio - Not\u00edcias - Franciscanos","robots":{"index":"index","follow":"follow","max-snippet":"max-snippet:-1","max-image-preview":"max-image-preview:large","max-video-preview":"max-video-preview:-1"},"canonical":"https:\/\/franciscanos.org.br\/noticias\/papa-francisco-concede-bencao-a-fraternidade-santo-antonio.html","og_locale":"pt_BR","og_type":"article","og_title":"Papa Francisco concede b\u00ean\u00e7\u00e3o \u00e0 Fraternidade Santo Ant\u00f4nio - Not\u00edcias - Franciscanos","og_description":"OFS Duque de Caxias","og_url":"https:\/\/franciscanos.org.br\/noticias\/papa-francisco-concede-bencao-a-fraternidade-santo-antonio.html","og_site_name":"Not\u00edcias - Franciscanos","article_published_time":"2015-01-01T12:03:50+00:00","article_modified_time":"2020-06-10T19:58:14+00:00","og_image":[{"width":273,"height":181,"url":"https:\/\/franciscanos.org.br\/noticias\/wp-content\/uploads\/2015\/01\/ofs_4.jpg","type":"image\/jpeg"}],"author":"admin","twitter_card":"summary_large_image","twitter_misc":{"Escrito por":"admin","Est. tempo de leitura":"4 minutos"},"schema":{"@context":"https:\/\/schema.org","@graph":[{"@type":"WebSite","@id":"https:\/\/franciscanos.org.br\/noticias\/#website","url":"https:\/\/franciscanos.org.br\/noticias\/","name":"Not\u00edcias - Franciscanos","description":"Prov\u00edncia Franciscana da Imaculada Concei\u00e7\u00e3o do Brasil - Ordem dos Frades Menores - OFM","potentialAction":[{"@type":"SearchAction","target":{"@type":"EntryPoint","urlTemplate":"https:\/\/franciscanos.org.br\/noticias\/?s={search_term_string}"},"query-input":"required name=search_term_string"}],"inLanguage":"pt-BR"},{"@type":"ImageObject","inLanguage":"pt-BR","@id":"https:\/\/franciscanos.org.br\/noticias\/papa-francisco-concede-bencao-a-fraternidade-santo-antonio.html#primaryimage","url":"https:\/\/franciscanos.org.br\/noticias\/wp-content\/uploads\/2015\/01\/ofs_4.jpg","contentUrl":"https:\/\/franciscanos.org.br\/noticias\/wp-content\/uploads\/2015\/01\/ofs_4.jpg","width":273,"height":181},{"@type":"WebPage","@id":"https:\/\/franciscanos.org.br\/noticias\/papa-francisco-concede-bencao-a-fraternidade-santo-antonio.html#webpage","url":"https:\/\/franciscanos.org.br\/noticias\/papa-francisco-concede-bencao-a-fraternidade-santo-antonio.html","name":"Papa Francisco concede b\u00ean\u00e7\u00e3o \u00e0 Fraternidade Santo Ant\u00f4nio - Not\u00edcias - Franciscanos","isPartOf":{"@id":"https:\/\/franciscanos.org.br\/noticias\/#website"},"primaryImageOfPage":{"@id":"https:\/\/franciscanos.org.br\/noticias\/papa-francisco-concede-bencao-a-fraternidade-santo-antonio.html#primaryimage"},"datePublished":"2015-01-01T12:03:50+00:00","dateModified":"2020-06-10T19:58:14+00:00","author":{"@id":"https:\/\/franciscanos.org.br\/noticias\/#\/schema\/person\/b38fbf43118f02820bd932f2e4b14ad3"},"breadcrumb":{"@id":"https:\/\/franciscanos.org.br\/noticias\/papa-francisco-concede-bencao-a-fraternidade-santo-antonio.html#breadcrumb"},"inLanguage":"pt-BR","potentialAction":[{"@type":"ReadAction","target":["https:\/\/franciscanos.org.br\/noticias\/papa-francisco-concede-bencao-a-fraternidade-santo-antonio.html"]}]},{"@type":"BreadcrumbList","@id":"https:\/\/franciscanos.org.br\/noticias\/papa-francisco-concede-bencao-a-fraternidade-santo-antonio.html#breadcrumb","itemListElement":[{"@type":"ListItem","position":1,"name":"Home","item":"https:\/\/franciscanos.org.br\/noticias"},{"@type":"ListItem","position":2,"name":"Papa Francisco concede b\u00ean\u00e7\u00e3o \u00e0 Fraternidade Santo Ant\u00f4nio"}]},{"@type":"Person","@id":"https:\/\/franciscanos.org.br\/noticias\/#\/schema\/person\/b38fbf43118f02820bd932f2e4b14ad3","name":"admin","image":{"@type":"ImageObject","inLanguage":"pt-BR","@id":"https:\/\/franciscanos.org.br\/noticias\/#\/schema\/person\/image\/","url":"https:\/\/secure.gravatar.com\/avatar\/e8495742d34d0ba6448ea1c628263b3e?s=96&d=mm&r=g","contentUrl":"https:\/\/secure.gravatar.com\/avatar\/e8495742d34d0ba6448ea1c628263b3e?s=96&d=mm&r=g","caption":"admin"},"url":"https:\/\/franciscanos.org.br\/noticias\/author\/admin"}]}},"_links":{"self":[{"href":"https:\/\/franciscanos.org.br\/noticias\/wp-json\/wp\/v2\/posts\/76126"}],"collection":[{"href":"https:\/\/franciscanos.org.br\/noticias\/wp-json\/wp\/v2\/posts"}],"about":[{"href":"https:\/\/franciscanos.org.br\/noticias\/wp-json\/wp\/v2\/types\/post"}],"author":[{"embeddable":true,"href":"https:\/\/franciscanos.org.br\/noticias\/wp-json\/wp\/v2\/users\/1"}],"replies":[{"embeddable":true,"href":"https:\/\/franciscanos.org.br\/noticias\/wp-json\/wp\/v2\/comments?post=76126"}],"version-history":[{"count":1,"href":"https:\/\/franciscanos.org.br\/noticias\/wp-json\/wp\/v2\/posts\/76126\/revisions"}],"predecessor-version":[{"id":226145,"href":"https:\/\/franciscanos.org.br\/noticias\/wp-json\/wp\/v2\/posts\/76126\/revisions\/226145"}],"wp:featuredmedia":[{"embeddable":true,"href":"https:\/\/franciscanos.org.br\/noticias\/wp-json\/wp\/v2\/media\/219161"}],"wp:attachment":[{"href":"https:\/\/franciscanos.org.br\/noticias\/wp-json\/wp\/v2\/media?parent=76126"}],"wp:term":[{"taxonomy":"category","embeddable":true,"href":"https:\/\/franciscanos.org.br\/noticias\/wp-json\/wp\/v2\/categories?post=76126"},{"taxonomy":"post_tag","embeddable":true,"href":"https:\/\/franciscanos.org.br\/noticias\/wp-json\/wp\/v2\/tags?post=76126"}],"curies":[{"name":"wp","href":"https:\/\/api.w.org\/{rel}","templated":true}]}}