{"id":76015,"date":"2014-12-26T08:11:44","date_gmt":"2014-12-26T10:11:44","guid":{"rendered":"http:\/\/franciscanos.org.br\/?p=76015"},"modified":"2020-06-10T16:58:59","modified_gmt":"2020-06-10T19:58:59","slug":"carta-do-papa-francisco-aos-cristaos-do-oriente-medio-por-ocasiao-do-natal","status":"publish","type":"post","link":"https:\/\/franciscanos.org.br\/noticias\/carta-do-papa-francisco-aos-cristaos-do-oriente-medio-por-ocasiao-do-natal.html","title":{"rendered":"Carta do Papa Francisco aos crist\u00e3os do Oriente M\u00e9dio por ocasi\u00e3o do Natal"},"content":{"rendered":"<p><img loading=\"lazy\" src=\"http:\/\/franciscanos.org.br\/wp-content\/uploads\/2014\/12\/papa_26.jpg\" alt=\"papa_26\" width=\"820\" height=\"349\" \/><\/p>\n<p>Queridos irm\u00e3os e irm\u00e3s,<\/p>\n<p>\u00abBendito seja Deus e Pai de Nosso Senhor Jesus Cristo, o Pai das miseric\u00f3rdias e o Deus de toda a consola\u00e7\u00e3o! Ele nos consola em toda a nossa tribula\u00e7\u00e3o, para que tamb\u00e9m n\u00f3s possamos consolar aqueles que est\u00e3o em qualquer tribula\u00e7\u00e3o, mediante a consola\u00e7\u00e3o que n\u00f3s mesmos recebemos de Deus\u00bb (2 Cor 1, 3-4).<\/p>\n<p>Vieram-me \u00e0 mente estas palavras do ap\u00f3stolo Paulo, quando pensei em escrever-vos, irm\u00e3os crist\u00e3os do M\u00e9dio Oriente. Fa\u00e7o-o \u00e0s portas do Santo Natal, sabendo que, para muitos de v\u00f3s, as notas dos c\u00e2nticos natal\u00edcios ser\u00e3o entremeadas de l\u00e1grimas e suspiros. E todavia o nascimento do Filho de Deus na nossa carne humana \u00e9 um mist\u00e9rio inef\u00e1vel de consola\u00e7\u00e3o: \u00abManifestou-se a gra\u00e7a de Deus, portadora de salva\u00e7\u00e3o para todos os homens\u00bb (Tt 2, 11).<\/p>\n<p>A afli\u00e7\u00e3o e a tribula\u00e7\u00e3o n\u00e3o faltaram, infelizmente, no passado mesmo recente do M\u00e9dio Oriente. Mas agravaram-se nos \u00faltimos meses por causa dos conflitos que atormentam a Regi\u00e3o e, sobretudo, pela actua\u00e7\u00e3o duma organiza\u00e7\u00e3o terrorista mais recente e preocupante, de dimens\u00f5es antes inconceb\u00edveis, que comete toda a esp\u00e9cie de abusos e pr\u00e1ticas indignas do homem, atingindo de forma particular alguns de v\u00f3s que foram brutalmente expulsos das suas terras, onde os crist\u00e3os t\u00eam estado presentes desde a \u00e9poca apost\u00f3lica.<\/p>\n<p>Ao dirigir-me a v\u00f3s, n\u00e3o posso esquecer tamb\u00e9m outros grupos religiosos e \u00e9tnicos que sofrem de igual modo a persegui\u00e7\u00e3o e as consequ\u00eancias de tais conflitos. Acompanho dia-a-dia as not\u00edcias do sofrimento enorme de tantas pessoas no M\u00e9dio Oriente. Penso especialmente nas crian\u00e7as, nas m\u00e3es, nos idosos, nos deslocados e nos refugiados, em quantos padecem a fome, naqueles que t\u00eam de enfrentar a dureza do Inverno sem um tecto para se protegerem. Este sofrimento brada a Deus e faz apelo ao compromisso de todos n\u00f3s por meio da ora\u00e7\u00e3o e de todo o tipo de iniciativa. Desejo exprimir a todos unidade e solidariedade, minha e da Igreja, e oferecer uma palavra de consola\u00e7\u00e3o e de esperan\u00e7a.<\/p>\n<p>A nossa consola\u00e7\u00e3o e a nossa esperan\u00e7a, queridos irm\u00e3os e irm\u00e3s que dais corajosamente testemunho de Jesus na vossa terra aben\u00e7oada pelo Senhor, \u00e9 o pr\u00f3prio Cristo. Por isso, encorajo-vos a permanecer unidos a Ele, como ramos \u00e0 videira, com a certeza de que nem a tribula\u00e7\u00e3o, nem a ang\u00fastia, nem a persegui\u00e7\u00e3o vos pode separar d\u2019Ele (cf. Rm 8, 35). Que a prova, que estais a atravessar, fortale\u00e7a a f\u00e9 e a fidelidade de todos v\u00f3s!<\/p>\n<p>Rezo para que possais viver a comunh\u00e3o fraterna segundo o exemplo da primitiva comunidade de Jerusal\u00e9m. Nestes momentos dif\u00edceis, \u00e9 mais necess\u00e1ria do que nunca a unidade desejada por Nosso Senhor; \u00e9 um dom de Deus que interpela a nossa liberdade e aguarda pela nossa resposta. Que a palavra de Deus, os sacramentos, a ora\u00e7\u00e3o, a fraternidade alimentem e renovem sem cessar as vossas comunidades.<\/p>\n<p>A situa\u00e7\u00e3o em que viveis constitui um forte apelo \u00e0 santidade de vida, como o comprovam santos e m\u00e1rtires das mais diversas confiss\u00f5es eclesiais. Recordo com afecto e venera\u00e7\u00e3o os pastores e os fi\u00e9is, a quem foi pedido o sacrif\u00edcio da vida, nos \u00faltimos tempos, muitas vezes pelo simples facto de serem crist\u00e3os. Penso tamb\u00e9m nas pessoas sequestradas, incluindo alguns bispos ortodoxos e sacerdotes de diferentes Ritos. Que elas possam, em breve, regressar s\u00e3s e salvas \u00e0s suas casas e comunidades! Pe\u00e7o a Deus que tanto sofrimento, unido \u00e0 cruz do Senhor, d\u00ea bons frutos para a Igreja e para os povos do M\u00e9dio Oriente.<\/p>\n<p>No meio das hostilidades e conflitos, a comunh\u00e3o vivida entre v\u00f3s em fraternidade e simplicidade \u00e9 um sinal do Reino de Deus. Alegro-me com as boas rela\u00e7\u00f5es e a colabora\u00e7\u00e3o entre os patriarcas das Igrejas Orientais cat\u00f3licas e ortodoxas, bem como entre os fi\u00e9is das diferentes Igrejas. Os sofrimentos padecidos pelos crist\u00e3os prestam uma contribui\u00e7\u00e3o inestim\u00e1vel \u00e0 causa da unidade. \u00c9 o ecumenismo do sangue, que requer confiante abandono \u00e0 ac\u00e7\u00e3o do Esp\u00edrito Santo.<\/p>\n<p>Que sempre possais dar testemunho de Jesus atrav\u00e9s das dificuldades! A vossa pr\u00f3pria presen\u00e7a \u00e9 preciosa para o M\u00e9dio Oriente. Sois um pequeno rebanho, mas com uma grande responsabilidade na terra onde nasceu e donde irradiou o cristianismo. Sois como o fermento na massa. Acima mesmo das inumer\u00e1veis obras da Igreja nos sectores escol\u00e1stico, sanit\u00e1rio ou assistencial, apreciadas por todos, a maior riqueza para a Regi\u00e3o s\u00e3o os crist\u00e3os; sois v\u00f3s. Obrigado pela vossa perseveran\u00e7a!<\/p>\n<p>Outro sinal do Reino de Deus \u00e9 o vosso esfor\u00e7o por colaborar com pessoas doutras religi\u00f5es, com os judeus e com os mu\u00e7ulmanos. O di\u00e1logo inter-religioso torna-se tanto mais necess\u00e1rio, quanto mais dif\u00edcil \u00e9 a situa\u00e7\u00e3o. N\u00e3o h\u00e1 outra estrada. O di\u00e1logo baseado numa atitude de abertura, na verdade e no amor \u00e9 tamb\u00e9m o melhor ant\u00eddoto contra a tenta\u00e7\u00e3o do fundamentalismo religioso, que \u00e9 uma amea\u00e7a para os crentes de todas as religi\u00f5es. Simultaneamente, o di\u00e1logo \u00e9 um servi\u00e7o \u00e0 justi\u00e7a e uma condi\u00e7\u00e3o necess\u00e1ria para a t\u00e3o desejada paz.<\/p>\n<p>A maior parte de v\u00f3s vive num ambiente de maioria mu\u00e7ulmana. Podeis ajudar os vossos concidad\u00e3os mu\u00e7ulmanos a apresentarem, com discernimento, uma imagem mais aut\u00eantica do Isl\u00e3o, como querem muitos deles que repetem que o Isl\u00e3o \u00e9 uma religi\u00e3o de paz e pode conciliar-se com o respeito dos direitos humanos e promover a conviv\u00eancia entre todos. Ser\u00e1 um bem para eles e para a sociedade inteira. A situa\u00e7\u00e3o dram\u00e1tica, vivida pelos nossos irm\u00e3os crist\u00e3os no Iraque, mas tamb\u00e9m pelos yazidis e os membros de outras comunidades religiosas e \u00e9tnicas, exige uma tomada de posi\u00e7\u00e3o clara e corajosa por parte de todos os respons\u00e1veis religiosos que condene, de modo un\u00e2nime e sem qualquer ambiguidade, tais crimes e denuncie a pr\u00e1tica de invocar a religi\u00e3o para os justificar.<\/p>\n<p>Car\u00edssimos, quase todos v\u00f3s sois cidad\u00e3os nativos dos vossos pa\u00edses e, por isso, tendes o dever e o direito de participar plenamente na vida e crescimento da vossa na\u00e7\u00e3o. Na Regi\u00e3o, sois chamados a ser construtores de paz, reconcilia\u00e7\u00e3o e desenvolvimento, a promover o di\u00e1logo, a construir pontes segundo o esp\u00edrito das Bem-aventuran\u00e7as (cf. Mt 5, 3-12), a proclamar o evangelho da paz, prontos a colaborar com todas as autoridades nacionais e internacionais.<\/p>\n<p>Em particular, desejo exprimir a minha estima e a minha gratid\u00e3o a v\u00f3s, car\u00edssimos irm\u00e3os patriarcas, bispos, sacerdotes, religiosos e irm\u00e3s religiosas, que acompanhais com solicitude o caminho das vossas comunidades. Como \u00e9 preciosa a presen\u00e7a e a ac\u00e7\u00e3o de quem se consagrou totalmente ao Senhor e O serve nos irm\u00e3os, sobretudo nos mais necessitados, testemunhando a sua grandeza e o seu amor infinito! Como \u00e9 importante a presen\u00e7a dos pastores junto do seu rebanho, sobretudo nos momentos de dificuldade!<\/p>\n<p>A v\u00f3s, jovens, mando-vos um paterno abra\u00e7o. Rezo pela vossa f\u00e9, pelo vosso crescimento humano e crist\u00e3o, e para que os vossos melhores projectos se possam realizar. E repito-vos: \u00abN\u00e3o tenhais medo nem vergonha de ser crist\u00e3os. O relacionamento com Jesus tornar-vos-\u00e1 dispon\u00edveis para colaborar sem reservas com vossos compatriotas, independentemente do seu credo religioso\u00bb (Bento XVI, Exort. ap. p\u00f3s-sinodal Ecclesia in Medio Oriente, 63).<\/p>\n<p>A v\u00f3s, idosos, fa\u00e7o chegar os meus sentimentos de estima. Sois a mem\u00f3ria dos vossos povos; espero que esta mem\u00f3ria seja semente de crescimento para as novas gera\u00e7\u00f5es.<\/p>\n<p>Quero encorajar a quantos de v\u00f3s trabalham nas \u00e1reas muito importantes da caridade e da educa\u00e7\u00e3o. Admiro o trabalho que estais a fazer, especialmente atrav\u00e9s das C\u00e1ritas e com a ajuda das organiza\u00e7\u00f5es caritativas cat\u00f3licas de v\u00e1rios pa\u00edses, auxiliando a todos sem distin\u00e7\u00e3o. Atrav\u00e9s do testemunho da caridade, ofereceis o mais v\u00e1lido apoio \u00e0 vida social e contribuis tamb\u00e9m para a paz de que a Regi\u00e3o tem fome como de p\u00e3o. Mas tamb\u00e9m no sector da educa\u00e7\u00e3o est\u00e1 em jogo o futuro da sociedade. Como \u00e9 importante a educa\u00e7\u00e3o para a cultura do encontro, para o respeito pela dignidade da pessoa e pelo valor absoluto de cada ser humano!<\/p>\n<p>Car\u00edssimos, embora em n\u00famero reduzido, sois protagonistas da vida da Igreja e dos pa\u00edses onde viveis. Toda a Igreja est\u00e1 solid\u00e1ria convosco e vos apoia com grande afecto e estima pelas vossas comunidades e a vossa miss\u00e3o. Continuaremos a ajudar-vos com a ora\u00e7\u00e3o e com os outros meios \u00e0 disposi\u00e7\u00e3o.<\/p>\n<p>Ao mesmo tempo, continuo a incitar a Comunidade Internacional para que acorra \u00e0s vossas necessidades e \u00e0s das outras minorias que sofrem, antes de mais nada promovendo a paz por meio da negocia\u00e7\u00e3o e da actividade diplom\u00e1tica, procurando circunscrever e extinguir o mais depressa poss\u00edvel a viol\u00eancia que j\u00e1 causou muito dano. Reitero a mais firme depreca\u00e7\u00e3o dos tr\u00e1ficos de armas. Aquilo de que precisamos s\u00e3o projectos e iniciativas de paz a fim de promover uma solu\u00e7\u00e3o global para os problemas da Regi\u00e3o. Quanto tempo dever\u00e1 ainda sofrer o M\u00e9dio Oriente por car\u00eancia de paz? N\u00e3o podemos resignar-nos aos conflitos, como se n\u00e3o fosse poss\u00edvel uma mudan\u00e7a! No sulco da minha peregrina\u00e7\u00e3o \u00e0 Terra Santa e sucessivo encontro de ora\u00e7\u00e3o no Vaticano com os Presidentes israelita e palestiniano, convido-vos a continuar a rezar pela paz no M\u00e9dio Oriente. Quem foi for\u00e7ado a deixar as suas terras, possa regressar e viver nelas com dignidade e seguran\u00e7a. Que a assist\u00eancia humanit\u00e1ria possa incrementar-se, sempre colocando no centro o bem da pessoa e de cada pa\u00eds no respeito pela sua identidade pr\u00f3pria, sem lhe antepor outros interesses! Que a Igreja inteira e a Comunidade Internacional se tornem cada vez mais conscientes da import\u00e2ncia da vossa presen\u00e7a na Regi\u00e3o!<\/p>\n<p>Queridas irm\u00e3s e irm\u00e3os crist\u00e3os do M\u00e9dio Oriente, tendes uma grande responsabilidade e n\u00e3o estais sozinhos a enfrent\u00e1-la. Por isso quis escrever-vos para vos encorajar e dizer como s\u00e3o preciosas a vossa presen\u00e7a e a vossa miss\u00e3o nessa terra aben\u00e7oada pelo Senhor. O vosso testemunho faz-me muito bem. Obrigado! Todos os dias rezo por v\u00f3s e pelas vossas inten\u00e7\u00f5es. Agrade\u00e7o-vos porque sei que, nos vossos sofrimentos, rezais por mim e pelo meu servi\u00e7o \u00e0 Igreja. Muito espero ter a gra\u00e7a de ir pessoalmente visitar-vos e confortar-vos. A Virgem Maria, a Toda Santa M\u00e3e de Deus e nossa M\u00e3e, vos acompanhe e proteja sempre com a sua ternura. A todos v\u00f3s e \u00e0s vossas fam\u00edlias envio a B\u00ean\u00e7\u00e3o Apost\u00f3lica, com votos de que vivais o Santo Natal no amor e na paz de Cristo Salvador.<\/p>\n<p>Vaticano,\u00a0Ter\u00e7a-feira, 23 de dezembro de 2014<\/p>\n","protected":false},"excerpt":{"rendered":"<p>Mensagem de Natal<\/p>\n","protected":false},"author":1,"featured_media":219307,"comment_status":"open","ping_status":"open","sticky":false,"template":"","format":"standard","meta":[],"categories":[1428],"tags":[78],"acf":[],"yoast_head":"<!-- This site is optimized with the Yoast SEO plugin v19.2 - https:\/\/yoast.com\/wordpress\/plugins\/seo\/ -->\n<title>Carta do Papa Francisco aos crist\u00e3os do Oriente M\u00e9dio por ocasi\u00e3o do Natal - Not\u00edcias - Franciscanos<\/title>\n<meta name=\"robots\" content=\"index, follow, max-snippet:-1, max-image-preview:large, max-video-preview:-1\" \/>\n<link rel=\"canonical\" href=\"https:\/\/franciscanos.org.br\/noticias\/carta-do-papa-francisco-aos-cristaos-do-oriente-medio-por-ocasiao-do-natal.html\" \/>\n<meta property=\"og:locale\" content=\"pt_BR\" \/>\n<meta property=\"og:type\" content=\"article\" \/>\n<meta property=\"og:title\" content=\"Carta do Papa Francisco aos crist\u00e3os do Oriente M\u00e9dio por ocasi\u00e3o do Natal - Not\u00edcias - Franciscanos\" \/>\n<meta property=\"og:description\" content=\"Mensagem de Natal\" \/>\n<meta property=\"og:url\" content=\"https:\/\/franciscanos.org.br\/noticias\/carta-do-papa-francisco-aos-cristaos-do-oriente-medio-por-ocasiao-do-natal.html\" \/>\n<meta property=\"og:site_name\" content=\"Not\u00edcias - Franciscanos\" \/>\n<meta property=\"article:published_time\" content=\"2014-12-26T10:11:44+00:00\" \/>\n<meta property=\"article:modified_time\" content=\"2020-06-10T19:58:59+00:00\" \/>\n<meta property=\"og:image\" content=\"https:\/\/franciscanos.org.br\/noticias\/wp-content\/uploads\/2014\/12\/papa_26.jpg\" \/>\n\t<meta property=\"og:image:width\" content=\"273\" \/>\n\t<meta property=\"og:image:height\" content=\"181\" \/>\n\t<meta property=\"og:image:type\" content=\"image\/jpeg\" \/>\n<meta name=\"author\" content=\"admin\" \/>\n<meta name=\"twitter:card\" content=\"summary_large_image\" \/>\n<meta name=\"twitter:label1\" content=\"Escrito por\" \/>\n\t<meta name=\"twitter:data1\" content=\"admin\" \/>\n\t<meta name=\"twitter:label2\" content=\"Est. tempo de leitura\" \/>\n\t<meta name=\"twitter:data2\" content=\"10 minutos\" \/>\n<script type=\"application\/ld+json\" class=\"yoast-schema-graph\">{\"@context\":\"https:\/\/schema.org\",\"@graph\":[{\"@type\":\"WebSite\",\"@id\":\"https:\/\/franciscanos.org.br\/noticias\/#website\",\"url\":\"https:\/\/franciscanos.org.br\/noticias\/\",\"name\":\"Not\u00edcias - Franciscanos\",\"description\":\"Prov\u00edncia Franciscana da Imaculada Concei\u00e7\u00e3o do Brasil - Ordem dos Frades Menores - OFM\",\"potentialAction\":[{\"@type\":\"SearchAction\",\"target\":{\"@type\":\"EntryPoint\",\"urlTemplate\":\"https:\/\/franciscanos.org.br\/noticias\/?s={search_term_string}\"},\"query-input\":\"required name=search_term_string\"}],\"inLanguage\":\"pt-BR\"},{\"@type\":\"ImageObject\",\"inLanguage\":\"pt-BR\",\"@id\":\"https:\/\/franciscanos.org.br\/noticias\/carta-do-papa-francisco-aos-cristaos-do-oriente-medio-por-ocasiao-do-natal.html#primaryimage\",\"url\":\"https:\/\/franciscanos.org.br\/noticias\/wp-content\/uploads\/2014\/12\/papa_26.jpg\",\"contentUrl\":\"https:\/\/franciscanos.org.br\/noticias\/wp-content\/uploads\/2014\/12\/papa_26.jpg\",\"width\":273,\"height\":181},{\"@type\":\"WebPage\",\"@id\":\"https:\/\/franciscanos.org.br\/noticias\/carta-do-papa-francisco-aos-cristaos-do-oriente-medio-por-ocasiao-do-natal.html#webpage\",\"url\":\"https:\/\/franciscanos.org.br\/noticias\/carta-do-papa-francisco-aos-cristaos-do-oriente-medio-por-ocasiao-do-natal.html\",\"name\":\"Carta do Papa Francisco aos crist\u00e3os do Oriente M\u00e9dio por ocasi\u00e3o do Natal - Not\u00edcias - Franciscanos\",\"isPartOf\":{\"@id\":\"https:\/\/franciscanos.org.br\/noticias\/#website\"},\"primaryImageOfPage\":{\"@id\":\"https:\/\/franciscanos.org.br\/noticias\/carta-do-papa-francisco-aos-cristaos-do-oriente-medio-por-ocasiao-do-natal.html#primaryimage\"},\"datePublished\":\"2014-12-26T10:11:44+00:00\",\"dateModified\":\"2020-06-10T19:58:59+00:00\",\"author\":{\"@id\":\"https:\/\/franciscanos.org.br\/noticias\/#\/schema\/person\/b38fbf43118f02820bd932f2e4b14ad3\"},\"breadcrumb\":{\"@id\":\"https:\/\/franciscanos.org.br\/noticias\/carta-do-papa-francisco-aos-cristaos-do-oriente-medio-por-ocasiao-do-natal.html#breadcrumb\"},\"inLanguage\":\"pt-BR\",\"potentialAction\":[{\"@type\":\"ReadAction\",\"target\":[\"https:\/\/franciscanos.org.br\/noticias\/carta-do-papa-francisco-aos-cristaos-do-oriente-medio-por-ocasiao-do-natal.html\"]}]},{\"@type\":\"BreadcrumbList\",\"@id\":\"https:\/\/franciscanos.org.br\/noticias\/carta-do-papa-francisco-aos-cristaos-do-oriente-medio-por-ocasiao-do-natal.html#breadcrumb\",\"itemListElement\":[{\"@type\":\"ListItem\",\"position\":1,\"name\":\"Home\",\"item\":\"https:\/\/franciscanos.org.br\/noticias\"},{\"@type\":\"ListItem\",\"position\":2,\"name\":\"Carta do Papa Francisco aos crist\u00e3os do Oriente M\u00e9dio por ocasi\u00e3o do Natal\"}]},{\"@type\":\"Person\",\"@id\":\"https:\/\/franciscanos.org.br\/noticias\/#\/schema\/person\/b38fbf43118f02820bd932f2e4b14ad3\",\"name\":\"admin\",\"image\":{\"@type\":\"ImageObject\",\"inLanguage\":\"pt-BR\",\"@id\":\"https:\/\/franciscanos.org.br\/noticias\/#\/schema\/person\/image\/\",\"url\":\"https:\/\/secure.gravatar.com\/avatar\/e8495742d34d0ba6448ea1c628263b3e?s=96&d=mm&r=g\",\"contentUrl\":\"https:\/\/secure.gravatar.com\/avatar\/e8495742d34d0ba6448ea1c628263b3e?s=96&d=mm&r=g\",\"caption\":\"admin\"},\"url\":\"https:\/\/franciscanos.org.br\/noticias\/author\/admin\"}]}<\/script>\n<!-- \/ Yoast SEO plugin. -->","yoast_head_json":{"title":"Carta do Papa Francisco aos crist\u00e3os do Oriente M\u00e9dio por ocasi\u00e3o do Natal - Not\u00edcias - Franciscanos","robots":{"index":"index","follow":"follow","max-snippet":"max-snippet:-1","max-image-preview":"max-image-preview:large","max-video-preview":"max-video-preview:-1"},"canonical":"https:\/\/franciscanos.org.br\/noticias\/carta-do-papa-francisco-aos-cristaos-do-oriente-medio-por-ocasiao-do-natal.html","og_locale":"pt_BR","og_type":"article","og_title":"Carta do Papa Francisco aos crist\u00e3os do Oriente M\u00e9dio por ocasi\u00e3o do Natal - Not\u00edcias - Franciscanos","og_description":"Mensagem de Natal","og_url":"https:\/\/franciscanos.org.br\/noticias\/carta-do-papa-francisco-aos-cristaos-do-oriente-medio-por-ocasiao-do-natal.html","og_site_name":"Not\u00edcias - Franciscanos","article_published_time":"2014-12-26T10:11:44+00:00","article_modified_time":"2020-06-10T19:58:59+00:00","og_image":[{"width":273,"height":181,"url":"https:\/\/franciscanos.org.br\/noticias\/wp-content\/uploads\/2014\/12\/papa_26.jpg","type":"image\/jpeg"}],"author":"admin","twitter_card":"summary_large_image","twitter_misc":{"Escrito por":"admin","Est. tempo de leitura":"10 minutos"},"schema":{"@context":"https:\/\/schema.org","@graph":[{"@type":"WebSite","@id":"https:\/\/franciscanos.org.br\/noticias\/#website","url":"https:\/\/franciscanos.org.br\/noticias\/","name":"Not\u00edcias - Franciscanos","description":"Prov\u00edncia Franciscana da Imaculada Concei\u00e7\u00e3o do Brasil - Ordem dos Frades Menores - OFM","potentialAction":[{"@type":"SearchAction","target":{"@type":"EntryPoint","urlTemplate":"https:\/\/franciscanos.org.br\/noticias\/?s={search_term_string}"},"query-input":"required name=search_term_string"}],"inLanguage":"pt-BR"},{"@type":"ImageObject","inLanguage":"pt-BR","@id":"https:\/\/franciscanos.org.br\/noticias\/carta-do-papa-francisco-aos-cristaos-do-oriente-medio-por-ocasiao-do-natal.html#primaryimage","url":"https:\/\/franciscanos.org.br\/noticias\/wp-content\/uploads\/2014\/12\/papa_26.jpg","contentUrl":"https:\/\/franciscanos.org.br\/noticias\/wp-content\/uploads\/2014\/12\/papa_26.jpg","width":273,"height":181},{"@type":"WebPage","@id":"https:\/\/franciscanos.org.br\/noticias\/carta-do-papa-francisco-aos-cristaos-do-oriente-medio-por-ocasiao-do-natal.html#webpage","url":"https:\/\/franciscanos.org.br\/noticias\/carta-do-papa-francisco-aos-cristaos-do-oriente-medio-por-ocasiao-do-natal.html","name":"Carta do Papa Francisco aos crist\u00e3os do Oriente M\u00e9dio por ocasi\u00e3o do Natal - Not\u00edcias - Franciscanos","isPartOf":{"@id":"https:\/\/franciscanos.org.br\/noticias\/#website"},"primaryImageOfPage":{"@id":"https:\/\/franciscanos.org.br\/noticias\/carta-do-papa-francisco-aos-cristaos-do-oriente-medio-por-ocasiao-do-natal.html#primaryimage"},"datePublished":"2014-12-26T10:11:44+00:00","dateModified":"2020-06-10T19:58:59+00:00","author":{"@id":"https:\/\/franciscanos.org.br\/noticias\/#\/schema\/person\/b38fbf43118f02820bd932f2e4b14ad3"},"breadcrumb":{"@id":"https:\/\/franciscanos.org.br\/noticias\/carta-do-papa-francisco-aos-cristaos-do-oriente-medio-por-ocasiao-do-natal.html#breadcrumb"},"inLanguage":"pt-BR","potentialAction":[{"@type":"ReadAction","target":["https:\/\/franciscanos.org.br\/noticias\/carta-do-papa-francisco-aos-cristaos-do-oriente-medio-por-ocasiao-do-natal.html"]}]},{"@type":"BreadcrumbList","@id":"https:\/\/franciscanos.org.br\/noticias\/carta-do-papa-francisco-aos-cristaos-do-oriente-medio-por-ocasiao-do-natal.html#breadcrumb","itemListElement":[{"@type":"ListItem","position":1,"name":"Home","item":"https:\/\/franciscanos.org.br\/noticias"},{"@type":"ListItem","position":2,"name":"Carta do Papa Francisco aos crist\u00e3os do Oriente M\u00e9dio por ocasi\u00e3o do Natal"}]},{"@type":"Person","@id":"https:\/\/franciscanos.org.br\/noticias\/#\/schema\/person\/b38fbf43118f02820bd932f2e4b14ad3","name":"admin","image":{"@type":"ImageObject","inLanguage":"pt-BR","@id":"https:\/\/franciscanos.org.br\/noticias\/#\/schema\/person\/image\/","url":"https:\/\/secure.gravatar.com\/avatar\/e8495742d34d0ba6448ea1c628263b3e?s=96&d=mm&r=g","contentUrl":"https:\/\/secure.gravatar.com\/avatar\/e8495742d34d0ba6448ea1c628263b3e?s=96&d=mm&r=g","caption":"admin"},"url":"https:\/\/franciscanos.org.br\/noticias\/author\/admin"}]}},"_links":{"self":[{"href":"https:\/\/franciscanos.org.br\/noticias\/wp-json\/wp\/v2\/posts\/76015"}],"collection":[{"href":"https:\/\/franciscanos.org.br\/noticias\/wp-json\/wp\/v2\/posts"}],"about":[{"href":"https:\/\/franciscanos.org.br\/noticias\/wp-json\/wp\/v2\/types\/post"}],"author":[{"embeddable":true,"href":"https:\/\/franciscanos.org.br\/noticias\/wp-json\/wp\/v2\/users\/1"}],"replies":[{"embeddable":true,"href":"https:\/\/franciscanos.org.br\/noticias\/wp-json\/wp\/v2\/comments?post=76015"}],"version-history":[{"count":1,"href":"https:\/\/franciscanos.org.br\/noticias\/wp-json\/wp\/v2\/posts\/76015\/revisions"}],"predecessor-version":[{"id":226146,"href":"https:\/\/franciscanos.org.br\/noticias\/wp-json\/wp\/v2\/posts\/76015\/revisions\/226146"}],"wp:featuredmedia":[{"embeddable":true,"href":"https:\/\/franciscanos.org.br\/noticias\/wp-json\/wp\/v2\/media\/219307"}],"wp:attachment":[{"href":"https:\/\/franciscanos.org.br\/noticias\/wp-json\/wp\/v2\/media?parent=76015"}],"wp:term":[{"taxonomy":"category","embeddable":true,"href":"https:\/\/franciscanos.org.br\/noticias\/wp-json\/wp\/v2\/categories?post=76015"},{"taxonomy":"post_tag","embeddable":true,"href":"https:\/\/franciscanos.org.br\/noticias\/wp-json\/wp\/v2\/tags?post=76015"}],"curies":[{"name":"wp","href":"https:\/\/api.w.org\/{rel}","templated":true}]}}