{"id":75796,"date":"2014-12-20T21:34:54","date_gmt":"2014-12-20T23:34:54","guid":{"rendered":"http:\/\/franciscanos.org.br\/?p=75796"},"modified":"2019-05-03T11:51:45","modified_gmt":"2019-05-03T14:51:45","slug":"frei-antenor-esta-pronto-para-a-missao-de-angola","status":"publish","type":"post","link":"https:\/\/franciscanos.org.br\/noticias\/frei-antenor-esta-pronto-para-a-missao-de-angola.html","title":{"rendered":"Frei Antenor est\u00e1 pronto para a Miss\u00e3o de Angola"},"content":{"rendered":"<p><strong>Moacir Beggo<\/strong><\/p>\n<p><strong>S\u00e3o Louren\u00e7o (MG)<\/strong> &#8211; O mineiro Frei Antenor Camilo Milit\u00e3o foi ordenado presb\u00edtero pelo bispo franciscano Dom Diamantino Prata de Carvalho, da Diocese de Campanha, neste s\u00e1bado (20\/12), \u00e0s 10 horas, na Par\u00f3quia Sant\u00edssima Trindade, em S\u00e3o Louren\u00e7o, no Sul de Minas Gerais. O novo presb\u00edtero da Prov\u00edncia da Imaculada Concei\u00e7\u00e3o agora j\u00e1 poder\u00e1 realizar um sonho que vem acalentando h\u00e1 muito tempo: ser mission\u00e1rio na Miss\u00e3o Franciscana de Angola.<\/p>\n<p>Frei Antenor \u00e9 mais um vocacionado do grupo de jovens que foi preparado pelos frades franciscanos, entre eles o bispo Dom Diamantino, quando estiveram presentes na Par\u00f3quia S\u00e3o Louren\u00e7o desta cidade por cerca de 80 anos. Na celebra\u00e7\u00e3o estavam reunidos mais dois filhos da terra: Frei Rodrigo da Silva Santos, que preparou a ordena\u00e7\u00e3o durante a semana e foi o comentarista da celebra\u00e7\u00e3o, e Frei Marcos Prado dos Santos, ordenado presb\u00edtero recentemente por D. Diamantino.<\/p>\n<p><a href=\"http:\/\/franciscanos.org.br\/wp-content\/uploads\/2014\/12\/meio3.jpg\"><img loading=\"lazy\" class=\"alignleft size-full wp-image-75807\" src=\"http:\/\/franciscanos.org.br\/wp-content\/uploads\/2014\/12\/meio3.jpg\" alt=\"meio\" width=\"450\" height=\"338\" \/><\/a>Al\u00e9m do Ministro Provincial, Frei Fid\u00eancio Vanboemmel, confrades de Frei Antenor de toda a Prov\u00edncia da Imaculada participaram da celebra\u00e7\u00e3o, assim como sacerdotes e seminaristas da Diocese de Campanha. A Igreja no bairro de Nossa Senhora de F\u00e1tima ficou pequena para essa grande demonstra\u00e7\u00e3o de carinho pelo ordenando, especialmente dos paroquianos de Amparo (SP) e Guaratinguet\u00e1 (SP), que lotaram dois \u00f4nibus para participar da celebra\u00e7\u00e3o. Isso porque, em Amparo, Frei Antenor residiu como di\u00e1cono e atualmente reside no Semin\u00e1rio Frei Galv\u00e3o de Guaratinguet\u00e1.<\/p>\n<p>Frei Antenor teve ao seu lado, na prociss\u00e3o de entrada, a m\u00e3e Maria C\u00e2ndida e o pai Eurico, que permaneceram com ele at\u00e9 ser chamado para perto do bispo, depois da liturgia da Palavra, quando teve in\u00edcio o rito da ordena\u00e7\u00e3o. Frei Fid\u00eancio apresentou Frei Camilo e deu seu testemunho, em nome da Prov\u00edncia da Imaculada e do povo de Deus, que ele &#8220;era considerado digno&#8221; para o minist\u00e9rio sacerdotal.<\/p>\n<p>Na sua homilia, a seguir, Dom Diamantino partiu do evangelho da Anuncia\u00e7\u00e3o (Lc 1,26-38) para falar do &#8216;sim&#8217; generoso de Maria a Deus e do &#8216;sim&#8217; que Frei Antenor estava dando como mission\u00e1rio. &#8220;Frei Antenor n\u00e3o se acomodou e se lan\u00e7a com coragem para \u00a0realizar a obra evangelizadora que Jesus nos legou&#8221;, disse D. Diamantino, confessando ao povo que ele, antes de ser nomeado bispo, iria para Angola como mission\u00e1rio. &#8220;Mas veio a nomea\u00e7\u00e3o e acabei adiando esse desejo&#8221;, contou o bispo franciscano, que espera ainda ser mission\u00e1rio na \u00c1frica, j\u00e1 que deixar\u00e1 a Diocese de Campanha quando completar 75 anos em 2015.<\/p>\n<p>Ap\u00f3s a homilia, o rito continuou com o prop\u00f3sito do eleito. Em seguida, foi cantada a Ladainha de todos os Santos, quando Frei Antenor prostrou-se, como sinal de sua total entrega a Deus. Veio, ent\u00e3o, o momento central da ordena\u00e7\u00e3o com a imposi\u00e7\u00e3o das m\u00e3os e a Prece de Ordena\u00e7\u00e3o.<\/p>\n<div id=\"attachment_75808\" style=\"width: 460px\" class=\"wp-caption alignright\"><a href=\"http:\/\/franciscanos.org.br\/wp-content\/uploads\/2014\/12\/pais.jpg\"><img aria-describedby=\"caption-attachment-75808\" loading=\"lazy\" class=\"wp-image-75808 size-full\" src=\"http:\/\/franciscanos.org.br\/wp-content\/uploads\/2014\/12\/pais.jpg\" alt=\"pais\" width=\"450\" height=\"229\" \/><\/a><p id=\"caption-attachment-75808\" class=\"wp-caption-text\">Frei Antenor ao lado dos pais<\/p><\/div>\n<p>Na sequ\u00eancia, a \u00faltima parte do rito: un\u00e7\u00e3o das m\u00e3os, vesti\u00e7\u00e3o de Frei Antenor com a casula e a estola &#8211; ele teve a ajuda de Frei Jo\u00e3o Francisco, guardi\u00e3o da Fraternidade de Guaratinguet\u00e1, onde reside, e do Pe. Carlos &#8211; e a entrega do c\u00e1lice e da patena. Num gesto fraterno, representando a acolhida do neo-sacerdote entre os presb\u00edteros, Frei Antenor Camilo recebeu o abra\u00e7o da paz de D. Diamantino, dos seus confrades e dos sacerdotes. Terminou assim o rito de ordena\u00e7\u00e3o e Frei Antenor passou a celebrar a Eucaristia pela primeira vez como presb\u00edtero.<\/p>\n<p><strong>AGRADECIMENTOS<\/strong><\/p>\n<p>Frei Fid\u00eancio proporcionou um dos momentos mais emocionantes da celebra\u00e7\u00e3o \u00a0ao pedir licen\u00e7a ao novo presb\u00edtero para ler um trecho da carta que recebeu dele falando do desejo de ser mission\u00e1rio em Angola: &#8220;Neste tempo de gra\u00e7a em prepara\u00e7\u00e3o para o minist\u00e9rio sacerdotal, venho com muita confian\u00e7a em Deus e com humildade pedir ao Senhor Ministro Provincial a gra\u00e7a de liberar-me, aben\u00e7oar-me e enviar-me para as miss\u00f5es em terras angolanas. Confesso que \u00e9 um desejo que carrego comigo h\u00e1 algum tempo&#8221;,revelou Frei Fid\u00eancio.<\/p>\n<p><a href=\"http:\/\/franciscanos.org.br\/wp-content\/uploads\/2014\/12\/meio11.jpg\"><img loading=\"lazy\" class=\"alignleft size-full wp-image-75810\" src=\"http:\/\/franciscanos.org.br\/wp-content\/uploads\/2014\/12\/meio11.jpg\" alt=\"meio1\" width=\"296\" height=\"400\" \/><\/a>Segundo o Ministro Provincial, Frei Antenor ainda lhe escreveu: &#8220;Quero muito contribuir com a miss\u00e3o de Angola, porque sei e tenho plena convic\u00e7\u00e3o, n\u00e3o sou eu, pobre frade, que estaar\u00e1 contribuindo com a Miss\u00e3o de Angola, mas minha voca\u00e7\u00e3o \u00e9 que vai ganhar muito e vai se enriquecer com essa nova experi\u00eancia que Deus est\u00e1 me proporcionando&#8221;.<\/p>\n<p>Ainda disse ao Ministro Provincial que sua motiva\u00e7\u00e3o para ser mission\u00e1rio aconteceu quando ainda era estudante em Agudos e ouviu de um frade mission\u00e1rio a seguinte frase: \u201cN\u00e3o encontramos Deus na fartura, na abund\u00e2ncia, mas encontramos o Senhor naqueles que s\u00e3o abandonados pela sociedade\u201d.<\/p>\n<p>Frei Fid\u00eancio agradeceu carinhosamente aos pais pelo &#8220;irm\u00e3o fraterno&#8221; que os frades ganhavam e tamb\u00e9m a seu confrade Dom Diamantino por ordenar Frei Antenor, ao p\u00e1roco Pe. Il\u00eddio Coelho, que acolheu os frades generosamente durante a prepara\u00e7\u00e3o para a ordena\u00e7\u00e3o, e \u00e0 comunidade de S\u00e3o Louren\u00e7o, sempre muito carinhosa com os frades.<\/p>\n<p>Frei Antenor tamb\u00e9m agradeceu a todos pelo momento inesquec\u00edvel que estava vivendo. No final, pediu ao povo que rezasse com ele um Pai Nosso e uma Ave Maria pela fam\u00edlia, onde nascem as voca\u00e7\u00f5es religiosas.<\/p>\n<p>A Primeira Missa de Frei Antenor ser\u00e1 celebrada neste domingo, dia 21 de dezembro de 2014, \u00e0s 9h30, na mesma Par\u00f3quia.<\/p>\n","protected":false},"excerpt":{"rendered":"<p>Ordena\u00e7\u00e3o presbiteral de Frei Antenor Milit\u00e3o<\/p>\n","protected":false},"author":1,"featured_media":204322,"comment_status":"open","ping_status":"open","sticky":false,"template":"","format":"standard","meta":[],"categories":[1],"tags":[157],"acf":[],"yoast_head":"<!-- This site is optimized with the Yoast SEO plugin v19.2 - https:\/\/yoast.com\/wordpress\/plugins\/seo\/ -->\n<title>Frei Antenor est\u00e1 pronto para a Miss\u00e3o de Angola - Not\u00edcias - Franciscanos<\/title>\n<meta name=\"robots\" content=\"index, follow, max-snippet:-1, max-image-preview:large, max-video-preview:-1\" \/>\n<link rel=\"canonical\" href=\"https:\/\/franciscanos.org.br\/noticias\/frei-antenor-esta-pronto-para-a-missao-de-angola.html\" \/>\n<meta property=\"og:locale\" content=\"pt_BR\" \/>\n<meta property=\"og:type\" content=\"article\" \/>\n<meta property=\"og:title\" content=\"Frei Antenor est\u00e1 pronto para a Miss\u00e3o de Angola - Not\u00edcias - Franciscanos\" \/>\n<meta property=\"og:description\" content=\"Ordena\u00e7\u00e3o presbiteral de Frei Antenor Milit\u00e3o\" \/>\n<meta property=\"og:url\" content=\"https:\/\/franciscanos.org.br\/noticias\/frei-antenor-esta-pronto-para-a-missao-de-angola.html\" \/>\n<meta property=\"og:site_name\" content=\"Not\u00edcias - Franciscanos\" \/>\n<meta property=\"article:published_time\" content=\"2014-12-20T23:34:54+00:00\" \/>\n<meta property=\"article:modified_time\" content=\"2019-05-03T14:51:45+00:00\" \/>\n<meta property=\"og:image\" content=\"https:\/\/franciscanos.org.br\/noticias\/wp-content\/uploads\/2014\/12\/meio11.jpg\" \/>\n\t<meta property=\"og:image:width\" content=\"273\" \/>\n\t<meta property=\"og:image:height\" content=\"181\" \/>\n\t<meta property=\"og:image:type\" content=\"image\/jpeg\" \/>\n<meta name=\"author\" content=\"admin\" \/>\n<meta name=\"twitter:card\" content=\"summary_large_image\" \/>\n<meta name=\"twitter:label1\" content=\"Escrito por\" \/>\n\t<meta name=\"twitter:data1\" content=\"admin\" \/>\n\t<meta name=\"twitter:label2\" content=\"Est. tempo de leitura\" \/>\n\t<meta name=\"twitter:data2\" content=\"5 minutos\" \/>\n<script type=\"application\/ld+json\" class=\"yoast-schema-graph\">{\"@context\":\"https:\/\/schema.org\",\"@graph\":[{\"@type\":\"WebSite\",\"@id\":\"https:\/\/franciscanos.org.br\/noticias\/#website\",\"url\":\"https:\/\/franciscanos.org.br\/noticias\/\",\"name\":\"Not\u00edcias - Franciscanos\",\"description\":\"Prov\u00edncia Franciscana da Imaculada Concei\u00e7\u00e3o do Brasil - Ordem dos Frades Menores - OFM\",\"potentialAction\":[{\"@type\":\"SearchAction\",\"target\":{\"@type\":\"EntryPoint\",\"urlTemplate\":\"https:\/\/franciscanos.org.br\/noticias\/?s={search_term_string}\"},\"query-input\":\"required name=search_term_string\"}],\"inLanguage\":\"pt-BR\"},{\"@type\":\"ImageObject\",\"inLanguage\":\"pt-BR\",\"@id\":\"https:\/\/franciscanos.org.br\/noticias\/frei-antenor-esta-pronto-para-a-missao-de-angola.html#primaryimage\",\"url\":\"https:\/\/franciscanos.org.br\/noticias\/wp-content\/uploads\/2014\/12\/meio11.jpg\",\"contentUrl\":\"https:\/\/franciscanos.org.br\/noticias\/wp-content\/uploads\/2014\/12\/meio11.jpg\",\"width\":273,\"height\":181},{\"@type\":\"WebPage\",\"@id\":\"https:\/\/franciscanos.org.br\/noticias\/frei-antenor-esta-pronto-para-a-missao-de-angola.html#webpage\",\"url\":\"https:\/\/franciscanos.org.br\/noticias\/frei-antenor-esta-pronto-para-a-missao-de-angola.html\",\"name\":\"Frei Antenor est\u00e1 pronto para a Miss\u00e3o de Angola - Not\u00edcias - Franciscanos\",\"isPartOf\":{\"@id\":\"https:\/\/franciscanos.org.br\/noticias\/#website\"},\"primaryImageOfPage\":{\"@id\":\"https:\/\/franciscanos.org.br\/noticias\/frei-antenor-esta-pronto-para-a-missao-de-angola.html#primaryimage\"},\"datePublished\":\"2014-12-20T23:34:54+00:00\",\"dateModified\":\"2019-05-03T14:51:45+00:00\",\"author\":{\"@id\":\"https:\/\/franciscanos.org.br\/noticias\/#\/schema\/person\/b38fbf43118f02820bd932f2e4b14ad3\"},\"breadcrumb\":{\"@id\":\"https:\/\/franciscanos.org.br\/noticias\/frei-antenor-esta-pronto-para-a-missao-de-angola.html#breadcrumb\"},\"inLanguage\":\"pt-BR\",\"potentialAction\":[{\"@type\":\"ReadAction\",\"target\":[\"https:\/\/franciscanos.org.br\/noticias\/frei-antenor-esta-pronto-para-a-missao-de-angola.html\"]}]},{\"@type\":\"BreadcrumbList\",\"@id\":\"https:\/\/franciscanos.org.br\/noticias\/frei-antenor-esta-pronto-para-a-missao-de-angola.html#breadcrumb\",\"itemListElement\":[{\"@type\":\"ListItem\",\"position\":1,\"name\":\"Home\",\"item\":\"https:\/\/franciscanos.org.br\/noticias\"},{\"@type\":\"ListItem\",\"position\":2,\"name\":\"Frei Antenor est\u00e1 pronto para a Miss\u00e3o de Angola\"}]},{\"@type\":\"Person\",\"@id\":\"https:\/\/franciscanos.org.br\/noticias\/#\/schema\/person\/b38fbf43118f02820bd932f2e4b14ad3\",\"name\":\"admin\",\"image\":{\"@type\":\"ImageObject\",\"inLanguage\":\"pt-BR\",\"@id\":\"https:\/\/franciscanos.org.br\/noticias\/#\/schema\/person\/image\/\",\"url\":\"https:\/\/secure.gravatar.com\/avatar\/e8495742d34d0ba6448ea1c628263b3e?s=96&d=mm&r=g\",\"contentUrl\":\"https:\/\/secure.gravatar.com\/avatar\/e8495742d34d0ba6448ea1c628263b3e?s=96&d=mm&r=g\",\"caption\":\"admin\"},\"url\":\"https:\/\/franciscanos.org.br\/noticias\/author\/admin\"}]}<\/script>\n<!-- \/ Yoast SEO plugin. -->","yoast_head_json":{"title":"Frei Antenor est\u00e1 pronto para a Miss\u00e3o de Angola - Not\u00edcias - Franciscanos","robots":{"index":"index","follow":"follow","max-snippet":"max-snippet:-1","max-image-preview":"max-image-preview:large","max-video-preview":"max-video-preview:-1"},"canonical":"https:\/\/franciscanos.org.br\/noticias\/frei-antenor-esta-pronto-para-a-missao-de-angola.html","og_locale":"pt_BR","og_type":"article","og_title":"Frei Antenor est\u00e1 pronto para a Miss\u00e3o de Angola - Not\u00edcias - Franciscanos","og_description":"Ordena\u00e7\u00e3o presbiteral de Frei Antenor Milit\u00e3o","og_url":"https:\/\/franciscanos.org.br\/noticias\/frei-antenor-esta-pronto-para-a-missao-de-angola.html","og_site_name":"Not\u00edcias - Franciscanos","article_published_time":"2014-12-20T23:34:54+00:00","article_modified_time":"2019-05-03T14:51:45+00:00","og_image":[{"width":273,"height":181,"url":"https:\/\/franciscanos.org.br\/noticias\/wp-content\/uploads\/2014\/12\/meio11.jpg","type":"image\/jpeg"}],"author":"admin","twitter_card":"summary_large_image","twitter_misc":{"Escrito por":"admin","Est. tempo de leitura":"5 minutos"},"schema":{"@context":"https:\/\/schema.org","@graph":[{"@type":"WebSite","@id":"https:\/\/franciscanos.org.br\/noticias\/#website","url":"https:\/\/franciscanos.org.br\/noticias\/","name":"Not\u00edcias - Franciscanos","description":"Prov\u00edncia Franciscana da Imaculada Concei\u00e7\u00e3o do Brasil - Ordem dos Frades Menores - OFM","potentialAction":[{"@type":"SearchAction","target":{"@type":"EntryPoint","urlTemplate":"https:\/\/franciscanos.org.br\/noticias\/?s={search_term_string}"},"query-input":"required name=search_term_string"}],"inLanguage":"pt-BR"},{"@type":"ImageObject","inLanguage":"pt-BR","@id":"https:\/\/franciscanos.org.br\/noticias\/frei-antenor-esta-pronto-para-a-missao-de-angola.html#primaryimage","url":"https:\/\/franciscanos.org.br\/noticias\/wp-content\/uploads\/2014\/12\/meio11.jpg","contentUrl":"https:\/\/franciscanos.org.br\/noticias\/wp-content\/uploads\/2014\/12\/meio11.jpg","width":273,"height":181},{"@type":"WebPage","@id":"https:\/\/franciscanos.org.br\/noticias\/frei-antenor-esta-pronto-para-a-missao-de-angola.html#webpage","url":"https:\/\/franciscanos.org.br\/noticias\/frei-antenor-esta-pronto-para-a-missao-de-angola.html","name":"Frei Antenor est\u00e1 pronto para a Miss\u00e3o de Angola - Not\u00edcias - Franciscanos","isPartOf":{"@id":"https:\/\/franciscanos.org.br\/noticias\/#website"},"primaryImageOfPage":{"@id":"https:\/\/franciscanos.org.br\/noticias\/frei-antenor-esta-pronto-para-a-missao-de-angola.html#primaryimage"},"datePublished":"2014-12-20T23:34:54+00:00","dateModified":"2019-05-03T14:51:45+00:00","author":{"@id":"https:\/\/franciscanos.org.br\/noticias\/#\/schema\/person\/b38fbf43118f02820bd932f2e4b14ad3"},"breadcrumb":{"@id":"https:\/\/franciscanos.org.br\/noticias\/frei-antenor-esta-pronto-para-a-missao-de-angola.html#breadcrumb"},"inLanguage":"pt-BR","potentialAction":[{"@type":"ReadAction","target":["https:\/\/franciscanos.org.br\/noticias\/frei-antenor-esta-pronto-para-a-missao-de-angola.html"]}]},{"@type":"BreadcrumbList","@id":"https:\/\/franciscanos.org.br\/noticias\/frei-antenor-esta-pronto-para-a-missao-de-angola.html#breadcrumb","itemListElement":[{"@type":"ListItem","position":1,"name":"Home","item":"https:\/\/franciscanos.org.br\/noticias"},{"@type":"ListItem","position":2,"name":"Frei Antenor est\u00e1 pronto para a Miss\u00e3o de Angola"}]},{"@type":"Person","@id":"https:\/\/franciscanos.org.br\/noticias\/#\/schema\/person\/b38fbf43118f02820bd932f2e4b14ad3","name":"admin","image":{"@type":"ImageObject","inLanguage":"pt-BR","@id":"https:\/\/franciscanos.org.br\/noticias\/#\/schema\/person\/image\/","url":"https:\/\/secure.gravatar.com\/avatar\/e8495742d34d0ba6448ea1c628263b3e?s=96&d=mm&r=g","contentUrl":"https:\/\/secure.gravatar.com\/avatar\/e8495742d34d0ba6448ea1c628263b3e?s=96&d=mm&r=g","caption":"admin"},"url":"https:\/\/franciscanos.org.br\/noticias\/author\/admin"}]}},"_links":{"self":[{"href":"https:\/\/franciscanos.org.br\/noticias\/wp-json\/wp\/v2\/posts\/75796"}],"collection":[{"href":"https:\/\/franciscanos.org.br\/noticias\/wp-json\/wp\/v2\/posts"}],"about":[{"href":"https:\/\/franciscanos.org.br\/noticias\/wp-json\/wp\/v2\/types\/post"}],"author":[{"embeddable":true,"href":"https:\/\/franciscanos.org.br\/noticias\/wp-json\/wp\/v2\/users\/1"}],"replies":[{"embeddable":true,"href":"https:\/\/franciscanos.org.br\/noticias\/wp-json\/wp\/v2\/comments?post=75796"}],"version-history":[{"count":0,"href":"https:\/\/franciscanos.org.br\/noticias\/wp-json\/wp\/v2\/posts\/75796\/revisions"}],"wp:featuredmedia":[{"embeddable":true,"href":"https:\/\/franciscanos.org.br\/noticias\/wp-json\/wp\/v2\/media\/204322"}],"wp:attachment":[{"href":"https:\/\/franciscanos.org.br\/noticias\/wp-json\/wp\/v2\/media?parent=75796"}],"wp:term":[{"taxonomy":"category","embeddable":true,"href":"https:\/\/franciscanos.org.br\/noticias\/wp-json\/wp\/v2\/categories?post=75796"},{"taxonomy":"post_tag","embeddable":true,"href":"https:\/\/franciscanos.org.br\/noticias\/wp-json\/wp\/v2\/tags?post=75796"}],"curies":[{"name":"wp","href":"https:\/\/api.w.org\/{rel}","templated":true}]}}