{"id":75655,"date":"2015-01-14T00:03:12","date_gmt":"2015-01-14T02:03:12","guid":{"rendered":"http:\/\/franciscanos.org.br\/?p=75655"},"modified":"2019-01-29T09:51:56","modified_gmt":"2019-01-29T11:51:56","slug":"nova-turma-de-novicos-sera-acolhida-no-dia-15","status":"publish","type":"post","link":"https:\/\/franciscanos.org.br\/noticias\/nova-turma-de-novicos-sera-acolhida-no-dia-15.html","title":{"rendered":"\u00c0s 6h30 desta quinta come\u00e7a o Noviciado 2015"},"content":{"rendered":"<p><strong><a href=\"http:\/\/franciscanos.org.br\/wp-content\/uploads\/2014\/12\/novi\u00e7os-820.jpg\"><img loading=\"lazy\" class=\"alignright wp-image-75657 \" src=\"http:\/\/franciscanos.org.br\/wp-content\/uploads\/2014\/12\/novi\u00e7os-820.jpg\" alt=\"novi\u00e7os-820\" width=\"295\" height=\"499\" \/><\/a>Por Moacir Beggo<\/strong><\/p>\n<p>Dezoito jovens vestir\u00e3o o h\u00e1bito franciscano pela primeira vez, no dia 15 de janeiro, na Ordem dos Frades Menores. Eles foram aprovados pelo Governo Provincial e seu Definit\u00f3rio para um ano de prova\u00e7\u00e3o no Noviciado S\u00e3o Jos\u00e9 de Rodeio. Eles ser\u00e3o acolhidos pelo Ministro Provincial Frei Fid\u00eancio Vanboemmel e a Fraternidade local durante celebra\u00e7\u00e3o \u00e0s 6h30.<\/p>\n<p>Neste ano, sete postulantes angolanos se juntar\u00e3o aos onze brasileiros da Prov\u00edncia para formar a turma de novi\u00e7os 2015. Os brasileiros vieram do Postulantado Frei Galv\u00e3o de Guaratinguet\u00e1 (SP) e os angolanos do Postulantado Santo Ant\u00f4nio, de Quibala. Segundo os documentos da Ordem, esses jovens far\u00e3o um \u201cper\u00edodo de forma\u00e7\u00e3o mais intensa\u201d em Rodeio, tendo como objetivo \u201cfazer com que os novi\u00e7os conhe\u00e7am e experimentem a forma de vida de S\u00e3o Francisco, impregnem mais profundamente a mente e o cora\u00e7\u00e3o de seu esp\u00edrito e, avaliando melhor o chamado do Senhor, comprovem seus prop\u00f3sitos e sua idoneidade\u201d (Constitui\u00e7\u00f5es Gerais da Ordem, art. 152). Um dos momentos mais belos e emocionantes da admiss\u00e3o dos novi\u00e7os ser\u00e1 a vesti\u00e7\u00e3o. Cada candidato recebe o h\u00e1bito franciscano das m\u00e3os do Ministro Provincial e do Mestre Frei Samuel Ferreira de Lima e se veste na sacristia, voltando para assinar o documento de ingresso na Ordem dos Frades Menores. A partir deste momento, cada um dos candidatos passar\u00e1 a ser chamado de \u201cFrei\u201d. Durante o ano, os novi\u00e7os intensificam a vida em comum, entre eles e com a Fraternidade Formadora da casa, e participam tamb\u00e9m de algumas atividades na pr\u00f3pria comunidade eclesial e celebra\u00e7\u00f5es das outras casas franciscanas da regi\u00e3o. No dia a dia, eles se dedicar\u00e3o ao estudo e reflex\u00e3o da Teologia da Vida Religiosa, da Regra dos Frades Menores, das Constitui\u00e7\u00f5es e Estatutos Gerais da Ordem, e, sobretudo, dos Escritos de S\u00e3o Francisco.<\/p>\n<p>Esta \u00e9 a 114\u00aa turma do Noviciado, que tamb\u00e9m estar\u00e1 sob a orienta\u00e7\u00e3o do vice-mestre Frei Valdir Laurentino e da Fraternidade local.<\/p>\n<p><a href=\"http:\/\/franciscanos.org.br\/wp-content\/uploads\/2014\/12\/admitandos.jpg\"><img loading=\"lazy\" class=\"alignleft size-full wp-image-75659\" src=\"http:\/\/franciscanos.org.br\/wp-content\/uploads\/2014\/12\/admitandos.jpg\" alt=\"admitandos\" width=\"820\" height=\"615\" \/><\/a><\/p>\n","protected":false},"excerpt":{"rendered":"<p>Noviciado<\/p>\n","protected":false},"author":1,"featured_media":197239,"comment_status":"open","ping_status":"open","sticky":false,"template":"","format":"standard","meta":[],"categories":[1],"tags":[135],"acf":[],"yoast_head":"<!-- This site is optimized with the Yoast SEO plugin v19.2 - https:\/\/yoast.com\/wordpress\/plugins\/seo\/ -->\n<title>\u00c0s 6h30 desta quinta come\u00e7a o Noviciado 2015 - Not\u00edcias - Franciscanos<\/title>\n<meta name=\"robots\" content=\"index, follow, max-snippet:-1, max-image-preview:large, max-video-preview:-1\" \/>\n<link rel=\"canonical\" href=\"https:\/\/franciscanos.org.br\/noticias\/nova-turma-de-novicos-sera-acolhida-no-dia-15.html\" \/>\n<meta property=\"og:locale\" content=\"pt_BR\" \/>\n<meta property=\"og:type\" content=\"article\" \/>\n<meta property=\"og:title\" content=\"\u00c0s 6h30 desta quinta come\u00e7a o Noviciado 2015 - Not\u00edcias - Franciscanos\" \/>\n<meta property=\"og:description\" content=\"Noviciado\" \/>\n<meta property=\"og:url\" content=\"https:\/\/franciscanos.org.br\/noticias\/nova-turma-de-novicos-sera-acolhida-no-dia-15.html\" \/>\n<meta property=\"og:site_name\" content=\"Not\u00edcias - Franciscanos\" \/>\n<meta property=\"article:published_time\" content=\"2015-01-14T02:03:12+00:00\" \/>\n<meta property=\"article:modified_time\" content=\"2019-01-29T11:51:56+00:00\" \/>\n<meta property=\"og:image\" content=\"https:\/\/franciscanos.org.br\/noticias\/wp-content\/uploads\/2015\/01\/novi\u00e7os-820d.jpg\" \/>\n\t<meta property=\"og:image:width\" content=\"273\" \/>\n\t<meta property=\"og:image:height\" content=\"181\" \/>\n\t<meta property=\"og:image:type\" content=\"image\/jpeg\" \/>\n<meta name=\"author\" content=\"admin\" \/>\n<meta name=\"twitter:card\" content=\"summary_large_image\" \/>\n<meta name=\"twitter:label1\" content=\"Escrito por\" \/>\n\t<meta name=\"twitter:data1\" content=\"admin\" \/>\n\t<meta name=\"twitter:label2\" content=\"Est. tempo de leitura\" \/>\n\t<meta name=\"twitter:data2\" content=\"2 minutos\" \/>\n<script type=\"application\/ld+json\" class=\"yoast-schema-graph\">{\"@context\":\"https:\/\/schema.org\",\"@graph\":[{\"@type\":\"WebSite\",\"@id\":\"https:\/\/franciscanos.org.br\/noticias\/#website\",\"url\":\"https:\/\/franciscanos.org.br\/noticias\/\",\"name\":\"Not\u00edcias - Franciscanos\",\"description\":\"Prov\u00edncia Franciscana da Imaculada Concei\u00e7\u00e3o do Brasil - Ordem dos Frades Menores - OFM\",\"potentialAction\":[{\"@type\":\"SearchAction\",\"target\":{\"@type\":\"EntryPoint\",\"urlTemplate\":\"https:\/\/franciscanos.org.br\/noticias\/?s={search_term_string}\"},\"query-input\":\"required name=search_term_string\"}],\"inLanguage\":\"pt-BR\"},{\"@type\":\"ImageObject\",\"inLanguage\":\"pt-BR\",\"@id\":\"https:\/\/franciscanos.org.br\/noticias\/nova-turma-de-novicos-sera-acolhida-no-dia-15.html#primaryimage\",\"url\":\"https:\/\/franciscanos.org.br\/noticias\/wp-content\/uploads\/2015\/01\/novi\u00e7os-820d.jpg\",\"contentUrl\":\"https:\/\/franciscanos.org.br\/noticias\/wp-content\/uploads\/2015\/01\/novi\u00e7os-820d.jpg\",\"width\":273,\"height\":181},{\"@type\":\"WebPage\",\"@id\":\"https:\/\/franciscanos.org.br\/noticias\/nova-turma-de-novicos-sera-acolhida-no-dia-15.html#webpage\",\"url\":\"https:\/\/franciscanos.org.br\/noticias\/nova-turma-de-novicos-sera-acolhida-no-dia-15.html\",\"name\":\"\u00c0s 6h30 desta quinta come\u00e7a o Noviciado 2015 - Not\u00edcias - Franciscanos\",\"isPartOf\":{\"@id\":\"https:\/\/franciscanos.org.br\/noticias\/#website\"},\"primaryImageOfPage\":{\"@id\":\"https:\/\/franciscanos.org.br\/noticias\/nova-turma-de-novicos-sera-acolhida-no-dia-15.html#primaryimage\"},\"datePublished\":\"2015-01-14T02:03:12+00:00\",\"dateModified\":\"2019-01-29T11:51:56+00:00\",\"author\":{\"@id\":\"https:\/\/franciscanos.org.br\/noticias\/#\/schema\/person\/b38fbf43118f02820bd932f2e4b14ad3\"},\"breadcrumb\":{\"@id\":\"https:\/\/franciscanos.org.br\/noticias\/nova-turma-de-novicos-sera-acolhida-no-dia-15.html#breadcrumb\"},\"inLanguage\":\"pt-BR\",\"potentialAction\":[{\"@type\":\"ReadAction\",\"target\":[\"https:\/\/franciscanos.org.br\/noticias\/nova-turma-de-novicos-sera-acolhida-no-dia-15.html\"]}]},{\"@type\":\"BreadcrumbList\",\"@id\":\"https:\/\/franciscanos.org.br\/noticias\/nova-turma-de-novicos-sera-acolhida-no-dia-15.html#breadcrumb\",\"itemListElement\":[{\"@type\":\"ListItem\",\"position\":1,\"name\":\"Home\",\"item\":\"https:\/\/franciscanos.org.br\/noticias\"},{\"@type\":\"ListItem\",\"position\":2,\"name\":\"\u00c0s 6h30 desta quinta come\u00e7a o Noviciado 2015\"}]},{\"@type\":\"Person\",\"@id\":\"https:\/\/franciscanos.org.br\/noticias\/#\/schema\/person\/b38fbf43118f02820bd932f2e4b14ad3\",\"name\":\"admin\",\"image\":{\"@type\":\"ImageObject\",\"inLanguage\":\"pt-BR\",\"@id\":\"https:\/\/franciscanos.org.br\/noticias\/#\/schema\/person\/image\/\",\"url\":\"https:\/\/secure.gravatar.com\/avatar\/e8495742d34d0ba6448ea1c628263b3e?s=96&d=mm&r=g\",\"contentUrl\":\"https:\/\/secure.gravatar.com\/avatar\/e8495742d34d0ba6448ea1c628263b3e?s=96&d=mm&r=g\",\"caption\":\"admin\"},\"url\":\"https:\/\/franciscanos.org.br\/noticias\/author\/admin\"}]}<\/script>\n<!-- \/ Yoast SEO plugin. -->","yoast_head_json":{"title":"\u00c0s 6h30 desta quinta come\u00e7a o Noviciado 2015 - Not\u00edcias - Franciscanos","robots":{"index":"index","follow":"follow","max-snippet":"max-snippet:-1","max-image-preview":"max-image-preview:large","max-video-preview":"max-video-preview:-1"},"canonical":"https:\/\/franciscanos.org.br\/noticias\/nova-turma-de-novicos-sera-acolhida-no-dia-15.html","og_locale":"pt_BR","og_type":"article","og_title":"\u00c0s 6h30 desta quinta come\u00e7a o Noviciado 2015 - Not\u00edcias - Franciscanos","og_description":"Noviciado","og_url":"https:\/\/franciscanos.org.br\/noticias\/nova-turma-de-novicos-sera-acolhida-no-dia-15.html","og_site_name":"Not\u00edcias - Franciscanos","article_published_time":"2015-01-14T02:03:12+00:00","article_modified_time":"2019-01-29T11:51:56+00:00","og_image":[{"width":273,"height":181,"url":"https:\/\/franciscanos.org.br\/noticias\/wp-content\/uploads\/2015\/01\/novi\u00e7os-820d.jpg","type":"image\/jpeg"}],"author":"admin","twitter_card":"summary_large_image","twitter_misc":{"Escrito por":"admin","Est. tempo de leitura":"2 minutos"},"schema":{"@context":"https:\/\/schema.org","@graph":[{"@type":"WebSite","@id":"https:\/\/franciscanos.org.br\/noticias\/#website","url":"https:\/\/franciscanos.org.br\/noticias\/","name":"Not\u00edcias - Franciscanos","description":"Prov\u00edncia Franciscana da Imaculada Concei\u00e7\u00e3o do Brasil - Ordem dos Frades Menores - OFM","potentialAction":[{"@type":"SearchAction","target":{"@type":"EntryPoint","urlTemplate":"https:\/\/franciscanos.org.br\/noticias\/?s={search_term_string}"},"query-input":"required name=search_term_string"}],"inLanguage":"pt-BR"},{"@type":"ImageObject","inLanguage":"pt-BR","@id":"https:\/\/franciscanos.org.br\/noticias\/nova-turma-de-novicos-sera-acolhida-no-dia-15.html#primaryimage","url":"https:\/\/franciscanos.org.br\/noticias\/wp-content\/uploads\/2015\/01\/novi\u00e7os-820d.jpg","contentUrl":"https:\/\/franciscanos.org.br\/noticias\/wp-content\/uploads\/2015\/01\/novi\u00e7os-820d.jpg","width":273,"height":181},{"@type":"WebPage","@id":"https:\/\/franciscanos.org.br\/noticias\/nova-turma-de-novicos-sera-acolhida-no-dia-15.html#webpage","url":"https:\/\/franciscanos.org.br\/noticias\/nova-turma-de-novicos-sera-acolhida-no-dia-15.html","name":"\u00c0s 6h30 desta quinta come\u00e7a o Noviciado 2015 - Not\u00edcias - Franciscanos","isPartOf":{"@id":"https:\/\/franciscanos.org.br\/noticias\/#website"},"primaryImageOfPage":{"@id":"https:\/\/franciscanos.org.br\/noticias\/nova-turma-de-novicos-sera-acolhida-no-dia-15.html#primaryimage"},"datePublished":"2015-01-14T02:03:12+00:00","dateModified":"2019-01-29T11:51:56+00:00","author":{"@id":"https:\/\/franciscanos.org.br\/noticias\/#\/schema\/person\/b38fbf43118f02820bd932f2e4b14ad3"},"breadcrumb":{"@id":"https:\/\/franciscanos.org.br\/noticias\/nova-turma-de-novicos-sera-acolhida-no-dia-15.html#breadcrumb"},"inLanguage":"pt-BR","potentialAction":[{"@type":"ReadAction","target":["https:\/\/franciscanos.org.br\/noticias\/nova-turma-de-novicos-sera-acolhida-no-dia-15.html"]}]},{"@type":"BreadcrumbList","@id":"https:\/\/franciscanos.org.br\/noticias\/nova-turma-de-novicos-sera-acolhida-no-dia-15.html#breadcrumb","itemListElement":[{"@type":"ListItem","position":1,"name":"Home","item":"https:\/\/franciscanos.org.br\/noticias"},{"@type":"ListItem","position":2,"name":"\u00c0s 6h30 desta quinta come\u00e7a o Noviciado 2015"}]},{"@type":"Person","@id":"https:\/\/franciscanos.org.br\/noticias\/#\/schema\/person\/b38fbf43118f02820bd932f2e4b14ad3","name":"admin","image":{"@type":"ImageObject","inLanguage":"pt-BR","@id":"https:\/\/franciscanos.org.br\/noticias\/#\/schema\/person\/image\/","url":"https:\/\/secure.gravatar.com\/avatar\/e8495742d34d0ba6448ea1c628263b3e?s=96&d=mm&r=g","contentUrl":"https:\/\/secure.gravatar.com\/avatar\/e8495742d34d0ba6448ea1c628263b3e?s=96&d=mm&r=g","caption":"admin"},"url":"https:\/\/franciscanos.org.br\/noticias\/author\/admin"}]}},"_links":{"self":[{"href":"https:\/\/franciscanos.org.br\/noticias\/wp-json\/wp\/v2\/posts\/75655"}],"collection":[{"href":"https:\/\/franciscanos.org.br\/noticias\/wp-json\/wp\/v2\/posts"}],"about":[{"href":"https:\/\/franciscanos.org.br\/noticias\/wp-json\/wp\/v2\/types\/post"}],"author":[{"embeddable":true,"href":"https:\/\/franciscanos.org.br\/noticias\/wp-json\/wp\/v2\/users\/1"}],"replies":[{"embeddable":true,"href":"https:\/\/franciscanos.org.br\/noticias\/wp-json\/wp\/v2\/comments?post=75655"}],"version-history":[{"count":0,"href":"https:\/\/franciscanos.org.br\/noticias\/wp-json\/wp\/v2\/posts\/75655\/revisions"}],"wp:featuredmedia":[{"embeddable":true,"href":"https:\/\/franciscanos.org.br\/noticias\/wp-json\/wp\/v2\/media\/197239"}],"wp:attachment":[{"href":"https:\/\/franciscanos.org.br\/noticias\/wp-json\/wp\/v2\/media?parent=75655"}],"wp:term":[{"taxonomy":"category","embeddable":true,"href":"https:\/\/franciscanos.org.br\/noticias\/wp-json\/wp\/v2\/categories?post=75655"},{"taxonomy":"post_tag","embeddable":true,"href":"https:\/\/franciscanos.org.br\/noticias\/wp-json\/wp\/v2\/tags?post=75655"}],"curies":[{"name":"wp","href":"https:\/\/api.w.org\/{rel}","templated":true}]}}