{"id":75418,"date":"2014-12-18T07:26:27","date_gmt":"2014-12-18T09:26:27","guid":{"rendered":"http:\/\/franciscanos.org.br\/?p=75418"},"modified":"2020-02-12T12:58:26","modified_gmt":"2020-02-12T15:58:26","slug":"jufra-promove-jornada-para-a-juventude-em-duque-de-caxias","status":"publish","type":"post","link":"https:\/\/franciscanos.org.br\/noticias\/jufra-promove-jornada-para-a-juventude-em-duque-de-caxias.html","title":{"rendered":"Jufra promove jornada para a juventude em Duque de Caxias"},"content":{"rendered":"<p><strong><a href=\"http:\/\/franciscanos.org.br\/wp-content\/uploads\/2014\/12\/jufra2.jpg\"><img loading=\"lazy\" class=\"alignright size-full wp-image-75419\" src=\"http:\/\/franciscanos.org.br\/wp-content\/uploads\/2014\/12\/jufra2.jpg\" alt=\"jufra2\" width=\"450\" height=\"329\" \/><\/a>Duque de Caxias (RJ)<\/strong> &#8211; A Fraternidade Mensageiros de S\u00e3o Francisco, vinculada \u00e0 Juventude Franciscana (Jufra) do Regional Sudeste 2, promoveu, no \u00faltimo final de semana, na Comunidade Maria de Nazar\u00e9, Duque de Caxias (RJ), mais uma edi\u00e7\u00e3o da Jornada Franciscana para a Juventude. O evento chega \u00e0 sua segunda edi\u00e7\u00e3o com o entusiasmo e a jovialidade pr\u00f3prios do carisma franciscano e foi marcado por momentos de reflex\u00e3o sobre os desafios enfrentados hoje pela juventude e a maneira de superar esses problemas numa sociedade marcada pela cultura do provis\u00f3rio, competitiva, individualista e materialista.<\/p>\n<p>Com o tema &#8220;Francisco: um ideal de vida para a juventude&#8221;, os jovens da comunidade e regi\u00e3o puderam conhecer o modelo para o seguimento do Santo Evangelho inspirado em S\u00e3o Francisco de Assis, um jovem do s\u00e9culo XIII que ouviu o chamado do Senhor, reconstruiu a Igreja e, com o seu pr\u00f3prio exemplo, influenciou a juventude de sua \u00e9poca e continua, hoje, inspirando homens e mulheres em todo o mundo. A jornada teve como objetivo apresentar aos jovens aspectos relevantes da espiritualidade franciscana, como amor ao pr\u00f3ximo, esp\u00edrito de ora\u00e7\u00e3o e de pobreza, cordialidade, humildade, simplicidade e o respeito por toda a obra da Cria\u00e7\u00e3o que devem estar presentes no seu cotidiano.<\/p>\n<p>Al\u00e9m de momentos de ora\u00e7\u00e3o, os jovens puderam refletir sobre o verdadeiro sentido do Natal e de um de seus maiores s\u00edmbolos: o pres\u00e9pio. Idealizado por S\u00e3o Francisco de Assis, o pres\u00e9pio foi encenado pelo santo pela primeira vez, em 1223, na floresta de Greccio, para onde mandou transportar uma manjedoura, um boi e um burro, para aproximar as pessoas mais simples do mist\u00e9rio do Natal.<\/p>\n<p>O debate entre os jovens demonstrou o quanto os valores da espiritualidade franciscana s\u00e3o atuais e inspiram a juventude que deseja seguir de modo mais radical o Santo Evangelho, como o fez o santo de Assis. A jornada contribui para que os jovens passem a reconhecerem-se como irm\u00e3os e irm\u00e3s de todas as criaturas, na alegria da partilha e do servi\u00e7o vividos na simplicidade, na intimidade com Deus, na Paz e no Bem.<\/p>\n<p>A jornada serviu, ainda, para apresentar aos jovens como a din\u00e2mica de organiza\u00e7\u00e3o da Jufra e como ela contribui para a forma\u00e7\u00e3o integral do jovem, levando-o a uma experi\u00eancia de vida de fraternidade, criando condi\u00e7\u00f5es para que ele viva o Evangelho no contexto da realidade atual, buscando a transforma\u00e7\u00e3o da sociedade tendo como referencial o carisma franciscano.<\/p>\n<p><a href=\"http:\/\/franciscanos.org.br\/wp-content\/uploads\/2014\/12\/jufra1.jpg\"><img loading=\"lazy\" class=\"alignleft size-full wp-image-75420\" src=\"http:\/\/franciscanos.org.br\/wp-content\/uploads\/2014\/12\/jufra1.jpg\" alt=\"jufra1\" width=\"450\" height=\"338\" \/><\/a>A Fraternidade Santo Ant\u00f4nio agradece o apoio de todos que contribu\u00edram para o sucesso da jornada, em especial aos irm\u00e3os da Fraternidade Santo Ant\u00f4nio de Duque de Caxias, ao Secretariado local da Jufra e \u00e0 coordena\u00e7\u00e3o da Comunidade Maria de Nazar\u00e9 que prontamente acolheu a proposta de reunir a juventude da comunidade<\/p>\n<h4><strong>Juventude Franciscana: um ideal de vida<\/strong><\/h4>\n<p>A Jufra est\u00e1 presente no mundo h\u00e1 mais de 50 anos e no Brasil h\u00e1 mais de quatro d\u00e9cadas. Ela se destina aos jovens que se sentem chamados pelo Esp\u00edrito Santo para fazer, em fraternidade, a experi\u00eancia de vida crist\u00e3, \u00e0 luz do Santo Evangelho e da mensagem de S\u00e3o Francisco, aprofundando a pr\u00f3pria voca\u00e7\u00e3o no \u00e2mbito da Ordem Franciscana Secular.<\/p>\n<p>O objetivo do movimento \u00e9 despertar o jovem para a viv\u00eancia franciscana, levando-o a uma experi\u00eancia de vida de fraternidade, criando condi\u00e7\u00f5es para que viva o Evangelho no contexto da realidade atual, buscando a transforma\u00e7\u00e3o da sociedade \u00e0 luz do carisma franciscano e da Regra da OFS. A Jufra tamb\u00e9m busca motivar a viv\u00eancia dos valores franciscanos: convers\u00e3o evang\u00e9lica, contempla\u00e7\u00e3o ou vida de ora\u00e7\u00e3o, pobreza em esp\u00edrito, fraternidade, apostolado e inser\u00e7\u00e3o no mundo, buscando a transforma\u00e7\u00e3o da sociedade \u00e0 luz do Santo Evangelho, do carisma franciscano e da Regra da OFS.<\/p>\n<p>As fraternidade de Jufra s\u00e3o espa\u00e7os de encontro, evangeliza\u00e7\u00e3o e viv\u00eancia juvenil da espiritualidade franciscana, no qual os jovens s\u00e3o convidados a viver com dinamismo o ideal franciscano, reconhecendo-se como irm\u00e3os e irm\u00e3s de todas as criaturas, na alegria da partilha e do servi\u00e7o vividos na simplicidade, na intimidade com Deus, na Paz e no Bem. \u00c9 um projeto de vida e de convers\u00e3o que ajuda os jovens a seguirem Jesus Cristo segundo os passos de S\u00e3o Francisco de Assis na constru\u00e7\u00e3o de um mundo mais justo e fraterno. Cl\u00e1udio Santos<\/p>\n<p><em>Mais informa\u00e7\u00f5es sobre a Fraternidade Mensageiros de S\u00e3o Francisco escreva para jufra.msf@gmail.com<\/em><\/p>\n<p><strong>Cl\u00e1udio Santos, especial para este site<\/strong><\/p>\n","protected":false},"excerpt":{"rendered":"<p>Carisma franciscano<\/p>\n","protected":false},"author":1,"featured_media":219683,"comment_status":"open","ping_status":"open","sticky":false,"template":"","format":"standard","meta":[],"categories":[1],"tags":[],"acf":[],"yoast_head":"<!-- This site is optimized with the Yoast SEO plugin v19.2 - https:\/\/yoast.com\/wordpress\/plugins\/seo\/ -->\n<title>Jufra promove jornada para a juventude em Duque de Caxias - Not\u00edcias - Franciscanos<\/title>\n<meta name=\"robots\" content=\"index, follow, max-snippet:-1, max-image-preview:large, max-video-preview:-1\" \/>\n<link rel=\"canonical\" href=\"https:\/\/franciscanos.org.br\/noticias\/jufra-promove-jornada-para-a-juventude-em-duque-de-caxias.html\" \/>\n<meta property=\"og:locale\" content=\"pt_BR\" \/>\n<meta property=\"og:type\" content=\"article\" \/>\n<meta property=\"og:title\" content=\"Jufra promove jornada para a juventude em Duque de Caxias - Not\u00edcias - Franciscanos\" \/>\n<meta property=\"og:description\" content=\"Carisma franciscano\" \/>\n<meta property=\"og:url\" content=\"https:\/\/franciscanos.org.br\/noticias\/jufra-promove-jornada-para-a-juventude-em-duque-de-caxias.html\" \/>\n<meta property=\"og:site_name\" content=\"Not\u00edcias - Franciscanos\" \/>\n<meta property=\"article:published_time\" content=\"2014-12-18T09:26:27+00:00\" \/>\n<meta property=\"article:modified_time\" content=\"2020-02-12T15:58:26+00:00\" \/>\n<meta property=\"og:image\" content=\"https:\/\/franciscanos.org.br\/noticias\/wp-content\/uploads\/2014\/12\/jufra2.jpg\" \/>\n\t<meta property=\"og:image:width\" content=\"273\" \/>\n\t<meta property=\"og:image:height\" content=\"181\" \/>\n\t<meta property=\"og:image:type\" content=\"image\/jpeg\" \/>\n<meta name=\"author\" content=\"admin\" \/>\n<meta name=\"twitter:card\" content=\"summary_large_image\" \/>\n<meta name=\"twitter:label1\" content=\"Escrito por\" \/>\n\t<meta name=\"twitter:data1\" content=\"admin\" \/>\n\t<meta name=\"twitter:label2\" content=\"Est. tempo de leitura\" \/>\n\t<meta name=\"twitter:data2\" content=\"4 minutos\" \/>\n<script type=\"application\/ld+json\" class=\"yoast-schema-graph\">{\"@context\":\"https:\/\/schema.org\",\"@graph\":[{\"@type\":\"WebSite\",\"@id\":\"https:\/\/franciscanos.org.br\/noticias\/#website\",\"url\":\"https:\/\/franciscanos.org.br\/noticias\/\",\"name\":\"Not\u00edcias - Franciscanos\",\"description\":\"Prov\u00edncia Franciscana da Imaculada Concei\u00e7\u00e3o do Brasil - Ordem dos Frades Menores - OFM\",\"potentialAction\":[{\"@type\":\"SearchAction\",\"target\":{\"@type\":\"EntryPoint\",\"urlTemplate\":\"https:\/\/franciscanos.org.br\/noticias\/?s={search_term_string}\"},\"query-input\":\"required name=search_term_string\"}],\"inLanguage\":\"pt-BR\"},{\"@type\":\"ImageObject\",\"inLanguage\":\"pt-BR\",\"@id\":\"https:\/\/franciscanos.org.br\/noticias\/jufra-promove-jornada-para-a-juventude-em-duque-de-caxias.html#primaryimage\",\"url\":\"https:\/\/franciscanos.org.br\/noticias\/wp-content\/uploads\/2014\/12\/jufra2.jpg\",\"contentUrl\":\"https:\/\/franciscanos.org.br\/noticias\/wp-content\/uploads\/2014\/12\/jufra2.jpg\",\"width\":273,\"height\":181},{\"@type\":\"WebPage\",\"@id\":\"https:\/\/franciscanos.org.br\/noticias\/jufra-promove-jornada-para-a-juventude-em-duque-de-caxias.html#webpage\",\"url\":\"https:\/\/franciscanos.org.br\/noticias\/jufra-promove-jornada-para-a-juventude-em-duque-de-caxias.html\",\"name\":\"Jufra promove jornada para a juventude em Duque de Caxias - Not\u00edcias - Franciscanos\",\"isPartOf\":{\"@id\":\"https:\/\/franciscanos.org.br\/noticias\/#website\"},\"primaryImageOfPage\":{\"@id\":\"https:\/\/franciscanos.org.br\/noticias\/jufra-promove-jornada-para-a-juventude-em-duque-de-caxias.html#primaryimage\"},\"datePublished\":\"2014-12-18T09:26:27+00:00\",\"dateModified\":\"2020-02-12T15:58:26+00:00\",\"author\":{\"@id\":\"https:\/\/franciscanos.org.br\/noticias\/#\/schema\/person\/b38fbf43118f02820bd932f2e4b14ad3\"},\"breadcrumb\":{\"@id\":\"https:\/\/franciscanos.org.br\/noticias\/jufra-promove-jornada-para-a-juventude-em-duque-de-caxias.html#breadcrumb\"},\"inLanguage\":\"pt-BR\",\"potentialAction\":[{\"@type\":\"ReadAction\",\"target\":[\"https:\/\/franciscanos.org.br\/noticias\/jufra-promove-jornada-para-a-juventude-em-duque-de-caxias.html\"]}]},{\"@type\":\"BreadcrumbList\",\"@id\":\"https:\/\/franciscanos.org.br\/noticias\/jufra-promove-jornada-para-a-juventude-em-duque-de-caxias.html#breadcrumb\",\"itemListElement\":[{\"@type\":\"ListItem\",\"position\":1,\"name\":\"Home\",\"item\":\"https:\/\/franciscanos.org.br\/noticias\"},{\"@type\":\"ListItem\",\"position\":2,\"name\":\"Jufra promove jornada para a juventude em Duque de Caxias\"}]},{\"@type\":\"Person\",\"@id\":\"https:\/\/franciscanos.org.br\/noticias\/#\/schema\/person\/b38fbf43118f02820bd932f2e4b14ad3\",\"name\":\"admin\",\"image\":{\"@type\":\"ImageObject\",\"inLanguage\":\"pt-BR\",\"@id\":\"https:\/\/franciscanos.org.br\/noticias\/#\/schema\/person\/image\/\",\"url\":\"https:\/\/secure.gravatar.com\/avatar\/e8495742d34d0ba6448ea1c628263b3e?s=96&d=mm&r=g\",\"contentUrl\":\"https:\/\/secure.gravatar.com\/avatar\/e8495742d34d0ba6448ea1c628263b3e?s=96&d=mm&r=g\",\"caption\":\"admin\"},\"url\":\"https:\/\/franciscanos.org.br\/noticias\/author\/admin\"}]}<\/script>\n<!-- \/ Yoast SEO plugin. -->","yoast_head_json":{"title":"Jufra promove jornada para a juventude em Duque de Caxias - Not\u00edcias - Franciscanos","robots":{"index":"index","follow":"follow","max-snippet":"max-snippet:-1","max-image-preview":"max-image-preview:large","max-video-preview":"max-video-preview:-1"},"canonical":"https:\/\/franciscanos.org.br\/noticias\/jufra-promove-jornada-para-a-juventude-em-duque-de-caxias.html","og_locale":"pt_BR","og_type":"article","og_title":"Jufra promove jornada para a juventude em Duque de Caxias - Not\u00edcias - Franciscanos","og_description":"Carisma franciscano","og_url":"https:\/\/franciscanos.org.br\/noticias\/jufra-promove-jornada-para-a-juventude-em-duque-de-caxias.html","og_site_name":"Not\u00edcias - Franciscanos","article_published_time":"2014-12-18T09:26:27+00:00","article_modified_time":"2020-02-12T15:58:26+00:00","og_image":[{"width":273,"height":181,"url":"https:\/\/franciscanos.org.br\/noticias\/wp-content\/uploads\/2014\/12\/jufra2.jpg","type":"image\/jpeg"}],"author":"admin","twitter_card":"summary_large_image","twitter_misc":{"Escrito por":"admin","Est. tempo de leitura":"4 minutos"},"schema":{"@context":"https:\/\/schema.org","@graph":[{"@type":"WebSite","@id":"https:\/\/franciscanos.org.br\/noticias\/#website","url":"https:\/\/franciscanos.org.br\/noticias\/","name":"Not\u00edcias - Franciscanos","description":"Prov\u00edncia Franciscana da Imaculada Concei\u00e7\u00e3o do Brasil - Ordem dos Frades Menores - OFM","potentialAction":[{"@type":"SearchAction","target":{"@type":"EntryPoint","urlTemplate":"https:\/\/franciscanos.org.br\/noticias\/?s={search_term_string}"},"query-input":"required name=search_term_string"}],"inLanguage":"pt-BR"},{"@type":"ImageObject","inLanguage":"pt-BR","@id":"https:\/\/franciscanos.org.br\/noticias\/jufra-promove-jornada-para-a-juventude-em-duque-de-caxias.html#primaryimage","url":"https:\/\/franciscanos.org.br\/noticias\/wp-content\/uploads\/2014\/12\/jufra2.jpg","contentUrl":"https:\/\/franciscanos.org.br\/noticias\/wp-content\/uploads\/2014\/12\/jufra2.jpg","width":273,"height":181},{"@type":"WebPage","@id":"https:\/\/franciscanos.org.br\/noticias\/jufra-promove-jornada-para-a-juventude-em-duque-de-caxias.html#webpage","url":"https:\/\/franciscanos.org.br\/noticias\/jufra-promove-jornada-para-a-juventude-em-duque-de-caxias.html","name":"Jufra promove jornada para a juventude em Duque de Caxias - Not\u00edcias - Franciscanos","isPartOf":{"@id":"https:\/\/franciscanos.org.br\/noticias\/#website"},"primaryImageOfPage":{"@id":"https:\/\/franciscanos.org.br\/noticias\/jufra-promove-jornada-para-a-juventude-em-duque-de-caxias.html#primaryimage"},"datePublished":"2014-12-18T09:26:27+00:00","dateModified":"2020-02-12T15:58:26+00:00","author":{"@id":"https:\/\/franciscanos.org.br\/noticias\/#\/schema\/person\/b38fbf43118f02820bd932f2e4b14ad3"},"breadcrumb":{"@id":"https:\/\/franciscanos.org.br\/noticias\/jufra-promove-jornada-para-a-juventude-em-duque-de-caxias.html#breadcrumb"},"inLanguage":"pt-BR","potentialAction":[{"@type":"ReadAction","target":["https:\/\/franciscanos.org.br\/noticias\/jufra-promove-jornada-para-a-juventude-em-duque-de-caxias.html"]}]},{"@type":"BreadcrumbList","@id":"https:\/\/franciscanos.org.br\/noticias\/jufra-promove-jornada-para-a-juventude-em-duque-de-caxias.html#breadcrumb","itemListElement":[{"@type":"ListItem","position":1,"name":"Home","item":"https:\/\/franciscanos.org.br\/noticias"},{"@type":"ListItem","position":2,"name":"Jufra promove jornada para a juventude em Duque de Caxias"}]},{"@type":"Person","@id":"https:\/\/franciscanos.org.br\/noticias\/#\/schema\/person\/b38fbf43118f02820bd932f2e4b14ad3","name":"admin","image":{"@type":"ImageObject","inLanguage":"pt-BR","@id":"https:\/\/franciscanos.org.br\/noticias\/#\/schema\/person\/image\/","url":"https:\/\/secure.gravatar.com\/avatar\/e8495742d34d0ba6448ea1c628263b3e?s=96&d=mm&r=g","contentUrl":"https:\/\/secure.gravatar.com\/avatar\/e8495742d34d0ba6448ea1c628263b3e?s=96&d=mm&r=g","caption":"admin"},"url":"https:\/\/franciscanos.org.br\/noticias\/author\/admin"}]}},"_links":{"self":[{"href":"https:\/\/franciscanos.org.br\/noticias\/wp-json\/wp\/v2\/posts\/75418"}],"collection":[{"href":"https:\/\/franciscanos.org.br\/noticias\/wp-json\/wp\/v2\/posts"}],"about":[{"href":"https:\/\/franciscanos.org.br\/noticias\/wp-json\/wp\/v2\/types\/post"}],"author":[{"embeddable":true,"href":"https:\/\/franciscanos.org.br\/noticias\/wp-json\/wp\/v2\/users\/1"}],"replies":[{"embeddable":true,"href":"https:\/\/franciscanos.org.br\/noticias\/wp-json\/wp\/v2\/comments?post=75418"}],"version-history":[{"count":0,"href":"https:\/\/franciscanos.org.br\/noticias\/wp-json\/wp\/v2\/posts\/75418\/revisions"}],"wp:featuredmedia":[{"embeddable":true,"href":"https:\/\/franciscanos.org.br\/noticias\/wp-json\/wp\/v2\/media\/219683"}],"wp:attachment":[{"href":"https:\/\/franciscanos.org.br\/noticias\/wp-json\/wp\/v2\/media?parent=75418"}],"wp:term":[{"taxonomy":"category","embeddable":true,"href":"https:\/\/franciscanos.org.br\/noticias\/wp-json\/wp\/v2\/categories?post=75418"},{"taxonomy":"post_tag","embeddable":true,"href":"https:\/\/franciscanos.org.br\/noticias\/wp-json\/wp\/v2\/tags?post=75418"}],"curies":[{"name":"wp","href":"https:\/\/api.w.org\/{rel}","templated":true}]}}