{"id":74808,"date":"2014-12-06T22:30:15","date_gmt":"2014-12-07T00:30:15","guid":{"rendered":"http:\/\/franciscanos.org.br\/?p=74808"},"modified":"2019-02-01T14:31:08","modified_gmt":"2019-02-01T16:31:08","slug":"frei-fidencio-aos-neoprofessos-nao-tenhais-medo","status":"publish","type":"post","link":"https:\/\/franciscanos.org.br\/noticias\/frei-fidencio-aos-neoprofessos-nao-tenhais-medo.html","title":{"rendered":"Fr. Fid\u00eancio aos neoprofessos: &#8216;N\u00e3o tenhais medo!&#8217;"},"content":{"rendered":"<p>&nbsp;<\/p>\n<p><img loading=\"lazy\" class=\"alignnone size-full wp-image-199241\" src=\"https:\/\/franciscanos.org.br\/noticias\/wp-content\/uploads\/2014\/12\/professos-1.jpg\" alt=\"\" width=\"890\" height=\"593\" srcset=\"https:\/\/franciscanos.org.br\/noticias\/wp-content\/uploads\/2014\/12\/professos-1.jpg 890w, https:\/\/franciscanos.org.br\/noticias\/wp-content\/uploads\/2014\/12\/professos-1-450x300.jpg 450w, https:\/\/franciscanos.org.br\/noticias\/wp-content\/uploads\/2014\/12\/professos-1-768x512.jpg 768w, https:\/\/franciscanos.org.br\/noticias\/wp-content\/uploads\/2014\/12\/professos-1-150x100.jpg 150w\" sizes=\"(max-width: 890px) 100vw, 890px\" \/><\/p>\n<p><strong>Moacir Beggo<\/strong><\/p>\n<p><strong>\u00a0<\/strong><strong>Petr\u00f3polis (RJ)<\/strong> &#8211; Quando S\u00e3o Francisco de Assis iniciou a sua caminhada de convers\u00e3o, ele n\u00e3o pensava em fundar nenhum movimento, mas vieram seguidores e ele alimentou isso como uma gra\u00e7a de Deus: &#8220;O Senhor me deu irm\u00e3os!&#8221;, disse no seu Testamento. Neste s\u00e1bado, 6 de dezembro, Frei Ant\u00f4nio Michels explicou no coment\u00e1rio inicial que, com a gra\u00e7a de Deus, hoje novos irm\u00e3os se juntavam a S\u00e3o Francisco de Assis para seguir Jesus Cristo. Foi assim, com muita alegria, que Frei Camilo Donizete Evaristo Martins; Frei Alan Maia de Fran\u00e7a Victor; Frei Clovis Pasinato; Frei Edvaldo Batista Soares; Frei Jean Carlos Ajlouni Oliveira; Frei Vanderlei da Silva Neves; Frei F\u00e1bio Gomes; Frei Marcos Vin\u00edcius Br\u00fcgger; e Frei Evaldo Ludwig ingressaram definitivamente na Ordem dos Frades Menores.<\/p>\n<p><a href=\"http:\/\/franciscanos.org.br\/wp-content\/uploads\/2014\/12\/meio1.jpg\"><img loading=\"lazy\" class=\"alignleft size-full wp-image-74813\" src=\"http:\/\/franciscanos.org.br\/wp-content\/uploads\/2014\/12\/meio1.jpg\" alt=\"meio\" width=\"333\" height=\"550\" \/><\/a>\u00a0A profiss\u00e3o solene foi feita nas m\u00e3os do Ministro Provincial Frei Fid\u00eancio Vanboemmel, durante celebra\u00e7\u00e3o Eucar\u00edstica \u00e0s 16h15 na Igreja do Sagrado Cora\u00e7\u00e3o de Jesus de Petr\u00f3polis (RJ), que lotou para ver os neoprofessos da Prov\u00edncia Franciscana da Imaculada Concei\u00e7\u00e3o. Al\u00e9m dos concelebrantes, Frei C\u00e9sar K\u00fcllkamp, guardi\u00e3o da Fraternidade do Sagrado, e do Definidor Frei Evaristo Spengler, o presbit\u00e9rio ficou lotado de frades que vieram de toda a Prov\u00edncia, al\u00e9m de religiosos e sacerdotes diocesanos.<\/p>\n<p>O rito da profiss\u00e3o solene come\u00e7ou depois da leitura do Evangelho. O mestre Frei Marcos Andrade chamou \u00a0cada um dos professandos pelo nome. Em p\u00e9, diante do Ministro Provincial, eles responderam: &#8220;Aqui estou!&#8221;. O mestre, ent\u00e3o, fez um breve resumo da vida de cada professando. Depois, juntos, eles fizeram o pedido para serem admitidos definitivamente na Ordem dos Frades Menores.<\/p>\n<p>Na sua homilia, em seguida, Frei Fid\u00eancio brindou os novos consagrados com a mensagem mais recente do Papa Francisco para o Ano da Vida Religiosa Consagrada. Ao falar dos fundadores das Ordens, disse que eles viveram apaixonadamente o Evangelho, onde os \u201cvotos t\u00eam sentido apenas para implementar este seu amor apaixonado\u201d. Nessa paix\u00e3o por Jesus Cristo, o Ministro Provincial elencou cinco grandes expectativas que o Papa Francisco tem para os religiosos e religiosas neste ano:<\/p>\n<p>&#8211; Alegria: Onde est\u00e3o os religiosos, h\u00e1 alegria;<\/p>\n<p>&#8211; Profecia: despertar o mundo, caracter\u00edstica da profecia;<\/p>\n<p>&#8211; Comunh\u00e3o: Religiosos chamados a serem peritos em comunh\u00e3o, espiritualidade da comunh\u00e3o, fazer da Igreja a casa e a escola da comunh\u00e3o;<\/p>\n<p>&#8211; Sair de si mesmo e para ir \u00e0s periferias existenciais (ide pelo mundo inteiro);<\/p>\n<p>&#8211; Cada forma de vida consagrada se interrogue sobre o que pedem Deus e a humanidade de hoje.<\/p>\n<p><a href=\"http:\/\/franciscanos.org.br\/wp-content\/uploads\/2014\/12\/meio2.jpg\"><img loading=\"lazy\" class=\"alignright size-full wp-image-74814\" src=\"http:\/\/franciscanos.org.br\/wp-content\/uploads\/2014\/12\/meio2.jpg\" alt=\"meio2\" width=\"344\" height=\"500\" \/><\/a>Dessas cinco dimens\u00f5es, Frei Fid\u00eancio destacou especialmente duas: profecia e sair de si mesmo. &#8220;Profetas s\u00e3o mensageiros que o Senhor envia para preparar o Caminho do Senhor&#8221;, disse lembrando o tempo do Advento. E por \u00faltimo, no sair de si mesmo, destacou um belo texto do Papa: \u201cN\u00e3o vos fecheis em v\u00f3s mesmos, n\u00e3o vos deixeis asfixiar por pequenas brigas de casa, n\u00e3o fiqueis prisioneiros dos vossos problemas. Estes se resolver\u00e3o se sairdes para ajudar os outros a resolverem os seus problemas, anunciando-lhes a Boa Nova. Encontrareis a vida dando a vida, a esperan\u00e7a dando esperan\u00e7a, o amor amando\u201d. No final da homilia, exortou os neoprofessos para abra\u00e7arem a vida religiosa com alegria: &#8220;N\u00e3o tenhais medo!&#8221;, disse.<\/p>\n<p>Em seguida \u00e0 homilia, os pais se aproximaram da pia batismal, onde est\u00e1 o C\u00edrio Pascal, acenderam uma vela e entregaram aos professandos para recordar a voca\u00e7\u00e3o batismal que neles est\u00e1 se desabrochando como voca\u00e7\u00e3o religiosa franciscana. Depois, Frei Fid\u00eancio perguntou aos professandos pelas motiva\u00e7\u00f5es que eles trouxeram ao pedir a admiss\u00e3o definitiva na Ordem dos Frades Menores. Em seguida, ele pediu a intercess\u00e3o de todos os Santos da Ordem para os novos irm\u00e3os.<\/p>\n<p>Terminada a Ladainha de todos os Santos, os professandos se prostraram de joelhos diante do Ministro Provincial, colocaram as suas m\u00e3os nas m\u00e3os do Ministro, num gesto de entrega, de obedi\u00eancia, e leram a f\u00f3rmula de profiss\u00e3o definitiva na Ordem dos Frades Menores. Em seguida, cada um deles assinou dois documentos: um de confirma\u00e7\u00e3o dos votos emitidos e o outro de ren\u00fancia a todos os bens, para se tornarem mais livres no seguimento com gratuidade de Jesus. Cada neoprofesso recebeu do Ministro a Regra de Vida e o rito terminou com o abra\u00e7o caloroso dos confrades.<\/p>\n<p>A liturgia continuou solenemente at\u00e9 o final da comunh\u00e3o. No momento de agradecimento falou em nome do grupo Frei Evaldo, que fez calorosos agradecimentos aos frades, especialmente aos que os acompanharam at\u00e9 agora na forma\u00e7\u00e3o, especialmente o Ministro Provincial, que foi o mestre deles quando vestiram o h\u00e1bito franciscano.<\/p>\n<p>No final, o Ministro Provincial se dirigiu at\u00e9 os familiares nos bancos e fez um agradecimento emocionado a eles.\u00a0 \u201cVoc\u00eas geraram para n\u00f3s, como sempre digo, irm\u00e3os muito importantes. Companheiros na f\u00e9, na luta, na miss\u00e3o e na evangeliza\u00e7\u00e3o. Muito obrigado a voc\u00eas!\u201d, disse agradecendo tamb\u00e9m a Fraternidade do Sagrado e o Instituto Teol\u00f3gico Franciscano.<\/p>\n<address><img loading=\"lazy\" class=\"alignnone size-full wp-image-197330\" src=\"https:\/\/franciscanos.org.br\/noticias\/wp-content\/uploads\/2014\/12\/professos_2.jpg\" alt=\"\" width=\"890\" height=\"593\" srcset=\"https:\/\/franciscanos.org.br\/noticias\/wp-content\/uploads\/2014\/12\/professos_2.jpg 890w, https:\/\/franciscanos.org.br\/noticias\/wp-content\/uploads\/2014\/12\/professos_2-450x300.jpg 450w, https:\/\/franciscanos.org.br\/noticias\/wp-content\/uploads\/2014\/12\/professos_2-768x512.jpg 768w, https:\/\/franciscanos.org.br\/noticias\/wp-content\/uploads\/2014\/12\/professos_2-150x100.jpg 150w\" sizes=\"(max-width: 890px) 100vw, 890px\" \/><\/address>\n<address><strong>O Momento da profiss\u00e3o (Da esquerda para a direita: Frei Alan, Frei Camilo, Frei Cl\u00f3vis, Frei Edvaldo, Frei Evaldo, Frei F\u00e1bio, Frei Jean, Frei Marcos e Frei Vanderlei)<\/strong><\/address>\n<p><img class=\"ngg_displayed_gallery mceItem\" src=\"http:\/\/franciscanos.org.br\/index.php\/nextgen-attach_to_post\/preview\/id--74841\" alt=\"\" \/><\/p>\n<p>&nbsp;<\/p>\n<p><img class=\"ngg_displayed_gallery mceItem\" src=\"http:\/\/franciscanos.org.br\/index.php\/nextgen-attach_to_post\/preview\/id--74809\" alt=\"\" \/><\/p>\n","protected":false},"excerpt":{"rendered":"<p>Profiss\u00e3o solene em Petr\u00f3polis<\/p>\n","protected":false},"author":1,"featured_media":199242,"comment_status":"open","ping_status":"open","sticky":false,"template":"","format":"standard","meta":[],"categories":[1],"tags":[190,418],"acf":[],"yoast_head":"<!-- This site is optimized with the Yoast SEO plugin v19.2 - https:\/\/yoast.com\/wordpress\/plugins\/seo\/ -->\n<title>Fr. Fid\u00eancio aos neoprofessos: &#039;N\u00e3o tenhais medo!&#039; - Not\u00edcias - Franciscanos<\/title>\n<meta name=\"robots\" content=\"index, follow, max-snippet:-1, max-image-preview:large, max-video-preview:-1\" \/>\n<link rel=\"canonical\" href=\"https:\/\/franciscanos.org.br\/noticias\/frei-fidencio-aos-neoprofessos-nao-tenhais-medo.html\" \/>\n<meta property=\"og:locale\" content=\"pt_BR\" \/>\n<meta property=\"og:type\" content=\"article\" \/>\n<meta property=\"og:title\" content=\"Fr. Fid\u00eancio aos neoprofessos: &#039;N\u00e3o tenhais medo!&#039; - Not\u00edcias - Franciscanos\" \/>\n<meta property=\"og:description\" content=\"Profiss\u00e3o solene em Petr\u00f3polis\" \/>\n<meta property=\"og:url\" content=\"https:\/\/franciscanos.org.br\/noticias\/frei-fidencio-aos-neoprofessos-nao-tenhais-medo.html\" \/>\n<meta property=\"og:site_name\" content=\"Not\u00edcias - Franciscanos\" \/>\n<meta property=\"article:published_time\" content=\"2014-12-07T00:30:15+00:00\" \/>\n<meta property=\"article:modified_time\" content=\"2019-02-01T16:31:08+00:00\" \/>\n<meta property=\"og:image\" content=\"https:\/\/franciscanos.org.br\/noticias\/wp-content\/uploads\/2014\/12\/professos_d.jpg\" \/>\n\t<meta property=\"og:image:width\" content=\"273\" \/>\n\t<meta property=\"og:image:height\" content=\"181\" \/>\n\t<meta property=\"og:image:type\" content=\"image\/jpeg\" \/>\n<meta name=\"author\" content=\"admin\" \/>\n<meta name=\"twitter:card\" content=\"summary_large_image\" \/>\n<meta name=\"twitter:label1\" content=\"Escrito por\" \/>\n\t<meta name=\"twitter:data1\" content=\"admin\" \/>\n\t<meta name=\"twitter:label2\" content=\"Est. tempo de leitura\" \/>\n\t<meta name=\"twitter:data2\" content=\"5 minutos\" \/>\n<script type=\"application\/ld+json\" class=\"yoast-schema-graph\">{\"@context\":\"https:\/\/schema.org\",\"@graph\":[{\"@type\":\"WebSite\",\"@id\":\"https:\/\/franciscanos.org.br\/noticias\/#website\",\"url\":\"https:\/\/franciscanos.org.br\/noticias\/\",\"name\":\"Not\u00edcias - Franciscanos\",\"description\":\"Prov\u00edncia Franciscana da Imaculada Concei\u00e7\u00e3o do Brasil - Ordem dos Frades Menores - OFM\",\"potentialAction\":[{\"@type\":\"SearchAction\",\"target\":{\"@type\":\"EntryPoint\",\"urlTemplate\":\"https:\/\/franciscanos.org.br\/noticias\/?s={search_term_string}\"},\"query-input\":\"required name=search_term_string\"}],\"inLanguage\":\"pt-BR\"},{\"@type\":\"ImageObject\",\"inLanguage\":\"pt-BR\",\"@id\":\"https:\/\/franciscanos.org.br\/noticias\/frei-fidencio-aos-neoprofessos-nao-tenhais-medo.html#primaryimage\",\"url\":\"https:\/\/franciscanos.org.br\/noticias\/wp-content\/uploads\/2014\/12\/professos_d.jpg\",\"contentUrl\":\"https:\/\/franciscanos.org.br\/noticias\/wp-content\/uploads\/2014\/12\/professos_d.jpg\",\"width\":273,\"height\":181},{\"@type\":\"WebPage\",\"@id\":\"https:\/\/franciscanos.org.br\/noticias\/frei-fidencio-aos-neoprofessos-nao-tenhais-medo.html#webpage\",\"url\":\"https:\/\/franciscanos.org.br\/noticias\/frei-fidencio-aos-neoprofessos-nao-tenhais-medo.html\",\"name\":\"Fr. Fid\u00eancio aos neoprofessos: 'N\u00e3o tenhais medo!' - Not\u00edcias - Franciscanos\",\"isPartOf\":{\"@id\":\"https:\/\/franciscanos.org.br\/noticias\/#website\"},\"primaryImageOfPage\":{\"@id\":\"https:\/\/franciscanos.org.br\/noticias\/frei-fidencio-aos-neoprofessos-nao-tenhais-medo.html#primaryimage\"},\"datePublished\":\"2014-12-07T00:30:15+00:00\",\"dateModified\":\"2019-02-01T16:31:08+00:00\",\"author\":{\"@id\":\"https:\/\/franciscanos.org.br\/noticias\/#\/schema\/person\/b38fbf43118f02820bd932f2e4b14ad3\"},\"breadcrumb\":{\"@id\":\"https:\/\/franciscanos.org.br\/noticias\/frei-fidencio-aos-neoprofessos-nao-tenhais-medo.html#breadcrumb\"},\"inLanguage\":\"pt-BR\",\"potentialAction\":[{\"@type\":\"ReadAction\",\"target\":[\"https:\/\/franciscanos.org.br\/noticias\/frei-fidencio-aos-neoprofessos-nao-tenhais-medo.html\"]}]},{\"@type\":\"BreadcrumbList\",\"@id\":\"https:\/\/franciscanos.org.br\/noticias\/frei-fidencio-aos-neoprofessos-nao-tenhais-medo.html#breadcrumb\",\"itemListElement\":[{\"@type\":\"ListItem\",\"position\":1,\"name\":\"Home\",\"item\":\"https:\/\/franciscanos.org.br\/noticias\"},{\"@type\":\"ListItem\",\"position\":2,\"name\":\"Fr. Fid\u00eancio aos neoprofessos: &#8216;N\u00e3o tenhais medo!&#8217;\"}]},{\"@type\":\"Person\",\"@id\":\"https:\/\/franciscanos.org.br\/noticias\/#\/schema\/person\/b38fbf43118f02820bd932f2e4b14ad3\",\"name\":\"admin\",\"image\":{\"@type\":\"ImageObject\",\"inLanguage\":\"pt-BR\",\"@id\":\"https:\/\/franciscanos.org.br\/noticias\/#\/schema\/person\/image\/\",\"url\":\"https:\/\/secure.gravatar.com\/avatar\/e8495742d34d0ba6448ea1c628263b3e?s=96&d=mm&r=g\",\"contentUrl\":\"https:\/\/secure.gravatar.com\/avatar\/e8495742d34d0ba6448ea1c628263b3e?s=96&d=mm&r=g\",\"caption\":\"admin\"},\"url\":\"https:\/\/franciscanos.org.br\/noticias\/author\/admin\"}]}<\/script>\n<!-- \/ Yoast SEO plugin. -->","yoast_head_json":{"title":"Fr. Fid\u00eancio aos neoprofessos: 'N\u00e3o tenhais medo!' - Not\u00edcias - Franciscanos","robots":{"index":"index","follow":"follow","max-snippet":"max-snippet:-1","max-image-preview":"max-image-preview:large","max-video-preview":"max-video-preview:-1"},"canonical":"https:\/\/franciscanos.org.br\/noticias\/frei-fidencio-aos-neoprofessos-nao-tenhais-medo.html","og_locale":"pt_BR","og_type":"article","og_title":"Fr. Fid\u00eancio aos neoprofessos: 'N\u00e3o tenhais medo!' - Not\u00edcias - Franciscanos","og_description":"Profiss\u00e3o solene em Petr\u00f3polis","og_url":"https:\/\/franciscanos.org.br\/noticias\/frei-fidencio-aos-neoprofessos-nao-tenhais-medo.html","og_site_name":"Not\u00edcias - Franciscanos","article_published_time":"2014-12-07T00:30:15+00:00","article_modified_time":"2019-02-01T16:31:08+00:00","og_image":[{"width":273,"height":181,"url":"https:\/\/franciscanos.org.br\/noticias\/wp-content\/uploads\/2014\/12\/professos_d.jpg","type":"image\/jpeg"}],"author":"admin","twitter_card":"summary_large_image","twitter_misc":{"Escrito por":"admin","Est. tempo de leitura":"5 minutos"},"schema":{"@context":"https:\/\/schema.org","@graph":[{"@type":"WebSite","@id":"https:\/\/franciscanos.org.br\/noticias\/#website","url":"https:\/\/franciscanos.org.br\/noticias\/","name":"Not\u00edcias - Franciscanos","description":"Prov\u00edncia Franciscana da Imaculada Concei\u00e7\u00e3o do Brasil - Ordem dos Frades Menores - OFM","potentialAction":[{"@type":"SearchAction","target":{"@type":"EntryPoint","urlTemplate":"https:\/\/franciscanos.org.br\/noticias\/?s={search_term_string}"},"query-input":"required name=search_term_string"}],"inLanguage":"pt-BR"},{"@type":"ImageObject","inLanguage":"pt-BR","@id":"https:\/\/franciscanos.org.br\/noticias\/frei-fidencio-aos-neoprofessos-nao-tenhais-medo.html#primaryimage","url":"https:\/\/franciscanos.org.br\/noticias\/wp-content\/uploads\/2014\/12\/professos_d.jpg","contentUrl":"https:\/\/franciscanos.org.br\/noticias\/wp-content\/uploads\/2014\/12\/professos_d.jpg","width":273,"height":181},{"@type":"WebPage","@id":"https:\/\/franciscanos.org.br\/noticias\/frei-fidencio-aos-neoprofessos-nao-tenhais-medo.html#webpage","url":"https:\/\/franciscanos.org.br\/noticias\/frei-fidencio-aos-neoprofessos-nao-tenhais-medo.html","name":"Fr. Fid\u00eancio aos neoprofessos: 'N\u00e3o tenhais medo!' - Not\u00edcias - Franciscanos","isPartOf":{"@id":"https:\/\/franciscanos.org.br\/noticias\/#website"},"primaryImageOfPage":{"@id":"https:\/\/franciscanos.org.br\/noticias\/frei-fidencio-aos-neoprofessos-nao-tenhais-medo.html#primaryimage"},"datePublished":"2014-12-07T00:30:15+00:00","dateModified":"2019-02-01T16:31:08+00:00","author":{"@id":"https:\/\/franciscanos.org.br\/noticias\/#\/schema\/person\/b38fbf43118f02820bd932f2e4b14ad3"},"breadcrumb":{"@id":"https:\/\/franciscanos.org.br\/noticias\/frei-fidencio-aos-neoprofessos-nao-tenhais-medo.html#breadcrumb"},"inLanguage":"pt-BR","potentialAction":[{"@type":"ReadAction","target":["https:\/\/franciscanos.org.br\/noticias\/frei-fidencio-aos-neoprofessos-nao-tenhais-medo.html"]}]},{"@type":"BreadcrumbList","@id":"https:\/\/franciscanos.org.br\/noticias\/frei-fidencio-aos-neoprofessos-nao-tenhais-medo.html#breadcrumb","itemListElement":[{"@type":"ListItem","position":1,"name":"Home","item":"https:\/\/franciscanos.org.br\/noticias"},{"@type":"ListItem","position":2,"name":"Fr. Fid\u00eancio aos neoprofessos: &#8216;N\u00e3o tenhais medo!&#8217;"}]},{"@type":"Person","@id":"https:\/\/franciscanos.org.br\/noticias\/#\/schema\/person\/b38fbf43118f02820bd932f2e4b14ad3","name":"admin","image":{"@type":"ImageObject","inLanguage":"pt-BR","@id":"https:\/\/franciscanos.org.br\/noticias\/#\/schema\/person\/image\/","url":"https:\/\/secure.gravatar.com\/avatar\/e8495742d34d0ba6448ea1c628263b3e?s=96&d=mm&r=g","contentUrl":"https:\/\/secure.gravatar.com\/avatar\/e8495742d34d0ba6448ea1c628263b3e?s=96&d=mm&r=g","caption":"admin"},"url":"https:\/\/franciscanos.org.br\/noticias\/author\/admin"}]}},"_links":{"self":[{"href":"https:\/\/franciscanos.org.br\/noticias\/wp-json\/wp\/v2\/posts\/74808"}],"collection":[{"href":"https:\/\/franciscanos.org.br\/noticias\/wp-json\/wp\/v2\/posts"}],"about":[{"href":"https:\/\/franciscanos.org.br\/noticias\/wp-json\/wp\/v2\/types\/post"}],"author":[{"embeddable":true,"href":"https:\/\/franciscanos.org.br\/noticias\/wp-json\/wp\/v2\/users\/1"}],"replies":[{"embeddable":true,"href":"https:\/\/franciscanos.org.br\/noticias\/wp-json\/wp\/v2\/comments?post=74808"}],"version-history":[{"count":0,"href":"https:\/\/franciscanos.org.br\/noticias\/wp-json\/wp\/v2\/posts\/74808\/revisions"}],"wp:featuredmedia":[{"embeddable":true,"href":"https:\/\/franciscanos.org.br\/noticias\/wp-json\/wp\/v2\/media\/199242"}],"wp:attachment":[{"href":"https:\/\/franciscanos.org.br\/noticias\/wp-json\/wp\/v2\/media?parent=74808"}],"wp:term":[{"taxonomy":"category","embeddable":true,"href":"https:\/\/franciscanos.org.br\/noticias\/wp-json\/wp\/v2\/categories?post=74808"},{"taxonomy":"post_tag","embeddable":true,"href":"https:\/\/franciscanos.org.br\/noticias\/wp-json\/wp\/v2\/tags?post=74808"}],"curies":[{"name":"wp","href":"https:\/\/api.w.org\/{rel}","templated":true}]}}