{"id":74638,"date":"2014-12-06T10:46:40","date_gmt":"2014-12-06T12:46:40","guid":{"rendered":"http:\/\/franciscanos.org.br\/?p=74638"},"modified":"2020-02-12T12:35:59","modified_gmt":"2020-02-12T15:35:59","slug":"74638","status":"publish","type":"post","link":"https:\/\/franciscanos.org.br\/noticias\/74638.html","title":{"rendered":"Profiss\u00e3o religiosa: renova\u00e7\u00e3o de &#8216;uma paix\u00e3o&#8217;"},"content":{"rendered":"<p><img loading=\"lazy\" src=\"http:\/\/franciscanos.org.br\/wp-content\/uploads\/2014\/12\/professos.jpg\" alt=\"professos\" width=\"820\" height=\"481\" \/><\/p>\n<p><strong>Moacir Beggo<\/strong><\/p>\n<p><strong>Petr\u00f3polis (RJ)<\/strong> &#8211;\u00a0 &#8220;Meus caros confrades, ao renovar os seus votos, que seja sobretudo a renova\u00e7\u00e3o de uma paix\u00e3o. Paix\u00e3o por Jesus, paix\u00e3o pelo Evangelho, paix\u00e3o por aqueles e aquelas aos quais o Evangelho nos envia&#8221;. Foi assim que o Ministro Provincial Frei Fid\u00eancio Vanboemmel exortou com carinho os professos tempor\u00e1rios que est\u00e3o na etapa de Teologia em Petr\u00f3polis ao fazerem a renova\u00e7\u00e3o da profiss\u00e3o religiosa na Ordem dos Frades Menores durante a Ora\u00e7\u00e3o da Manh\u00e3, neste s\u00e1bado (6), na Igreja do Sagrado Cora\u00e7\u00e3o de Jesus, em Petr\u00f3polis (RJ). Anualmente, at\u00e9 a profiss\u00e3o solene, os professos renovam seus votos.<\/p>\n<p>Foram chamados pelo mestre Frei Marcos Andrade para renovar os votos ao Ministro Provincial: Frei Jos\u00e9 Raimundo de Souza, Frei Leandro Costa Santos, Frei Rafael Teixeira do Nascimento, Frei Ermelino Francisco Bambi, Frei Gabriel Vargas Dias Alves, Frei Jo\u00e3o Alberto Bunga, Frei Jo\u00e3o Baptista Canjenjenga, Frei Juliano Fachini Fernandes, Frei Marx Rodrigues dos Reis e Frei Roberto Aparecido Pereira. Antes, os professos fizeram o pedido e depois se comprometeram dizendo: &#8220;Fa\u00e7o voto a Deus Pai santo e todo-poderoso de viver por mais um ano, em obedi\u00eancia, sem nada de pr\u00f3prio e em castidade&#8221;.<\/p>\n<p>Ao pedir paix\u00e3o como consagrados, Frei Fid\u00eancio teve como base a Exorta\u00e7\u00e3o Apost\u00f3lica do Papa Francisco para o Ano da Vida Consagrada em 2015. Segundo Frei Fid\u00eancio \u00e9 preciso ter paix\u00e3o na miss\u00e3o evangelizadora. &#8220;Portanto, coragem. Muita coragem, muita alegria, como o Frei C\u00e9sar (o guardi\u00e3o Frei C\u00e9sar K\u00fcllkamp) nos lembrava ontem \u00e0 noite, mas paix\u00e3o sobretudo. Muita paix\u00e3o, porque sem paix\u00e3o n\u00e3o existe amor&#8221;, enfatizou o Ministro Provincial.<\/p>\n<p><img loading=\"lazy\" src=\"http:\/\/franciscanos.org.br\/wp-content\/uploads\/2014\/12\/professos2.jpg\" alt=\"professos2\" width=\"820\" height=\"355\" \/><\/p>\n<p>Ele tamb\u00e9m convidou a todos a rezar &#8220;n\u00e3o s\u00f3 por esses irm\u00e3os que aqui v\u00e3o renovar seus votos hoje, mas tamb\u00e9m que entremos em comunh\u00e3o com os confrades que amanh\u00e3, em Rondinha, v\u00e3o renovar os seus votos, e depois de amanh\u00e3, dia 8, Festa da Imaculada, com os nossos confrades de Viana, em Angola. Assim, formamos essa fam\u00edlia que, unida em Deus, acolhe o pedido, reza e, sobretudo, pede a Deus que essas voca\u00e7\u00f5es permane\u00e7am e se fortale\u00e7am para chegar um dia \u00e0 profiss\u00e3o dos votos perp\u00e9tuos&#8221;.<\/p>\n<p>Frei Fid\u00eancio citou tr\u00eas grandes objetivos da vida consagrada indicados pelo Papa. &#8220;O primeiro grande objetivo \u00e9 olhar com gratid\u00e3o o passado. Isso quer dizer que mais uma vez devemos olhar a fonte da nossa voca\u00e7\u00e3o franciscana, a hist\u00f3ria de nossa Ordem, que nasceu, cresceu e se desenvolveu a partir dessa fonte origin\u00e1ria. O segundo objetivo \u00e9 que devemos viver com paix\u00e3o o presente. Ou seja, sermos homens apaixonados por Deus, homens apaixonados pelo Evangelho, homens apaixonados pela paix\u00e3o e sofrimento do povo de Deus. O terceiro grande objetivo \u00e9 abra\u00e7ar com esperan\u00e7a o futuro&#8221;, recomendou Frei Fid\u00eancio, destacando as palavras: Olhar, viver e abra\u00e7ar; gratid\u00e3o, paix\u00e3o e esperan\u00e7a.<\/p>\n<p><img class=\"ngg_displayed_gallery mceItem\" src=\"http:\/\/franciscanos.org.br\/index.php\/nextgen-attach_to_post\/preview\/id--74676\" alt=\"\" \/><\/p>\n","protected":false},"excerpt":{"rendered":"<p>Renova\u00e7\u00e3o dos votos<\/p>\n","protected":false},"author":1,"featured_media":219650,"comment_status":"open","ping_status":"open","sticky":false,"template":"","format":"standard","meta":[],"categories":[1],"tags":[325],"acf":[],"yoast_head":"<!-- This site is optimized with the Yoast SEO plugin v19.2 - https:\/\/yoast.com\/wordpress\/plugins\/seo\/ -->\n<title>Profiss\u00e3o religiosa: renova\u00e7\u00e3o de &#039;uma paix\u00e3o&#039; - Not\u00edcias - Franciscanos<\/title>\n<meta name=\"robots\" content=\"index, follow, max-snippet:-1, max-image-preview:large, max-video-preview:-1\" \/>\n<link rel=\"canonical\" href=\"https:\/\/franciscanos.org.br\/noticias\/74638.html\" \/>\n<meta property=\"og:locale\" content=\"pt_BR\" \/>\n<meta property=\"og:type\" content=\"article\" \/>\n<meta property=\"og:title\" content=\"Profiss\u00e3o religiosa: renova\u00e7\u00e3o de &#039;uma paix\u00e3o&#039; - Not\u00edcias - Franciscanos\" \/>\n<meta property=\"og:description\" content=\"Renova\u00e7\u00e3o dos votos\" \/>\n<meta property=\"og:url\" content=\"https:\/\/franciscanos.org.br\/noticias\/74638.html\" \/>\n<meta property=\"og:site_name\" content=\"Not\u00edcias - Franciscanos\" \/>\n<meta property=\"article:published_time\" content=\"2014-12-06T12:46:40+00:00\" \/>\n<meta property=\"article:modified_time\" content=\"2020-02-12T15:35:59+00:00\" \/>\n<meta property=\"og:image\" content=\"https:\/\/franciscanos.org.br\/noticias\/wp-content\/uploads\/2014\/12\/professos-2.jpg\" \/>\n\t<meta property=\"og:image:width\" content=\"273\" \/>\n\t<meta property=\"og:image:height\" content=\"181\" \/>\n\t<meta property=\"og:image:type\" content=\"image\/jpeg\" \/>\n<meta name=\"author\" content=\"admin\" \/>\n<meta name=\"twitter:card\" content=\"summary_large_image\" \/>\n<meta name=\"twitter:label1\" content=\"Escrito por\" \/>\n\t<meta name=\"twitter:data1\" content=\"admin\" \/>\n\t<meta name=\"twitter:label2\" content=\"Est. tempo de leitura\" \/>\n\t<meta name=\"twitter:data2\" content=\"3 minutos\" \/>\n<script type=\"application\/ld+json\" class=\"yoast-schema-graph\">{\"@context\":\"https:\/\/schema.org\",\"@graph\":[{\"@type\":\"WebSite\",\"@id\":\"https:\/\/franciscanos.org.br\/noticias\/#website\",\"url\":\"https:\/\/franciscanos.org.br\/noticias\/\",\"name\":\"Not\u00edcias - Franciscanos\",\"description\":\"Prov\u00edncia Franciscana da Imaculada Concei\u00e7\u00e3o do Brasil - Ordem dos Frades Menores - OFM\",\"potentialAction\":[{\"@type\":\"SearchAction\",\"target\":{\"@type\":\"EntryPoint\",\"urlTemplate\":\"https:\/\/franciscanos.org.br\/noticias\/?s={search_term_string}\"},\"query-input\":\"required name=search_term_string\"}],\"inLanguage\":\"pt-BR\"},{\"@type\":\"ImageObject\",\"inLanguage\":\"pt-BR\",\"@id\":\"https:\/\/franciscanos.org.br\/noticias\/74638.html#primaryimage\",\"url\":\"https:\/\/franciscanos.org.br\/noticias\/wp-content\/uploads\/2014\/12\/professos-2.jpg\",\"contentUrl\":\"https:\/\/franciscanos.org.br\/noticias\/wp-content\/uploads\/2014\/12\/professos-2.jpg\",\"width\":273,\"height\":181},{\"@type\":\"WebPage\",\"@id\":\"https:\/\/franciscanos.org.br\/noticias\/74638.html#webpage\",\"url\":\"https:\/\/franciscanos.org.br\/noticias\/74638.html\",\"name\":\"Profiss\u00e3o religiosa: renova\u00e7\u00e3o de 'uma paix\u00e3o' - Not\u00edcias - Franciscanos\",\"isPartOf\":{\"@id\":\"https:\/\/franciscanos.org.br\/noticias\/#website\"},\"primaryImageOfPage\":{\"@id\":\"https:\/\/franciscanos.org.br\/noticias\/74638.html#primaryimage\"},\"datePublished\":\"2014-12-06T12:46:40+00:00\",\"dateModified\":\"2020-02-12T15:35:59+00:00\",\"author\":{\"@id\":\"https:\/\/franciscanos.org.br\/noticias\/#\/schema\/person\/b38fbf43118f02820bd932f2e4b14ad3\"},\"breadcrumb\":{\"@id\":\"https:\/\/franciscanos.org.br\/noticias\/74638.html#breadcrumb\"},\"inLanguage\":\"pt-BR\",\"potentialAction\":[{\"@type\":\"ReadAction\",\"target\":[\"https:\/\/franciscanos.org.br\/noticias\/74638.html\"]}]},{\"@type\":\"BreadcrumbList\",\"@id\":\"https:\/\/franciscanos.org.br\/noticias\/74638.html#breadcrumb\",\"itemListElement\":[{\"@type\":\"ListItem\",\"position\":1,\"name\":\"Home\",\"item\":\"https:\/\/franciscanos.org.br\/noticias\"},{\"@type\":\"ListItem\",\"position\":2,\"name\":\"Profiss\u00e3o religiosa: renova\u00e7\u00e3o de &#8216;uma paix\u00e3o&#8217;\"}]},{\"@type\":\"Person\",\"@id\":\"https:\/\/franciscanos.org.br\/noticias\/#\/schema\/person\/b38fbf43118f02820bd932f2e4b14ad3\",\"name\":\"admin\",\"image\":{\"@type\":\"ImageObject\",\"inLanguage\":\"pt-BR\",\"@id\":\"https:\/\/franciscanos.org.br\/noticias\/#\/schema\/person\/image\/\",\"url\":\"https:\/\/secure.gravatar.com\/avatar\/e8495742d34d0ba6448ea1c628263b3e?s=96&d=mm&r=g\",\"contentUrl\":\"https:\/\/secure.gravatar.com\/avatar\/e8495742d34d0ba6448ea1c628263b3e?s=96&d=mm&r=g\",\"caption\":\"admin\"},\"url\":\"https:\/\/franciscanos.org.br\/noticias\/author\/admin\"}]}<\/script>\n<!-- \/ Yoast SEO plugin. -->","yoast_head_json":{"title":"Profiss\u00e3o religiosa: renova\u00e7\u00e3o de 'uma paix\u00e3o' - Not\u00edcias - Franciscanos","robots":{"index":"index","follow":"follow","max-snippet":"max-snippet:-1","max-image-preview":"max-image-preview:large","max-video-preview":"max-video-preview:-1"},"canonical":"https:\/\/franciscanos.org.br\/noticias\/74638.html","og_locale":"pt_BR","og_type":"article","og_title":"Profiss\u00e3o religiosa: renova\u00e7\u00e3o de 'uma paix\u00e3o' - Not\u00edcias - Franciscanos","og_description":"Renova\u00e7\u00e3o dos votos","og_url":"https:\/\/franciscanos.org.br\/noticias\/74638.html","og_site_name":"Not\u00edcias - Franciscanos","article_published_time":"2014-12-06T12:46:40+00:00","article_modified_time":"2020-02-12T15:35:59+00:00","og_image":[{"width":273,"height":181,"url":"https:\/\/franciscanos.org.br\/noticias\/wp-content\/uploads\/2014\/12\/professos-2.jpg","type":"image\/jpeg"}],"author":"admin","twitter_card":"summary_large_image","twitter_misc":{"Escrito por":"admin","Est. tempo de leitura":"3 minutos"},"schema":{"@context":"https:\/\/schema.org","@graph":[{"@type":"WebSite","@id":"https:\/\/franciscanos.org.br\/noticias\/#website","url":"https:\/\/franciscanos.org.br\/noticias\/","name":"Not\u00edcias - Franciscanos","description":"Prov\u00edncia Franciscana da Imaculada Concei\u00e7\u00e3o do Brasil - Ordem dos Frades Menores - OFM","potentialAction":[{"@type":"SearchAction","target":{"@type":"EntryPoint","urlTemplate":"https:\/\/franciscanos.org.br\/noticias\/?s={search_term_string}"},"query-input":"required name=search_term_string"}],"inLanguage":"pt-BR"},{"@type":"ImageObject","inLanguage":"pt-BR","@id":"https:\/\/franciscanos.org.br\/noticias\/74638.html#primaryimage","url":"https:\/\/franciscanos.org.br\/noticias\/wp-content\/uploads\/2014\/12\/professos-2.jpg","contentUrl":"https:\/\/franciscanos.org.br\/noticias\/wp-content\/uploads\/2014\/12\/professos-2.jpg","width":273,"height":181},{"@type":"WebPage","@id":"https:\/\/franciscanos.org.br\/noticias\/74638.html#webpage","url":"https:\/\/franciscanos.org.br\/noticias\/74638.html","name":"Profiss\u00e3o religiosa: renova\u00e7\u00e3o de 'uma paix\u00e3o' - Not\u00edcias - Franciscanos","isPartOf":{"@id":"https:\/\/franciscanos.org.br\/noticias\/#website"},"primaryImageOfPage":{"@id":"https:\/\/franciscanos.org.br\/noticias\/74638.html#primaryimage"},"datePublished":"2014-12-06T12:46:40+00:00","dateModified":"2020-02-12T15:35:59+00:00","author":{"@id":"https:\/\/franciscanos.org.br\/noticias\/#\/schema\/person\/b38fbf43118f02820bd932f2e4b14ad3"},"breadcrumb":{"@id":"https:\/\/franciscanos.org.br\/noticias\/74638.html#breadcrumb"},"inLanguage":"pt-BR","potentialAction":[{"@type":"ReadAction","target":["https:\/\/franciscanos.org.br\/noticias\/74638.html"]}]},{"@type":"BreadcrumbList","@id":"https:\/\/franciscanos.org.br\/noticias\/74638.html#breadcrumb","itemListElement":[{"@type":"ListItem","position":1,"name":"Home","item":"https:\/\/franciscanos.org.br\/noticias"},{"@type":"ListItem","position":2,"name":"Profiss\u00e3o religiosa: renova\u00e7\u00e3o de &#8216;uma paix\u00e3o&#8217;"}]},{"@type":"Person","@id":"https:\/\/franciscanos.org.br\/noticias\/#\/schema\/person\/b38fbf43118f02820bd932f2e4b14ad3","name":"admin","image":{"@type":"ImageObject","inLanguage":"pt-BR","@id":"https:\/\/franciscanos.org.br\/noticias\/#\/schema\/person\/image\/","url":"https:\/\/secure.gravatar.com\/avatar\/e8495742d34d0ba6448ea1c628263b3e?s=96&d=mm&r=g","contentUrl":"https:\/\/secure.gravatar.com\/avatar\/e8495742d34d0ba6448ea1c628263b3e?s=96&d=mm&r=g","caption":"admin"},"url":"https:\/\/franciscanos.org.br\/noticias\/author\/admin"}]}},"_links":{"self":[{"href":"https:\/\/franciscanos.org.br\/noticias\/wp-json\/wp\/v2\/posts\/74638"}],"collection":[{"href":"https:\/\/franciscanos.org.br\/noticias\/wp-json\/wp\/v2\/posts"}],"about":[{"href":"https:\/\/franciscanos.org.br\/noticias\/wp-json\/wp\/v2\/types\/post"}],"author":[{"embeddable":true,"href":"https:\/\/franciscanos.org.br\/noticias\/wp-json\/wp\/v2\/users\/1"}],"replies":[{"embeddable":true,"href":"https:\/\/franciscanos.org.br\/noticias\/wp-json\/wp\/v2\/comments?post=74638"}],"version-history":[{"count":0,"href":"https:\/\/franciscanos.org.br\/noticias\/wp-json\/wp\/v2\/posts\/74638\/revisions"}],"wp:featuredmedia":[{"embeddable":true,"href":"https:\/\/franciscanos.org.br\/noticias\/wp-json\/wp\/v2\/media\/219650"}],"wp:attachment":[{"href":"https:\/\/franciscanos.org.br\/noticias\/wp-json\/wp\/v2\/media?parent=74638"}],"wp:term":[{"taxonomy":"category","embeddable":true,"href":"https:\/\/franciscanos.org.br\/noticias\/wp-json\/wp\/v2\/categories?post=74638"},{"taxonomy":"post_tag","embeddable":true,"href":"https:\/\/franciscanos.org.br\/noticias\/wp-json\/wp\/v2\/tags?post=74638"}],"curies":[{"name":"wp","href":"https:\/\/api.w.org\/{rel}","templated":true}]}}