{"id":74574,"date":"2014-12-05T12:30:46","date_gmt":"2014-12-05T14:30:46","guid":{"rendered":"http:\/\/franciscanos.org.br\/?p=74574"},"modified":"2019-01-28T16:05:40","modified_gmt":"2019-01-28T18:05:40","slug":"confira-os-ultimos-lancamentos-4","status":"publish","type":"post","link":"https:\/\/franciscanos.org.br\/noticias\/confira-os-ultimos-lancamentos-4.html","title":{"rendered":"Confira os \u00faltimos lan\u00e7amentos"},"content":{"rendered":"<p>A Editora Vozes apresenta seus \u00faltimos lan\u00e7amentos.<\/p>\n<h4><strong><a href=\"http:\/\/franciscanos.org.br\/wp-content\/uploads\/2014\/12\/Doutrina-social.jpg\"><img loading=\"lazy\" class=\"alignleft size-full wp-image-74581\" src=\"http:\/\/franciscanos.org.br\/wp-content\/uploads\/2014\/12\/Doutrina-social.jpg\" alt=\"Doutrina-social\" width=\"200\" height=\"287\" \/><\/a>Doutrina Social da Igreja \u2013 um guia pr\u00e1tico para estudo<\/strong><\/h4>\n<p><em>Padre Antonio Aparecido Alve<\/em>s<\/p>\n<p>A Doutrina Social da Igreja faz parte da miss\u00e3o evangelizadora da Igreja e por isso \u00e9 um conte\u00fado essencial da evangeliza\u00e7\u00e3o, de tal forma que todos os projetos e atividades de evangeliza\u00e7\u00e3o deveriam contemplar essa dimens\u00e3o.<br \/>\nRecentemente o Papa Francisco escreveu que o querigma, isto \u00e9, o an\u00fancio fundamental da f\u00e9, tem um conte\u00fado inevitavelmente social e por isso dedicou um cap\u00edtulo de sua Exorta\u00e7\u00e3o Apost\u00f3lica Evangelii Gaudium sobre o an\u00fancio do evangelho no mundo atual \u00e0 dimens\u00e3o social da evangeliza\u00e7\u00e3o com preciosos ensinamentos sociais.<br \/>\nCom linguagem simples, direta e organizado de forma did\u00e1tica, este guia est\u00e1 dividido em quatro unidades tem\u00e1ticas e traz boxes com cita\u00e7\u00f5es de Documentos Sociais e do Comp\u00eandio de Doutrina Social da Igreja, bem como perguntas para avalia\u00e7\u00e3o e texto para aprofundamento no final de cada Unidade.<\/p>\n<p><em>Padre Antonio Aparecido Alves, conhecido como Toninho, nasceu em 05\/10\/1961 em S\u00e3o Miguel Paulista\/SP. Fez seus estudos seminar\u00edsticos em Taubat\u00e9 e Aparecida. Foi ordenado presb\u00edtero em 1986 e fez mestrado em Ci\u00eancias Sociais com especializa\u00e7\u00e3o em Doutrina Social da Igreja na Pontif\u00edcia Universidade Gregoriana de Roma apresentando uma disserta\u00e7\u00e3o sobre a a\u00e7\u00e3o pol\u00edtica dos crist\u00e3os. Entre 2006 e 2010 fez o doutorado na PUC-Rio em Teologia, com uma tese sobre as Escolas de Forma\u00e7\u00e3o F\u00e9 e Pol\u00edtica. Desde 2010 \u00e9 coordenador do curso de Teologia da Faculdade Cat\u00f3lica de S\u00e3o Jos\u00e9 dos Campos e docente na mesma Institui\u00e7\u00e3o. \u00c9 presb\u00edtero na diocese de S\u00e3o Jos\u00e9 dos Campos\/SP onde exerce fun\u00e7\u00f5es pastorais e membro do grupo de assessores do Cefep\/CNBB.<\/em><\/p>\n<p><strong>N\u00ba DE P\u00c1GINAS: 136<\/strong><\/p>\n<h4><strong><a href=\"http:\/\/franciscanos.org.br\/wp-content\/uploads\/2014\/12\/a-procura-do-ouro.jpg\"><img loading=\"lazy\" class=\"alignleft size-full wp-image-74582\" src=\"http:\/\/franciscanos.org.br\/wp-content\/uploads\/2014\/12\/a-procura-do-ouro.jpg\" alt=\"a-procura-do-ouro\" width=\"200\" height=\"307\" \/><\/a>\u00c0 procura do ouro interior<\/strong><\/h4>\n<p><em>Anselm Gr\u00fcn<\/em><\/p>\n<p>O dia a dia n\u00e3o \u00e9 s\u00f3 um trabalho \u00e1rduo ou uma carga que precisamos carregar. A maneira como vivenciamos o dia a dia depende do nosso ponto de vista. N\u00f3s podemos ver o dia a dia como um tesoureiro que p\u00f5e uma riqueza incomensur\u00e1vel \u00e0 nossa disposi\u00e7\u00e3o. Ele nos d\u00e1 as suas preciosidades, se n\u00f3s nos tornamos amigos dele.<br \/>\nS\u00e3o as coisas mais simples que enriquecem a nossa vida. Aquilo que para n\u00f3s \u00e9 normal ter. A felicidade sempre est\u00e1 presente e sempre est\u00e1 \u00e0 disposi\u00e7\u00e3o: a batida do cora\u00e7\u00e3o, o canto dos p\u00e1ssaros, uma nova manh\u00e3, um dia de primavera depois de um inverno longo, olhar para o c\u00e9u estrelado, o primeiro passeio a p\u00e9, cheio de esperan\u00e7as, depois de uma doen\u00e7a, a presen\u00e7a do amigo querido. Tudo isso s\u00e3o coisas de uma riqueza incomensur\u00e1vel que d\u00e1 um brilho claro e dourado para a nossa vida, quando n\u00f3s as vemos.<br \/>\nEste livro quer lhe dar coragem de procurar o ouro em tudo, em voc\u00ea e na sua vida, ao seu redor e em todo lugar onde voc\u00ea se move. Voc\u00ea vai encontr\u00e1-lo e reconhecer\u00e1 que carrega um brilho de ouro em si, porque faz parte da vida divina. Isso era sabido pelos pintores da Idade M\u00e9dia que sempre pintaram suas figuras com um fundo dourado, para que o brilho divino reluza atrav\u00e9s de tudo que \u00e9 humano e outros tamb\u00e9m possam experiment\u00e1-lo.<\/p>\n<p><em>Anselm Gr\u00fcn OSB, doutor em teologia, nascido em 1945, \u00e9 despenseiro na Abadia de M\u00fcnsterschwarzach e guia de medita\u00e7\u00e3o. Seus livros s\u00e3o divulgados pelo mundo, chegando a milh\u00f5es de c\u00f3pias vendidas. H\u00e1 d\u00e9cadas vem se dedicando a refletir e escrever sobre as quest\u00f5es fundamentais da vida, das rela\u00e7\u00f5es humanas, dos desafios que nos convidam a amadurecer e abrir nossa alma para encontrar sua verdadeira natureza e perceber Deus nas coisas aparentemente simples. Inspira-se na tradu\u00e7\u00e3o mon\u00e1stica e crist\u00e3, e recorre tamb\u00e9m \u00e0 psicologia e \u00e0s demais ci\u00eancias para ajudar as pessoas a compreender melhor sua vida e diminuir a complexidade dos problemas que a vida moderna nos imp\u00f5e enfrentar. Tem a habilidade de falar com clareza, e expressar aquilo que muito n\u00e3o conseguem formular em palavras. \u00c9 autor de dezenas de obras publicadas no Brasil pela Editora Vozes.<\/em><\/p>\n<p><strong>N\u00ba DE P\u00c1GINAS: 112<\/strong><\/p>\n<h4><strong><a href=\"http:\/\/franciscanos.org.br\/wp-content\/uploads\/2014\/12\/a-filosofia-e-o-cuidado.jpg\"><img loading=\"lazy\" class=\"alignleft size-full wp-image-74583\" src=\"http:\/\/franciscanos.org.br\/wp-content\/uploads\/2014\/12\/a-filosofia-e-o-cuidado.jpg\" alt=\"a-filosofia-e-o-cuidado\" width=\"200\" height=\"325\" \/><\/a>A filosofia e o cuidado da vida<\/strong><\/h4>\n<p><em>Arc\u00e2ngelo R. Buzzi<\/em><\/p>\n<p>Para viver temos que sair de n\u00f3s mesmos, ir rumo ao mundo das coisas que nos rodeiam porque s\u00e3o elas que nos lembram e nos ensinam o cuidado da vida. N\u00e3o \u00e9 f\u00e1cil justificar esse ponto de vista existencial devido ao enorme prest\u00edgio de que desfrutam as ci\u00eancias da raz\u00e3o na cultura moderna, que pouco se vale da experi\u00eancia direta das coisas. N\u00e3o \u00e9 f\u00e1cil mostrar que antes das ci\u00eancias da raz\u00e3o, \u00e9 a percep\u00e7\u00e3o dos sentidos do corpo que revela o real das coisas que nos ajudam a cuidar da vida. A experi\u00eancia pr\u00e1tica ser\u00e1 sempre mais importante que a teoriza\u00e7\u00e3o abstrata. A ci\u00eancia precisa ser entendida de acordo com sua base na experi\u00eancia direta das coisas, de modo que jamais se sobreponha a essa experi\u00eancia direta.<br \/>\nOs textos elaborados neste livro n\u00e3o falam do cuidado, pois ele \u00e9 essencialmente anterior a toda ocupa\u00e7\u00e3o. Aqui o autor se baseia em algumas ocupa\u00e7\u00f5es acionadas pelo pr\u00f3prio cuidado da vida, que nos p\u00f5em na tarefa de n\u00e3o desvi\u00e1-las de sua intencionalidade primordial que \u00e9 de sair, de ir rumo ao mundo, de n\u00e3o negligenciar seu fundamental modo de ser exist\u00eancia no mundo, ligada a outras vidas e \u00e0 suprema que tem o car\u00e1ter de mist\u00e9rio porque em todas se vela e revela.<\/p>\n<p><em>Arc\u00e2ngelo R. Buzzi \u00e9 licenciado em filosofia e teologia e Doutor em Ci\u00eancias Sociais e Pol\u00edticas pela Universidade Cat\u00f3lica de Louvain, B\u00e9lgica, com a tese La Th\u00e9orie politique d\u2019Antonio Gramsci, \u00c9ditions Nauwelaerts, Paris, traduzida para o italiano e espanhol. Publicou tamb\u00e9m pela Vozes: Introdu\u00e7\u00e3o ao pensar, Filosofia para principiantes, A identidade humana \u2013 modos de realiza\u00e7\u00e3o.<\/em><\/p>\n<p><strong>N\u00ba DE P\u00c1GINAS: 112<\/strong><\/p>\n<h4><strong><a href=\"http:\/\/franciscanos.org.br\/wp-content\/uploads\/2014\/12\/introducao-ao-estudo-lexico.jpg\"><img loading=\"lazy\" class=\"alignleft size-full wp-image-74584\" src=\"http:\/\/franciscanos.org.br\/wp-content\/uploads\/2014\/12\/introducao-ao-estudo-lexico.jpg\" alt=\"introducao-ao-estudo-lexico\" width=\"200\" height=\"287\" \/><\/a>Introdu\u00e7\u00e3o ao estudo do l\u00e9xico \u2013 descri\u00e7\u00e3o e an\u00e1lise do Portugu\u00eas<\/strong><\/h4>\n<p><em>Alina Villalva e Jo\u00e3o Paulo Silvestre<\/em><\/p>\n<p>O l\u00e9xico \u00e9 uma das \u00e1reas de conhecimento no dom\u00ednio das ci\u00eancias da linguagem e este livro apresenta uma abordagem ao estudo do l\u00e9xico do Portugu\u00eas que assenta na sistematiza\u00e7\u00e3o de investiga\u00e7\u00e3o consolidada e na apresenta\u00e7\u00e3o de hip\u00f3teses sobre quest\u00f5es ainda n\u00e3o consensualmente resolvidas.<\/p>\n<p>Um dos pilares em que assenta esta descri\u00e7\u00e3o \u00e9 o da defini\u00e7\u00e3o das unidades de an\u00e1lise. Ao refletir sobre unidades lexicais, discutimos os conceitos de palavra, de unidades menores do que palavras (i.e. radicais e afixos) e de sequ\u00eancias de palavras (como os frasemas e as coloca\u00e7\u00f5es). Um outro eixo \u00e9 o da descri\u00e7\u00e3o do l\u00e9xico do Portugu\u00eas a partir dos testemunhos lingu\u00edsticos, quer numa perspectiva hist\u00f3rica, quer numa abordagem contempor\u00e2nea e integradora das variedades lexicais. L\u00e9xico \u00e9 uma palavra familiar a todos, mas de defini\u00e7\u00e3o menos imediata. Vocabul\u00e1rio, gloss\u00e1rio, dicion\u00e1rio s\u00e3o outros termos que remetem para essa mesma esfera conceitual.<br \/>\nEste livro representa a abordagem dos autores ao estudo do l\u00e9xico num contexto de ensino universit\u00e1rio, que julgam adequada ao p\u00fablico a que se destina e tamb\u00e9m a um programa de investiga\u00e7\u00e3o que os parece importante estabelecer para o Portugu\u00eas.<\/p>\n<p><em>Alina Villalva \u00e9 doutora em Lingu\u00edstica pela Universidade de Lisboa. Professora na Faculdade de Letras da Universidade de Lisboa e investigadora no Centro de Lingu\u00edstica da Universidade de Lisboa. As suas \u00e1reas de interesse cient\u00edfico s\u00e3o o l\u00e9xico e a morfologia. \u00c9 autora de Estruturas Morfol\u00f3gicas. Unidades e Hierarquias nas Palavras do Portugu\u00eas (2000) e A Morfologia do Portugu\u00eas(2008).<\/em><\/p>\n<p><em>Jo\u00e3o Paulo Silvestre \u00e9 doutor em Lingu\u00edstica pela Universidade de Aveiro. Investigador do Centro de Lingu\u00edstica da Universidade de Lisboa. Desenvolve investiga\u00e7\u00e3o em lexicologia, hist\u00f3ria da lexicografia e edi\u00e7\u00e3o de corpora. Co-respons\u00e1vel pelo Corpus Lexicogr\u00e1fico do Portugu\u00eas.<\/em><\/p>\n<p><strong>N\u00ba DE P\u00c1GINAS: 248<\/strong><\/p>\n","protected":false},"excerpt":{"rendered":"<p>Editora Vozes<\/p>\n","protected":false},"author":1,"featured_media":194592,"comment_status":"open","ping_status":"open","sticky":false,"template":"","format":"standard","meta":[],"categories":[1],"tags":[238],"acf":[],"yoast_head":"<!-- This site is optimized with the Yoast SEO plugin v19.2 - https:\/\/yoast.com\/wordpress\/plugins\/seo\/ -->\n<title>Confira os \u00faltimos lan\u00e7amentos - Not\u00edcias - Franciscanos<\/title>\n<meta name=\"robots\" content=\"index, follow, max-snippet:-1, max-image-preview:large, max-video-preview:-1\" \/>\n<link rel=\"canonical\" href=\"https:\/\/franciscanos.org.br\/noticias\/confira-os-ultimos-lancamentos-4.html\" \/>\n<meta property=\"og:locale\" content=\"pt_BR\" \/>\n<meta property=\"og:type\" content=\"article\" \/>\n<meta property=\"og:title\" content=\"Confira os \u00faltimos lan\u00e7amentos - Not\u00edcias - Franciscanos\" \/>\n<meta property=\"og:description\" content=\"Editora Vozes\" \/>\n<meta property=\"og:url\" content=\"https:\/\/franciscanos.org.br\/noticias\/confira-os-ultimos-lancamentos-4.html\" \/>\n<meta property=\"og:site_name\" content=\"Not\u00edcias - Franciscanos\" \/>\n<meta property=\"article:published_time\" content=\"2014-12-05T14:30:46+00:00\" \/>\n<meta property=\"article:modified_time\" content=\"2019-01-28T18:05:40+00:00\" \/>\n<meta property=\"og:image\" content=\"https:\/\/franciscanos.org.br\/noticias\/wp-content\/uploads\/2017\/11\/vozes.png\" \/>\n\t<meta property=\"og:image:width\" content=\"273\" \/>\n\t<meta property=\"og:image:height\" content=\"181\" \/>\n\t<meta property=\"og:image:type\" content=\"image\/png\" \/>\n<meta name=\"author\" content=\"admin\" \/>\n<meta name=\"twitter:card\" content=\"summary_large_image\" \/>\n<meta name=\"twitter:label1\" content=\"Escrito por\" \/>\n\t<meta name=\"twitter:data1\" content=\"admin\" \/>\n\t<meta name=\"twitter:label2\" content=\"Est. tempo de leitura\" \/>\n\t<meta name=\"twitter:data2\" content=\"7 minutos\" \/>\n<script type=\"application\/ld+json\" class=\"yoast-schema-graph\">{\"@context\":\"https:\/\/schema.org\",\"@graph\":[{\"@type\":\"WebSite\",\"@id\":\"https:\/\/franciscanos.org.br\/noticias\/#website\",\"url\":\"https:\/\/franciscanos.org.br\/noticias\/\",\"name\":\"Not\u00edcias - Franciscanos\",\"description\":\"Prov\u00edncia Franciscana da Imaculada Concei\u00e7\u00e3o do Brasil - Ordem dos Frades Menores - OFM\",\"potentialAction\":[{\"@type\":\"SearchAction\",\"target\":{\"@type\":\"EntryPoint\",\"urlTemplate\":\"https:\/\/franciscanos.org.br\/noticias\/?s={search_term_string}\"},\"query-input\":\"required name=search_term_string\"}],\"inLanguage\":\"pt-BR\"},{\"@type\":\"ImageObject\",\"inLanguage\":\"pt-BR\",\"@id\":\"https:\/\/franciscanos.org.br\/noticias\/confira-os-ultimos-lancamentos-4.html#primaryimage\",\"url\":\"https:\/\/franciscanos.org.br\/noticias\/wp-content\/uploads\/2017\/11\/vozes.png\",\"contentUrl\":\"https:\/\/franciscanos.org.br\/noticias\/wp-content\/uploads\/2017\/11\/vozes.png\",\"width\":273,\"height\":181},{\"@type\":\"WebPage\",\"@id\":\"https:\/\/franciscanos.org.br\/noticias\/confira-os-ultimos-lancamentos-4.html#webpage\",\"url\":\"https:\/\/franciscanos.org.br\/noticias\/confira-os-ultimos-lancamentos-4.html\",\"name\":\"Confira os \u00faltimos lan\u00e7amentos - Not\u00edcias - Franciscanos\",\"isPartOf\":{\"@id\":\"https:\/\/franciscanos.org.br\/noticias\/#website\"},\"primaryImageOfPage\":{\"@id\":\"https:\/\/franciscanos.org.br\/noticias\/confira-os-ultimos-lancamentos-4.html#primaryimage\"},\"datePublished\":\"2014-12-05T14:30:46+00:00\",\"dateModified\":\"2019-01-28T18:05:40+00:00\",\"author\":{\"@id\":\"https:\/\/franciscanos.org.br\/noticias\/#\/schema\/person\/b38fbf43118f02820bd932f2e4b14ad3\"},\"breadcrumb\":{\"@id\":\"https:\/\/franciscanos.org.br\/noticias\/confira-os-ultimos-lancamentos-4.html#breadcrumb\"},\"inLanguage\":\"pt-BR\",\"potentialAction\":[{\"@type\":\"ReadAction\",\"target\":[\"https:\/\/franciscanos.org.br\/noticias\/confira-os-ultimos-lancamentos-4.html\"]}]},{\"@type\":\"BreadcrumbList\",\"@id\":\"https:\/\/franciscanos.org.br\/noticias\/confira-os-ultimos-lancamentos-4.html#breadcrumb\",\"itemListElement\":[{\"@type\":\"ListItem\",\"position\":1,\"name\":\"Home\",\"item\":\"https:\/\/franciscanos.org.br\/noticias\"},{\"@type\":\"ListItem\",\"position\":2,\"name\":\"Confira os \u00faltimos lan\u00e7amentos\"}]},{\"@type\":\"Person\",\"@id\":\"https:\/\/franciscanos.org.br\/noticias\/#\/schema\/person\/b38fbf43118f02820bd932f2e4b14ad3\",\"name\":\"admin\",\"image\":{\"@type\":\"ImageObject\",\"inLanguage\":\"pt-BR\",\"@id\":\"https:\/\/franciscanos.org.br\/noticias\/#\/schema\/person\/image\/\",\"url\":\"https:\/\/secure.gravatar.com\/avatar\/e8495742d34d0ba6448ea1c628263b3e?s=96&d=mm&r=g\",\"contentUrl\":\"https:\/\/secure.gravatar.com\/avatar\/e8495742d34d0ba6448ea1c628263b3e?s=96&d=mm&r=g\",\"caption\":\"admin\"},\"url\":\"https:\/\/franciscanos.org.br\/noticias\/author\/admin\"}]}<\/script>\n<!-- \/ Yoast SEO plugin. -->","yoast_head_json":{"title":"Confira os \u00faltimos lan\u00e7amentos - Not\u00edcias - Franciscanos","robots":{"index":"index","follow":"follow","max-snippet":"max-snippet:-1","max-image-preview":"max-image-preview:large","max-video-preview":"max-video-preview:-1"},"canonical":"https:\/\/franciscanos.org.br\/noticias\/confira-os-ultimos-lancamentos-4.html","og_locale":"pt_BR","og_type":"article","og_title":"Confira os \u00faltimos lan\u00e7amentos - Not\u00edcias - Franciscanos","og_description":"Editora Vozes","og_url":"https:\/\/franciscanos.org.br\/noticias\/confira-os-ultimos-lancamentos-4.html","og_site_name":"Not\u00edcias - Franciscanos","article_published_time":"2014-12-05T14:30:46+00:00","article_modified_time":"2019-01-28T18:05:40+00:00","og_image":[{"width":273,"height":181,"url":"https:\/\/franciscanos.org.br\/noticias\/wp-content\/uploads\/2017\/11\/vozes.png","type":"image\/png"}],"author":"admin","twitter_card":"summary_large_image","twitter_misc":{"Escrito por":"admin","Est. tempo de leitura":"7 minutos"},"schema":{"@context":"https:\/\/schema.org","@graph":[{"@type":"WebSite","@id":"https:\/\/franciscanos.org.br\/noticias\/#website","url":"https:\/\/franciscanos.org.br\/noticias\/","name":"Not\u00edcias - Franciscanos","description":"Prov\u00edncia Franciscana da Imaculada Concei\u00e7\u00e3o do Brasil - Ordem dos Frades Menores - OFM","potentialAction":[{"@type":"SearchAction","target":{"@type":"EntryPoint","urlTemplate":"https:\/\/franciscanos.org.br\/noticias\/?s={search_term_string}"},"query-input":"required name=search_term_string"}],"inLanguage":"pt-BR"},{"@type":"ImageObject","inLanguage":"pt-BR","@id":"https:\/\/franciscanos.org.br\/noticias\/confira-os-ultimos-lancamentos-4.html#primaryimage","url":"https:\/\/franciscanos.org.br\/noticias\/wp-content\/uploads\/2017\/11\/vozes.png","contentUrl":"https:\/\/franciscanos.org.br\/noticias\/wp-content\/uploads\/2017\/11\/vozes.png","width":273,"height":181},{"@type":"WebPage","@id":"https:\/\/franciscanos.org.br\/noticias\/confira-os-ultimos-lancamentos-4.html#webpage","url":"https:\/\/franciscanos.org.br\/noticias\/confira-os-ultimos-lancamentos-4.html","name":"Confira os \u00faltimos lan\u00e7amentos - Not\u00edcias - Franciscanos","isPartOf":{"@id":"https:\/\/franciscanos.org.br\/noticias\/#website"},"primaryImageOfPage":{"@id":"https:\/\/franciscanos.org.br\/noticias\/confira-os-ultimos-lancamentos-4.html#primaryimage"},"datePublished":"2014-12-05T14:30:46+00:00","dateModified":"2019-01-28T18:05:40+00:00","author":{"@id":"https:\/\/franciscanos.org.br\/noticias\/#\/schema\/person\/b38fbf43118f02820bd932f2e4b14ad3"},"breadcrumb":{"@id":"https:\/\/franciscanos.org.br\/noticias\/confira-os-ultimos-lancamentos-4.html#breadcrumb"},"inLanguage":"pt-BR","potentialAction":[{"@type":"ReadAction","target":["https:\/\/franciscanos.org.br\/noticias\/confira-os-ultimos-lancamentos-4.html"]}]},{"@type":"BreadcrumbList","@id":"https:\/\/franciscanos.org.br\/noticias\/confira-os-ultimos-lancamentos-4.html#breadcrumb","itemListElement":[{"@type":"ListItem","position":1,"name":"Home","item":"https:\/\/franciscanos.org.br\/noticias"},{"@type":"ListItem","position":2,"name":"Confira os \u00faltimos lan\u00e7amentos"}]},{"@type":"Person","@id":"https:\/\/franciscanos.org.br\/noticias\/#\/schema\/person\/b38fbf43118f02820bd932f2e4b14ad3","name":"admin","image":{"@type":"ImageObject","inLanguage":"pt-BR","@id":"https:\/\/franciscanos.org.br\/noticias\/#\/schema\/person\/image\/","url":"https:\/\/secure.gravatar.com\/avatar\/e8495742d34d0ba6448ea1c628263b3e?s=96&d=mm&r=g","contentUrl":"https:\/\/secure.gravatar.com\/avatar\/e8495742d34d0ba6448ea1c628263b3e?s=96&d=mm&r=g","caption":"admin"},"url":"https:\/\/franciscanos.org.br\/noticias\/author\/admin"}]}},"_links":{"self":[{"href":"https:\/\/franciscanos.org.br\/noticias\/wp-json\/wp\/v2\/posts\/74574"}],"collection":[{"href":"https:\/\/franciscanos.org.br\/noticias\/wp-json\/wp\/v2\/posts"}],"about":[{"href":"https:\/\/franciscanos.org.br\/noticias\/wp-json\/wp\/v2\/types\/post"}],"author":[{"embeddable":true,"href":"https:\/\/franciscanos.org.br\/noticias\/wp-json\/wp\/v2\/users\/1"}],"replies":[{"embeddable":true,"href":"https:\/\/franciscanos.org.br\/noticias\/wp-json\/wp\/v2\/comments?post=74574"}],"version-history":[{"count":0,"href":"https:\/\/franciscanos.org.br\/noticias\/wp-json\/wp\/v2\/posts\/74574\/revisions"}],"wp:featuredmedia":[{"embeddable":true,"href":"https:\/\/franciscanos.org.br\/noticias\/wp-json\/wp\/v2\/media\/194592"}],"wp:attachment":[{"href":"https:\/\/franciscanos.org.br\/noticias\/wp-json\/wp\/v2\/media?parent=74574"}],"wp:term":[{"taxonomy":"category","embeddable":true,"href":"https:\/\/franciscanos.org.br\/noticias\/wp-json\/wp\/v2\/categories?post=74574"},{"taxonomy":"post_tag","embeddable":true,"href":"https:\/\/franciscanos.org.br\/noticias\/wp-json\/wp\/v2\/tags?post=74574"}],"curies":[{"name":"wp","href":"https:\/\/api.w.org\/{rel}","templated":true}]}}