{"id":74432,"date":"2014-12-05T08:04:44","date_gmt":"2014-12-05T10:04:44","guid":{"rendered":"http:\/\/franciscanos.org.br\/?p=74432"},"modified":"2019-09-13T13:51:20","modified_gmt":"2019-09-13T16:51:20","slug":"editora-vozes-cresce-no-mercado-brasileiro","status":"publish","type":"post","link":"https:\/\/franciscanos.org.br\/noticias\/editora-vozes-cresce-no-mercado-brasileiro.html","title":{"rendered":"A centen\u00e1ria Editora Vozes cresce no mercado brasileiro"},"content":{"rendered":"<p><img loading=\"lazy\" src=\"http:\/\/franciscanos.org.br\/wp-content\/uploads\/2014\/12\/vozes_alto.gif\" alt=\"vozes_alto\" width=\"820\" height=\"215\" \/><\/p>\n<p><strong>Priscilla Alves\u00a0<\/strong><\/p>\n<p>A Vozes \u00e9 uma editora cat\u00f3lica atenta aos movimentos da sociedade. Fundada h\u00e1 113 anos, \u00a0est\u00e1 mantendo sua posi\u00e7\u00e3o no mercado, apesar da entrada dos grandes grupos internacionais e da abertura de novas editoras. Nos \u00faltimos sete anos, o seu faturamento cresceu acima da infla\u00e7\u00e3o e dos \u00edndices apresentados pela FIPE e, tamb\u00e9m neste per\u00edodo, a Editora apresentou um crescimento de 25% em exemplares. A cada m\u00eas s\u00e3o comercializados, em m\u00e9dia, 300 mil exemplares.<\/p>\n<p>Mant\u00e9m em seu cat\u00e1logo t\u00edtulos cat\u00f3licos j\u00e1 consagrados como\u00a0<em>Folhinha do Sagrado Cora\u00e7\u00e3o de Jesus, Tratado a Verdadeira Devo\u00e7\u00e3o a Sant\u00edssima Virgem Maria;<\/em>\u00a0t\u00edtulos de autoconhecimento como <em>Minutos de Sabedoria. Na \u00e1rea das<\/em>\u00a0ci\u00eancias humanas, destacam-se cl\u00e1ssicos como\u00a0<em>Corpo fala, Vigiar e punir, LDB f\u00e1cil<\/em>\u00a0etc.<\/p>\n<p>Novos t\u00edtulos foram lan\u00e7ados para atender \u00e0s demandas dos novos leitores. No cat\u00e1logo cat\u00f3lico, em 2010 foi lan\u00e7ado o <em>Encontro di\u00e1rio com Deus<\/em>, um livreto que se renova a cada ano, com uma mensagem para cada dia e venda superior a 400 mil exemplares a cada edi\u00e7\u00e3o. A Vozes tamb\u00e9m renova constantemente as suas cole\u00e7\u00f5es de catequese direcionada \u00e0s par\u00f3quias, como\u00a0<em>Crescer em comunh\u00e3o,<\/em> a mais importante.<\/p>\n<p>Na \u00e1rea de autoconhecimento, lan\u00e7ou o cl\u00e1ssico <em>Minutos de Sabedoria<\/em> em 10 novos estilos, e os<em> Cadernos de exerc\u00edcios para praticar o bem-estar<\/em>. Na \u00e1rea de ci\u00eancias, o <em>Livro Vermelho de C. G. Jung, Obra completa de C. G. Jung, Assim falava Zaratrusta de Nietsche, Historia do Corpo<\/em> e toda a obra do te\u00f3logo Leonardo Boff, reunida num projeto gr\u00e1fico moderno.<\/p>\n<p>De 2005 para c\u00e1, a editora investiu fortemente no seu cat\u00e1logo de ci\u00eancias humanas e religiosas e lan\u00e7ou dois novos Selos \u2013 <strong><em>Vozes Nobilis<\/em><\/strong> e <strong><em>Vozes de Bolso<\/em><\/strong>.<\/p>\n<p><a href=\"http:\/\/franciscanos.org.br\/wp-content\/uploads\/2014\/12\/vozes.gif\"><img loading=\"lazy\" class=\"alignright size-full wp-image-74434\" src=\"http:\/\/franciscanos.org.br\/wp-content\/uploads\/2014\/12\/vozes.gif\" alt=\"vozes\" width=\"450\" height=\"338\" \/><\/a>No selo Vozes s\u00e3o lan\u00e7ados 14 novos t\u00edtulos ao m\u00eas nas \u00e1reas de filosofia, sociologia, educa\u00e7\u00e3o e pedagogia, din\u00e2micas de grupo, psicologia, hist\u00f3ria, antropologia, letras, comunica\u00e7\u00e3o e metodologia de ensino, teologia, espiritualidade, autoconhecimento, liturgia, devocionais, catequese e ensino religioso. Nele figuram cl\u00e1ssicos como o <em>Livro Vermelho<\/em>, a <em>cole\u00e7\u00e3o completa de C. G. Jung<\/em>, <em>Peter Berger, Sartre, Nietsche, Heidegger, Kant, Levi Strauss, Leonardo Boff, Antonio Pagolla<\/em>.<\/p>\n<p>No selo Nobilis, v\u00e1rios autores frequentam a lista dos mais vendidos das livrarias como <em>Mario Sergio Cortella, Cl\u00f3vis Barros Filho e Anselm Gr\u00fcn<\/em>.<\/p>\n<p>No selo Vozes de Bolso, cl\u00e1ssicos das ci\u00eancias humanas e da literatura universal ganham vers\u00e3o compacta com pre\u00e7os e linguagem access\u00edveis ao p\u00fablico n\u00e3o-especializado.<\/p>\n<p>Desde 2010, com a abertura das primeiras plataformas de venda de conte\u00fado digital, come\u00e7ou a converter seus t\u00edtulos em e-pub, com mais de 200 obras j\u00e1 dispon\u00edveis ao leitor que prefere esta modalidade.<\/p>\n<p>A editora se mant\u00e9m firme na sua miss\u00e3o de fazer o di\u00e1logo entre as v\u00e1rias culturas e a f\u00e9 crist\u00e3. Houve uma mudan\u00e7a muito grande na abrang\u00eancia da sua atua\u00e7\u00e3o, colocando no seu planejamento estrat\u00e9gico o firme prop\u00f3sito de publicar regularmente textos em todas as \u00e1reas de ci\u00eancias humanas, para todos os leitores do \u201cUniverso Cat\u00f3lico\u201d e para o leitor em busca de autoconhecimento.<\/p>\n<p>No seu cat\u00e1logo com mais de 3.000 mil t\u00edtulos, o leitor encontra obras para pesquisa acad\u00eamica, forma\u00e7\u00e3o pessoal e profissional, pr\u00e1tica pedag\u00f3gica, espiritualidade e autoconhecimento, manuais de catequese, devocionais cat\u00f3licos e a B\u00edblia. Dentro desta estrat\u00e9gia, o selo<em> Vozes Nobilis<\/em> lan\u00e7a temas como \u00e9tica, lideran\u00e7a, filosofia e espiritualidade para o leitor n\u00e3o especializado e o selo<em> Vozes de Bolso<\/em> aproxima este mesmo leitor dos principais cl\u00e1ssicos.<\/p>\n<p>A Vozes tem uma rede pr\u00f3pria de 20 livrarias que alinham sua miss\u00e3o e estrat\u00e9gia comercial com a da editora. Como editora cat\u00f3lica, conta com a estrutura da Igreja cat\u00f3lica para comercializar seus livros, especialmente os manuais de catequese, e pastoral, devocionais e a b\u00edblia. Importante \u00e9 a rede de livrarias cat\u00f3licas independentes, que exerce um trabalho valioso entre a editora e o leitor cat\u00f3lico, participando de encontros de pastoral, retiros, reuni\u00f5es e assembleias, expondo livros e outros produtos.<\/p>\n<p>Contudo, a estrat\u00e9gia comercial da editora \u00e9 trabalhar com m\u00faltiplos canais, como podemos ver na distribui\u00e7\u00e3o abaixo.<\/p>\n<p>&nbsp;<\/p>\n<table width=\"401\">\n<tbody>\n<tr>\n<td width=\"319\">Rede Pr\u00f3pria<\/td>\n<td width=\"83\">10,50%<\/td>\n<\/tr>\n<tr>\n<td width=\"319\">Livrarias, inclusive virtuais<\/td>\n<td width=\"83\">57,10%<\/td>\n<\/tr>\n<tr>\n<td width=\"319\">Distribuidores<\/td>\n<td width=\"83\">5,70%<\/td>\n<\/tr>\n<tr>\n<td width=\"319\">Marketing direto<\/td>\n<td width=\"83\">2,03%<\/td>\n<\/tr>\n<tr>\n<td width=\"319\">Internet<\/td>\n<td width=\"83\">1,15%<\/td>\n<\/tr>\n<tr>\n<td width=\"319\">Supermercados<\/td>\n<td width=\"83\">0,47%<\/td>\n<\/tr>\n<tr>\n<td width=\"319\">Porta a porta<\/td>\n<td width=\"83\">2,88%<\/td>\n<\/tr>\n<tr>\n<td width=\"319\">Escolas e universidades<\/td>\n<td width=\"83\">2,73%<\/td>\n<\/tr>\n<tr>\n<td width=\"319\">Feria de livros e eventos especializados<\/td>\n<td width=\"83\">5,55%<\/td>\n<\/tr>\n<tr>\n<td width=\"319\">Igrejas<\/td>\n<td width=\"83\">11,89%<\/td>\n<\/tr>\n<\/tbody>\n<\/table>\n<p>&nbsp;<\/p>\n<p>No mercado cat\u00f3lico e de ci\u00eancias humanas, a Editora aposta na predomin\u00e2ncia \u00a0do livro impresso nos pr\u00f3ximos 10 anos, trabalhando num cen\u00e1rio em que o livro impresso continuar\u00e1 tendo o maior peso na receita do que o livro digital. Mas, segundo os editores, Isso n\u00e3o quer dizer que n\u00e3o se faz o dever de casa, preparando-se para uma mudan\u00e7a de cen\u00e1rio, pois o capital da editora s\u00e3o seus conte\u00fados e n\u00e3o as formas como s\u00e3o apresentados.<\/p>\n<p>&nbsp;<\/p>\n","protected":false},"excerpt":{"rendered":"<p>Cultura<\/p>\n","protected":false},"author":1,"featured_media":210937,"comment_status":"open","ping_status":"open","sticky":false,"template":"","format":"standard","meta":[],"categories":[1],"tags":[238],"acf":[],"yoast_head":"<!-- This site is optimized with the Yoast SEO plugin v19.2 - https:\/\/yoast.com\/wordpress\/plugins\/seo\/ -->\n<title>A centen\u00e1ria Editora Vozes cresce no mercado brasileiro - Not\u00edcias - Franciscanos<\/title>\n<meta name=\"robots\" content=\"index, follow, max-snippet:-1, max-image-preview:large, max-video-preview:-1\" \/>\n<link rel=\"canonical\" href=\"https:\/\/franciscanos.org.br\/noticias\/editora-vozes-cresce-no-mercado-brasileiro.html\" \/>\n<meta property=\"og:locale\" content=\"pt_BR\" \/>\n<meta property=\"og:type\" content=\"article\" \/>\n<meta property=\"og:title\" content=\"A centen\u00e1ria Editora Vozes cresce no mercado brasileiro - Not\u00edcias - Franciscanos\" \/>\n<meta property=\"og:description\" content=\"Cultura\" \/>\n<meta property=\"og:url\" content=\"https:\/\/franciscanos.org.br\/noticias\/editora-vozes-cresce-no-mercado-brasileiro.html\" \/>\n<meta property=\"og:site_name\" content=\"Not\u00edcias - Franciscanos\" \/>\n<meta property=\"article:published_time\" content=\"2014-12-05T10:04:44+00:00\" \/>\n<meta property=\"article:modified_time\" content=\"2019-09-13T16:51:20+00:00\" \/>\n<meta property=\"og:image\" content=\"https:\/\/franciscanos.org.br\/noticias\/wp-content\/uploads\/2014\/12\/vozes.gif\" \/>\n\t<meta property=\"og:image:width\" content=\"273\" \/>\n\t<meta property=\"og:image:height\" content=\"181\" \/>\n\t<meta property=\"og:image:type\" content=\"image\/gif\" \/>\n<meta name=\"author\" content=\"admin\" \/>\n<meta name=\"twitter:card\" content=\"summary_large_image\" \/>\n<meta name=\"twitter:label1\" content=\"Escrito por\" \/>\n\t<meta name=\"twitter:data1\" content=\"admin\" \/>\n\t<meta name=\"twitter:label2\" content=\"Est. tempo de leitura\" \/>\n\t<meta name=\"twitter:data2\" content=\"4 minutos\" \/>\n<script type=\"application\/ld+json\" class=\"yoast-schema-graph\">{\"@context\":\"https:\/\/schema.org\",\"@graph\":[{\"@type\":\"WebSite\",\"@id\":\"https:\/\/franciscanos.org.br\/noticias\/#website\",\"url\":\"https:\/\/franciscanos.org.br\/noticias\/\",\"name\":\"Not\u00edcias - Franciscanos\",\"description\":\"Prov\u00edncia Franciscana da Imaculada Concei\u00e7\u00e3o do Brasil - Ordem dos Frades Menores - OFM\",\"potentialAction\":[{\"@type\":\"SearchAction\",\"target\":{\"@type\":\"EntryPoint\",\"urlTemplate\":\"https:\/\/franciscanos.org.br\/noticias\/?s={search_term_string}\"},\"query-input\":\"required name=search_term_string\"}],\"inLanguage\":\"pt-BR\"},{\"@type\":\"ImageObject\",\"inLanguage\":\"pt-BR\",\"@id\":\"https:\/\/franciscanos.org.br\/noticias\/editora-vozes-cresce-no-mercado-brasileiro.html#primaryimage\",\"url\":\"https:\/\/franciscanos.org.br\/noticias\/wp-content\/uploads\/2014\/12\/vozes.gif\",\"contentUrl\":\"https:\/\/franciscanos.org.br\/noticias\/wp-content\/uploads\/2014\/12\/vozes.gif\",\"width\":273,\"height\":181},{\"@type\":\"WebPage\",\"@id\":\"https:\/\/franciscanos.org.br\/noticias\/editora-vozes-cresce-no-mercado-brasileiro.html#webpage\",\"url\":\"https:\/\/franciscanos.org.br\/noticias\/editora-vozes-cresce-no-mercado-brasileiro.html\",\"name\":\"A centen\u00e1ria Editora Vozes cresce no mercado brasileiro - Not\u00edcias - Franciscanos\",\"isPartOf\":{\"@id\":\"https:\/\/franciscanos.org.br\/noticias\/#website\"},\"primaryImageOfPage\":{\"@id\":\"https:\/\/franciscanos.org.br\/noticias\/editora-vozes-cresce-no-mercado-brasileiro.html#primaryimage\"},\"datePublished\":\"2014-12-05T10:04:44+00:00\",\"dateModified\":\"2019-09-13T16:51:20+00:00\",\"author\":{\"@id\":\"https:\/\/franciscanos.org.br\/noticias\/#\/schema\/person\/b38fbf43118f02820bd932f2e4b14ad3\"},\"breadcrumb\":{\"@id\":\"https:\/\/franciscanos.org.br\/noticias\/editora-vozes-cresce-no-mercado-brasileiro.html#breadcrumb\"},\"inLanguage\":\"pt-BR\",\"potentialAction\":[{\"@type\":\"ReadAction\",\"target\":[\"https:\/\/franciscanos.org.br\/noticias\/editora-vozes-cresce-no-mercado-brasileiro.html\"]}]},{\"@type\":\"BreadcrumbList\",\"@id\":\"https:\/\/franciscanos.org.br\/noticias\/editora-vozes-cresce-no-mercado-brasileiro.html#breadcrumb\",\"itemListElement\":[{\"@type\":\"ListItem\",\"position\":1,\"name\":\"Home\",\"item\":\"https:\/\/franciscanos.org.br\/noticias\"},{\"@type\":\"ListItem\",\"position\":2,\"name\":\"A centen\u00e1ria Editora Vozes cresce no mercado brasileiro\"}]},{\"@type\":\"Person\",\"@id\":\"https:\/\/franciscanos.org.br\/noticias\/#\/schema\/person\/b38fbf43118f02820bd932f2e4b14ad3\",\"name\":\"admin\",\"image\":{\"@type\":\"ImageObject\",\"inLanguage\":\"pt-BR\",\"@id\":\"https:\/\/franciscanos.org.br\/noticias\/#\/schema\/person\/image\/\",\"url\":\"https:\/\/secure.gravatar.com\/avatar\/e8495742d34d0ba6448ea1c628263b3e?s=96&d=mm&r=g\",\"contentUrl\":\"https:\/\/secure.gravatar.com\/avatar\/e8495742d34d0ba6448ea1c628263b3e?s=96&d=mm&r=g\",\"caption\":\"admin\"},\"url\":\"https:\/\/franciscanos.org.br\/noticias\/author\/admin\"}]}<\/script>\n<!-- \/ Yoast SEO plugin. -->","yoast_head_json":{"title":"A centen\u00e1ria Editora Vozes cresce no mercado brasileiro - Not\u00edcias - Franciscanos","robots":{"index":"index","follow":"follow","max-snippet":"max-snippet:-1","max-image-preview":"max-image-preview:large","max-video-preview":"max-video-preview:-1"},"canonical":"https:\/\/franciscanos.org.br\/noticias\/editora-vozes-cresce-no-mercado-brasileiro.html","og_locale":"pt_BR","og_type":"article","og_title":"A centen\u00e1ria Editora Vozes cresce no mercado brasileiro - Not\u00edcias - Franciscanos","og_description":"Cultura","og_url":"https:\/\/franciscanos.org.br\/noticias\/editora-vozes-cresce-no-mercado-brasileiro.html","og_site_name":"Not\u00edcias - Franciscanos","article_published_time":"2014-12-05T10:04:44+00:00","article_modified_time":"2019-09-13T16:51:20+00:00","og_image":[{"width":273,"height":181,"url":"https:\/\/franciscanos.org.br\/noticias\/wp-content\/uploads\/2014\/12\/vozes.gif","type":"image\/gif"}],"author":"admin","twitter_card":"summary_large_image","twitter_misc":{"Escrito por":"admin","Est. tempo de leitura":"4 minutos"},"schema":{"@context":"https:\/\/schema.org","@graph":[{"@type":"WebSite","@id":"https:\/\/franciscanos.org.br\/noticias\/#website","url":"https:\/\/franciscanos.org.br\/noticias\/","name":"Not\u00edcias - Franciscanos","description":"Prov\u00edncia Franciscana da Imaculada Concei\u00e7\u00e3o do Brasil - Ordem dos Frades Menores - OFM","potentialAction":[{"@type":"SearchAction","target":{"@type":"EntryPoint","urlTemplate":"https:\/\/franciscanos.org.br\/noticias\/?s={search_term_string}"},"query-input":"required name=search_term_string"}],"inLanguage":"pt-BR"},{"@type":"ImageObject","inLanguage":"pt-BR","@id":"https:\/\/franciscanos.org.br\/noticias\/editora-vozes-cresce-no-mercado-brasileiro.html#primaryimage","url":"https:\/\/franciscanos.org.br\/noticias\/wp-content\/uploads\/2014\/12\/vozes.gif","contentUrl":"https:\/\/franciscanos.org.br\/noticias\/wp-content\/uploads\/2014\/12\/vozes.gif","width":273,"height":181},{"@type":"WebPage","@id":"https:\/\/franciscanos.org.br\/noticias\/editora-vozes-cresce-no-mercado-brasileiro.html#webpage","url":"https:\/\/franciscanos.org.br\/noticias\/editora-vozes-cresce-no-mercado-brasileiro.html","name":"A centen\u00e1ria Editora Vozes cresce no mercado brasileiro - Not\u00edcias - Franciscanos","isPartOf":{"@id":"https:\/\/franciscanos.org.br\/noticias\/#website"},"primaryImageOfPage":{"@id":"https:\/\/franciscanos.org.br\/noticias\/editora-vozes-cresce-no-mercado-brasileiro.html#primaryimage"},"datePublished":"2014-12-05T10:04:44+00:00","dateModified":"2019-09-13T16:51:20+00:00","author":{"@id":"https:\/\/franciscanos.org.br\/noticias\/#\/schema\/person\/b38fbf43118f02820bd932f2e4b14ad3"},"breadcrumb":{"@id":"https:\/\/franciscanos.org.br\/noticias\/editora-vozes-cresce-no-mercado-brasileiro.html#breadcrumb"},"inLanguage":"pt-BR","potentialAction":[{"@type":"ReadAction","target":["https:\/\/franciscanos.org.br\/noticias\/editora-vozes-cresce-no-mercado-brasileiro.html"]}]},{"@type":"BreadcrumbList","@id":"https:\/\/franciscanos.org.br\/noticias\/editora-vozes-cresce-no-mercado-brasileiro.html#breadcrumb","itemListElement":[{"@type":"ListItem","position":1,"name":"Home","item":"https:\/\/franciscanos.org.br\/noticias"},{"@type":"ListItem","position":2,"name":"A centen\u00e1ria Editora Vozes cresce no mercado brasileiro"}]},{"@type":"Person","@id":"https:\/\/franciscanos.org.br\/noticias\/#\/schema\/person\/b38fbf43118f02820bd932f2e4b14ad3","name":"admin","image":{"@type":"ImageObject","inLanguage":"pt-BR","@id":"https:\/\/franciscanos.org.br\/noticias\/#\/schema\/person\/image\/","url":"https:\/\/secure.gravatar.com\/avatar\/e8495742d34d0ba6448ea1c628263b3e?s=96&d=mm&r=g","contentUrl":"https:\/\/secure.gravatar.com\/avatar\/e8495742d34d0ba6448ea1c628263b3e?s=96&d=mm&r=g","caption":"admin"},"url":"https:\/\/franciscanos.org.br\/noticias\/author\/admin"}]}},"_links":{"self":[{"href":"https:\/\/franciscanos.org.br\/noticias\/wp-json\/wp\/v2\/posts\/74432"}],"collection":[{"href":"https:\/\/franciscanos.org.br\/noticias\/wp-json\/wp\/v2\/posts"}],"about":[{"href":"https:\/\/franciscanos.org.br\/noticias\/wp-json\/wp\/v2\/types\/post"}],"author":[{"embeddable":true,"href":"https:\/\/franciscanos.org.br\/noticias\/wp-json\/wp\/v2\/users\/1"}],"replies":[{"embeddable":true,"href":"https:\/\/franciscanos.org.br\/noticias\/wp-json\/wp\/v2\/comments?post=74432"}],"version-history":[{"count":0,"href":"https:\/\/franciscanos.org.br\/noticias\/wp-json\/wp\/v2\/posts\/74432\/revisions"}],"wp:featuredmedia":[{"embeddable":true,"href":"https:\/\/franciscanos.org.br\/noticias\/wp-json\/wp\/v2\/media\/210937"}],"wp:attachment":[{"href":"https:\/\/franciscanos.org.br\/noticias\/wp-json\/wp\/v2\/media?parent=74432"}],"wp:term":[{"taxonomy":"category","embeddable":true,"href":"https:\/\/franciscanos.org.br\/noticias\/wp-json\/wp\/v2\/categories?post=74432"},{"taxonomy":"post_tag","embeddable":true,"href":"https:\/\/franciscanos.org.br\/noticias\/wp-json\/wp\/v2\/tags?post=74432"}],"curies":[{"name":"wp","href":"https:\/\/api.w.org\/{rel}","templated":true}]}}