{"id":74418,"date":"2014-12-04T14:33:45","date_gmt":"2014-12-04T16:33:45","guid":{"rendered":"http:\/\/franciscanos.org.br\/?p=74418"},"modified":"2019-07-09T10:11:02","modified_gmt":"2019-07-09T13:11:02","slug":"frades-franciscanos-celebram-com-dom-paulo","status":"publish","type":"post","link":"https:\/\/franciscanos.org.br\/noticias\/frades-franciscanos-celebram-com-dom-paulo.html","title":{"rendered":"Frades franciscanos celebram com Dom Paulo Arns"},"content":{"rendered":"<p><img loading=\"lazy\" src=\"http:\/\/franciscanos.org.br\/wp-content\/uploads\/2014\/12\/paulo_arns.gif\" alt=\"paulo_arns\" width=\"820\" height=\"521\" \/><\/p>\n<p>Os bispos franciscanos Dom Leonardo Ulrich Steiner, Dom Fernando Ant\u00f4nio Figueiredo, o Ministro Provincial Frei Fid\u00eancio Vanboemmel e o Definidor Frei M\u00e1rio Tagliari visitaram o arcebispo em\u00e9rito de S\u00e3o Paulo, Dom Paulo Evaristo Arns, no dia 2 de dezembro como seus confrades de vida religiosa franciscana nesta Prov\u00edncia da Imaculada Concei\u00e7\u00e3o do Brasil. A visita fraterna tamb\u00e9m tinha a finalidade de celebrar com D. Paulo seus 69 anos da ordena\u00e7\u00e3o presbiteral.<\/p>\n<p>&#8220;Com seus 93 anos, impressionou-me a paix\u00e3o de Dom Paulo por S\u00e3o Francisco, pela vida franciscana, por sua fam\u00edlia (Dom Leonardo), pelo Papa Francisco, pela Amaz\u00f4nia, pela quest\u00e3o ind\u00edgena e especialmente pela caminhada da Igreja no Brasil. Em s\u00edntese, foi uma tarde aben\u00e7oada! Enquanto partilh\u00e1vamos o saboroso caf\u00e9 da tarde, foi consolador ouvir de Dom Paulo: &#8216;Voc\u00eas me trouxeram uma grande alegria&#8217;. E n\u00f3s, edificados pela simplicidade, objetividade e sabedoria deste nosso irm\u00e3o, um homem de Deus!&#8221;, disse Frei Fid\u00eancio.<\/p>\n<p>Dom Paulo tamb\u00e9m foi homenageado no \u00faltimo dia 30, na Catedral da S\u00e9, durante uma Celebra\u00e7\u00e3o Eucar\u00edstica, presidida pelo arcebispo metropolitano de S\u00e3o Paulo D. Odilo Scherer, que ressaltou a import\u00e2ncia de D. Paulo Arns para a Igreja Cat\u00f3lica. &#8220;J\u00e1 t\u00ednhamos feito convites em outras oportunidades e ele n\u00e3o p\u00f4de comparecer. Dom Paulo manifestou o desejo de celebrar na catedral 69 anos de sua vida de padre e estava muito feliz e disposto. \u00c9 certo que ele \u00e9 um exemplo, um est\u00edmulo e um encorajamento para os futuros padres&#8221;, disse D. Odilo.<\/p>\n<p>Dom Paulo n\u00e3o falou muito como \u00e9 do seu feitio e deixou a mensagem: &#8220;Que Deus aben\u00e7oe as fam\u00edlias e os jovens que desejam seguir a vida crist\u00e3&#8221;, disse.<\/p>\n<p>Desde 2007, o cardeal vive junto \u00e0 &#8220;Fraternidade Nossa Senhora dos Anjos&#8221;, em Tabo\u00e3o da Serra, onde recebe aux\u00edlio das irm\u00e3s da A\u00e7\u00e3o Pastoral para as atividades cotidianas. Sempre que tem disposi\u00e7\u00e3o mant\u00e9m h\u00e1bitos de leitura, inclusive em outros idiomas, e chega a traduzir textos. Desde ent\u00e3o, suas apari\u00e7\u00f5es s\u00e3o raras e esta homenagem lotou a Catedral da S\u00e9.<\/p>\n<p>Dom Paulo chegou a S\u00e3o Paulo em meio \u00e0 ditadura militar. Logo se colocou como autoridade moral contra a viola\u00e7\u00e3o de direitos humanos, com pris\u00f5es arbitr\u00e1rias e tortura, e deu respaldo para que grupos de resist\u00eancia pudessem existir. O Brasil, al\u00e9m da repress\u00e3o, passava por um momento de intensa migra\u00e7\u00e3o para as cidades, que se inchavam e n\u00e3o davam condi\u00e7\u00f5es dignas de vida \u00e0s massas. Nas periferias, o religioso incentivou a forma\u00e7\u00e3o e o fortalecimento das Comunidades Eclesiais de Base (CEBs), ressaltando a f\u00e9 de que a Igreja Cat\u00f3lica deve ser feita pelo povo, nas ruas, e n\u00e3o apenas nos templos.<\/p>\n<p>D. Paulo criou, em 1972, a Comiss\u00e3o Brasileira Justi\u00e7a e Paz, que articulou den\u00fancias contra abusos do regime militar. Presidiu celebra\u00e7\u00f5es em mem\u00f3ria do estudante universit\u00e1rio Alexandre Vannucchi Leme e do jornalista Vladimir Herzog, ambos mortos durante a ditadura. D. Paulo fundou o projeto &#8220;Brasil: Nunca Mais&#8221;, que reuniu docuentos sobre o uso da tortura durante o regime militar do Brasil. A iniciativa ajudou a sistemizar informa\u00e7\u00f5es de mais de 1 milh\u00e3o de p\u00e1ginas de 707 processos do STM (Superior Tribunal Militar).<\/p>\n<p>&#8220;As experi\u00eancias que desejo relatar, no frontisp\u00edcio desta obra, pretendem refor\u00e7ar a ideia subjacente em todos os cap\u00edtulos, a saber, que a tortura, al\u00e9m de desumana, \u00e9 o meio mais inadequado para levar-nos a descobrir a verdade e chegar \u00e0 paz&#8221;, escreveu no pref\u00e1cio do livro D. Paulo.<\/p>\n<p>Nascido em Forquilhinha, em Santa Catarina, no ano de 1921, Dom Paulo foi ordenado padre em 1945. Ap\u00f3s cursar letras na Universidade Sorbonne, na Fran\u00e7a, uma das mais renomadas da Europa, retornou ao Brasil e passou a atuar em Petr\u00f3polis (RJ), na serra fluminense, onde permaneceu durante dez anos. Foi a partir da d\u00e9cada de 1960, em S\u00e3o Paulo, que ganhou proje\u00e7\u00e3o como defensor dos trabalhadores. Consagrado bispo em 1966, foi elevado a arcebispo de S\u00e3o Paulo em 1970. At\u00e9 1998, permaneceu como principal refer\u00eancia na Arquidiocese paulistana.<\/p>\n","protected":false},"excerpt":{"rendered":"<p>Visita dos frades a Dom Paulo Evaristo Arns<\/p>\n","protected":false},"author":1,"featured_media":207468,"comment_status":"open","ping_status":"open","sticky":false,"template":"","format":"standard","meta":[],"categories":[1],"tags":[693],"acf":[],"yoast_head":"<!-- This site is optimized with the Yoast SEO plugin v19.2 - https:\/\/yoast.com\/wordpress\/plugins\/seo\/ -->\n<title>Frades franciscanos celebram com Dom Paulo Arns - Not\u00edcias - Franciscanos<\/title>\n<meta name=\"robots\" content=\"index, follow, max-snippet:-1, max-image-preview:large, max-video-preview:-1\" \/>\n<link rel=\"canonical\" href=\"https:\/\/franciscanos.org.br\/noticias\/frades-franciscanos-celebram-com-dom-paulo.html\" \/>\n<meta property=\"og:locale\" content=\"pt_BR\" \/>\n<meta property=\"og:type\" content=\"article\" \/>\n<meta property=\"og:title\" content=\"Frades franciscanos celebram com Dom Paulo Arns - Not\u00edcias - Franciscanos\" \/>\n<meta property=\"og:description\" content=\"Visita dos frades a Dom Paulo Evaristo Arns\" \/>\n<meta property=\"og:url\" content=\"https:\/\/franciscanos.org.br\/noticias\/frades-franciscanos-celebram-com-dom-paulo.html\" \/>\n<meta property=\"og:site_name\" content=\"Not\u00edcias - Franciscanos\" \/>\n<meta property=\"article:published_time\" content=\"2014-12-04T16:33:45+00:00\" \/>\n<meta property=\"article:modified_time\" content=\"2019-07-09T13:11:02+00:00\" \/>\n<meta property=\"og:image\" content=\"https:\/\/franciscanos.org.br\/noticias\/wp-content\/uploads\/2014\/12\/paulo_arns.gif\" \/>\n\t<meta property=\"og:image:width\" content=\"273\" \/>\n\t<meta property=\"og:image:height\" content=\"181\" \/>\n\t<meta property=\"og:image:type\" content=\"image\/gif\" \/>\n<meta name=\"author\" content=\"admin\" \/>\n<meta name=\"twitter:card\" content=\"summary_large_image\" \/>\n<meta name=\"twitter:label1\" content=\"Escrito por\" \/>\n\t<meta name=\"twitter:data1\" content=\"admin\" \/>\n\t<meta name=\"twitter:label2\" content=\"Est. tempo de leitura\" \/>\n\t<meta name=\"twitter:data2\" content=\"4 minutos\" \/>\n<script type=\"application\/ld+json\" class=\"yoast-schema-graph\">{\"@context\":\"https:\/\/schema.org\",\"@graph\":[{\"@type\":\"WebSite\",\"@id\":\"https:\/\/franciscanos.org.br\/noticias\/#website\",\"url\":\"https:\/\/franciscanos.org.br\/noticias\/\",\"name\":\"Not\u00edcias - Franciscanos\",\"description\":\"Prov\u00edncia Franciscana da Imaculada Concei\u00e7\u00e3o do Brasil - Ordem dos Frades Menores - OFM\",\"potentialAction\":[{\"@type\":\"SearchAction\",\"target\":{\"@type\":\"EntryPoint\",\"urlTemplate\":\"https:\/\/franciscanos.org.br\/noticias\/?s={search_term_string}\"},\"query-input\":\"required name=search_term_string\"}],\"inLanguage\":\"pt-BR\"},{\"@type\":\"ImageObject\",\"inLanguage\":\"pt-BR\",\"@id\":\"https:\/\/franciscanos.org.br\/noticias\/frades-franciscanos-celebram-com-dom-paulo.html#primaryimage\",\"url\":\"https:\/\/franciscanos.org.br\/noticias\/wp-content\/uploads\/2014\/12\/paulo_arns.gif\",\"contentUrl\":\"https:\/\/franciscanos.org.br\/noticias\/wp-content\/uploads\/2014\/12\/paulo_arns.gif\",\"width\":273,\"height\":181},{\"@type\":\"WebPage\",\"@id\":\"https:\/\/franciscanos.org.br\/noticias\/frades-franciscanos-celebram-com-dom-paulo.html#webpage\",\"url\":\"https:\/\/franciscanos.org.br\/noticias\/frades-franciscanos-celebram-com-dom-paulo.html\",\"name\":\"Frades franciscanos celebram com Dom Paulo Arns - Not\u00edcias - Franciscanos\",\"isPartOf\":{\"@id\":\"https:\/\/franciscanos.org.br\/noticias\/#website\"},\"primaryImageOfPage\":{\"@id\":\"https:\/\/franciscanos.org.br\/noticias\/frades-franciscanos-celebram-com-dom-paulo.html#primaryimage\"},\"datePublished\":\"2014-12-04T16:33:45+00:00\",\"dateModified\":\"2019-07-09T13:11:02+00:00\",\"author\":{\"@id\":\"https:\/\/franciscanos.org.br\/noticias\/#\/schema\/person\/b38fbf43118f02820bd932f2e4b14ad3\"},\"breadcrumb\":{\"@id\":\"https:\/\/franciscanos.org.br\/noticias\/frades-franciscanos-celebram-com-dom-paulo.html#breadcrumb\"},\"inLanguage\":\"pt-BR\",\"potentialAction\":[{\"@type\":\"ReadAction\",\"target\":[\"https:\/\/franciscanos.org.br\/noticias\/frades-franciscanos-celebram-com-dom-paulo.html\"]}]},{\"@type\":\"BreadcrumbList\",\"@id\":\"https:\/\/franciscanos.org.br\/noticias\/frades-franciscanos-celebram-com-dom-paulo.html#breadcrumb\",\"itemListElement\":[{\"@type\":\"ListItem\",\"position\":1,\"name\":\"Home\",\"item\":\"https:\/\/franciscanos.org.br\/noticias\"},{\"@type\":\"ListItem\",\"position\":2,\"name\":\"Frades franciscanos celebram com Dom Paulo Arns\"}]},{\"@type\":\"Person\",\"@id\":\"https:\/\/franciscanos.org.br\/noticias\/#\/schema\/person\/b38fbf43118f02820bd932f2e4b14ad3\",\"name\":\"admin\",\"image\":{\"@type\":\"ImageObject\",\"inLanguage\":\"pt-BR\",\"@id\":\"https:\/\/franciscanos.org.br\/noticias\/#\/schema\/person\/image\/\",\"url\":\"https:\/\/secure.gravatar.com\/avatar\/e8495742d34d0ba6448ea1c628263b3e?s=96&d=mm&r=g\",\"contentUrl\":\"https:\/\/secure.gravatar.com\/avatar\/e8495742d34d0ba6448ea1c628263b3e?s=96&d=mm&r=g\",\"caption\":\"admin\"},\"url\":\"https:\/\/franciscanos.org.br\/noticias\/author\/admin\"}]}<\/script>\n<!-- \/ Yoast SEO plugin. -->","yoast_head_json":{"title":"Frades franciscanos celebram com Dom Paulo Arns - Not\u00edcias - Franciscanos","robots":{"index":"index","follow":"follow","max-snippet":"max-snippet:-1","max-image-preview":"max-image-preview:large","max-video-preview":"max-video-preview:-1"},"canonical":"https:\/\/franciscanos.org.br\/noticias\/frades-franciscanos-celebram-com-dom-paulo.html","og_locale":"pt_BR","og_type":"article","og_title":"Frades franciscanos celebram com Dom Paulo Arns - Not\u00edcias - Franciscanos","og_description":"Visita dos frades a Dom Paulo Evaristo Arns","og_url":"https:\/\/franciscanos.org.br\/noticias\/frades-franciscanos-celebram-com-dom-paulo.html","og_site_name":"Not\u00edcias - Franciscanos","article_published_time":"2014-12-04T16:33:45+00:00","article_modified_time":"2019-07-09T13:11:02+00:00","og_image":[{"width":273,"height":181,"url":"https:\/\/franciscanos.org.br\/noticias\/wp-content\/uploads\/2014\/12\/paulo_arns.gif","type":"image\/gif"}],"author":"admin","twitter_card":"summary_large_image","twitter_misc":{"Escrito por":"admin","Est. tempo de leitura":"4 minutos"},"schema":{"@context":"https:\/\/schema.org","@graph":[{"@type":"WebSite","@id":"https:\/\/franciscanos.org.br\/noticias\/#website","url":"https:\/\/franciscanos.org.br\/noticias\/","name":"Not\u00edcias - Franciscanos","description":"Prov\u00edncia Franciscana da Imaculada Concei\u00e7\u00e3o do Brasil - Ordem dos Frades Menores - OFM","potentialAction":[{"@type":"SearchAction","target":{"@type":"EntryPoint","urlTemplate":"https:\/\/franciscanos.org.br\/noticias\/?s={search_term_string}"},"query-input":"required name=search_term_string"}],"inLanguage":"pt-BR"},{"@type":"ImageObject","inLanguage":"pt-BR","@id":"https:\/\/franciscanos.org.br\/noticias\/frades-franciscanos-celebram-com-dom-paulo.html#primaryimage","url":"https:\/\/franciscanos.org.br\/noticias\/wp-content\/uploads\/2014\/12\/paulo_arns.gif","contentUrl":"https:\/\/franciscanos.org.br\/noticias\/wp-content\/uploads\/2014\/12\/paulo_arns.gif","width":273,"height":181},{"@type":"WebPage","@id":"https:\/\/franciscanos.org.br\/noticias\/frades-franciscanos-celebram-com-dom-paulo.html#webpage","url":"https:\/\/franciscanos.org.br\/noticias\/frades-franciscanos-celebram-com-dom-paulo.html","name":"Frades franciscanos celebram com Dom Paulo Arns - Not\u00edcias - Franciscanos","isPartOf":{"@id":"https:\/\/franciscanos.org.br\/noticias\/#website"},"primaryImageOfPage":{"@id":"https:\/\/franciscanos.org.br\/noticias\/frades-franciscanos-celebram-com-dom-paulo.html#primaryimage"},"datePublished":"2014-12-04T16:33:45+00:00","dateModified":"2019-07-09T13:11:02+00:00","author":{"@id":"https:\/\/franciscanos.org.br\/noticias\/#\/schema\/person\/b38fbf43118f02820bd932f2e4b14ad3"},"breadcrumb":{"@id":"https:\/\/franciscanos.org.br\/noticias\/frades-franciscanos-celebram-com-dom-paulo.html#breadcrumb"},"inLanguage":"pt-BR","potentialAction":[{"@type":"ReadAction","target":["https:\/\/franciscanos.org.br\/noticias\/frades-franciscanos-celebram-com-dom-paulo.html"]}]},{"@type":"BreadcrumbList","@id":"https:\/\/franciscanos.org.br\/noticias\/frades-franciscanos-celebram-com-dom-paulo.html#breadcrumb","itemListElement":[{"@type":"ListItem","position":1,"name":"Home","item":"https:\/\/franciscanos.org.br\/noticias"},{"@type":"ListItem","position":2,"name":"Frades franciscanos celebram com Dom Paulo Arns"}]},{"@type":"Person","@id":"https:\/\/franciscanos.org.br\/noticias\/#\/schema\/person\/b38fbf43118f02820bd932f2e4b14ad3","name":"admin","image":{"@type":"ImageObject","inLanguage":"pt-BR","@id":"https:\/\/franciscanos.org.br\/noticias\/#\/schema\/person\/image\/","url":"https:\/\/secure.gravatar.com\/avatar\/e8495742d34d0ba6448ea1c628263b3e?s=96&d=mm&r=g","contentUrl":"https:\/\/secure.gravatar.com\/avatar\/e8495742d34d0ba6448ea1c628263b3e?s=96&d=mm&r=g","caption":"admin"},"url":"https:\/\/franciscanos.org.br\/noticias\/author\/admin"}]}},"_links":{"self":[{"href":"https:\/\/franciscanos.org.br\/noticias\/wp-json\/wp\/v2\/posts\/74418"}],"collection":[{"href":"https:\/\/franciscanos.org.br\/noticias\/wp-json\/wp\/v2\/posts"}],"about":[{"href":"https:\/\/franciscanos.org.br\/noticias\/wp-json\/wp\/v2\/types\/post"}],"author":[{"embeddable":true,"href":"https:\/\/franciscanos.org.br\/noticias\/wp-json\/wp\/v2\/users\/1"}],"replies":[{"embeddable":true,"href":"https:\/\/franciscanos.org.br\/noticias\/wp-json\/wp\/v2\/comments?post=74418"}],"version-history":[{"count":0,"href":"https:\/\/franciscanos.org.br\/noticias\/wp-json\/wp\/v2\/posts\/74418\/revisions"}],"wp:featuredmedia":[{"embeddable":true,"href":"https:\/\/franciscanos.org.br\/noticias\/wp-json\/wp\/v2\/media\/207468"}],"wp:attachment":[{"href":"https:\/\/franciscanos.org.br\/noticias\/wp-json\/wp\/v2\/media?parent=74418"}],"wp:term":[{"taxonomy":"category","embeddable":true,"href":"https:\/\/franciscanos.org.br\/noticias\/wp-json\/wp\/v2\/categories?post=74418"},{"taxonomy":"post_tag","embeddable":true,"href":"https:\/\/franciscanos.org.br\/noticias\/wp-json\/wp\/v2\/tags?post=74418"}],"curies":[{"name":"wp","href":"https:\/\/api.w.org\/{rel}","templated":true}]}}