{"id":74373,"date":"2014-12-04T12:45:29","date_gmt":"2014-12-04T14:45:29","guid":{"rendered":"http:\/\/franciscanos.org.br\/?p=74373"},"modified":"2019-08-06T10:39:59","modified_gmt":"2019-08-06T13:39:59","slug":"valongo-promove-a-21a-mostra-internacional-de-presepios","status":"publish","type":"post","link":"https:\/\/franciscanos.org.br\/noticias\/valongo-promove-a-21a-mostra-internacional-de-presepios.html","title":{"rendered":"Valongo promove a 21\u00aa Mostra Internacional"},"content":{"rendered":"<p><a href=\"http:\/\/franciscanos.org.br\/wp-content\/uploads\/2014\/12\/foto-01.jpg\"><img loading=\"lazy\" class=\"alignright wp-image-74378\" src=\"http:\/\/franciscanos.org.br\/wp-content\/uploads\/2014\/12\/foto-01.jpg\" alt=\"foto-01\" width=\"337\" height=\"473\" \/><\/a><\/p>\n<p><strong>Elaine Oliveira Rodrigues<\/strong><\/p>\n<p><strong>Santos (SP)<\/strong> &#8211; A magia do Natal j\u00e1 se faz presente na vida da popula\u00e7\u00e3o da Baixada Santista e o sentido desta importante festa crist\u00e3 ser\u00e1 fortalecido a partir da pr\u00f3xima semana. O Santu\u00e1rio Santo Ant\u00f4nio do Valongo inicia neste domingo, 7 de dezembro, a partir das 19 horas, a 21\u00aa Exposi\u00e7\u00e3o Internacional de Pres\u00e9pios.<\/p>\n<p>A mostra ser\u00e1 aberta ap\u00f3s missa solene celebrada pelo bispo coadjutor da Diocese de Santos, Dom Tarc\u00edsio Scaramussa, e co-celebrada pelos frades franciscanos do Valongo: Frei Andr\u00e9 Becker (reitor do Santu\u00e1rio) e Frei Roz\u00e2ntimo Antunes Costa (idealizador da Exposi\u00e7\u00e3o de Pres\u00e9pios Internacionais, em 1993).<\/p>\n<p>A iniciativa \u00e9 t\u00e3o tradicional que j\u00e1 se tornou parte do calend\u00e1rio de atra\u00e7\u00f5es da Cidade. Somente no ano passado, a exposi\u00e7\u00e3o atraiu mais de 7 mil pessoas, vindas de todos os lugares. Este ano, a mostra acontece em um espa\u00e7o climatizado e decorado, no qual 32 grutas abrigam mais de 80 pres\u00e9pios que retratam, de diversas formas, o nascimento do Menino Jesus. As pe\u00e7as s\u00e3o do acervo dos franciscanos, colecionadores, artistas e de pessoas da comunidade.<\/p>\n<p>Bonecos de pano, pres\u00e9pios de cer\u00e2mica, madeira, sal, talhados em vela ou moldados em barro s\u00e3o algumas das raridades encontradas na exposi\u00e7\u00e3o, que re\u00fane as diferentes formas das regi\u00f5es do Brasil e do Mundo expressarem o nascimento do Menino Deus.<\/p>\n<p>A exposi\u00e7\u00e3o \u00e9 inspirada em uma tradi\u00e7\u00e3o antiga entre os franciscanos. O primeiro pres\u00e9pio foi montado por S\u00e3o Francisco de Assis, no s\u00e9culo XIII, em Greccio, na It\u00e1lia. A tradi\u00e7\u00e3o \u00e9 seguida pelo Santu\u00e1rio do Valongo e por franciscanos de todo o mundo.<\/p>\n<p>A 21\u00aa Exposi\u00e7\u00e3o de Pres\u00e9pios Internacionais conta com apoio da Prefeitura Municipal de Santos, Grupo Mendes e do Auto Posto Arrast\u00e3o.<\/p>\n<p><strong>FICHA T\u00c9CNICA<\/strong><\/p>\n<address style=\"padding-left: 30px;\"><strong>Onde:<\/strong> Santu\u00e1rio Santo Ant\u00f4nio do Valongo &#8211; Centro Hist\u00f3rico de Santos<br \/>\n<strong>Local:<\/strong> Largo Marqu\u00eas de Monte Alegre, 13 &#8211; Santos &#8211; SP<br \/>\n<strong>Hor\u00e1rio:<\/strong> de ter\u00e7a a domingo das 8h00 \u00e0s 18h00<br \/>\n<strong>Per\u00edodo:<\/strong> 07 de dezembro a 26 de janeiro de 2015 &#8211; Entrada gratuita.<\/address>\n<p><img class=\"ngg_displayed_gallery mceItem\" src=\"http:\/\/franciscanos.org.br\/index.php\/nextgen-attach_to_post\/preview\/id--74572\" alt=\"\" \/><\/p>\n","protected":false},"excerpt":{"rendered":"<p>Pres\u00e9pios<\/p>\n","protected":false},"author":1,"featured_media":208825,"comment_status":"open","ping_status":"open","sticky":false,"template":"","format":"standard","meta":[],"categories":[1],"tags":[],"acf":[],"yoast_head":"<!-- This site is optimized with the Yoast SEO plugin v19.2 - https:\/\/yoast.com\/wordpress\/plugins\/seo\/ -->\n<title>Valongo promove a 21\u00aa Mostra Internacional - Not\u00edcias - Franciscanos<\/title>\n<meta name=\"robots\" content=\"index, follow, max-snippet:-1, max-image-preview:large, max-video-preview:-1\" \/>\n<link rel=\"canonical\" href=\"https:\/\/franciscanos.org.br\/noticias\/valongo-promove-a-21a-mostra-internacional-de-presepios.html\" \/>\n<meta property=\"og:locale\" content=\"pt_BR\" \/>\n<meta property=\"og:type\" content=\"article\" \/>\n<meta property=\"og:title\" content=\"Valongo promove a 21\u00aa Mostra Internacional - Not\u00edcias - Franciscanos\" \/>\n<meta property=\"og:description\" content=\"Pres\u00e9pios\" \/>\n<meta property=\"og:url\" content=\"https:\/\/franciscanos.org.br\/noticias\/valongo-promove-a-21a-mostra-internacional-de-presepios.html\" \/>\n<meta property=\"og:site_name\" content=\"Not\u00edcias - Franciscanos\" \/>\n<meta property=\"article:published_time\" content=\"2014-12-04T14:45:29+00:00\" \/>\n<meta property=\"article:modified_time\" content=\"2019-08-06T13:39:59+00:00\" \/>\n<meta property=\"og:image\" content=\"https:\/\/franciscanos.org.br\/noticias\/wp-content\/uploads\/2014\/12\/foto-01.jpg\" \/>\n\t<meta property=\"og:image:width\" content=\"273\" \/>\n\t<meta property=\"og:image:height\" content=\"181\" \/>\n\t<meta property=\"og:image:type\" content=\"image\/jpeg\" \/>\n<meta name=\"author\" content=\"admin\" \/>\n<meta name=\"twitter:card\" content=\"summary_large_image\" \/>\n<meta name=\"twitter:label1\" content=\"Escrito por\" \/>\n\t<meta name=\"twitter:data1\" content=\"admin\" \/>\n\t<meta name=\"twitter:label2\" content=\"Est. tempo de leitura\" \/>\n\t<meta name=\"twitter:data2\" content=\"2 minutos\" \/>\n<script type=\"application\/ld+json\" class=\"yoast-schema-graph\">{\"@context\":\"https:\/\/schema.org\",\"@graph\":[{\"@type\":\"WebSite\",\"@id\":\"https:\/\/franciscanos.org.br\/noticias\/#website\",\"url\":\"https:\/\/franciscanos.org.br\/noticias\/\",\"name\":\"Not\u00edcias - Franciscanos\",\"description\":\"Prov\u00edncia Franciscana da Imaculada Concei\u00e7\u00e3o do Brasil - Ordem dos Frades Menores - OFM\",\"potentialAction\":[{\"@type\":\"SearchAction\",\"target\":{\"@type\":\"EntryPoint\",\"urlTemplate\":\"https:\/\/franciscanos.org.br\/noticias\/?s={search_term_string}\"},\"query-input\":\"required name=search_term_string\"}],\"inLanguage\":\"pt-BR\"},{\"@type\":\"ImageObject\",\"inLanguage\":\"pt-BR\",\"@id\":\"https:\/\/franciscanos.org.br\/noticias\/valongo-promove-a-21a-mostra-internacional-de-presepios.html#primaryimage\",\"url\":\"https:\/\/franciscanos.org.br\/noticias\/wp-content\/uploads\/2014\/12\/foto-01.jpg\",\"contentUrl\":\"https:\/\/franciscanos.org.br\/noticias\/wp-content\/uploads\/2014\/12\/foto-01.jpg\",\"width\":273,\"height\":181},{\"@type\":\"WebPage\",\"@id\":\"https:\/\/franciscanos.org.br\/noticias\/valongo-promove-a-21a-mostra-internacional-de-presepios.html#webpage\",\"url\":\"https:\/\/franciscanos.org.br\/noticias\/valongo-promove-a-21a-mostra-internacional-de-presepios.html\",\"name\":\"Valongo promove a 21\u00aa Mostra Internacional - Not\u00edcias - Franciscanos\",\"isPartOf\":{\"@id\":\"https:\/\/franciscanos.org.br\/noticias\/#website\"},\"primaryImageOfPage\":{\"@id\":\"https:\/\/franciscanos.org.br\/noticias\/valongo-promove-a-21a-mostra-internacional-de-presepios.html#primaryimage\"},\"datePublished\":\"2014-12-04T14:45:29+00:00\",\"dateModified\":\"2019-08-06T13:39:59+00:00\",\"author\":{\"@id\":\"https:\/\/franciscanos.org.br\/noticias\/#\/schema\/person\/b38fbf43118f02820bd932f2e4b14ad3\"},\"breadcrumb\":{\"@id\":\"https:\/\/franciscanos.org.br\/noticias\/valongo-promove-a-21a-mostra-internacional-de-presepios.html#breadcrumb\"},\"inLanguage\":\"pt-BR\",\"potentialAction\":[{\"@type\":\"ReadAction\",\"target\":[\"https:\/\/franciscanos.org.br\/noticias\/valongo-promove-a-21a-mostra-internacional-de-presepios.html\"]}]},{\"@type\":\"BreadcrumbList\",\"@id\":\"https:\/\/franciscanos.org.br\/noticias\/valongo-promove-a-21a-mostra-internacional-de-presepios.html#breadcrumb\",\"itemListElement\":[{\"@type\":\"ListItem\",\"position\":1,\"name\":\"Home\",\"item\":\"https:\/\/franciscanos.org.br\/noticias\"},{\"@type\":\"ListItem\",\"position\":2,\"name\":\"Valongo promove a 21\u00aa Mostra Internacional\"}]},{\"@type\":\"Person\",\"@id\":\"https:\/\/franciscanos.org.br\/noticias\/#\/schema\/person\/b38fbf43118f02820bd932f2e4b14ad3\",\"name\":\"admin\",\"image\":{\"@type\":\"ImageObject\",\"inLanguage\":\"pt-BR\",\"@id\":\"https:\/\/franciscanos.org.br\/noticias\/#\/schema\/person\/image\/\",\"url\":\"https:\/\/secure.gravatar.com\/avatar\/e8495742d34d0ba6448ea1c628263b3e?s=96&d=mm&r=g\",\"contentUrl\":\"https:\/\/secure.gravatar.com\/avatar\/e8495742d34d0ba6448ea1c628263b3e?s=96&d=mm&r=g\",\"caption\":\"admin\"},\"url\":\"https:\/\/franciscanos.org.br\/noticias\/author\/admin\"}]}<\/script>\n<!-- \/ Yoast SEO plugin. -->","yoast_head_json":{"title":"Valongo promove a 21\u00aa Mostra Internacional - Not\u00edcias - Franciscanos","robots":{"index":"index","follow":"follow","max-snippet":"max-snippet:-1","max-image-preview":"max-image-preview:large","max-video-preview":"max-video-preview:-1"},"canonical":"https:\/\/franciscanos.org.br\/noticias\/valongo-promove-a-21a-mostra-internacional-de-presepios.html","og_locale":"pt_BR","og_type":"article","og_title":"Valongo promove a 21\u00aa Mostra Internacional - Not\u00edcias - Franciscanos","og_description":"Pres\u00e9pios","og_url":"https:\/\/franciscanos.org.br\/noticias\/valongo-promove-a-21a-mostra-internacional-de-presepios.html","og_site_name":"Not\u00edcias - Franciscanos","article_published_time":"2014-12-04T14:45:29+00:00","article_modified_time":"2019-08-06T13:39:59+00:00","og_image":[{"width":273,"height":181,"url":"https:\/\/franciscanos.org.br\/noticias\/wp-content\/uploads\/2014\/12\/foto-01.jpg","type":"image\/jpeg"}],"author":"admin","twitter_card":"summary_large_image","twitter_misc":{"Escrito por":"admin","Est. tempo de leitura":"2 minutos"},"schema":{"@context":"https:\/\/schema.org","@graph":[{"@type":"WebSite","@id":"https:\/\/franciscanos.org.br\/noticias\/#website","url":"https:\/\/franciscanos.org.br\/noticias\/","name":"Not\u00edcias - Franciscanos","description":"Prov\u00edncia Franciscana da Imaculada Concei\u00e7\u00e3o do Brasil - Ordem dos Frades Menores - OFM","potentialAction":[{"@type":"SearchAction","target":{"@type":"EntryPoint","urlTemplate":"https:\/\/franciscanos.org.br\/noticias\/?s={search_term_string}"},"query-input":"required name=search_term_string"}],"inLanguage":"pt-BR"},{"@type":"ImageObject","inLanguage":"pt-BR","@id":"https:\/\/franciscanos.org.br\/noticias\/valongo-promove-a-21a-mostra-internacional-de-presepios.html#primaryimage","url":"https:\/\/franciscanos.org.br\/noticias\/wp-content\/uploads\/2014\/12\/foto-01.jpg","contentUrl":"https:\/\/franciscanos.org.br\/noticias\/wp-content\/uploads\/2014\/12\/foto-01.jpg","width":273,"height":181},{"@type":"WebPage","@id":"https:\/\/franciscanos.org.br\/noticias\/valongo-promove-a-21a-mostra-internacional-de-presepios.html#webpage","url":"https:\/\/franciscanos.org.br\/noticias\/valongo-promove-a-21a-mostra-internacional-de-presepios.html","name":"Valongo promove a 21\u00aa Mostra Internacional - Not\u00edcias - Franciscanos","isPartOf":{"@id":"https:\/\/franciscanos.org.br\/noticias\/#website"},"primaryImageOfPage":{"@id":"https:\/\/franciscanos.org.br\/noticias\/valongo-promove-a-21a-mostra-internacional-de-presepios.html#primaryimage"},"datePublished":"2014-12-04T14:45:29+00:00","dateModified":"2019-08-06T13:39:59+00:00","author":{"@id":"https:\/\/franciscanos.org.br\/noticias\/#\/schema\/person\/b38fbf43118f02820bd932f2e4b14ad3"},"breadcrumb":{"@id":"https:\/\/franciscanos.org.br\/noticias\/valongo-promove-a-21a-mostra-internacional-de-presepios.html#breadcrumb"},"inLanguage":"pt-BR","potentialAction":[{"@type":"ReadAction","target":["https:\/\/franciscanos.org.br\/noticias\/valongo-promove-a-21a-mostra-internacional-de-presepios.html"]}]},{"@type":"BreadcrumbList","@id":"https:\/\/franciscanos.org.br\/noticias\/valongo-promove-a-21a-mostra-internacional-de-presepios.html#breadcrumb","itemListElement":[{"@type":"ListItem","position":1,"name":"Home","item":"https:\/\/franciscanos.org.br\/noticias"},{"@type":"ListItem","position":2,"name":"Valongo promove a 21\u00aa Mostra Internacional"}]},{"@type":"Person","@id":"https:\/\/franciscanos.org.br\/noticias\/#\/schema\/person\/b38fbf43118f02820bd932f2e4b14ad3","name":"admin","image":{"@type":"ImageObject","inLanguage":"pt-BR","@id":"https:\/\/franciscanos.org.br\/noticias\/#\/schema\/person\/image\/","url":"https:\/\/secure.gravatar.com\/avatar\/e8495742d34d0ba6448ea1c628263b3e?s=96&d=mm&r=g","contentUrl":"https:\/\/secure.gravatar.com\/avatar\/e8495742d34d0ba6448ea1c628263b3e?s=96&d=mm&r=g","caption":"admin"},"url":"https:\/\/franciscanos.org.br\/noticias\/author\/admin"}]}},"_links":{"self":[{"href":"https:\/\/franciscanos.org.br\/noticias\/wp-json\/wp\/v2\/posts\/74373"}],"collection":[{"href":"https:\/\/franciscanos.org.br\/noticias\/wp-json\/wp\/v2\/posts"}],"about":[{"href":"https:\/\/franciscanos.org.br\/noticias\/wp-json\/wp\/v2\/types\/post"}],"author":[{"embeddable":true,"href":"https:\/\/franciscanos.org.br\/noticias\/wp-json\/wp\/v2\/users\/1"}],"replies":[{"embeddable":true,"href":"https:\/\/franciscanos.org.br\/noticias\/wp-json\/wp\/v2\/comments?post=74373"}],"version-history":[{"count":0,"href":"https:\/\/franciscanos.org.br\/noticias\/wp-json\/wp\/v2\/posts\/74373\/revisions"}],"wp:featuredmedia":[{"embeddable":true,"href":"https:\/\/franciscanos.org.br\/noticias\/wp-json\/wp\/v2\/media\/208825"}],"wp:attachment":[{"href":"https:\/\/franciscanos.org.br\/noticias\/wp-json\/wp\/v2\/media?parent=74373"}],"wp:term":[{"taxonomy":"category","embeddable":true,"href":"https:\/\/franciscanos.org.br\/noticias\/wp-json\/wp\/v2\/categories?post=74373"},{"taxonomy":"post_tag","embeddable":true,"href":"https:\/\/franciscanos.org.br\/noticias\/wp-json\/wp\/v2\/tags?post=74373"}],"curies":[{"name":"wp","href":"https:\/\/api.w.org\/{rel}","templated":true}]}}