{"id":74290,"date":"2014-12-16T09:30:49","date_gmt":"2014-12-16T11:30:49","guid":{"rendered":"http:\/\/franciscanos.org.br\/?p=74290"},"modified":"2020-06-22T17:00:49","modified_gmt":"2020-06-22T20:00:49","slug":"frei-antenor-sera-ordenado-presbitero-sabado","status":"publish","type":"post","link":"https:\/\/franciscanos.org.br\/noticias\/frei-antenor-sera-ordenado-presbitero-sabado.html","title":{"rendered":"Frei Antenor ser\u00e1 ordenado presb\u00edtero s\u00e1bado"},"content":{"rendered":"<p><img loading=\"lazy\" class=\"alignnone size-full wp-image-197314\" src=\"https:\/\/franciscanos.org.br\/noticias\/wp-content\/uploads\/2014\/12\/antenor.jpg\" alt=\"\" width=\"890\" height=\"590\" srcset=\"https:\/\/franciscanos.org.br\/noticias\/wp-content\/uploads\/2014\/12\/antenor.jpg 890w, https:\/\/franciscanos.org.br\/noticias\/wp-content\/uploads\/2014\/12\/antenor-450x298.jpg 450w, https:\/\/franciscanos.org.br\/noticias\/wp-content\/uploads\/2014\/12\/antenor-768x509.jpg 768w, https:\/\/franciscanos.org.br\/noticias\/wp-content\/uploads\/2014\/12\/antenor-150x99.jpg 150w\" sizes=\"(max-width: 890px) 100vw, 890px\" \/><\/p>\n<p><strong>Moacir Beggo<\/strong><\/p>\n<p><em>\u201cTrazemos, por\u00e9m, este tesouro em vasos de barro, para que este poder extraordin\u00e1rio seja de Deus e n\u00e3o de n\u00f3s\u201d. Este \u00e9 o lema escolhido por Frei Antenor Camilo Milit\u00e3o, mineiro de S\u00e3o Louren\u00e7o, para a sua ordena\u00e7\u00e3o presbiteral, no dia 20 de dezembro, \u00e0s 10 horas, na Par\u00f3quia Sant\u00edssima Trindade, em S\u00e3o Louren\u00e7o. Frei Atenor Camilo ser\u00e1 ordenado presb\u00edtero por Dom Diamantino Prata de Carvalho, bispo da Diocese de Campanha (MG) e frade desta Prov\u00edncia. Sua Primeira Missa ser\u00e1 celebrada no dia 21 de dezembro de 2014, \u00e0s 9h30, na mesma Par\u00f3quia. Nesta entrevista, Frei Antenor fala, com orgulho, de suas ra\u00edzes (ele nasceu no dia 14 de agosto de 1980 em S\u00e3o Louren\u00e7o), de sua fam\u00edlia, conta como se deu seu discernimento vocacional e as perspectivas que tem como presb\u00edtero numa Igreja que tem como seu timoneiro o Papa Francisco. Frei Antenor vestiu o h\u00e1bito franciscano no dia 8 de janeiro de 2004.<\/em><\/p>\n<p><strong>Site Franciscanos\u00a0<\/strong>\u2013 <em>Em primeiro lugar, fale um pouco de sua vida. Como \u00e9 a sua fam\u00edlia?<\/em><\/p>\n<p><strong>Frei Antenor Camilo Milit\u00e3o<\/strong> &#8211; Sou natural de S\u00e3o Louren\u00e7o, Sul de Minas. Meus pais moram na zona rural, cerca de sete quil\u00f4metros da cidade. T\u00ednhamos uma horta. Meu pai e meu irm\u00e3o faziam feira e eu era respons\u00e1vel por cuidar da horta. Era um trabalho que eu gostava muito, talvez seja por isso que, ao longo do tempo que estive no Semin\u00e1rio, sempre gostei de mexer com a terra, plantar e cultivar a lavoura. At\u00e9 hoje, gosto desse trabalho com a terra. Meus pais s\u00e3o humildes, n\u00e3o dispensam um fog\u00e3o a lenha, andam descal\u00e7os e buscam lenha no mato. Sou muito agradecido a eles porque me deram uma educa\u00e7\u00e3o simples, mas uma forma\u00e7\u00e3o crist\u00e3 tendo como alicerce os valores do Evangelho. Sou muito grato a eles e aos meus irm\u00e3os, Junior, o mais velho, e o ca\u00e7ula, Mateus. Confesso que, mesmo longe deles, somos muito amigos, e essa amizade me ajuda muito a n\u00e3o perder as minhas ra\u00edzes, pois s\u00e3o elas que me sustentam.<\/p>\n<p><strong>Site Franciscanos\u00a0<\/strong>\u00a0\u2013 <em>Como se deu seu discernimento vocacional?<\/em><\/p>\n<p><strong>Frei Antenor Camilo<\/strong> &#8211; Quando tinha 7 anos, minha av\u00f3 precisava de algu\u00e9m para passar a noite com ela, pois morava sozinha. Ent\u00e3o, apenas pousava em sua casa e, de manh\u00e3zinha, retornava para minha casa. Confesso que n\u00e3o apreciava muito, mas fazia aquilo para ajud\u00e1-la. Como ela era muito devota de Nossa Senhora Aparecida, ouvia todos os programas da R\u00e1dio Aparecida, como o do Pe. Vitor Coelho de Almeida, \u201cConsagra\u00e7\u00e3o a Nossa Senhora\u201d, \u201cOs ponteiros apontam para o infinito\u201d. Estes programas at\u00e9 hoje ainda existem. Quando tinha 13 anos, ela faleceu. Um ano depois, disse para meus pais que queria ser padre. Mas por ser muito levado, \u201carteiro\u201d, eles me disseram: \u201cVoc\u00ea, padre, nunca!\u201d Desapontado, voltei para o meu trabalho e pensei: \u201cSe for vontade de Deus, vai perdurar\u201d. Um ano se passou e continuei com aquela vontade. Ent\u00e3o, com muito custo, peguei o endere\u00e7o dos Padres de Aparecida, pois n\u00e3o sabia o que era padre diocesano, redentorista e franciscano. Um tio meu se casou e essa tia conhecia um senhor que preparava os meninos para ingressarem no semin\u00e1rio. Ela se chamava Dona Lu\u00edsa, j\u00e1 falecida, sobrinha do Monsenhor Lucas Maia (tamb\u00e9m falecido). Mas ela n\u00e3o escreveu para os redentoristas como eu esperava, mas sim me enviou para os diocesanos, em Campanha. Tinha na \u00e9poca 16 anos. A ideia n\u00e3o me agradou. Um dia, Frei Pedro Viana foi em casa e conversei com ele. Ent\u00e3o, me disse para procurar o Frei Perceval. E assim fui muito bem recebido pelo frei e comecei a fazer o encontro vocacional. Entrei em Agudos para fazer o Ensino M\u00e9dio quando estava com 19 anos.<\/p>\n<p><strong>Site Franciscanos\u00a0<\/strong>&#8211; <em>Por que escolheu ser frade franciscano?<\/em><\/p>\n<p><strong>Frei Antenor Camilo<\/strong>\u00a0&#8211; Me recordo que em casa tinha um folheto das miss\u00f5es que os frades franciscanos fizeram em S\u00e3o Louren\u00e7o, em meados da d\u00e9cada de 80. Nesse folheto havia a imagem de S\u00e3o Francisco com uma ora\u00e7\u00e3o: \u201cSenhor que queres que eu fa\u00e7a, coloco-me diante de ti&#8230;.\u201d e atr\u00e1s tinha o nome dos mission\u00e1rios. Toda a noite rezava esta ora\u00e7\u00e3o. Sentia que esta ora\u00e7\u00e3o me dava muita paz. Aos s\u00e1bados, na parte da tarde, passava um frade de bicicleta na frente de casa. Minha m\u00e3e dizia: \u201c\u00c9 o Frei Aymor\u00e9!\u201d. Admirava-o porque era um homem simples, humilde e tinha um rosto t\u00e3o limpo, t\u00e3o puro que ficava admirado com seu modo de vida. A escolha de ser franciscano vem da simplicidade de vida que os frades cultivam, pelo amor aos pobres que revela o rosto do Cristo, e pelo modo de serem peregrinos e viandantes neste mundo, do n\u00e3o ter nada de pr\u00f3prio, da raiz de ser mission\u00e1rio que os frades possuem, do ir al\u00e9m-fronteiras. Essas qualidades do franciscano me cativam muito.<\/p>\n<p><strong>Site Franciscanos\u00a0<\/strong>\u00a0&#8211;<em> Quais as perspectivas para o minist\u00e9rio presbiteral com o Papa Francisco?<\/em><\/p>\n<p><strong>Frei Antenor Camilo<\/strong>\u00a0&#8211; Penso que \u00e9 um homem inspirador e renovador, isso n\u00e3o tem como negarmos. Ele \u00e9. E com isso, ele traz mudan\u00e7as revolucion\u00e1rias para nossa Igreja. Ele vai marcar o nosso s\u00e9culo, n\u00e3o tenho d\u00favida. Mas temos que tomar cuidado com a apologia que se faz sobre o Papa. At\u00e9 ele n\u00e3o gosta desse endeusamento, quando ele pr\u00f3prio diz: \u201cSigam a Cristo e n\u00e3o o Papa!\u201d. A perspectiva que temos que ter \u00e9 de uma Igreja mais aberta e voltada para a realidade do povo, principalmente daqueles que est\u00e3o \u00e0 margem da sociedade. Ele fala muito da compaix\u00e3o, da miseric\u00f3rdia, do colocar-se ao lado do outro e sentir suas dores e ang\u00fastias. Talvez o mais intrigante e que nos questiona muito, e nos deixa envergonhados, seja que antes de ele falar, ele j\u00e1 est\u00e1 fazendo, como: acolhendo o pobre, o \u00f3rf\u00e3o e devolvendo a eles o que \u00e9 de suma import\u00e2ncia para a pessoa humana. Aquilo que Jesus j\u00e1 fazia no seu tempo, nem tanto com palavras, mas sim com gestos e atitudes concretas, que era devolver ao fraco e limitado a dignidade de filhos e filhas do Pai. Mas diante dos apelos de \u201csair de si\u201d que o Papa e a Ordem tanto nos pedem, temos que bater no peito e confessar humildemente o nosso pecado. Isso vejo diante dos meus olhos, nas nossas casas de forma\u00e7\u00e3o, nas diversas pastorais das nossas par\u00f3quias e movimentos onde atuamos e marcamos a nossa presen\u00e7a franciscana. Talvez o nosso maior pecado seja o fechar-se, o medo do novo, a superprote\u00e7\u00e3o dos nossos formandos e a nossa de frade menor. Esta redoma de vidro temos que quebr\u00e1-la para n\u00e3o entrarmos na zona de conforto. Este \u00e9 o maior obst\u00e1culo a n\u00f3s, frades menores. Se conseguirmos sair deste casulo, deste emaranhado que nos cerca e que nos prende, tenhamos a certeza de que estaremos cumprindo n\u00e3o apenas o que o Papa nos pede, mas aquilo que Deus espera de n\u00f3s, frades menores.<\/p>\n<p><strong>Site Franciscanos\u00a0<\/strong>\u00a0&#8211; <em>Por que vale a pena ser franciscano hoje?<\/em><\/p>\n<p><strong>Frei Antenor Camilo<\/strong>\u00a0&#8211; Vale a pena ser franciscano nos dias de hoje porque S\u00e3o Francisco \u00e9 um homem atual, uma figura que nos aponta para algo que \u00e9 novo, transformador. E esse novo \u00e9 a pessoa de Cristo, sua palavra revela-nos o rosto do pr\u00f3prio Deus que est\u00e1 nos pobres e abandonados. No entanto, \u00e9 preciso confiarmos mais em Deus do que em n\u00f3s mesmos, pois a messe \u00e9 dele, e \u00e9 ele quem chama, quem convida e quem prepara para a miss\u00e3o, ungindo-nos, consagrando-nos e enviando-nos mundo afora.<\/p>\n<p><strong>Site Franciscanos\u00a0<\/strong>\u00a0&#8211; Deixe, para terminar, uma mensagem \u00e0queles que querem seguir Jesus Cristo, a exemplo de S\u00e3o Francisco.<\/p>\n<p><strong>Frei Antenor Camilo<\/strong>\u00a0&#8211; Vale a pena ser franciscano, entregar tudo e seguir o Senhor que nos chama. Ele n\u00e3o s\u00f3 quer que perseveremos, mas que nos esforcemos, nos empenhemos e sejamos fi\u00e9is a ele. Tenhamos a certeza: somos aquele vaso de barro, fr\u00e1gil, simples, aparentemente sem nenhum valor. Mas quanto mais esvaziarmo-nos de n\u00f3s mesmos, das nossas vontades, dos nossos desejos, mais Deus vai encher este vaso com sua gra\u00e7a, a ponto de transbordarmos de bondade, verdade e justi\u00e7a de Deus. Confiemo-nos ao Senhor, ele nunca nos faltou e nunca h\u00e1 de nos faltar.<\/p>\n<p><a href=\"http:\/\/franciscanos.org.br\/wp-content\/uploads\/2014\/12\/convite-web-FREI-ANTENOR.jpg\"><img loading=\"lazy\" class=\"alignleft size-full wp-image-74292\" src=\"http:\/\/franciscanos.org.br\/wp-content\/uploads\/2014\/12\/convite-web-FREI-ANTENOR.jpg\" alt=\"convite-web-FREI-ANTENOR\" width=\"820\" height=\"476\" \/><\/a><\/p>\n","protected":false},"excerpt":{"rendered":"<p>Ordena\u00e7\u00e3o presbiteral de Frei Antenor<\/p>\n","protected":false},"author":1,"featured_media":201889,"comment_status":"open","ping_status":"open","sticky":false,"template":"","format":"standard","meta":[],"categories":[758],"tags":[157],"acf":[],"yoast_head":"<!-- This site is optimized with the Yoast SEO plugin v19.2 - https:\/\/yoast.com\/wordpress\/plugins\/seo\/ -->\n<title>Frei Antenor ser\u00e1 ordenado presb\u00edtero s\u00e1bado - Not\u00edcias - Franciscanos<\/title>\n<meta name=\"robots\" content=\"index, follow, max-snippet:-1, max-image-preview:large, max-video-preview:-1\" \/>\n<link rel=\"canonical\" href=\"https:\/\/franciscanos.org.br\/noticias\/frei-antenor-sera-ordenado-presbitero-sabado.html\" \/>\n<meta property=\"og:locale\" content=\"pt_BR\" \/>\n<meta property=\"og:type\" content=\"article\" \/>\n<meta property=\"og:title\" content=\"Frei Antenor ser\u00e1 ordenado presb\u00edtero s\u00e1bado - Not\u00edcias - Franciscanos\" \/>\n<meta property=\"og:description\" content=\"Ordena\u00e7\u00e3o presbiteral de Frei Antenor\" \/>\n<meta property=\"og:url\" content=\"https:\/\/franciscanos.org.br\/noticias\/frei-antenor-sera-ordenado-presbitero-sabado.html\" \/>\n<meta property=\"og:site_name\" content=\"Not\u00edcias - Franciscanos\" \/>\n<meta property=\"article:published_time\" content=\"2014-12-16T11:30:49+00:00\" \/>\n<meta property=\"article:modified_time\" content=\"2020-06-22T20:00:49+00:00\" \/>\n<meta property=\"og:image\" content=\"https:\/\/franciscanos.org.br\/noticias\/wp-content\/uploads\/2014\/12\/antenor-1.jpg\" \/>\n\t<meta property=\"og:image:width\" content=\"273\" \/>\n\t<meta property=\"og:image:height\" content=\"181\" \/>\n\t<meta property=\"og:image:type\" content=\"image\/jpeg\" \/>\n<meta name=\"author\" content=\"admin\" \/>\n<meta name=\"twitter:card\" content=\"summary_large_image\" \/>\n<meta name=\"twitter:label1\" content=\"Escrito por\" \/>\n\t<meta name=\"twitter:data1\" content=\"admin\" \/>\n\t<meta name=\"twitter:label2\" content=\"Est. tempo de leitura\" \/>\n\t<meta name=\"twitter:data2\" content=\"7 minutos\" \/>\n<script type=\"application\/ld+json\" class=\"yoast-schema-graph\">{\"@context\":\"https:\/\/schema.org\",\"@graph\":[{\"@type\":\"WebSite\",\"@id\":\"https:\/\/franciscanos.org.br\/noticias\/#website\",\"url\":\"https:\/\/franciscanos.org.br\/noticias\/\",\"name\":\"Not\u00edcias - Franciscanos\",\"description\":\"Prov\u00edncia Franciscana da Imaculada Concei\u00e7\u00e3o do Brasil - Ordem dos Frades Menores - OFM\",\"potentialAction\":[{\"@type\":\"SearchAction\",\"target\":{\"@type\":\"EntryPoint\",\"urlTemplate\":\"https:\/\/franciscanos.org.br\/noticias\/?s={search_term_string}\"},\"query-input\":\"required name=search_term_string\"}],\"inLanguage\":\"pt-BR\"},{\"@type\":\"ImageObject\",\"inLanguage\":\"pt-BR\",\"@id\":\"https:\/\/franciscanos.org.br\/noticias\/frei-antenor-sera-ordenado-presbitero-sabado.html#primaryimage\",\"url\":\"https:\/\/franciscanos.org.br\/noticias\/wp-content\/uploads\/2014\/12\/antenor-1.jpg\",\"contentUrl\":\"https:\/\/franciscanos.org.br\/noticias\/wp-content\/uploads\/2014\/12\/antenor-1.jpg\",\"width\":273,\"height\":181},{\"@type\":\"WebPage\",\"@id\":\"https:\/\/franciscanos.org.br\/noticias\/frei-antenor-sera-ordenado-presbitero-sabado.html#webpage\",\"url\":\"https:\/\/franciscanos.org.br\/noticias\/frei-antenor-sera-ordenado-presbitero-sabado.html\",\"name\":\"Frei Antenor ser\u00e1 ordenado presb\u00edtero s\u00e1bado - Not\u00edcias - Franciscanos\",\"isPartOf\":{\"@id\":\"https:\/\/franciscanos.org.br\/noticias\/#website\"},\"primaryImageOfPage\":{\"@id\":\"https:\/\/franciscanos.org.br\/noticias\/frei-antenor-sera-ordenado-presbitero-sabado.html#primaryimage\"},\"datePublished\":\"2014-12-16T11:30:49+00:00\",\"dateModified\":\"2020-06-22T20:00:49+00:00\",\"author\":{\"@id\":\"https:\/\/franciscanos.org.br\/noticias\/#\/schema\/person\/b38fbf43118f02820bd932f2e4b14ad3\"},\"breadcrumb\":{\"@id\":\"https:\/\/franciscanos.org.br\/noticias\/frei-antenor-sera-ordenado-presbitero-sabado.html#breadcrumb\"},\"inLanguage\":\"pt-BR\",\"potentialAction\":[{\"@type\":\"ReadAction\",\"target\":[\"https:\/\/franciscanos.org.br\/noticias\/frei-antenor-sera-ordenado-presbitero-sabado.html\"]}]},{\"@type\":\"BreadcrumbList\",\"@id\":\"https:\/\/franciscanos.org.br\/noticias\/frei-antenor-sera-ordenado-presbitero-sabado.html#breadcrumb\",\"itemListElement\":[{\"@type\":\"ListItem\",\"position\":1,\"name\":\"Home\",\"item\":\"https:\/\/franciscanos.org.br\/noticias\"},{\"@type\":\"ListItem\",\"position\":2,\"name\":\"Frei Antenor ser\u00e1 ordenado presb\u00edtero s\u00e1bado\"}]},{\"@type\":\"Person\",\"@id\":\"https:\/\/franciscanos.org.br\/noticias\/#\/schema\/person\/b38fbf43118f02820bd932f2e4b14ad3\",\"name\":\"admin\",\"image\":{\"@type\":\"ImageObject\",\"inLanguage\":\"pt-BR\",\"@id\":\"https:\/\/franciscanos.org.br\/noticias\/#\/schema\/person\/image\/\",\"url\":\"https:\/\/secure.gravatar.com\/avatar\/e8495742d34d0ba6448ea1c628263b3e?s=96&d=mm&r=g\",\"contentUrl\":\"https:\/\/secure.gravatar.com\/avatar\/e8495742d34d0ba6448ea1c628263b3e?s=96&d=mm&r=g\",\"caption\":\"admin\"},\"url\":\"https:\/\/franciscanos.org.br\/noticias\/author\/admin\"}]}<\/script>\n<!-- \/ Yoast SEO plugin. -->","yoast_head_json":{"title":"Frei Antenor ser\u00e1 ordenado presb\u00edtero s\u00e1bado - Not\u00edcias - Franciscanos","robots":{"index":"index","follow":"follow","max-snippet":"max-snippet:-1","max-image-preview":"max-image-preview:large","max-video-preview":"max-video-preview:-1"},"canonical":"https:\/\/franciscanos.org.br\/noticias\/frei-antenor-sera-ordenado-presbitero-sabado.html","og_locale":"pt_BR","og_type":"article","og_title":"Frei Antenor ser\u00e1 ordenado presb\u00edtero s\u00e1bado - Not\u00edcias - Franciscanos","og_description":"Ordena\u00e7\u00e3o presbiteral de Frei Antenor","og_url":"https:\/\/franciscanos.org.br\/noticias\/frei-antenor-sera-ordenado-presbitero-sabado.html","og_site_name":"Not\u00edcias - Franciscanos","article_published_time":"2014-12-16T11:30:49+00:00","article_modified_time":"2020-06-22T20:00:49+00:00","og_image":[{"width":273,"height":181,"url":"https:\/\/franciscanos.org.br\/noticias\/wp-content\/uploads\/2014\/12\/antenor-1.jpg","type":"image\/jpeg"}],"author":"admin","twitter_card":"summary_large_image","twitter_misc":{"Escrito por":"admin","Est. tempo de leitura":"7 minutos"},"schema":{"@context":"https:\/\/schema.org","@graph":[{"@type":"WebSite","@id":"https:\/\/franciscanos.org.br\/noticias\/#website","url":"https:\/\/franciscanos.org.br\/noticias\/","name":"Not\u00edcias - Franciscanos","description":"Prov\u00edncia Franciscana da Imaculada Concei\u00e7\u00e3o do Brasil - Ordem dos Frades Menores - OFM","potentialAction":[{"@type":"SearchAction","target":{"@type":"EntryPoint","urlTemplate":"https:\/\/franciscanos.org.br\/noticias\/?s={search_term_string}"},"query-input":"required name=search_term_string"}],"inLanguage":"pt-BR"},{"@type":"ImageObject","inLanguage":"pt-BR","@id":"https:\/\/franciscanos.org.br\/noticias\/frei-antenor-sera-ordenado-presbitero-sabado.html#primaryimage","url":"https:\/\/franciscanos.org.br\/noticias\/wp-content\/uploads\/2014\/12\/antenor-1.jpg","contentUrl":"https:\/\/franciscanos.org.br\/noticias\/wp-content\/uploads\/2014\/12\/antenor-1.jpg","width":273,"height":181},{"@type":"WebPage","@id":"https:\/\/franciscanos.org.br\/noticias\/frei-antenor-sera-ordenado-presbitero-sabado.html#webpage","url":"https:\/\/franciscanos.org.br\/noticias\/frei-antenor-sera-ordenado-presbitero-sabado.html","name":"Frei Antenor ser\u00e1 ordenado presb\u00edtero s\u00e1bado - Not\u00edcias - Franciscanos","isPartOf":{"@id":"https:\/\/franciscanos.org.br\/noticias\/#website"},"primaryImageOfPage":{"@id":"https:\/\/franciscanos.org.br\/noticias\/frei-antenor-sera-ordenado-presbitero-sabado.html#primaryimage"},"datePublished":"2014-12-16T11:30:49+00:00","dateModified":"2020-06-22T20:00:49+00:00","author":{"@id":"https:\/\/franciscanos.org.br\/noticias\/#\/schema\/person\/b38fbf43118f02820bd932f2e4b14ad3"},"breadcrumb":{"@id":"https:\/\/franciscanos.org.br\/noticias\/frei-antenor-sera-ordenado-presbitero-sabado.html#breadcrumb"},"inLanguage":"pt-BR","potentialAction":[{"@type":"ReadAction","target":["https:\/\/franciscanos.org.br\/noticias\/frei-antenor-sera-ordenado-presbitero-sabado.html"]}]},{"@type":"BreadcrumbList","@id":"https:\/\/franciscanos.org.br\/noticias\/frei-antenor-sera-ordenado-presbitero-sabado.html#breadcrumb","itemListElement":[{"@type":"ListItem","position":1,"name":"Home","item":"https:\/\/franciscanos.org.br\/noticias"},{"@type":"ListItem","position":2,"name":"Frei Antenor ser\u00e1 ordenado presb\u00edtero s\u00e1bado"}]},{"@type":"Person","@id":"https:\/\/franciscanos.org.br\/noticias\/#\/schema\/person\/b38fbf43118f02820bd932f2e4b14ad3","name":"admin","image":{"@type":"ImageObject","inLanguage":"pt-BR","@id":"https:\/\/franciscanos.org.br\/noticias\/#\/schema\/person\/image\/","url":"https:\/\/secure.gravatar.com\/avatar\/e8495742d34d0ba6448ea1c628263b3e?s=96&d=mm&r=g","contentUrl":"https:\/\/secure.gravatar.com\/avatar\/e8495742d34d0ba6448ea1c628263b3e?s=96&d=mm&r=g","caption":"admin"},"url":"https:\/\/franciscanos.org.br\/noticias\/author\/admin"}]}},"_links":{"self":[{"href":"https:\/\/franciscanos.org.br\/noticias\/wp-json\/wp\/v2\/posts\/74290"}],"collection":[{"href":"https:\/\/franciscanos.org.br\/noticias\/wp-json\/wp\/v2\/posts"}],"about":[{"href":"https:\/\/franciscanos.org.br\/noticias\/wp-json\/wp\/v2\/types\/post"}],"author":[{"embeddable":true,"href":"https:\/\/franciscanos.org.br\/noticias\/wp-json\/wp\/v2\/users\/1"}],"replies":[{"embeddable":true,"href":"https:\/\/franciscanos.org.br\/noticias\/wp-json\/wp\/v2\/comments?post=74290"}],"version-history":[{"count":1,"href":"https:\/\/franciscanos.org.br\/noticias\/wp-json\/wp\/v2\/posts\/74290\/revisions"}],"predecessor-version":[{"id":226627,"href":"https:\/\/franciscanos.org.br\/noticias\/wp-json\/wp\/v2\/posts\/74290\/revisions\/226627"}],"wp:featuredmedia":[{"embeddable":true,"href":"https:\/\/franciscanos.org.br\/noticias\/wp-json\/wp\/v2\/media\/201889"}],"wp:attachment":[{"href":"https:\/\/franciscanos.org.br\/noticias\/wp-json\/wp\/v2\/media?parent=74290"}],"wp:term":[{"taxonomy":"category","embeddable":true,"href":"https:\/\/franciscanos.org.br\/noticias\/wp-json\/wp\/v2\/categories?post=74290"},{"taxonomy":"post_tag","embeddable":true,"href":"https:\/\/franciscanos.org.br\/noticias\/wp-json\/wp\/v2\/tags?post=74290"}],"curies":[{"name":"wp","href":"https:\/\/api.w.org\/{rel}","templated":true}]}}