{"id":74268,"date":"2014-12-02T20:01:38","date_gmt":"2014-12-02T22:01:38","guid":{"rendered":"http:\/\/franciscanos.org.br\/?p=74268"},"modified":"2019-02-05T16:35:11","modified_gmt":"2019-02-05T18:35:11","slug":"alegria-na-provincia-9-frades-farao-a-profissao-solene","status":"publish","type":"post","link":"https:\/\/franciscanos.org.br\/noticias\/alegria-na-provincia-9-frades-farao-a-profissao-solene.html","title":{"rendered":"Nove frades far\u00e3o a Profiss\u00e3o Solene"},"content":{"rendered":"<p><strong>Moacir Beggo<\/strong><\/p>\n<p>Mais uma vez, a bela igreja do Sagrado Cora\u00e7\u00e3o de Jesus de Petr\u00f3polis (RJ) vai ser testemunha da profiss\u00e3o solene de nove frades da Prov\u00edncia Franciscana da Imaculada Concei\u00e7\u00e3o do Brasil, no dia 6 de dezembro, \u00e0s 16h15.<\/p>\n<p>A profiss\u00e3o solene, o \u00faltimo degrau para um frade ingressar definitivamente na vida religiosa, ser\u00e1 feita pelos jovens Frei Camilo Donizete Evaristo Martins; Frei Alan Maia de Fran\u00e7a Victor; Frei Clovis Pasinato; Frei Edvaldo Batista Soares; Frei Jean Carlos Ajlouni Oliveira; Frei Vanderlei da Silva Neves; Frei F\u00e1bio Jo<img loading=\"lazy\" class=\"alignleft wp-image-74285\" src=\"http:\/\/franciscanos.org.br\/wp-content\/uploads\/2014\/12\/sagrado-400.jpg\" alt=\"sagrado-400\" width=\"219\" height=\"292\" \/>s\u00e9 Gomes; Frei Marcos Vin\u00edcius Br\u00fcgger; e Frei Evaldo Ludwig. O Ministro Provincial Frei Fid\u00eancio Vanboemmel \u00e9 quem vai receber os votos desses jovens que escolheram como tema um trecho da Regra Bulada da Ordem dos Frades Menores: \u201cObservemos a pobreza e a humildade e o santo Evangelho de Nosso Senhor Jesus Cristo que firmemente prometemos\u201d.<\/p>\n<p>Cada um dos nove frades far\u00e3o a profiss\u00e3o onde se comprometem a seguir Jesus Cristo observando os conselhos evang\u00e9licos: \u201cPara louvor e gl\u00f3ria da Sant\u00edssima Trindade, eu, frei\u2026 tendo o Senhor me dado a gra\u00e7a de seguir mais de perto o Evangelho e os passos de Nosso Senhor Jesus Cristo, em tuas m\u00e3os, Frei Fid\u00eancio Vanboemmel, com firme f\u00e9 e vontade, fa\u00e7o voto a Deus, Pai santo e todo-poderoso, de viver por todo o tempo de minha vida, em obedi\u00eancia, sem nada de pr\u00f3prio e em castidade. Ao mesmo tempo, professo a vida e a Regra dos Frades Menores, confirmada pelo Papa Hon\u00f3rio, e prometo observ\u00e1-la fielmente segundo as Constitui\u00e7\u00f5es da Ordem dos Frades Menores. Entrego-me, pois, de todo o cora\u00e7\u00e3o a esta Fraternidade, para que, pela a\u00e7\u00e3o eficaz do Esp\u00edrito Santo, guiado pelo exemplo de Maria Imaculada, por intercess\u00e3o de nosso Pai S\u00e3o Francisco e de todos os santos, e com a ajuda fraterna de todos, eu possa tender constantemente para a perfeita caridade, no servi\u00e7o a Deus, \u00e0 Igreja e aos homens\u201d.<\/p>\n<h3>ALEGRIA<\/h3>\n<p>\u201cQuando lemos nas Fontes Franciscanas que S\u00e3o Francisco de Assis sentiu uma extraordin\u00e1ria alegria espiritual com a chegada e a convers\u00e3o dos primeiros companheiros, e isso porque compreendeu na f\u00e9 que cada irm\u00e3o lhe fora dado pelo Senhor, ele os acolheu como homens de valor, companheiros necess\u00e1rios e amigos fi\u00e9is. Esta mesma alegria espiritual eu sinto dentro de mim, ali\u00e1s, n\u00e3o somente eu, mas toda a nossa Prov\u00edncia e toda a Ordem, diante de um expressivo grupo de jovens que fazem a profiss\u00e3o solene. Portanto, rendamos gra\u00e7as a Deus pela d\u00e1diva da voca\u00e7\u00e3o na vida de cada um desses irm\u00e3os, e juntos oremos para que cada um possa levar a bom termo o prop\u00f3sito do lema que escolheram\u201d, comemora o Ministro Provincial Frei Fid\u00eancio Vanboemmel.<\/p>\n<p>O rito da profiss\u00e3o perp\u00e9tua celebra-se dentro da Missa, com a devida solenidade e a participa\u00e7\u00e3o da comunidade. Depois da leitura do evangelho, come\u00e7a-se o rito na seguinte ordem: chamado do professando; apresenta\u00e7\u00e3o de sua trajet\u00f3ria vocacional; di\u00e1logo com o celebrante; homilia; prostra\u00e7\u00e3o e Ladainha de Todos os Santos; profiss\u00e3o dos votos e b\u00ean\u00e7\u00e3o aos professandos.<\/p>\n<p>Segundo Frei Fid\u00eancio, \u201ca Profiss\u00e3o Solene \u00e9 em primeiro lugar o ponto culminante de uma caminhada formativa amadurecida na f\u00e9, no discernimento e na resposta generosa que se d\u00e1 a uma proposta de inspira\u00e7\u00e3o divina. Em segundo lugar, a profiss\u00e3o solene \u00e9 tamb\u00e9m ponto de partida de um permanente recome\u00e7ar com S\u00e3o Francisco, um reaprender a formar-se e a atualizar-se, em vista da autenticidade evang\u00e9lica que a Deus prometemos\u201d<\/p>\n<p><a href=\"http:\/\/franciscanos.org.br\/wp-content\/uploads\/2014\/12\/FREIS.jpg\"><img loading=\"lazy\" class=\"alignleft size-full wp-image-74440\" src=\"http:\/\/franciscanos.org.br\/wp-content\/uploads\/2014\/12\/FREIS.jpg\" alt=\"FREIS\" width=\"820\" height=\"1241\" \/><\/a><\/p>\n<p>&nbsp;<\/p>\n","protected":false},"excerpt":{"rendered":"<p>Profiss\u00e3o solene em Petr\u00f3polis<\/p>\n","protected":false},"author":1,"featured_media":197357,"comment_status":"open","ping_status":"open","sticky":false,"template":"","format":"standard","meta":[],"categories":[1],"tags":[190,418],"acf":[],"yoast_head":"<!-- This site is optimized with the Yoast SEO plugin v19.2 - https:\/\/yoast.com\/wordpress\/plugins\/seo\/ -->\n<title>Nove frades far\u00e3o a Profiss\u00e3o Solene - Not\u00edcias - Franciscanos<\/title>\n<meta name=\"robots\" content=\"index, follow, max-snippet:-1, max-image-preview:large, max-video-preview:-1\" \/>\n<link rel=\"canonical\" href=\"https:\/\/franciscanos.org.br\/noticias\/alegria-na-provincia-9-frades-farao-a-profissao-solene.html\" \/>\n<meta property=\"og:locale\" content=\"pt_BR\" \/>\n<meta property=\"og:type\" content=\"article\" \/>\n<meta property=\"og:title\" content=\"Nove frades far\u00e3o a Profiss\u00e3o Solene - Not\u00edcias - Franciscanos\" \/>\n<meta property=\"og:description\" content=\"Profiss\u00e3o solene em Petr\u00f3polis\" \/>\n<meta property=\"og:url\" content=\"https:\/\/franciscanos.org.br\/noticias\/alegria-na-provincia-9-frades-farao-a-profissao-solene.html\" \/>\n<meta property=\"og:site_name\" content=\"Not\u00edcias - Franciscanos\" \/>\n<meta property=\"article:published_time\" content=\"2014-12-02T22:01:38+00:00\" \/>\n<meta property=\"article:modified_time\" content=\"2019-02-05T18:35:11+00:00\" \/>\n<meta property=\"og:image\" content=\"https:\/\/franciscanos.org.br\/noticias\/wp-content\/uploads\/2014\/12\/sagrado10.jpg\" \/>\n\t<meta property=\"og:image:width\" content=\"273\" \/>\n\t<meta property=\"og:image:height\" content=\"181\" \/>\n\t<meta property=\"og:image:type\" content=\"image\/jpeg\" \/>\n<meta name=\"author\" content=\"admin\" \/>\n<meta name=\"twitter:card\" content=\"summary_large_image\" \/>\n<meta name=\"twitter:label1\" content=\"Escrito por\" \/>\n\t<meta name=\"twitter:data1\" content=\"admin\" \/>\n\t<meta name=\"twitter:label2\" content=\"Est. tempo de leitura\" \/>\n\t<meta name=\"twitter:data2\" content=\"3 minutos\" \/>\n<script type=\"application\/ld+json\" class=\"yoast-schema-graph\">{\"@context\":\"https:\/\/schema.org\",\"@graph\":[{\"@type\":\"WebSite\",\"@id\":\"https:\/\/franciscanos.org.br\/noticias\/#website\",\"url\":\"https:\/\/franciscanos.org.br\/noticias\/\",\"name\":\"Not\u00edcias - Franciscanos\",\"description\":\"Prov\u00edncia Franciscana da Imaculada Concei\u00e7\u00e3o do Brasil - Ordem dos Frades Menores - OFM\",\"potentialAction\":[{\"@type\":\"SearchAction\",\"target\":{\"@type\":\"EntryPoint\",\"urlTemplate\":\"https:\/\/franciscanos.org.br\/noticias\/?s={search_term_string}\"},\"query-input\":\"required name=search_term_string\"}],\"inLanguage\":\"pt-BR\"},{\"@type\":\"ImageObject\",\"inLanguage\":\"pt-BR\",\"@id\":\"https:\/\/franciscanos.org.br\/noticias\/alegria-na-provincia-9-frades-farao-a-profissao-solene.html#primaryimage\",\"url\":\"https:\/\/franciscanos.org.br\/noticias\/wp-content\/uploads\/2014\/12\/sagrado10.jpg\",\"contentUrl\":\"https:\/\/franciscanos.org.br\/noticias\/wp-content\/uploads\/2014\/12\/sagrado10.jpg\",\"width\":273,\"height\":181},{\"@type\":\"WebPage\",\"@id\":\"https:\/\/franciscanos.org.br\/noticias\/alegria-na-provincia-9-frades-farao-a-profissao-solene.html#webpage\",\"url\":\"https:\/\/franciscanos.org.br\/noticias\/alegria-na-provincia-9-frades-farao-a-profissao-solene.html\",\"name\":\"Nove frades far\u00e3o a Profiss\u00e3o Solene - Not\u00edcias - Franciscanos\",\"isPartOf\":{\"@id\":\"https:\/\/franciscanos.org.br\/noticias\/#website\"},\"primaryImageOfPage\":{\"@id\":\"https:\/\/franciscanos.org.br\/noticias\/alegria-na-provincia-9-frades-farao-a-profissao-solene.html#primaryimage\"},\"datePublished\":\"2014-12-02T22:01:38+00:00\",\"dateModified\":\"2019-02-05T18:35:11+00:00\",\"author\":{\"@id\":\"https:\/\/franciscanos.org.br\/noticias\/#\/schema\/person\/b38fbf43118f02820bd932f2e4b14ad3\"},\"breadcrumb\":{\"@id\":\"https:\/\/franciscanos.org.br\/noticias\/alegria-na-provincia-9-frades-farao-a-profissao-solene.html#breadcrumb\"},\"inLanguage\":\"pt-BR\",\"potentialAction\":[{\"@type\":\"ReadAction\",\"target\":[\"https:\/\/franciscanos.org.br\/noticias\/alegria-na-provincia-9-frades-farao-a-profissao-solene.html\"]}]},{\"@type\":\"BreadcrumbList\",\"@id\":\"https:\/\/franciscanos.org.br\/noticias\/alegria-na-provincia-9-frades-farao-a-profissao-solene.html#breadcrumb\",\"itemListElement\":[{\"@type\":\"ListItem\",\"position\":1,\"name\":\"Home\",\"item\":\"https:\/\/franciscanos.org.br\/noticias\"},{\"@type\":\"ListItem\",\"position\":2,\"name\":\"Nove frades far\u00e3o a Profiss\u00e3o Solene\"}]},{\"@type\":\"Person\",\"@id\":\"https:\/\/franciscanos.org.br\/noticias\/#\/schema\/person\/b38fbf43118f02820bd932f2e4b14ad3\",\"name\":\"admin\",\"image\":{\"@type\":\"ImageObject\",\"inLanguage\":\"pt-BR\",\"@id\":\"https:\/\/franciscanos.org.br\/noticias\/#\/schema\/person\/image\/\",\"url\":\"https:\/\/secure.gravatar.com\/avatar\/e8495742d34d0ba6448ea1c628263b3e?s=96&d=mm&r=g\",\"contentUrl\":\"https:\/\/secure.gravatar.com\/avatar\/e8495742d34d0ba6448ea1c628263b3e?s=96&d=mm&r=g\",\"caption\":\"admin\"},\"url\":\"https:\/\/franciscanos.org.br\/noticias\/author\/admin\"}]}<\/script>\n<!-- \/ Yoast SEO plugin. -->","yoast_head_json":{"title":"Nove frades far\u00e3o a Profiss\u00e3o Solene - Not\u00edcias - Franciscanos","robots":{"index":"index","follow":"follow","max-snippet":"max-snippet:-1","max-image-preview":"max-image-preview:large","max-video-preview":"max-video-preview:-1"},"canonical":"https:\/\/franciscanos.org.br\/noticias\/alegria-na-provincia-9-frades-farao-a-profissao-solene.html","og_locale":"pt_BR","og_type":"article","og_title":"Nove frades far\u00e3o a Profiss\u00e3o Solene - Not\u00edcias - Franciscanos","og_description":"Profiss\u00e3o solene em Petr\u00f3polis","og_url":"https:\/\/franciscanos.org.br\/noticias\/alegria-na-provincia-9-frades-farao-a-profissao-solene.html","og_site_name":"Not\u00edcias - Franciscanos","article_published_time":"2014-12-02T22:01:38+00:00","article_modified_time":"2019-02-05T18:35:11+00:00","og_image":[{"width":273,"height":181,"url":"https:\/\/franciscanos.org.br\/noticias\/wp-content\/uploads\/2014\/12\/sagrado10.jpg","type":"image\/jpeg"}],"author":"admin","twitter_card":"summary_large_image","twitter_misc":{"Escrito por":"admin","Est. tempo de leitura":"3 minutos"},"schema":{"@context":"https:\/\/schema.org","@graph":[{"@type":"WebSite","@id":"https:\/\/franciscanos.org.br\/noticias\/#website","url":"https:\/\/franciscanos.org.br\/noticias\/","name":"Not\u00edcias - Franciscanos","description":"Prov\u00edncia Franciscana da Imaculada Concei\u00e7\u00e3o do Brasil - Ordem dos Frades Menores - OFM","potentialAction":[{"@type":"SearchAction","target":{"@type":"EntryPoint","urlTemplate":"https:\/\/franciscanos.org.br\/noticias\/?s={search_term_string}"},"query-input":"required name=search_term_string"}],"inLanguage":"pt-BR"},{"@type":"ImageObject","inLanguage":"pt-BR","@id":"https:\/\/franciscanos.org.br\/noticias\/alegria-na-provincia-9-frades-farao-a-profissao-solene.html#primaryimage","url":"https:\/\/franciscanos.org.br\/noticias\/wp-content\/uploads\/2014\/12\/sagrado10.jpg","contentUrl":"https:\/\/franciscanos.org.br\/noticias\/wp-content\/uploads\/2014\/12\/sagrado10.jpg","width":273,"height":181},{"@type":"WebPage","@id":"https:\/\/franciscanos.org.br\/noticias\/alegria-na-provincia-9-frades-farao-a-profissao-solene.html#webpage","url":"https:\/\/franciscanos.org.br\/noticias\/alegria-na-provincia-9-frades-farao-a-profissao-solene.html","name":"Nove frades far\u00e3o a Profiss\u00e3o Solene - Not\u00edcias - Franciscanos","isPartOf":{"@id":"https:\/\/franciscanos.org.br\/noticias\/#website"},"primaryImageOfPage":{"@id":"https:\/\/franciscanos.org.br\/noticias\/alegria-na-provincia-9-frades-farao-a-profissao-solene.html#primaryimage"},"datePublished":"2014-12-02T22:01:38+00:00","dateModified":"2019-02-05T18:35:11+00:00","author":{"@id":"https:\/\/franciscanos.org.br\/noticias\/#\/schema\/person\/b38fbf43118f02820bd932f2e4b14ad3"},"breadcrumb":{"@id":"https:\/\/franciscanos.org.br\/noticias\/alegria-na-provincia-9-frades-farao-a-profissao-solene.html#breadcrumb"},"inLanguage":"pt-BR","potentialAction":[{"@type":"ReadAction","target":["https:\/\/franciscanos.org.br\/noticias\/alegria-na-provincia-9-frades-farao-a-profissao-solene.html"]}]},{"@type":"BreadcrumbList","@id":"https:\/\/franciscanos.org.br\/noticias\/alegria-na-provincia-9-frades-farao-a-profissao-solene.html#breadcrumb","itemListElement":[{"@type":"ListItem","position":1,"name":"Home","item":"https:\/\/franciscanos.org.br\/noticias"},{"@type":"ListItem","position":2,"name":"Nove frades far\u00e3o a Profiss\u00e3o Solene"}]},{"@type":"Person","@id":"https:\/\/franciscanos.org.br\/noticias\/#\/schema\/person\/b38fbf43118f02820bd932f2e4b14ad3","name":"admin","image":{"@type":"ImageObject","inLanguage":"pt-BR","@id":"https:\/\/franciscanos.org.br\/noticias\/#\/schema\/person\/image\/","url":"https:\/\/secure.gravatar.com\/avatar\/e8495742d34d0ba6448ea1c628263b3e?s=96&d=mm&r=g","contentUrl":"https:\/\/secure.gravatar.com\/avatar\/e8495742d34d0ba6448ea1c628263b3e?s=96&d=mm&r=g","caption":"admin"},"url":"https:\/\/franciscanos.org.br\/noticias\/author\/admin"}]}},"_links":{"self":[{"href":"https:\/\/franciscanos.org.br\/noticias\/wp-json\/wp\/v2\/posts\/74268"}],"collection":[{"href":"https:\/\/franciscanos.org.br\/noticias\/wp-json\/wp\/v2\/posts"}],"about":[{"href":"https:\/\/franciscanos.org.br\/noticias\/wp-json\/wp\/v2\/types\/post"}],"author":[{"embeddable":true,"href":"https:\/\/franciscanos.org.br\/noticias\/wp-json\/wp\/v2\/users\/1"}],"replies":[{"embeddable":true,"href":"https:\/\/franciscanos.org.br\/noticias\/wp-json\/wp\/v2\/comments?post=74268"}],"version-history":[{"count":0,"href":"https:\/\/franciscanos.org.br\/noticias\/wp-json\/wp\/v2\/posts\/74268\/revisions"}],"wp:featuredmedia":[{"embeddable":true,"href":"https:\/\/franciscanos.org.br\/noticias\/wp-json\/wp\/v2\/media\/197357"}],"wp:attachment":[{"href":"https:\/\/franciscanos.org.br\/noticias\/wp-json\/wp\/v2\/media?parent=74268"}],"wp:term":[{"taxonomy":"category","embeddable":true,"href":"https:\/\/franciscanos.org.br\/noticias\/wp-json\/wp\/v2\/categories?post=74268"},{"taxonomy":"post_tag","embeddable":true,"href":"https:\/\/franciscanos.org.br\/noticias\/wp-json\/wp\/v2\/tags?post=74268"}],"curies":[{"name":"wp","href":"https:\/\/api.w.org\/{rel}","templated":true}]}}