{"id":73828,"date":"2014-12-01T07:14:36","date_gmt":"2014-12-01T09:14:36","guid":{"rendered":"http:\/\/franciscanos.org.br\/?p=73828"},"modified":"2020-06-24T10:35:29","modified_gmt":"2020-06-24T13:35:29","slug":"a-despedida-de-frei-agostinho-piccolo","status":"publish","type":"post","link":"https:\/\/franciscanos.org.br\/noticias\/a-despedida-de-frei-agostinho-piccolo.html","title":{"rendered":"A despedida a Frei Agostinho Piccolo em S\u00e3o Paulo"},"content":{"rendered":"<p><img loading=\"lazy\" src=\"http:\/\/franciscanos.org.br\/wp-content\/uploads\/2014\/12\/agostinho.jpg\" alt=\"agostinho\" width=\"820\" height=\"279\" \/><\/p>\n<p><strong>\u00c9rika Augusto<\/strong><\/p>\n<p><strong>S\u00e3o Paulo (SP)<\/strong> &#8211; A manh\u00e3 foi at\u00edpica na Par\u00f3quia de Santo Ant\u00f4nio do Pari. A not\u00edcia da morte s\u00fabita de Frei Agostinho Salvador Piccolo, de 84 anos, pegou a todos de surpresa. Ele faleceu no noite do dia 28 de novembro, quando estava na rodovi\u00e1ria, regressando para Bragan\u00e7a Paulista, depois de visitar amigos e familiares no Pari. Ele teve um mal s\u00fabito, foi atendido pelo SAMU e levado \u00e0 Santa Casa de Miseric\u00f3rdia, mas n\u00e3o resistiu.<\/p>\n<p>O corpo foi velado na igreja, que durante toda a manh\u00e3 recebeu a visita de centenas de pessoas, dando seu \u00faltimo adeus ao frade. Frei Agostinho nasceu no bairro, e era voca\u00e7\u00e3o da Par\u00f3quia. Trabalhou durante muitos anos no antigo Col\u00e9gio Santo Ant\u00f4nio do Pari, que mais tarde se tornou Bom Jesus, e tamb\u00e9m na par\u00f3quia.<\/p>\n<p>Atualmente Frei Agostinho residia em Bragan\u00e7a Paulista, onde ajudava em diversos servi\u00e7os, entre eles a visita aos doentes nos hospitais. No ano de 2014, em que a par\u00f3quia Santo Ant\u00f4nio do Pari celebrou seu 100\u00b0 anivers\u00e1rio, Frei Agostinho foi presen\u00e7a marcante nas celebra\u00e7\u00f5es. Foi ele quem conduziu o tr\u00edduo do centen\u00e1rio, nos dias 30 e 31 de janeiro e 1\u00b0 de fevereiro. Esteve presente tamb\u00e9m nas celebra\u00e7\u00f5es do dia 2 de fevereiro, na trezena de Santo Ant\u00f4nio e no dia do padroeiro. Sempre que podia o frade estava presente em sua par\u00f3quia. Na tarde do dia 28, antes de seu falecimento, Frei Agostinho esteve no bairro, visitando familiares e amigos.<\/p>\n<p><strong>A \u00faltima celebra\u00e7\u00e3o<\/strong><\/p>\n<p>\u00c0s 14 horas teve in\u00edcio a celebra\u00e7\u00e3o de corpo presente. A missa foi presidida pelo ministro provincial, Frei Fid\u00eancio Vanboemmel, e concelebrada pelos frades das par\u00f3quias de S\u00e3o Paulo, Santo Ant\u00f4nio do Pari, Convento S\u00e3o Francisco, S\u00e3o Francisco da Vila Clementino, e por frades de Bragan\u00e7a Paulista.<\/p>\n<p>No in\u00edcio da celebra\u00e7\u00e3o, Frei Fid\u00eancio destacou a festa celebrada hoje, Todos os Santos da Ordem Franciscana, e exaltou os 84 anos de vida partilhada de Frei Agostinho. A igreja estava repleta de familiares, amigos e paroquianos. Todos muito emocionados, deixavam ali seu \u00faltimo adeus ao confrade. Muitos dos presentes foram companheiros dos tempos de Cruzada e Movimento Mariano, nos seus anos de coroinha na par\u00f3quia, outros eram antigos funcion\u00e1rios, pais e alunos do Col\u00e9gio.<\/p>\n<p>Em sua homilia, Frei Fid\u00eancio falou brevemente sobre a vida e trabalhos de Frei Agostinho. Destacou seu imenso trabalho com a educa\u00e7\u00e3o, nos col\u00e9gios e semin\u00e1rio. Frei Fid\u00eancio recordou que Frei Agostinho era o diretor do Semin\u00e1rio de Agudos em seu tempo de forma\u00e7\u00e3o, e que o frade animava os jovens a buscar sua voca\u00e7\u00e3o franciscana. O ministro provincial agradeceu a Deus pela vida de Frei Agostinho, e \u00e0 fam\u00edlia do frade, por ter dado a todos uma pessoa t\u00e3o especial. A delicadeza e o modo de ser e tratar as pessoas foi recordado, como uma grande caracter\u00edstica.<\/p>\n<p>Outros frades tamb\u00e9m falaram algumas palavras sobre Frei Agostinho. Frei Adriano Freixo, o p\u00e1roco, destacou a presen\u00e7a de Frei Agostinho ao longo deste ano de centen\u00e1rio da Par\u00f3quia do Pari. \u201cParece que Deus esperou os 100 anos da par\u00f3quia para chamar o Frei Agostinho de volta para Ele. Justamente no ano em que n\u00f3s celebramos os 100 anos de nossa par\u00f3quia, Frei Agostinho vai celebrar o Natal do Senhor face a face com Deus\u201d, acrescentou Frei Adriano. O frade destacou ainda a presen\u00e7a de Frei Agostinho como pregador dos festejos do centen\u00e1rio, e disse que Frei Agostinho estava feliz, caminhando com a par\u00f3quia mesmo estando distante. O p\u00e1roco disse ainda que leva com ele a imagem da cordialidade do frade. \u201cO Frei Agostinho transparecia a bondade em suas rela\u00e7\u00f5es, ele era uma pessoa boa com todos, um homem gentil, de bom trato\u201d, afirmou. E agradeceu novamente \u00e0 fam\u00edlia do frade, por compartilhar este momento de despedida com a fraternidade e toda a comunidade.<\/p>\n<p>Frei Carlos, guardi\u00e3o da Fraternidade de Bragan\u00e7a Paulista, partilhou com os presentes o sentimento que estava entre os frades e funcion\u00e1rios em Bragan\u00e7a. Disse que hoje de manh\u00e3, ao sair de l\u00e1 para o vel\u00f3rio, todos se perguntavam: e agora, quem vai fazer tudo aquilo que o Frei Agostinho fazia, quem vai substituir o Frei Agostinho? E a conclus\u00e3o que chegaram foi a de que n\u00e3o tem outro igual ao Frei Agostinho. \u201cEra impressionante, ele cuidava de tudo, sacristia, refeit\u00f3rio, visitava os doentes, os frades acamados, levava comunh\u00e3o, conversava todo dia com os frades doentes\u201d, afirmou Frei Carlos. O frade partilhou com os presentes ainda a rea\u00e7\u00e3o de um frade de 92 anos, que exclamou que ele poderia ter morrido, e n\u00e3o o Frei Agostinho, que estava t\u00e3o ativo, aos 84 anos. \u201cVamos procurar serviu como ele serviu, nos dedicar \u00e0queles idosos como ele se dedicou, e viver com fidelidade a vida franciscana e a vida sacerdotal\u201d, concluiu.<\/p>\n<p>No momento de a\u00e7\u00e3o de gra\u00e7as, a palavra foi aberta para familiares e amigos de Frei Agostinho, para que prestassem ali sua \u00faltima homenagem. Amigos de inf\u00e2ncia, do col\u00e9gio e familiares partilharam com os presentes alguns momentos vividos com Frei Agostinho.<\/p>\n<p>Ao final da missa, os frades fizeram a encomenda\u00e7\u00e3o do corpo. Uma fila de familiares e paroquianos se formou pr\u00f3ximo ao caix\u00e3o, todos querendo se despedir do t\u00e3o querido frade.<\/p>\n<p>O corpo seguiu de carro at\u00e9 o cemit\u00e9rio Sant\u00edssimo Sacramento, onde Frei Adriano conduziu as \u00faltimas homenagens. Frei Agostinho foi enterrado no subsolo da capela da Ordem dos Frades Menores.<\/p>\n<p>A missa de 7\u00b0 dia acontecer\u00e1 no pr\u00f3ximo s\u00e1bado, dia 6 de dezembro, \u00e0s 16 horas.<\/p>\n","protected":false},"excerpt":{"rendered":"<p>Falecimento<\/p>\n","protected":false},"author":1,"featured_media":218913,"comment_status":"open","ping_status":"open","sticky":false,"template":"","format":"standard","meta":[],"categories":[1],"tags":[1160,1314],"acf":[],"yoast_head":"<!-- This site is optimized with the Yoast SEO plugin v19.2 - https:\/\/yoast.com\/wordpress\/plugins\/seo\/ -->\n<title>A despedida a Frei Agostinho Piccolo em S\u00e3o Paulo - Not\u00edcias - Franciscanos<\/title>\n<meta name=\"robots\" content=\"index, follow, max-snippet:-1, max-image-preview:large, max-video-preview:-1\" \/>\n<link rel=\"canonical\" href=\"https:\/\/franciscanos.org.br\/noticias\/a-despedida-de-frei-agostinho-piccolo.html\" \/>\n<meta property=\"og:locale\" content=\"pt_BR\" \/>\n<meta property=\"og:type\" content=\"article\" \/>\n<meta property=\"og:title\" content=\"A despedida a Frei Agostinho Piccolo em S\u00e3o Paulo - Not\u00edcias - Franciscanos\" \/>\n<meta property=\"og:description\" content=\"Falecimento\" \/>\n<meta property=\"og:url\" content=\"https:\/\/franciscanos.org.br\/noticias\/a-despedida-de-frei-agostinho-piccolo.html\" \/>\n<meta property=\"og:site_name\" content=\"Not\u00edcias - Franciscanos\" \/>\n<meta property=\"article:published_time\" content=\"2014-12-01T09:14:36+00:00\" \/>\n<meta property=\"article:modified_time\" content=\"2020-06-24T13:35:29+00:00\" \/>\n<meta property=\"og:image\" content=\"https:\/\/franciscanos.org.br\/noticias\/wp-content\/uploads\/2014\/12\/agostinho.jpg\" \/>\n\t<meta property=\"og:image:width\" content=\"273\" \/>\n\t<meta property=\"og:image:height\" content=\"181\" \/>\n\t<meta property=\"og:image:type\" content=\"image\/jpeg\" \/>\n<meta name=\"author\" content=\"admin\" \/>\n<meta name=\"twitter:card\" content=\"summary_large_image\" \/>\n<meta name=\"twitter:label1\" content=\"Escrito por\" \/>\n\t<meta name=\"twitter:data1\" content=\"admin\" \/>\n\t<meta name=\"twitter:label2\" content=\"Est. tempo de leitura\" \/>\n\t<meta name=\"twitter:data2\" content=\"5 minutos\" \/>\n<script type=\"application\/ld+json\" class=\"yoast-schema-graph\">{\"@context\":\"https:\/\/schema.org\",\"@graph\":[{\"@type\":\"WebSite\",\"@id\":\"https:\/\/franciscanos.org.br\/noticias\/#website\",\"url\":\"https:\/\/franciscanos.org.br\/noticias\/\",\"name\":\"Not\u00edcias - Franciscanos\",\"description\":\"Prov\u00edncia Franciscana da Imaculada Concei\u00e7\u00e3o do Brasil - Ordem dos Frades Menores - OFM\",\"potentialAction\":[{\"@type\":\"SearchAction\",\"target\":{\"@type\":\"EntryPoint\",\"urlTemplate\":\"https:\/\/franciscanos.org.br\/noticias\/?s={search_term_string}\"},\"query-input\":\"required name=search_term_string\"}],\"inLanguage\":\"pt-BR\"},{\"@type\":\"ImageObject\",\"inLanguage\":\"pt-BR\",\"@id\":\"https:\/\/franciscanos.org.br\/noticias\/a-despedida-de-frei-agostinho-piccolo.html#primaryimage\",\"url\":\"https:\/\/franciscanos.org.br\/noticias\/wp-content\/uploads\/2014\/12\/agostinho.jpg\",\"contentUrl\":\"https:\/\/franciscanos.org.br\/noticias\/wp-content\/uploads\/2014\/12\/agostinho.jpg\",\"width\":273,\"height\":181},{\"@type\":\"WebPage\",\"@id\":\"https:\/\/franciscanos.org.br\/noticias\/a-despedida-de-frei-agostinho-piccolo.html#webpage\",\"url\":\"https:\/\/franciscanos.org.br\/noticias\/a-despedida-de-frei-agostinho-piccolo.html\",\"name\":\"A despedida a Frei Agostinho Piccolo em S\u00e3o Paulo - Not\u00edcias - Franciscanos\",\"isPartOf\":{\"@id\":\"https:\/\/franciscanos.org.br\/noticias\/#website\"},\"primaryImageOfPage\":{\"@id\":\"https:\/\/franciscanos.org.br\/noticias\/a-despedida-de-frei-agostinho-piccolo.html#primaryimage\"},\"datePublished\":\"2014-12-01T09:14:36+00:00\",\"dateModified\":\"2020-06-24T13:35:29+00:00\",\"author\":{\"@id\":\"https:\/\/franciscanos.org.br\/noticias\/#\/schema\/person\/b38fbf43118f02820bd932f2e4b14ad3\"},\"breadcrumb\":{\"@id\":\"https:\/\/franciscanos.org.br\/noticias\/a-despedida-de-frei-agostinho-piccolo.html#breadcrumb\"},\"inLanguage\":\"pt-BR\",\"potentialAction\":[{\"@type\":\"ReadAction\",\"target\":[\"https:\/\/franciscanos.org.br\/noticias\/a-despedida-de-frei-agostinho-piccolo.html\"]}]},{\"@type\":\"BreadcrumbList\",\"@id\":\"https:\/\/franciscanos.org.br\/noticias\/a-despedida-de-frei-agostinho-piccolo.html#breadcrumb\",\"itemListElement\":[{\"@type\":\"ListItem\",\"position\":1,\"name\":\"Home\",\"item\":\"https:\/\/franciscanos.org.br\/noticias\"},{\"@type\":\"ListItem\",\"position\":2,\"name\":\"A despedida a Frei Agostinho Piccolo em S\u00e3o Paulo\"}]},{\"@type\":\"Person\",\"@id\":\"https:\/\/franciscanos.org.br\/noticias\/#\/schema\/person\/b38fbf43118f02820bd932f2e4b14ad3\",\"name\":\"admin\",\"image\":{\"@type\":\"ImageObject\",\"inLanguage\":\"pt-BR\",\"@id\":\"https:\/\/franciscanos.org.br\/noticias\/#\/schema\/person\/image\/\",\"url\":\"https:\/\/secure.gravatar.com\/avatar\/e8495742d34d0ba6448ea1c628263b3e?s=96&d=mm&r=g\",\"contentUrl\":\"https:\/\/secure.gravatar.com\/avatar\/e8495742d34d0ba6448ea1c628263b3e?s=96&d=mm&r=g\",\"caption\":\"admin\"},\"url\":\"https:\/\/franciscanos.org.br\/noticias\/author\/admin\"}]}<\/script>\n<!-- \/ Yoast SEO plugin. -->","yoast_head_json":{"title":"A despedida a Frei Agostinho Piccolo em S\u00e3o Paulo - Not\u00edcias - Franciscanos","robots":{"index":"index","follow":"follow","max-snippet":"max-snippet:-1","max-image-preview":"max-image-preview:large","max-video-preview":"max-video-preview:-1"},"canonical":"https:\/\/franciscanos.org.br\/noticias\/a-despedida-de-frei-agostinho-piccolo.html","og_locale":"pt_BR","og_type":"article","og_title":"A despedida a Frei Agostinho Piccolo em S\u00e3o Paulo - Not\u00edcias - Franciscanos","og_description":"Falecimento","og_url":"https:\/\/franciscanos.org.br\/noticias\/a-despedida-de-frei-agostinho-piccolo.html","og_site_name":"Not\u00edcias - Franciscanos","article_published_time":"2014-12-01T09:14:36+00:00","article_modified_time":"2020-06-24T13:35:29+00:00","og_image":[{"width":273,"height":181,"url":"https:\/\/franciscanos.org.br\/noticias\/wp-content\/uploads\/2014\/12\/agostinho.jpg","type":"image\/jpeg"}],"author":"admin","twitter_card":"summary_large_image","twitter_misc":{"Escrito por":"admin","Est. tempo de leitura":"5 minutos"},"schema":{"@context":"https:\/\/schema.org","@graph":[{"@type":"WebSite","@id":"https:\/\/franciscanos.org.br\/noticias\/#website","url":"https:\/\/franciscanos.org.br\/noticias\/","name":"Not\u00edcias - Franciscanos","description":"Prov\u00edncia Franciscana da Imaculada Concei\u00e7\u00e3o do Brasil - Ordem dos Frades Menores - OFM","potentialAction":[{"@type":"SearchAction","target":{"@type":"EntryPoint","urlTemplate":"https:\/\/franciscanos.org.br\/noticias\/?s={search_term_string}"},"query-input":"required name=search_term_string"}],"inLanguage":"pt-BR"},{"@type":"ImageObject","inLanguage":"pt-BR","@id":"https:\/\/franciscanos.org.br\/noticias\/a-despedida-de-frei-agostinho-piccolo.html#primaryimage","url":"https:\/\/franciscanos.org.br\/noticias\/wp-content\/uploads\/2014\/12\/agostinho.jpg","contentUrl":"https:\/\/franciscanos.org.br\/noticias\/wp-content\/uploads\/2014\/12\/agostinho.jpg","width":273,"height":181},{"@type":"WebPage","@id":"https:\/\/franciscanos.org.br\/noticias\/a-despedida-de-frei-agostinho-piccolo.html#webpage","url":"https:\/\/franciscanos.org.br\/noticias\/a-despedida-de-frei-agostinho-piccolo.html","name":"A despedida a Frei Agostinho Piccolo em S\u00e3o Paulo - Not\u00edcias - Franciscanos","isPartOf":{"@id":"https:\/\/franciscanos.org.br\/noticias\/#website"},"primaryImageOfPage":{"@id":"https:\/\/franciscanos.org.br\/noticias\/a-despedida-de-frei-agostinho-piccolo.html#primaryimage"},"datePublished":"2014-12-01T09:14:36+00:00","dateModified":"2020-06-24T13:35:29+00:00","author":{"@id":"https:\/\/franciscanos.org.br\/noticias\/#\/schema\/person\/b38fbf43118f02820bd932f2e4b14ad3"},"breadcrumb":{"@id":"https:\/\/franciscanos.org.br\/noticias\/a-despedida-de-frei-agostinho-piccolo.html#breadcrumb"},"inLanguage":"pt-BR","potentialAction":[{"@type":"ReadAction","target":["https:\/\/franciscanos.org.br\/noticias\/a-despedida-de-frei-agostinho-piccolo.html"]}]},{"@type":"BreadcrumbList","@id":"https:\/\/franciscanos.org.br\/noticias\/a-despedida-de-frei-agostinho-piccolo.html#breadcrumb","itemListElement":[{"@type":"ListItem","position":1,"name":"Home","item":"https:\/\/franciscanos.org.br\/noticias"},{"@type":"ListItem","position":2,"name":"A despedida a Frei Agostinho Piccolo em S\u00e3o Paulo"}]},{"@type":"Person","@id":"https:\/\/franciscanos.org.br\/noticias\/#\/schema\/person\/b38fbf43118f02820bd932f2e4b14ad3","name":"admin","image":{"@type":"ImageObject","inLanguage":"pt-BR","@id":"https:\/\/franciscanos.org.br\/noticias\/#\/schema\/person\/image\/","url":"https:\/\/secure.gravatar.com\/avatar\/e8495742d34d0ba6448ea1c628263b3e?s=96&d=mm&r=g","contentUrl":"https:\/\/secure.gravatar.com\/avatar\/e8495742d34d0ba6448ea1c628263b3e?s=96&d=mm&r=g","caption":"admin"},"url":"https:\/\/franciscanos.org.br\/noticias\/author\/admin"}]}},"_links":{"self":[{"href":"https:\/\/franciscanos.org.br\/noticias\/wp-json\/wp\/v2\/posts\/73828"}],"collection":[{"href":"https:\/\/franciscanos.org.br\/noticias\/wp-json\/wp\/v2\/posts"}],"about":[{"href":"https:\/\/franciscanos.org.br\/noticias\/wp-json\/wp\/v2\/types\/post"}],"author":[{"embeddable":true,"href":"https:\/\/franciscanos.org.br\/noticias\/wp-json\/wp\/v2\/users\/1"}],"replies":[{"embeddable":true,"href":"https:\/\/franciscanos.org.br\/noticias\/wp-json\/wp\/v2\/comments?post=73828"}],"version-history":[{"count":1,"href":"https:\/\/franciscanos.org.br\/noticias\/wp-json\/wp\/v2\/posts\/73828\/revisions"}],"predecessor-version":[{"id":226683,"href":"https:\/\/franciscanos.org.br\/noticias\/wp-json\/wp\/v2\/posts\/73828\/revisions\/226683"}],"wp:featuredmedia":[{"embeddable":true,"href":"https:\/\/franciscanos.org.br\/noticias\/wp-json\/wp\/v2\/media\/218913"}],"wp:attachment":[{"href":"https:\/\/franciscanos.org.br\/noticias\/wp-json\/wp\/v2\/media?parent=73828"}],"wp:term":[{"taxonomy":"category","embeddable":true,"href":"https:\/\/franciscanos.org.br\/noticias\/wp-json\/wp\/v2\/categories?post=73828"},{"taxonomy":"post_tag","embeddable":true,"href":"https:\/\/franciscanos.org.br\/noticias\/wp-json\/wp\/v2\/tags?post=73828"}],"curies":[{"name":"wp","href":"https:\/\/api.w.org\/{rel}","templated":true}]}}