{"id":73813,"date":"2014-11-29T12:57:11","date_gmt":"2014-11-29T14:57:11","guid":{"rendered":"http:\/\/franciscanos.org.br\/?p=73813"},"modified":"2019-04-26T10:46:18","modified_gmt":"2019-04-26T13:46:18","slug":"emocao-no-encerramento-do-triduo","status":"publish","type":"post","link":"https:\/\/franciscanos.org.br\/noticias\/emocao-no-encerramento-do-triduo.html","title":{"rendered":"Emo\u00e7\u00e3o no encerramento do Tr\u00edduo em S\u00e3o Miguel"},"content":{"rendered":"<p><img loading=\"lazy\" src=\"http:\/\/franciscanos.org.br\/wp-content\/uploads\/2014\/11\/alto2.jpg\" alt=\"alto\" width=\"820\" height=\"439\" \/><\/p>\n<p><strong>Moacir Beggo<\/strong><\/p>\n<p><strong>S\u00e3o Miguel (RN)<\/strong> &#8211;\u00a0N\u00e3o poderia ser diferente. O encerramento do Tr\u00edduo preparat\u00f3rio para a ordena\u00e7\u00e3o presbiteral de Frei Paulijacson Pessoa de Moura, em S\u00e3o Miguel (RN), terminou com muita emo\u00e7\u00e3o.<\/p>\n<p>O \u00f4nibus levando 44 gasparenses para S\u00e3o Miguel deixou Natal, a capital potiguar, \u00e0s 10 horas desta sexta-feira e chegou faltando dez minutos para ter in\u00edcio a celebra\u00e7\u00e3o do \u00faltimo dia do Tr\u00edduo. Com um foguet\u00f3rio, o povo veio para a pra\u00e7a receber os catarinenses numa demonstra\u00e7\u00e3o de carinho e bem-querer, como \u00e9 pr\u00f3prio do povo nordestino, sempre muito acolhedor.<\/p>\n<div id=\"attachment_73823\" style=\"width: 410px\" class=\"wp-caption alignright\"><a href=\"http:\/\/franciscanos.org.br\/wp-content\/uploads\/2014\/11\/juramento.jpg\"><img aria-describedby=\"caption-attachment-73823\" loading=\"lazy\" class=\"wp-image-73823 size-full\" src=\"http:\/\/franciscanos.org.br\/wp-content\/uploads\/2014\/11\/juramento.jpg\" alt=\"juramento\" width=\"400\" height=\"300\" \/><\/a><p id=\"caption-attachment-73823\" class=\"wp-caption-text\">Juramento para toda a vida<\/p><\/div>\n<p>Frei Diego Melo, coordenador do Servi\u00e7o de Anima\u00e7\u00e3o Vocacional da Prov\u00edncia da Imaculada Concei\u00e7\u00e3o, presidiu a celebra\u00e7\u00e3o eucar\u00edstica, tendo como concelebrantes os di\u00e1conos Frei Paulijacon e Frei S\u00e9rgio Silas Damasceno, recentemente ordenado di\u00e1cono em Curitiba. Num come\u00e7o de noite muito agrad\u00e1vel, a Matriz de S\u00e3o Miguel ficou lotada.<\/p>\n<p>Frei Diego recordou na homilia que, no primeiro dia do Tr\u00edduo, o tema foi o batismo, raiz e mist\u00e9rio de todas as voca\u00e7\u00f5es; na quinta-feira, lembrou-se da voca\u00e7\u00e3o que Frei Paulo assumiu como religioso consagrado: \u201cSer luz de Deus no mundo como frade franciscano\u201d; e, nesta sexta, concluindo o Tr\u00edduo, Frei Diego falou sobre o servi\u00e7o que Frei Paulijacson vai assumir ao se colocar a servi\u00e7o da Igreja. &#8220;Ou seja, al\u00e9m de religioso, Frei Paulo quer ser sacerdote, um presb\u00edtero, um padre. E o que significa isso? Significa trazer para o meio do povo a Eucaristia. Ser sacerdote significa acolher os mais necessitados, pois o Cristo se faz presente no meio deles&#8221;, disse o celebrante.<\/p>\n<p>&#8220;O Cristo Eucar\u00edstico tamb\u00e9m se faz presente todas as vezes que esse sacerdote se coloca de joelhos, se prostra para lavar os p\u00e9s daqueles que lhes foram confiados. Como presb\u00edtero, Frei Paulijacson sabe que est\u00e1 assumindo o minist\u00e9rio do servi\u00e7o para toda a sua vida. Ser padre n\u00e3o significa ser promovido, n\u00e3o significa adquirir um status, ser padre n\u00e3o significa estar acima das demais voca\u00e7\u00f5es. Ser padre significa colocar-se de joelhos diante de todos, reconhecendo que em cada pessoa, em cada irm\u00e3o e irm\u00e3, que ali est\u00e1 a presen\u00e7a de Jesus. Portanto, o verdadeiro sacerdote, aquele que entende esta m\u00edstica com o mesmo amor, com a mesma rever\u00eancia que ele celebra a Santa Missa, se aproxima das pessoas, sabe ouvi-las, trata-las bem, tem paci\u00eancia, \u00a0\u00a0al\u00e9m de suas for\u00e7as, porque nesses irm\u00e3os e irm\u00e3s est\u00e1 tamb\u00e9m a presen\u00e7a do Cristo&#8221;, acrescentou.<\/p>\n<div id=\"attachment_73822\" style=\"width: 368px\" class=\"wp-caption alignleft\"><a href=\"http:\/\/franciscanos.org.br\/wp-content\/uploads\/2014\/11\/sobrinha.jpg\"><img aria-describedby=\"caption-attachment-73822\" loading=\"lazy\" class=\"wp-image-73822 size-full\" src=\"http:\/\/franciscanos.org.br\/wp-content\/uploads\/2014\/11\/sobrinha.jpg\" alt=\"sobrinha\" width=\"358\" height=\"375\" \/><\/a><p id=\"caption-attachment-73822\" class=\"wp-caption-text\">O carinho da sobrinha Lorena<\/p><\/div>\n<p>Em seguida, Frei Diego explicou que Frei Paulijacson iria fazer a sua \u00faltima profiss\u00e3o: o juramento de fidelidade. &#8220;Ele promete ser fiel, antes de mais nada, no servi\u00e7o ao povo de Deus, fiel em estar \u00e0 disposi\u00e7\u00e3o daqueles que mais precisam&#8221;, explicou, enquanto Frei Paulijacson, com as m\u00e3os sobre o Evangelho, fez o juramento.<\/p>\n<p>Mas esse era s\u00f3 o come\u00e7o de muita emo\u00e7\u00e3o na noite. Logo em seguida, Frei Diego chamou a m\u00e3e de Frei Paulijacson, Dona Elisabeth, para o altar. &#8220;A m\u00e3e, aquela que mais serviu o filho, aquela que mais lavou os p\u00e9s do filho, no seu minist\u00e9rio materno, sem d\u00favida alguma, entregou boa parte de sua vida nesse lava-p\u00e9s&#8221;, adiantou Frei Diego, explicando que hoje, Frei Paulijacson iria simbolicamente retribuir todo o minist\u00e9rio da m\u00e3e. &#8220;Essa m\u00e3e que tanto fez pelo filho, hoje ela vai ajudar esse filho a exercer esse servi\u00e7o&#8221;, acrescentou.<\/p>\n<div id=\"attachment_73817\" style=\"width: 374px\" class=\"wp-caption alignright\"><a href=\"http:\/\/franciscanos.org.br\/wp-content\/uploads\/2014\/11\/donamaria.jpg\"><img aria-describedby=\"caption-attachment-73817\" loading=\"lazy\" class=\"wp-image-73817 size-full\" src=\"http:\/\/franciscanos.org.br\/wp-content\/uploads\/2014\/11\/donamaria.jpg\" alt=\"donamaria\" width=\"364\" height=\"433\" \/><\/a><p id=\"caption-attachment-73817\" class=\"wp-caption-text\">Dona Maria Dantas<\/p><\/div>\n<p>Com o canto &#8220;Prova de amor maior n\u00e3o h\u00e1 que doar a vida pelo pr\u00f3prio irm\u00e3o&#8230;&#8221;, Frei Paulijacson se ajoelho diante da m\u00e3e, lavou os seus p\u00e9s, beijou-os, deixando a m\u00e3e em prantos. Depois da comunh\u00e3o, a sobrinha Lorena fez uma homenagem ao tio, exaltando o seu exemplo, carinho e o sorriso, uma &#8220;marca registrada&#8221; do tio.<\/p>\n<p>Na b\u00ean\u00e7\u00e3o final, Frei Paulijacson chamou toda a sua fam\u00edlia para o altar e fez sua av\u00f3, Dona Maria Santas, passar mal. Frei Diego, ent\u00e3o, contou que nesses dias tinha ouvido das pessoas que estavam tristes porque Frei Paulijacson iria embora para sempre. O celebrante \u00a0explicou que \u00a0Frei Paulijacson estava apenas ganhando mais uma fam\u00edlia e chamou o grupo de gasparenses para apresent\u00e1-lo ao povo. Ainda antes de terminar a celebra\u00e7\u00e3o, chegou tamb\u00e9m um grupo do Rio de Janeiro, que veio representar o povo da Baixada Fluminense, j\u00e1 que conhece bem Frei Paulijacson por sua pastoral nos finais de semana como estudante de Teologia em Petr\u00f3polis.<\/p>\n<p>Neste s\u00e1bado, dia 29 de novembro, o momento mais importante na caminhada vocacional de Frei Paulijacson Pessoa de Moura: a ordena\u00e7\u00e3o presbiteral. Ele ser\u00e1 ordenado presb\u00edtero por Dom Bernardo Bahlmann, bispo de \u00d3bidos, \u00e0s 18 horas.<\/p>\n<p><strong>Abaixo, a galeria de fotos desde a chegada do grupo de Gaspar a S\u00e3o Miguel, o in\u00edcio da celebra\u00e7\u00e3o, a homilia de Frei Diego, o juramento de Frei Paulijacson, o lavap\u00e9s, a consagra\u00e7\u00e3o eucar\u00edstica, a homenagem da sobrinha, a fam\u00edlia e o encerramento com o grupo de Gaspar.<\/strong><\/p>\n<p><img class=\"ngg_displayed_gallery mceItem\" src=\"http:\/\/franciscanos.org.br\/index.php\/nextgen-attach_to_post\/preview\/id--73814\" alt=\"\" \/><\/p>\n","protected":false},"excerpt":{"rendered":"<p>Ordena\u00e7\u00e3o presbiteral<\/p>\n","protected":false},"author":1,"featured_media":203533,"comment_status":"open","ping_status":"open","sticky":false,"template":"","format":"standard","meta":[],"categories":[1],"tags":[1445,157],"acf":[],"yoast_head":"<!-- This site is optimized with the Yoast SEO plugin v19.2 - https:\/\/yoast.com\/wordpress\/plugins\/seo\/ -->\n<title>Emo\u00e7\u00e3o no encerramento do Tr\u00edduo em S\u00e3o Miguel - Not\u00edcias - Franciscanos<\/title>\n<meta name=\"robots\" content=\"index, follow, max-snippet:-1, max-image-preview:large, max-video-preview:-1\" \/>\n<link rel=\"canonical\" href=\"https:\/\/franciscanos.org.br\/noticias\/emocao-no-encerramento-do-triduo.html\" \/>\n<meta property=\"og:locale\" content=\"pt_BR\" \/>\n<meta property=\"og:type\" content=\"article\" \/>\n<meta property=\"og:title\" content=\"Emo\u00e7\u00e3o no encerramento do Tr\u00edduo em S\u00e3o Miguel - Not\u00edcias - Franciscanos\" \/>\n<meta property=\"og:description\" content=\"Ordena\u00e7\u00e3o presbiteral\" \/>\n<meta property=\"og:url\" content=\"https:\/\/franciscanos.org.br\/noticias\/emocao-no-encerramento-do-triduo.html\" \/>\n<meta property=\"og:site_name\" content=\"Not\u00edcias - Franciscanos\" \/>\n<meta property=\"article:published_time\" content=\"2014-11-29T14:57:11+00:00\" \/>\n<meta property=\"article:modified_time\" content=\"2019-04-26T13:46:18+00:00\" \/>\n<meta property=\"og:image\" content=\"https:\/\/franciscanos.org.br\/noticias\/wp-content\/uploads\/2014\/11\/alto2.jpg\" \/>\n\t<meta property=\"og:image:width\" content=\"273\" \/>\n\t<meta property=\"og:image:height\" content=\"181\" \/>\n\t<meta property=\"og:image:type\" content=\"image\/jpeg\" \/>\n<meta name=\"author\" content=\"admin\" \/>\n<meta name=\"twitter:card\" content=\"summary_large_image\" \/>\n<meta name=\"twitter:label1\" content=\"Escrito por\" \/>\n\t<meta name=\"twitter:data1\" content=\"admin\" \/>\n\t<meta name=\"twitter:label2\" content=\"Est. tempo de leitura\" \/>\n\t<meta name=\"twitter:data2\" content=\"5 minutos\" \/>\n<script type=\"application\/ld+json\" class=\"yoast-schema-graph\">{\"@context\":\"https:\/\/schema.org\",\"@graph\":[{\"@type\":\"WebSite\",\"@id\":\"https:\/\/franciscanos.org.br\/noticias\/#website\",\"url\":\"https:\/\/franciscanos.org.br\/noticias\/\",\"name\":\"Not\u00edcias - Franciscanos\",\"description\":\"Prov\u00edncia Franciscana da Imaculada Concei\u00e7\u00e3o do Brasil - Ordem dos Frades Menores - OFM\",\"potentialAction\":[{\"@type\":\"SearchAction\",\"target\":{\"@type\":\"EntryPoint\",\"urlTemplate\":\"https:\/\/franciscanos.org.br\/noticias\/?s={search_term_string}\"},\"query-input\":\"required name=search_term_string\"}],\"inLanguage\":\"pt-BR\"},{\"@type\":\"ImageObject\",\"inLanguage\":\"pt-BR\",\"@id\":\"https:\/\/franciscanos.org.br\/noticias\/emocao-no-encerramento-do-triduo.html#primaryimage\",\"url\":\"https:\/\/franciscanos.org.br\/noticias\/wp-content\/uploads\/2014\/11\/alto2.jpg\",\"contentUrl\":\"https:\/\/franciscanos.org.br\/noticias\/wp-content\/uploads\/2014\/11\/alto2.jpg\",\"width\":273,\"height\":181},{\"@type\":\"WebPage\",\"@id\":\"https:\/\/franciscanos.org.br\/noticias\/emocao-no-encerramento-do-triduo.html#webpage\",\"url\":\"https:\/\/franciscanos.org.br\/noticias\/emocao-no-encerramento-do-triduo.html\",\"name\":\"Emo\u00e7\u00e3o no encerramento do Tr\u00edduo em S\u00e3o Miguel - Not\u00edcias - Franciscanos\",\"isPartOf\":{\"@id\":\"https:\/\/franciscanos.org.br\/noticias\/#website\"},\"primaryImageOfPage\":{\"@id\":\"https:\/\/franciscanos.org.br\/noticias\/emocao-no-encerramento-do-triduo.html#primaryimage\"},\"datePublished\":\"2014-11-29T14:57:11+00:00\",\"dateModified\":\"2019-04-26T13:46:18+00:00\",\"author\":{\"@id\":\"https:\/\/franciscanos.org.br\/noticias\/#\/schema\/person\/b38fbf43118f02820bd932f2e4b14ad3\"},\"breadcrumb\":{\"@id\":\"https:\/\/franciscanos.org.br\/noticias\/emocao-no-encerramento-do-triduo.html#breadcrumb\"},\"inLanguage\":\"pt-BR\",\"potentialAction\":[{\"@type\":\"ReadAction\",\"target\":[\"https:\/\/franciscanos.org.br\/noticias\/emocao-no-encerramento-do-triduo.html\"]}]},{\"@type\":\"BreadcrumbList\",\"@id\":\"https:\/\/franciscanos.org.br\/noticias\/emocao-no-encerramento-do-triduo.html#breadcrumb\",\"itemListElement\":[{\"@type\":\"ListItem\",\"position\":1,\"name\":\"Home\",\"item\":\"https:\/\/franciscanos.org.br\/noticias\"},{\"@type\":\"ListItem\",\"position\":2,\"name\":\"Emo\u00e7\u00e3o no encerramento do Tr\u00edduo em S\u00e3o Miguel\"}]},{\"@type\":\"Person\",\"@id\":\"https:\/\/franciscanos.org.br\/noticias\/#\/schema\/person\/b38fbf43118f02820bd932f2e4b14ad3\",\"name\":\"admin\",\"image\":{\"@type\":\"ImageObject\",\"inLanguage\":\"pt-BR\",\"@id\":\"https:\/\/franciscanos.org.br\/noticias\/#\/schema\/person\/image\/\",\"url\":\"https:\/\/secure.gravatar.com\/avatar\/e8495742d34d0ba6448ea1c628263b3e?s=96&d=mm&r=g\",\"contentUrl\":\"https:\/\/secure.gravatar.com\/avatar\/e8495742d34d0ba6448ea1c628263b3e?s=96&d=mm&r=g\",\"caption\":\"admin\"},\"url\":\"https:\/\/franciscanos.org.br\/noticias\/author\/admin\"}]}<\/script>\n<!-- \/ Yoast SEO plugin. -->","yoast_head_json":{"title":"Emo\u00e7\u00e3o no encerramento do Tr\u00edduo em S\u00e3o Miguel - Not\u00edcias - Franciscanos","robots":{"index":"index","follow":"follow","max-snippet":"max-snippet:-1","max-image-preview":"max-image-preview:large","max-video-preview":"max-video-preview:-1"},"canonical":"https:\/\/franciscanos.org.br\/noticias\/emocao-no-encerramento-do-triduo.html","og_locale":"pt_BR","og_type":"article","og_title":"Emo\u00e7\u00e3o no encerramento do Tr\u00edduo em S\u00e3o Miguel - Not\u00edcias - Franciscanos","og_description":"Ordena\u00e7\u00e3o presbiteral","og_url":"https:\/\/franciscanos.org.br\/noticias\/emocao-no-encerramento-do-triduo.html","og_site_name":"Not\u00edcias - Franciscanos","article_published_time":"2014-11-29T14:57:11+00:00","article_modified_time":"2019-04-26T13:46:18+00:00","og_image":[{"width":273,"height":181,"url":"https:\/\/franciscanos.org.br\/noticias\/wp-content\/uploads\/2014\/11\/alto2.jpg","type":"image\/jpeg"}],"author":"admin","twitter_card":"summary_large_image","twitter_misc":{"Escrito por":"admin","Est. tempo de leitura":"5 minutos"},"schema":{"@context":"https:\/\/schema.org","@graph":[{"@type":"WebSite","@id":"https:\/\/franciscanos.org.br\/noticias\/#website","url":"https:\/\/franciscanos.org.br\/noticias\/","name":"Not\u00edcias - Franciscanos","description":"Prov\u00edncia Franciscana da Imaculada Concei\u00e7\u00e3o do Brasil - Ordem dos Frades Menores - OFM","potentialAction":[{"@type":"SearchAction","target":{"@type":"EntryPoint","urlTemplate":"https:\/\/franciscanos.org.br\/noticias\/?s={search_term_string}"},"query-input":"required name=search_term_string"}],"inLanguage":"pt-BR"},{"@type":"ImageObject","inLanguage":"pt-BR","@id":"https:\/\/franciscanos.org.br\/noticias\/emocao-no-encerramento-do-triduo.html#primaryimage","url":"https:\/\/franciscanos.org.br\/noticias\/wp-content\/uploads\/2014\/11\/alto2.jpg","contentUrl":"https:\/\/franciscanos.org.br\/noticias\/wp-content\/uploads\/2014\/11\/alto2.jpg","width":273,"height":181},{"@type":"WebPage","@id":"https:\/\/franciscanos.org.br\/noticias\/emocao-no-encerramento-do-triduo.html#webpage","url":"https:\/\/franciscanos.org.br\/noticias\/emocao-no-encerramento-do-triduo.html","name":"Emo\u00e7\u00e3o no encerramento do Tr\u00edduo em S\u00e3o Miguel - Not\u00edcias - Franciscanos","isPartOf":{"@id":"https:\/\/franciscanos.org.br\/noticias\/#website"},"primaryImageOfPage":{"@id":"https:\/\/franciscanos.org.br\/noticias\/emocao-no-encerramento-do-triduo.html#primaryimage"},"datePublished":"2014-11-29T14:57:11+00:00","dateModified":"2019-04-26T13:46:18+00:00","author":{"@id":"https:\/\/franciscanos.org.br\/noticias\/#\/schema\/person\/b38fbf43118f02820bd932f2e4b14ad3"},"breadcrumb":{"@id":"https:\/\/franciscanos.org.br\/noticias\/emocao-no-encerramento-do-triduo.html#breadcrumb"},"inLanguage":"pt-BR","potentialAction":[{"@type":"ReadAction","target":["https:\/\/franciscanos.org.br\/noticias\/emocao-no-encerramento-do-triduo.html"]}]},{"@type":"BreadcrumbList","@id":"https:\/\/franciscanos.org.br\/noticias\/emocao-no-encerramento-do-triduo.html#breadcrumb","itemListElement":[{"@type":"ListItem","position":1,"name":"Home","item":"https:\/\/franciscanos.org.br\/noticias"},{"@type":"ListItem","position":2,"name":"Emo\u00e7\u00e3o no encerramento do Tr\u00edduo em S\u00e3o Miguel"}]},{"@type":"Person","@id":"https:\/\/franciscanos.org.br\/noticias\/#\/schema\/person\/b38fbf43118f02820bd932f2e4b14ad3","name":"admin","image":{"@type":"ImageObject","inLanguage":"pt-BR","@id":"https:\/\/franciscanos.org.br\/noticias\/#\/schema\/person\/image\/","url":"https:\/\/secure.gravatar.com\/avatar\/e8495742d34d0ba6448ea1c628263b3e?s=96&d=mm&r=g","contentUrl":"https:\/\/secure.gravatar.com\/avatar\/e8495742d34d0ba6448ea1c628263b3e?s=96&d=mm&r=g","caption":"admin"},"url":"https:\/\/franciscanos.org.br\/noticias\/author\/admin"}]}},"_links":{"self":[{"href":"https:\/\/franciscanos.org.br\/noticias\/wp-json\/wp\/v2\/posts\/73813"}],"collection":[{"href":"https:\/\/franciscanos.org.br\/noticias\/wp-json\/wp\/v2\/posts"}],"about":[{"href":"https:\/\/franciscanos.org.br\/noticias\/wp-json\/wp\/v2\/types\/post"}],"author":[{"embeddable":true,"href":"https:\/\/franciscanos.org.br\/noticias\/wp-json\/wp\/v2\/users\/1"}],"replies":[{"embeddable":true,"href":"https:\/\/franciscanos.org.br\/noticias\/wp-json\/wp\/v2\/comments?post=73813"}],"version-history":[{"count":0,"href":"https:\/\/franciscanos.org.br\/noticias\/wp-json\/wp\/v2\/posts\/73813\/revisions"}],"wp:featuredmedia":[{"embeddable":true,"href":"https:\/\/franciscanos.org.br\/noticias\/wp-json\/wp\/v2\/media\/203533"}],"wp:attachment":[{"href":"https:\/\/franciscanos.org.br\/noticias\/wp-json\/wp\/v2\/media?parent=73813"}],"wp:term":[{"taxonomy":"category","embeddable":true,"href":"https:\/\/franciscanos.org.br\/noticias\/wp-json\/wp\/v2\/categories?post=73813"},{"taxonomy":"post_tag","embeddable":true,"href":"https:\/\/franciscanos.org.br\/noticias\/wp-json\/wp\/v2\/tags?post=73813"}],"curies":[{"name":"wp","href":"https:\/\/api.w.org\/{rel}","templated":true}]}}