{"id":73538,"date":"2014-11-26T12:00:02","date_gmt":"2014-11-26T14:00:02","guid":{"rendered":"http:\/\/franciscanos.org.br\/?p=73538"},"modified":"2019-01-28T17:20:20","modified_gmt":"2019-01-28T19:20:20","slug":"confira-os-ultimos-lancamentos-3","status":"publish","type":"post","link":"https:\/\/franciscanos.org.br\/noticias\/confira-os-ultimos-lancamentos-3.html","title":{"rendered":"Confira os \u00faltimos lan\u00e7amentos"},"content":{"rendered":"<p>A Editora Vozes apresenta seus \u00faltimos lan\u00e7amentos. Confira:<\/p>\n<h4><strong><a href=\"http:\/\/franciscanos.org.br\/wp-content\/uploads\/2014\/11\/as-12-parabolas.jpg\"><img loading=\"lazy\" class=\"alignleft size-full wp-image-73545\" src=\"http:\/\/franciscanos.org.br\/wp-content\/uploads\/2014\/11\/as-12-parabolas.jpg\" alt=\"as-12-parabolas\" width=\"200\" height=\"290\" \/><\/a>As 12 par\u00e1bolas de Jesus<\/strong><\/h4>\n<p><em>Pe. Guilherme Daniel Micheletti<\/em><\/p>\n<p>Muitos documentos da Igreja oferecem esclarecedoras palavras sobre o destacado papel que possui a B\u00edblia na Catequese, sendo que a Catequese se faz com a B\u00edblia, ligando-a \u00e0 liturgia, \u00e0 caridade e \u00e0 doutrina; n\u00e3o apenas isso, tamb\u00e9m deve ser feita catequese da B\u00edblia, procurando conhecer a B\u00edblia por aquilo que ela \u00e9 no seu contexto e para a vida de hoje. Deste modo, na catequese, descobrimos a centralidade da Palavra de Deus, pois, a catequese, em suas diversas formas e fases, sempre acompanhou o povo de Deus, colocando no centro de sua pedagogia a explica\u00e7\u00e3o das Escrituras, que somente Cristo \u00e9 capaz de dar, mostrando o seu cumprimento em si mesmo.<\/p>\n<p>Este livro servir\u00e1, portanto, de apoio para que os catequistas conduzam seus catequizandos a entrar na intimidade fraterna com Jesus, para disp\u00f4-los a uma escolha fundamental de vida: escolher Jesus como Mestre privilegiado. Que Jesus seja o centro, o ponto de refer\u00eancia para o cora\u00e7\u00e3o e para a vida dos catequizandos, levando-os a assumir com fidelidade filial esta proposta de vida.<\/p>\n<p><em>Pe. Guilherme Daniel Micheletti \u00e9 mestre em Ci\u00eancias da Educa\u00e7\u00e3o com especializa\u00e7\u00e3o em pedagogia pela Faculdade Pontif\u00edca Auxilium de Roma. Professor de \u201cPastoral Catequ\u00e9tica\u201d e \u201cDeus e Cria\u00e7\u00e3o\u201d no Instituto de Teologia de Santo Andr\u00e9. Membro de grupo de Catequetas da Dimens\u00e3o B\u00edblico-Catequ\u00e9tico da CNBB. S\u00f3cio Fundador da Sociedade Brasileira de Catequese. \u00c9 autor de v\u00e1rios livros para a forma\u00e7\u00e3o de catequistas.<\/em><\/p>\n<p><strong>N\u00ba DE P\u00c1GINAS<\/strong><strong>:\u00a0152<\/strong><\/p>\n<h4><strong><a href=\"http:\/\/franciscanos.org.br\/wp-content\/uploads\/2014\/11\/o-ceu-comeca-em-voce.jpg\"><img loading=\"lazy\" class=\"alignleft size-full wp-image-73546\" src=\"http:\/\/franciscanos.org.br\/wp-content\/uploads\/2014\/11\/o-ceu-comeca-em-voce.jpg\" alt=\"o-ceu-comeca-em-voce\" width=\"200\" height=\"287\" \/><\/a>O c\u00e9u come\u00e7a em voc\u00ea<\/strong><\/h4>\n<p><em>Anselm Gr\u00fcn<\/em><\/p>\n<p><em>\u201cO c\u00e9u come\u00e7a em voc\u00ea\u201d<\/em> marcou o in\u00edcio da difus\u00e3o dos pensamentos do autor Anselm Gr\u00fcn no Brasil. At\u00e9 hoje j\u00e1 foram publicadas 22 edi\u00e7\u00f5es e esta especial \u00e9 em comemora\u00e7\u00e3o ao 70\u00ba anivers\u00e1rio do autor.<\/p>\n<p>Esta edi\u00e7\u00e3o comemorativa traz, al\u00e9m da sabedoria dos Padres do Deserto, imagens do autor tiradas em sua visita ao Brasil em setembro de 2014.<\/p>\n<p>Segundo o autor ele escreveu o livro tendo em vista muitos crist\u00e3os que buscavam progredir em seu caminho espiritual. Eles se esfor\u00e7avam para corresponder cada vez mais \u00e0 imagem de Jesus. Todavia, muitas vezes n\u00e3o faziam progressos, justamente porque passavam por cima de sua pr\u00f3pria realidade. Foi nessa situa\u00e7\u00e3o que a espiritualidade dos Padres do Deserto apresentou-se ao autor como uma fonte importante, de modo que pudesse apontar-lhes um outro caminho, um caminho que come\u00e7a em nosso cora\u00e7\u00e3o. Trata-se da espiritualidade a partir da base, uma espiritualidade que ouve a voz de Deus em nosso pr\u00f3prio cora\u00e7\u00e3o, de modo que todos os recantos de nosso corpo e de nossa alma possam ser transformados pelo Esp\u00edrito de Deus.<\/p>\n<p>Os Padres do Deserto eram homens que abandonavam o conforto da cidade, em vista do relaxamento dos costumes, e iam para o deserto trabalhar, orar e jejuar. No deserto, lutavam com os dem\u00f4nios e conseguiam a serenidade espiritual.<\/p>\n<p><em>Autor reconhecido no mundo inteiro por seus in\u00fameros livros publicados em mais de 28 l\u00ednguas, o monge beneditino Anselm Gr\u00fcn, da Abadia de M\u00fcnsterschwarzach (Alemanha), une a capacidade \u00edmpar de falar de coisas profundas com simplicidade e expressar com palavras aquilo que as pessoas experimentam em seu cora\u00e7\u00e3o. Procurado como palestrante e conselheiro na Alemanha e em todo o mundo, tornou-se \u00edcone da espiritualidade e mestre do autoconhecimento em nossos dias. Tem dezenas de obras publicadas no Brasil.<\/em><\/p>\n<p><strong>N\u00ba DE P\u00c1GINAS<\/strong><strong>:\u00a0176<\/strong><\/p>\n<h4><strong><a href=\"http:\/\/franciscanos.org.br\/wp-content\/uploads\/2014\/11\/olhos-fixos-em-jesus.jpg\"><img loading=\"lazy\" class=\"alignleft size-full wp-image-73547\" src=\"http:\/\/franciscanos.org.br\/wp-content\/uploads\/2014\/11\/olhos-fixos-em-jesus.jpg\" alt=\"olhos-fixos-em-jesus\" width=\"200\" height=\"312\" \/><\/a>Olhos fixos em Jesus \u2013 nos umbrais da f\u00e9<\/strong><\/h4>\n<p><em>Dolores Aleixandre Parra, Juan Mart\u00edn Velasco e Jos\u00e9 Antonio Pagola<\/em><\/p>\n<p>Os olhos permitem o jogo dos olhares. O olhar do crente em Jesus, um olhar contemplativo e agradecido daquele que em seu cora\u00e7\u00e3o sabe em quem confiou. E o olhar de Jesus nele, um olhar que enche de alegria e de paz, e que faz a vida transparecer abund\u00e2ncia e plenitude.<\/p>\n<p>Tr\u00eas dos mais importantes e significativos autores no campo do pensamento religioso e teol\u00f3gico espanhol brindam-nos com suas reflex\u00f5es a prop\u00f3sito da f\u00e9. Com os olhos fixos em Jesus, cada qual com seu estilo e seu g\u00eanio particular, vai extraindo aqueles aspectos relativos \u00e0 f\u00e9 crist\u00e3 que podem ajudar os leitores a personaliz\u00e1-la e faz\u00ea-la cada vez mais pr\u00f3pria. As diferentes pistas para a reflex\u00e3o pessoal ou em grupo que acompanham os textos oferecem tamb\u00e9m diferentes modos de leitura do livro e a possibilidade de poder trabalhar com ele.<\/p>\n<p><em>Dolores Aleixandre Parra, <\/em><em>RSCJ, foi professora de Sagrada Escritura na Universidad Pontificia Comillas (Madri). Colabora habitualmente nas revistas Sal Terrae, Alandar e Vida Nueva. \u00c9 autora de mais de uma d\u00fazia de livros. <\/em><\/p>\n<p><em>Juan Mart\u00edn Velasco <\/em><em>\u00e9 professor em\u00e9rito da Universidade Pontif\u00edcia de Salamanca. Foi diretor do Instituto Superior de Pastoral (Madri) durante dezesseis anos e reitor do Semin\u00e1rio Conciliar de Madri de 1977 a 1987. Autor de numerosas obras e artigos sobre filosofia e fenomenologia da religi\u00e3o. <\/em><\/p>\n<p><em>Jos\u00e9 Antonio Pagola <\/em><em>foi vig\u00e1rio episcopal da diocese de San Sebasti\u00e1n durante mais de vinte anos e diretor do Instituto de Teologia e Pastoral dessa cidade. Desenvolve uma intensa atividade com grupos de crentes e afastados. Dele a Vozes traduziu, Jesus \u2013 aproxima\u00e7\u00e3o hist\u00f3rica (Vozes 2010); Pai-nosso: orar com o esp\u00edrito de Jesus (2012) e dos coment\u00e1rios aos evangelhos de Lucas, Marcos, Jo\u00e3o e Mateus.<\/em><\/p>\n<p><strong>N\u00ba DE P\u00c1GINAS<\/strong><strong>:\u00a0192<\/strong><\/p>\n<h4><strong><a href=\"http:\/\/franciscanos.org.br\/wp-content\/uploads\/2014\/11\/antropolcultural.jpg\"><img loading=\"lazy\" class=\"alignleft size-full wp-image-73540\" src=\"http:\/\/franciscanos.org.br\/wp-content\/uploads\/2014\/11\/antropolcultural.jpg\" alt=\"antropolcultural\" width=\"200\" height=\"250\" \/><\/a>Antropologia Cultural \u2013 uma perspectiva contempor\u00e2nea<\/strong><\/h4>\n<p><em>Roger Keesing e Andrew W. Mellon<\/em><\/p>\n<p>Nesta terceira edi\u00e7\u00e3o de <em>Antropologia Cultural<\/em> o Professor Andrew Strathern preservou e ampliou a vis\u00e3o, os argumentos e as etnografias originais de Keesing, presentes na edi\u00e7\u00e3o de 1981, ao mesmo tempo em que examinou cada frase para atualiz\u00e1-la e modific\u00e1-la se isso fosse necess\u00e1rio. Pequenas mudan\u00e7as realizadas dessa maneira t\u00eam o objetivo de alcan\u00e7ar uma meta maior de remodelar o livro para que esteja mais adequado ao mundo atual e o reflita melhor.<\/p>\n<p>A vis\u00e3o que fundamenta a obra original de Roger Keesing \u00e9 \u00fanica entre as publica\u00e7\u00f5es da antropologia cultural. <em>Antropologia Cultural \u2013 uma perspectiva contempor\u00e2nea<\/em> \u00e9 uma s\u00edntese sofisticada da antropologia social e cultural. Roger Keesing estava comprometido com a cren\u00e7a de que estudantes n\u00e3o devem simplesmente memorizar textos e teorias, mas sim serem desafiados a refletir sobre as quest\u00f5es profundas suscitadas pela diversidade humana.<\/p>\n<p>A obra traz nesta nova edi\u00e7\u00e3o, dentre outras coias, material revisado sobre os mundos das mulheres e reconhece as mudan\u00e7as que est\u00e3o ocorrendo na esfera dos estudos de g\u00eanero no que se refere \u00e0 antropologia cultural e um <em>postscriptum<\/em> que discute as mudan\u00e7as na antropologia, inclusive as perspectivas p\u00f3s-modernas e as rela\u00e7\u00f5es globais, colocando as teorias de Keesing no contexto da sociedade.<\/p>\n<p><em>Andrew J. Strathern \u00e9 atualmente Andrew W. Mellon, professor em\u00e9rito de antropologia na Universidade de Pittsburgh. Tendo realizado pesquisas de longa dura\u00e7\u00e3o na Papua Nova Guin\u00e9 e ocupado o posto de professor e pesquisador no Reino Unido, na Austr\u00e1lia, na Papua Nova Guin\u00e9, na Fran\u00e7a, na Su\u00ed\u00e7a e nos Estados Unidos, Professor Mellon publicou in\u00fameros artigos e livros influentes sobre pol\u00edtica, economia, religi\u00e3o e mudan\u00e7a hist\u00f3rica no Pac\u00edfico e em outras regi\u00f5es do mundo. Suas distin\u00e7\u00f5es e pr\u00eamios incluem o pr\u00eamio Curl Essay, a Medalha Rivers Memorial por trabalho de campo e a Medalha do D\u00e9cimo Anivers\u00e1rio da Independ\u00eancia da Papua Nova Guin\u00e9. \u00c9 tamb\u00e9m editor geral da s\u00e9rie de monografias da Associa\u00e7\u00e3o para Antropologia Social na Oceania e coeditor do Journal of Ritual Studies. <\/em><\/p>\n<p><strong>N\u00ba DE P\u00c1GINAS:\u00a0632<\/strong><\/p>\n<h4><strong><a href=\"http:\/\/franciscanos.org.br\/wp-content\/uploads\/2014\/11\/comosealimentar.jpg\"><img loading=\"lazy\" class=\"alignleft size-full wp-image-73541\" src=\"http:\/\/franciscanos.org.br\/wp-content\/uploads\/2014\/11\/comosealimentar.jpg\" alt=\"comosealimentar\" width=\"200\" height=\"307\" \/><\/a>Como Alimentar seu filho de forma saud\u00e1vel<\/strong><\/h4>\n<p><em>Dra. Maria das Gra\u00e7as Garcez Silveira<\/em><\/p>\n<p>Este livro baseia-se na experi\u00eancia e no conhecimento cient\u00edfico, acumulados pela autora, m\u00e9dica pediatra, que tem especializa\u00e7\u00e3o em sa\u00fade infantil h\u00e1 mais de 25 anos e o intuito principal \u00e9 proporcionar orienta\u00e7\u00f5es bem-fundamentadas a quem enfrenta o desafio di\u00e1rio de alimentar o p\u00fablico infantil desde a mais tenra idade.<\/p>\n<p>Este trabalho pretende, de certo modo, preencher uma lacuna que a autora tem observado no atendimento infantil, cuja dimens\u00e3o se estende a todas as regi\u00f5es do pa\u00eds. Seu conte\u00fado abrange informa\u00e7\u00f5es e esclarecimentos de inquestion\u00e1vel valor, que atendem \u00e0 expectativa das m\u00e3es que necessitam de apoio e ressalta a import\u00e2ncia de se oferecer \u00e0s crian\u00e7as uma alimenta\u00e7\u00e3o saud\u00e1vel e bem-balanceada, desde os primeiros dias de vida.<\/p>\n<p>As ideias e orienta\u00e7\u00f5es expressas est\u00e3o em sintonia com as dos \u00f3rg\u00e3os competentes nacionais e internacionais de pediatria e as recomenda\u00e7\u00f5es sobre a introdu\u00e7\u00e3o e o preparo de alimentos complementares obedecem a princ\u00edpios nutricionais bem-fundamentados e atualizados. A ado\u00e7\u00e3o desses princ\u00edpios contribui para a forma\u00e7\u00e3o de h\u00e1bitos alimentares saud\u00e1veis e para a supera\u00e7\u00e3o da indesej\u00e1vel falta de apetite.<\/p>\n<p>Sugest\u00f5es de card\u00e1pios e de receitas nutritivas, bem-balanceadas s\u00e3o apresentadas como complemento para apoiar os pais na alimenta\u00e7\u00e3o de seus filhos.\u00a0 Tudo com o intuito de garantir que a crian\u00e7a cres\u00e7a e se desenvolva com sa\u00fade.<\/p>\n<p><em>Maria das Gra\u00e7as Garcez Silveira<\/em><em> \u00e9 especialista em Pediatria pela Associa\u00e7\u00e3o M\u00e9dica Brasileira (AMB) e pela Sociedade Brasileira de Pediatria (SBP); P\u00f3s-gradua\u00e7\u00e3o Lato Sensu em Especializa\u00e7\u00e3o em Pediatria Cl\u00ednica pela Faculdade de Medicina da Universidade de S\u00e3o Paulo (USP); P\u00f3s-gradua\u00e7\u00e3o em Sa\u00fade P\u00fablica pela Faculdade S\u00e3o Camilo (SP); aperfei\u00e7oamento em Pneumologia Pedi\u00e1trica pela Faculdade de Ci\u00eancias M\u00e9dicas da Santa Casa de Miseric\u00f3rdia de S\u00e3o Paulo; coordenadora do Ambulat\u00f3rio de Pneumologia Pedi\u00e1trica do Hospital Municipal Carmino Carrichio; preceptora do Programa de Resid\u00eancia M\u00e9dica em Pediatria do Hospital Municipal Carmino Carrichio; preceptora de Acad\u00eamicos de Medicina do Hospital Carmino Carrichio; chefia da Unidade B\u00e1sica de Sa\u00fade do Estado de S\u00e3o Paulo Parque Boa Esperan\u00e7a pelo per\u00edodo de 10 anos; m\u00e9dica pediatra, com experi\u00eancia em consult\u00f3rio, h\u00e1 mais de 25 anos; autora dos livros<strong>: <\/strong>Alimenta\u00e7\u00e3o infantil e preven\u00e7\u00e3o de doen\u00e7as na vida adulta e Alimenta\u00e7\u00e3o do pr\u00e9-escolar e escolar. <\/em><\/p>\n<p><strong>N\u00ba DE P\u00c1GINAS:\u00a0232<\/strong><\/p>\n<h4><strong><a href=\"http:\/\/franciscanos.org.br\/wp-content\/uploads\/2014\/11\/simboismo.jpg\"><img loading=\"lazy\" class=\"alignleft size-full wp-image-73542\" src=\"http:\/\/franciscanos.org.br\/wp-content\/uploads\/2014\/11\/simboismo.jpg\" alt=\"simboismo\" width=\"200\" height=\"322\" \/><\/a>Simbolismo e Jogo<\/strong><\/h4>\n<p><em>Airton Negrine<\/em><\/p>\n<p>Esta obra re\u00fane informa\u00e7\u00f5es recolhidas em pesquisa qualitativa pertinente ao jogo infantil com destaque ao simbolismo que engloba toda a atividade l\u00facida e a relev\u00e2ncia para melhor compreens\u00e3o da constru\u00e7\u00e3o do conhecimento desde a inf\u00e2ncia. As id\u00e9ias apresentadas aqui tem como base as pesquisas e experi\u00eancias do autor por mais de quatro d\u00e9cadas como professor, fundamentalmente, com crian\u00e7as na inf\u00e2ncia.<\/p>\n<p>O livro \u00e9 composto de tr\u00eas cap\u00edtulos e tr\u00eas ap\u00eandices. A epistemologia do jogo e do desenvolvimento aborda os sentidos e significados das teorias e destaca os enfoques de Piaget, Wallon e Vygotsky sobre o jogo infantil. O cap\u00edtulo II desenha o estudo emp\u00edrico sobre o jogo infantil e analisa e interpreta informa\u00e7\u00f5es recolhidas no processo investigat\u00f3rio. O jogo infantil e seu significado s\u00e3o abordados no cap\u00edtulo III a partir de categorias de an\u00e1lise elaboradas pelo autor.<\/p>\n<p>As concep\u00e7\u00f5es de Vygotsky, cuja teoria subsidiou as convic\u00e7\u00f5es do autor na constru\u00e7\u00e3o das categorias de an\u00e1lise, a an\u00e1lise do desenvolvimento psicomotor da crian\u00e7a do nascimento aos 6 anos e o brincar como indutor da produ\u00e7\u00e3o e circula\u00e7\u00e3o de endorfinas s\u00e3o temas abordados nos ap\u00eandices e os mesmos apresentam aspectos que justificam a utiliza\u00e7\u00e3o da atividade l\u00fadica como elemento pedag\u00f3gico de singular relev\u00e2ncia e que \u00e9 na a\u00e7\u00e3o do brincar que a crian\u00e7a\u00a0 constr\u00f3i conhecimentos que v\u00e3o permitir o avan\u00e7o dos processos de desenvolvimento e de aprendizagem.<\/p>\n<p><em>Airton Negrine \u00e9 professor titular aposentado pela Escola de Educa\u00e7\u00e3o F\u00edsica da UFRGS, doutor em Filosofia e Ci\u00eancias da Educa\u00e7\u00e3o, mestre em Educa\u00e7\u00e3o, especialista em Psicomotricidade Relacional e graduado em Educa\u00e7\u00e3o F\u00edsica. \u00c9 diretor do Complexo Esportivo de Sa\u00fade \u2013 Florian\u00f3polis \u2013 SC Brasil. <\/em><\/p>\n<p><strong>N\u00ba DE P\u00c1GINAS:\u00a0240<\/strong><\/p>\n<h4><strong><a href=\"http:\/\/franciscanos.org.br\/wp-content\/uploads\/2014\/11\/a-teologia-mistica-de-dionisio.jpg\"><img loading=\"lazy\" class=\"alignleft size-full wp-image-73543\" src=\"http:\/\/franciscanos.org.br\/wp-content\/uploads\/2014\/11\/a-teologia-mistica-de-dionisio.jpg\" alt=\"a-teologia-mistica-de-dionisio\" width=\"200\" height=\"306\" \/><\/a>A Teologia m\u00edstica de Dion\u00edsio, o Areopagita \u2013 Um obscuro e luminoso sil\u00eancio<\/strong><\/h4>\n<p><em>Tradu\u00e7\u00e3o e coment\u00e1rio de Jean-Yves Leloup<\/em><\/p>\n<p>A \u201d<em>Teologia M\u00edstica<\/em>\u201d \u00e9 obra de um autor an\u00f4nimo conhecido pelo nome de Dion\u00edsio, o Areopagita ou Dion\u00edsio, o te\u00f3logo.\u00a0 Este curto tratado, datado do s\u00e9culo VI, foi o texto mais lido e meditado pelos pensadores orientais e ocidentais da Idade M\u00e9dia.\u00a0 Sua influ\u00eancia, determinante para as diferentes correntes da m\u00edstica renana e flamenga, continua se fazendo sentir nos dias de hoje.<\/p>\n<p>Jean-Yves Leloup nos oferece aqui uma tradu\u00e7\u00e3o integral, acrescida das Sete Cartas de Dion\u00edsio que prolongam a reflex\u00e3o.\u00a0 Ele prop\u00f5e um coment\u00e1rio que se segue ao texto e prossegue a reflex\u00e3o colocando em resson\u00e2ncia a teologia apof\u00e1tica do <em>Corpus dyonisiacum<\/em> com diferentes tradi\u00e7\u00f5es e autores oriundos n\u00e3o apenas do cristianismo, mas tamb\u00e9m do juda\u00edsmo, do Isl\u00e3 e das tradi\u00e7\u00f5es m\u00edsticas orientais.<\/p>\n<p><em>Jean-Yves Leloup \u00e9 Doutor em Psicologia, filosofia e teologia, al\u00e9m de antrop\u00f3logo,\u00a0 psicoterapeuta e conferencista mundialmente conhecido. \u00c9 padre ortodoxo, membro da Organiza\u00e7\u00e3o das Tradi\u00e7\u00f5es Unidas, membro do Ciret (Centre International de Recherches et \u00c9tudes Transdisciplinaires), fundador e mentor do Col\u00e9gio Internacional dos Terapeutas (CIT), fundador da Unipaz (Universidade Internacional da Paz) com Pierre Weil e Monique Thoening. Leciona na Europa, nos Estados Unidos e na Am\u00e9rica do Sul em diferentes universidades e institutos de pesquisa em Antropologia Fundamental: \u00e9 autor de dezenas de obras sobre a tradi\u00e7\u00e3o crist\u00e3, b\u00edblica e monacal, como os coment\u00e1rios aos Evangelhos de Jo\u00e3o, de Tom\u00e9, de Felipe e de Maria, ou ainda a Sabedoria do Monte Athos. <\/em><\/p>\n<p><strong>N\u00ba DE P\u00c1GINAS:\u00a0168<\/strong><\/p>\n<h4><strong><a href=\"http:\/\/franciscanos.org.br\/wp-content\/uploads\/2014\/11\/a-ciencia-do-comum.jpg\"><img loading=\"lazy\" class=\"alignleft size-full wp-image-73544\" src=\"http:\/\/franciscanos.org.br\/wp-content\/uploads\/2014\/11\/a-ciencia-do-comum.jpg\" alt=\"a-ciencia-do-comum\" width=\"200\" height=\"295\" \/><\/a>A ci\u00eancia do comum \u2013 notas para o m\u00e9todo comunicacional<\/strong><\/h4>\n<p><em>Muniz Sodr\u00e9<\/em><\/p>\n<p>Em <em>A ci\u00eancia do comum \u2013\u2013 notas para o m\u00e9todo comunicacional<\/em><strong>, <\/strong>Muniz Sodr\u00e9 subscreve o pensamento de que velocidade n\u00e3o \u00e9 hoje mero fen\u00f4meno f\u00edsico, mas uma transformadora rela\u00e7\u00e3o entre os fen\u00f4menos, que tem na acelera\u00e7\u00e3o o valor maior do <em>socius<\/em> contempor\u00e2neo. Em seu centro, posiciona-se a comunica\u00e7\u00e3o instant\u00e2nea, simult\u00e2nea e global que refaz virtualmente a geografia do planeta, deslocando os sujeitos e os objetos de seus lugares tradicionais, desestabilizando as intera\u00e7\u00f5es humanas e demandando formas novas de inteligibilidade.<\/p>\n<p>A cr\u00edtica de Muniz Sodr\u00e9 incide sobre a \u00e9gide do capitalismo financeiro na reorganiza\u00e7\u00e3o da cultura cl\u00e1ssica, com vistas \u00e0 adapta\u00e7\u00e3o tecnol\u00f3gica das rela\u00e7\u00f5es sociais ao ritmo acelerado das intera\u00e7\u00f5es t\u00e9cnicas e \u00e0 sincroniza\u00e7\u00e3o dos afetos num espa\u00e7o global temporalmente comprimido. Isto implica uma expropria\u00e7\u00e3o ou uma neutraliza\u00e7\u00e3o do comum tradicional.<\/p>\n<p>Da\u00ed, em sua perspectiva, o imperativo acad\u00eamico de se buscar numa s\u00edntese positiva, numa \u201cci\u00eancia do comum\u201d, o resgate filos\u00f3fico, \u00e9tico e pol\u00edtico da pot\u00eancia reflexiva do campo comunicacional, do qual se faz ausente um consenso intelectual quanto a grandes ideias capazes de reorientar o pensamento social.<\/p>\n<p><em>A Ci\u00eancia do Comum<\/em> \u00e9 um passo a mais no desenvolvimento dos estudos e debates sobre comunica\u00e7\u00e3o no pa\u00eds.<\/p>\n<p><em>Muniz Sodr\u00e9 \u00e9 professor-titular da Universidade Federal do Rio de Janeiro, pesquisador (CNPq) e escritor, com dezenas de obras publicadas, que versam sobre m\u00eddia e comunica\u00e7\u00e3o, cultura nacional, t\u00e9cnicas de texto jornal\u00edstico e fic\u00e7\u00e3o (novelas e contos), alguns dos quais traduzidos na It\u00e1lia, Espanha, Argentina e Cuba. \u00c9 professor-visitante e conferencista em v\u00e1rias universidades estrangeiras.<\/em><\/p>\n<p><strong>N\u00ba DE P\u00c1GINAS:\u00a0<\/strong><strong>328<\/strong><\/p>\n","protected":false},"excerpt":{"rendered":"<p>Editora Vozes<\/p>\n","protected":false},"author":1,"featured_media":194592,"comment_status":"open","ping_status":"open","sticky":false,"template":"","format":"standard","meta":[],"categories":[1],"tags":[238],"acf":[],"yoast_head":"<!-- This site is optimized with the Yoast SEO plugin v19.2 - https:\/\/yoast.com\/wordpress\/plugins\/seo\/ -->\n<title>Confira os \u00faltimos lan\u00e7amentos - Not\u00edcias - Franciscanos<\/title>\n<meta name=\"robots\" content=\"index, follow, max-snippet:-1, max-image-preview:large, max-video-preview:-1\" \/>\n<link rel=\"canonical\" href=\"https:\/\/franciscanos.org.br\/noticias\/confira-os-ultimos-lancamentos-3.html\" \/>\n<meta property=\"og:locale\" content=\"pt_BR\" \/>\n<meta property=\"og:type\" content=\"article\" \/>\n<meta property=\"og:title\" content=\"Confira os \u00faltimos lan\u00e7amentos - Not\u00edcias - Franciscanos\" \/>\n<meta property=\"og:description\" content=\"Editora Vozes\" \/>\n<meta property=\"og:url\" content=\"https:\/\/franciscanos.org.br\/noticias\/confira-os-ultimos-lancamentos-3.html\" \/>\n<meta property=\"og:site_name\" content=\"Not\u00edcias - Franciscanos\" \/>\n<meta property=\"article:published_time\" content=\"2014-11-26T14:00:02+00:00\" \/>\n<meta property=\"article:modified_time\" content=\"2019-01-28T19:20:20+00:00\" \/>\n<meta property=\"og:image\" content=\"https:\/\/franciscanos.org.br\/noticias\/wp-content\/uploads\/2017\/11\/vozes.png\" \/>\n\t<meta property=\"og:image:width\" content=\"273\" \/>\n\t<meta property=\"og:image:height\" content=\"181\" \/>\n\t<meta property=\"og:image:type\" content=\"image\/png\" \/>\n<meta name=\"author\" content=\"admin\" \/>\n<meta name=\"twitter:card\" content=\"summary_large_image\" \/>\n<meta name=\"twitter:label1\" content=\"Escrito por\" \/>\n\t<meta name=\"twitter:data1\" content=\"admin\" \/>\n\t<meta name=\"twitter:label2\" content=\"Est. tempo de leitura\" \/>\n\t<meta name=\"twitter:data2\" content=\"13 minutos\" \/>\n<script type=\"application\/ld+json\" class=\"yoast-schema-graph\">{\"@context\":\"https:\/\/schema.org\",\"@graph\":[{\"@type\":\"WebSite\",\"@id\":\"https:\/\/franciscanos.org.br\/noticias\/#website\",\"url\":\"https:\/\/franciscanos.org.br\/noticias\/\",\"name\":\"Not\u00edcias - Franciscanos\",\"description\":\"Prov\u00edncia Franciscana da Imaculada Concei\u00e7\u00e3o do Brasil - Ordem dos Frades Menores - OFM\",\"potentialAction\":[{\"@type\":\"SearchAction\",\"target\":{\"@type\":\"EntryPoint\",\"urlTemplate\":\"https:\/\/franciscanos.org.br\/noticias\/?s={search_term_string}\"},\"query-input\":\"required name=search_term_string\"}],\"inLanguage\":\"pt-BR\"},{\"@type\":\"ImageObject\",\"inLanguage\":\"pt-BR\",\"@id\":\"https:\/\/franciscanos.org.br\/noticias\/confira-os-ultimos-lancamentos-3.html#primaryimage\",\"url\":\"https:\/\/franciscanos.org.br\/noticias\/wp-content\/uploads\/2017\/11\/vozes.png\",\"contentUrl\":\"https:\/\/franciscanos.org.br\/noticias\/wp-content\/uploads\/2017\/11\/vozes.png\",\"width\":273,\"height\":181},{\"@type\":\"WebPage\",\"@id\":\"https:\/\/franciscanos.org.br\/noticias\/confira-os-ultimos-lancamentos-3.html#webpage\",\"url\":\"https:\/\/franciscanos.org.br\/noticias\/confira-os-ultimos-lancamentos-3.html\",\"name\":\"Confira os \u00faltimos lan\u00e7amentos - Not\u00edcias - Franciscanos\",\"isPartOf\":{\"@id\":\"https:\/\/franciscanos.org.br\/noticias\/#website\"},\"primaryImageOfPage\":{\"@id\":\"https:\/\/franciscanos.org.br\/noticias\/confira-os-ultimos-lancamentos-3.html#primaryimage\"},\"datePublished\":\"2014-11-26T14:00:02+00:00\",\"dateModified\":\"2019-01-28T19:20:20+00:00\",\"author\":{\"@id\":\"https:\/\/franciscanos.org.br\/noticias\/#\/schema\/person\/b38fbf43118f02820bd932f2e4b14ad3\"},\"breadcrumb\":{\"@id\":\"https:\/\/franciscanos.org.br\/noticias\/confira-os-ultimos-lancamentos-3.html#breadcrumb\"},\"inLanguage\":\"pt-BR\",\"potentialAction\":[{\"@type\":\"ReadAction\",\"target\":[\"https:\/\/franciscanos.org.br\/noticias\/confira-os-ultimos-lancamentos-3.html\"]}]},{\"@type\":\"BreadcrumbList\",\"@id\":\"https:\/\/franciscanos.org.br\/noticias\/confira-os-ultimos-lancamentos-3.html#breadcrumb\",\"itemListElement\":[{\"@type\":\"ListItem\",\"position\":1,\"name\":\"Home\",\"item\":\"https:\/\/franciscanos.org.br\/noticias\"},{\"@type\":\"ListItem\",\"position\":2,\"name\":\"Confira os \u00faltimos lan\u00e7amentos\"}]},{\"@type\":\"Person\",\"@id\":\"https:\/\/franciscanos.org.br\/noticias\/#\/schema\/person\/b38fbf43118f02820bd932f2e4b14ad3\",\"name\":\"admin\",\"image\":{\"@type\":\"ImageObject\",\"inLanguage\":\"pt-BR\",\"@id\":\"https:\/\/franciscanos.org.br\/noticias\/#\/schema\/person\/image\/\",\"url\":\"https:\/\/secure.gravatar.com\/avatar\/e8495742d34d0ba6448ea1c628263b3e?s=96&d=mm&r=g\",\"contentUrl\":\"https:\/\/secure.gravatar.com\/avatar\/e8495742d34d0ba6448ea1c628263b3e?s=96&d=mm&r=g\",\"caption\":\"admin\"},\"url\":\"https:\/\/franciscanos.org.br\/noticias\/author\/admin\"}]}<\/script>\n<!-- \/ Yoast SEO plugin. -->","yoast_head_json":{"title":"Confira os \u00faltimos lan\u00e7amentos - Not\u00edcias - Franciscanos","robots":{"index":"index","follow":"follow","max-snippet":"max-snippet:-1","max-image-preview":"max-image-preview:large","max-video-preview":"max-video-preview:-1"},"canonical":"https:\/\/franciscanos.org.br\/noticias\/confira-os-ultimos-lancamentos-3.html","og_locale":"pt_BR","og_type":"article","og_title":"Confira os \u00faltimos lan\u00e7amentos - Not\u00edcias - Franciscanos","og_description":"Editora Vozes","og_url":"https:\/\/franciscanos.org.br\/noticias\/confira-os-ultimos-lancamentos-3.html","og_site_name":"Not\u00edcias - Franciscanos","article_published_time":"2014-11-26T14:00:02+00:00","article_modified_time":"2019-01-28T19:20:20+00:00","og_image":[{"width":273,"height":181,"url":"https:\/\/franciscanos.org.br\/noticias\/wp-content\/uploads\/2017\/11\/vozes.png","type":"image\/png"}],"author":"admin","twitter_card":"summary_large_image","twitter_misc":{"Escrito por":"admin","Est. tempo de leitura":"13 minutos"},"schema":{"@context":"https:\/\/schema.org","@graph":[{"@type":"WebSite","@id":"https:\/\/franciscanos.org.br\/noticias\/#website","url":"https:\/\/franciscanos.org.br\/noticias\/","name":"Not\u00edcias - Franciscanos","description":"Prov\u00edncia Franciscana da Imaculada Concei\u00e7\u00e3o do Brasil - Ordem dos Frades Menores - OFM","potentialAction":[{"@type":"SearchAction","target":{"@type":"EntryPoint","urlTemplate":"https:\/\/franciscanos.org.br\/noticias\/?s={search_term_string}"},"query-input":"required name=search_term_string"}],"inLanguage":"pt-BR"},{"@type":"ImageObject","inLanguage":"pt-BR","@id":"https:\/\/franciscanos.org.br\/noticias\/confira-os-ultimos-lancamentos-3.html#primaryimage","url":"https:\/\/franciscanos.org.br\/noticias\/wp-content\/uploads\/2017\/11\/vozes.png","contentUrl":"https:\/\/franciscanos.org.br\/noticias\/wp-content\/uploads\/2017\/11\/vozes.png","width":273,"height":181},{"@type":"WebPage","@id":"https:\/\/franciscanos.org.br\/noticias\/confira-os-ultimos-lancamentos-3.html#webpage","url":"https:\/\/franciscanos.org.br\/noticias\/confira-os-ultimos-lancamentos-3.html","name":"Confira os \u00faltimos lan\u00e7amentos - Not\u00edcias - Franciscanos","isPartOf":{"@id":"https:\/\/franciscanos.org.br\/noticias\/#website"},"primaryImageOfPage":{"@id":"https:\/\/franciscanos.org.br\/noticias\/confira-os-ultimos-lancamentos-3.html#primaryimage"},"datePublished":"2014-11-26T14:00:02+00:00","dateModified":"2019-01-28T19:20:20+00:00","author":{"@id":"https:\/\/franciscanos.org.br\/noticias\/#\/schema\/person\/b38fbf43118f02820bd932f2e4b14ad3"},"breadcrumb":{"@id":"https:\/\/franciscanos.org.br\/noticias\/confira-os-ultimos-lancamentos-3.html#breadcrumb"},"inLanguage":"pt-BR","potentialAction":[{"@type":"ReadAction","target":["https:\/\/franciscanos.org.br\/noticias\/confira-os-ultimos-lancamentos-3.html"]}]},{"@type":"BreadcrumbList","@id":"https:\/\/franciscanos.org.br\/noticias\/confira-os-ultimos-lancamentos-3.html#breadcrumb","itemListElement":[{"@type":"ListItem","position":1,"name":"Home","item":"https:\/\/franciscanos.org.br\/noticias"},{"@type":"ListItem","position":2,"name":"Confira os \u00faltimos lan\u00e7amentos"}]},{"@type":"Person","@id":"https:\/\/franciscanos.org.br\/noticias\/#\/schema\/person\/b38fbf43118f02820bd932f2e4b14ad3","name":"admin","image":{"@type":"ImageObject","inLanguage":"pt-BR","@id":"https:\/\/franciscanos.org.br\/noticias\/#\/schema\/person\/image\/","url":"https:\/\/secure.gravatar.com\/avatar\/e8495742d34d0ba6448ea1c628263b3e?s=96&d=mm&r=g","contentUrl":"https:\/\/secure.gravatar.com\/avatar\/e8495742d34d0ba6448ea1c628263b3e?s=96&d=mm&r=g","caption":"admin"},"url":"https:\/\/franciscanos.org.br\/noticias\/author\/admin"}]}},"_links":{"self":[{"href":"https:\/\/franciscanos.org.br\/noticias\/wp-json\/wp\/v2\/posts\/73538"}],"collection":[{"href":"https:\/\/franciscanos.org.br\/noticias\/wp-json\/wp\/v2\/posts"}],"about":[{"href":"https:\/\/franciscanos.org.br\/noticias\/wp-json\/wp\/v2\/types\/post"}],"author":[{"embeddable":true,"href":"https:\/\/franciscanos.org.br\/noticias\/wp-json\/wp\/v2\/users\/1"}],"replies":[{"embeddable":true,"href":"https:\/\/franciscanos.org.br\/noticias\/wp-json\/wp\/v2\/comments?post=73538"}],"version-history":[{"count":0,"href":"https:\/\/franciscanos.org.br\/noticias\/wp-json\/wp\/v2\/posts\/73538\/revisions"}],"wp:featuredmedia":[{"embeddable":true,"href":"https:\/\/franciscanos.org.br\/noticias\/wp-json\/wp\/v2\/media\/194592"}],"wp:attachment":[{"href":"https:\/\/franciscanos.org.br\/noticias\/wp-json\/wp\/v2\/media?parent=73538"}],"wp:term":[{"taxonomy":"category","embeddable":true,"href":"https:\/\/franciscanos.org.br\/noticias\/wp-json\/wp\/v2\/categories?post=73538"},{"taxonomy":"post_tag","embeddable":true,"href":"https:\/\/franciscanos.org.br\/noticias\/wp-json\/wp\/v2\/tags?post=73538"}],"curies":[{"name":"wp","href":"https:\/\/api.w.org\/{rel}","templated":true}]}}