{"id":73161,"date":"2014-11-20T07:25:37","date_gmt":"2014-11-20T09:25:37","guid":{"rendered":"http:\/\/franciscanos.org.br\/?p=73161"},"modified":"2020-06-10T17:02:09","modified_gmt":"2020-06-10T20:02:09","slug":"pequenos-passos-levam-a-santidade-diz-papa","status":"publish","type":"post","link":"https:\/\/franciscanos.org.br\/noticias\/pequenos-passos-levam-a-santidade-diz-papa.html","title":{"rendered":"Pequenos passos levam \u00e0 santidade, diz Papa"},"content":{"rendered":"<p><img loading=\"lazy\" src=\"http:\/\/franciscanos.org.br\/wp-content\/uploads\/2014\/11\/papa.jpg\" alt=\"papa\" width=\"820\" height=\"410\" \/><\/p>\n<p>A santidade foi o tema da catequese do Papa Francisco, nesta quarta-feira, 19. O Santo Padre explicou que todos s\u00e3o chamados a ser santos e esse \u00e9 um caminho que se percorre no dia a dia com pequenos passos e em uni\u00e3o com a Igreja.<\/p>\n<p>Francisco destacou que a santidade \u00e9 um dom dado por Deus e constitui a face mais bela da Igreja. Trata-se de um convite feito a todos, de forma que n\u00e3o \u00e9 preciso ser bispo, padre ou religioso para ser santo. Ele ressaltou que existe a tenta\u00e7\u00e3o de achar que a santidade \u00e9 s\u00f3 para os que tiveram a possibilidade de se destacar por dedicar a vida \u00e0 ora\u00e7\u00e3o, mas n\u00e3o \u00e9 assim.<\/p>\n<p>\u201c\u00c9 vivendo com amor e oferecendo o pr\u00f3prio testemunho crist\u00e3o nas ocupa\u00e7\u00f5es de cada dia que somos chamados a nos tornarmos santos\u201d, disse. Se a pessoa \u00e9 casada, a santidade \u00e9 amar sua esposa, seu esposo; se \u00e9 religiosa, que seja santa dedicando sua vida a Deus; se \u00e9 um catequista, seja santo tornando-se sinal da presen\u00e7a do Senhor. Mesmo no ambiente de trabalho \u00e9 poss\u00edvel ser santo, disse o Papa.<\/p>\n<p>Francisco deu exemplos pr\u00e1ticos de como caminhar rumo \u00e0 santidade. Ele indicou pequenos passos que podem ser dados como n\u00e3o fofocar, escutar com paci\u00eancia os problemas de um filho que est\u00e1 angustiado e quer conversar; ao fim do dia, mesmo cansado, fazer uma ora\u00e7\u00e3o, ir \u00e0 Missa aos domingos. \u201cPequenas coisas s\u00e3o pequenos passos rumo \u00e0 santidade. E cada passo nos far\u00e1 uma pessoa melhor, livre do ego\u00edsmo e do fechamento em si mesmo\u201d.<\/p>\n<p>Ao longo deste caminho, n\u00e3o se pode desanimar, pois a gra\u00e7a \u00e9 dada pelo pr\u00f3prio Deus, explicou o Papa. A \u00fanica coisa que o Senhor pede \u00e9 a comunh\u00e3o com Ele e o servi\u00e7o aos irm\u00e3os. Nesse ponto, o Pont\u00edfice convidou todos a fazer um exame de consci\u00eancia e se perguntar: \u201cComo respondemos at\u00e9 agora ao chamado do Senhor \u00e0 santidade?\u201d.<\/p>\n<p>Francisco disse, por fim, que a santidade n\u00e3o \u00e9 triste nem uma carga pesada, mas um convite a partilhar da alegria de Deus, tornando-se um dom de amor para as pessoas ao redor. Compreender isso muda tudo.<\/p>\n<p>\u201cAcolhamos o convite \u00e0 santidade com alegria e apoiemos uns aos outros, porque o caminho rumo \u00e0 santidade n\u00e3o se percorre sozinho, mas juntos, naquele \u00fanico corpo que \u00e9 a Igreja, amada e tornada santa pelo Senhor Jesus Cristo. Sigamos adiante com coragem neste caminho da santidade\u201d.<\/p>\n<p><strong>\u00cdNTEGRA DA MENSAGEM DO PAPA<\/strong><\/p>\n<p>Queridos irm\u00e3os e irm\u00e3s, bom dia,<\/p>\n<p>Um grande dom do Conc\u00edlio Vaticano II foi aquele de ter recuperado uma vis\u00e3o de Igreja fundada na comunh\u00e3o e de ter interpretado tamb\u00e9m o princ\u00edpio da autoridade e da hierarquia em tal perspectiva. Isto nos ajudou a entender melhor que todos os crist\u00e3os, enquanto batizados, t\u00eam igual dignidade diante do Senhor e t\u00eam em comum a mesma voca\u00e7\u00e3o, que \u00e9 aquela \u00e0 santidade (cfr Cost. Lumen gentium, 39-42). Agora nos perguntamos: em que consiste essa voca\u00e7\u00e3o universal a ser santos? E como podemos realiz\u00e1-la?<\/p>\n<p>1. Antes de tudo devemos ter bem presente que a santidade n\u00e3o \u00e9 algo que n\u00f3s procuramos, que obtemos com as nossas qualidades e as nossas capacidades. A santidade \u00e9 um dom, \u00e9 o dom que nos d\u00e1 o Senhor Jesus, quando nos toma consigo e nos reveste de si mesmo, torna-nos como Ele. Na carta aos Ef\u00e9sios, o ap\u00f3stolo Paulo afirma que \u201cCristo amou a Igreja e deu a si mesmo por ela, para torn\u00e1-la santa\u201d (Ef 5, 25-26). Bem, realmente a santidade \u00e9 a face mais bela da Igreja, a face mais bela: \u00e9 nos recobrir em comunh\u00e3o com Deus, na plenitude da sua vida e do seu amor. Entende-se, ent\u00e3o, que a santidade n\u00e3o \u00e9 uma prerrogativa somente de alguns: a santidade \u00e9 um dom que \u00e9 oferecido a todos, ningu\u00e9m exclu\u00eddo, pelo qual constitui o car\u00e1ter distintivo de cada crist\u00e3o.<\/p>\n<p>2. Tudo isso nos faz compreender que, para ser santos, n\u00e3o \u00e9 preciso necessariamente ser bispo, padre ou religioso: n\u00e3o, todos somos chamados a nos tornar santos! Tantas vezes, depois, somos tentados a pensar que a santidade seja reservada somente \u00e0queles que t\u00eam a possibilidade de destacar-se dos assuntos ordin\u00e1rios, por dedicar-se exclusivamente \u00e0 ora\u00e7\u00e3o. Mas n\u00e3o \u00e9 assim! Alguns pensam que a santidade \u00e9 fechar os olhos e fazer cara de imagem. N\u00e3o! N\u00e3o \u00e9 isto a santidade! A santidade \u00e9 algo maior, mais profundo que Deus nos d\u00e1. Antes, \u00e9 justamente vivendo com amor e oferecendo o pr\u00f3prio testemunho crist\u00e3o nas ocupa\u00e7\u00f5es de cada dia que somos chamados a nos tornar santos. E cada um nas condi\u00e7\u00f5es e no estado de vida em que se encontra. Mas voc\u00ea \u00e9 consagrado, \u00e9 consagrada? Seja santo vivendo com alegria a tua doa\u00e7\u00e3o e o teu minist\u00e9rio. \u00c9 casado? Seja santo amando e cuidando do teu marido ou da tua esposa, como Cristo fez com a Igreja. \u00c9 um batizado n\u00e3o-casado? Seja santo cumprindo com honestidade e compet\u00eancia o seu trabalho e oferecendo tempo ao servi\u00e7o aos irm\u00e3os. \u201cMas, padre, eu trabalho em uma f\u00e1brica; eu trabalho como contador, sempre com os n\u00fameros, ali n\u00e3o se pode ser santo\u2026\u201d \u2013 \u201cSim, pode! Ali onde voc\u00ea trabalha voc\u00ea pode se tornar santo. Deus te d\u00e1 a gra\u00e7a de se tornar santo. Deus se comunica a voc\u00ea\u201d. Sempre em cada lugar \u00e9 poss\u00edvel tornar-se santo, isso \u00e9, pode-se abrir a esta gra\u00e7a que nos trabalha por dentro e nos leva \u00e0 santidade. Voc\u00ea \u00e9 pai ou av\u00f4? Seja santo ensinando com paix\u00e3o aos filhos ou aos netos a conhecer e a seguir Jesus. E \u00e9 preciso tanta paci\u00eancia para isto, para ser um bom pai, um bom av\u00f4, uma boa m\u00e3e, uma boa av\u00f3, \u00e9 preciso tanta paci\u00eancia e nesta paci\u00eancia vem a santidade: exercitando a paci\u00eancia. Voc\u00ea \u00e9 catequista, educador ou volunt\u00e1rio? Seja santo tornando-se sinal vis\u00edvel do amor de Deus e da sua presen\u00e7a pr\u00f3xima a n\u00f3s. Ent\u00e3o: cada estado de vida leva \u00e0 santidade, sempre! Na sua casa, na estrada, no trabalho, na Igreja, naquele momento e no teu estado de vida foi aberto o caminho rumo \u00e0 santidade. N\u00e3o desanimem de andar neste caminho. \u00c9 o pr\u00f3prio Deus que nos d\u00e1 a gra\u00e7a. O Senhor s\u00f3 pede isto: que n\u00f3s estejamos em comunh\u00e3o com Ele e a servi\u00e7o dos irm\u00e3os.<\/p>\n<p>3. Neste ponto, cada um de n\u00f3s pode fazer um pouco de exame de consci\u00eancia, agora podemos faz\u00ea-lo, cada um responde a si mesmo, dentro, em sil\u00eancio: como respondemos at\u00e9 agora ao chamado do Senhor \u00e0 santidade? Tenho vontade de me tornar um pouco melhor, de ser mais crist\u00e3o, mais crist\u00e3? Este \u00e9 o caminho da santidade. Quando o Senhor nos convida a nos tornar santos, n\u00e3o nos chama a algo de pesado, de triste\u2026 Tudo outra coisa! \u00c9 um convite a partilhar a sua alegria, a viver e a oferecer com alegria cada momento da nossa vida fazendo-o se tornar ao mesmo tempo um dom de amor para as pessoas que est\u00e3o pr\u00f3ximas a n\u00f3s. Se compreendemos isso, tudo muda e adquire um significado novo, um significado belo, um significado a come\u00e7ar pelas pequenas coisas de cada dia.<\/p>\n<p>Um exemplo. Uma senhora vai ao supermercado fazer as compras e encontra uma vizinha e come\u00e7am a falar e depois vem as fofocas e esta senhora diz: \u201cn\u00e3o, n\u00e3o, n\u00e3o, eu n\u00e3o falarei mal de ningu\u00e9m\u201d. Isto \u00e9 um passo para a santidade, ajuda-nos a nos tornar mais santos. Depois, na sua casa, o filho te pede para falar um pouco das suas coisas fantasiosas: \u201cah, estou t\u00e3o cansado, trabalhei tanto hoje\u2026\u201d \u2013 \u201cVoc\u00ea se acomode e escute o teu filho, que precisa disso!\u201d. E voc\u00ea se acomoda, escute com paci\u00eancia: isto \u00e9 um passo para a santidade. Depois termina o dia, estamos todos cansados, mas tem a ora\u00e7\u00e3o. Fa\u00e7amos a ora\u00e7\u00e3o: tamb\u00e9m isto \u00e9 um passo para a santidade. Depois chega o domingo e vamos \u00e0 Missa, fazemos a comunh\u00e3o, \u00e0s vezes precedida de uma bela confiss\u00e3o que nos limpa um pouco. Este \u00e9 um passo para a santidade. Depois pensamos em Nossa Senhora, t\u00e3o boa, t\u00e3o bela, e pegamos o ros\u00e1rio e o rezamos. Este \u00e9 um passo para a santidade. Depois vou pelo caminho, vejo um pobre necessitado, paro, pergunto algo pra ele, dou algo a ele: \u00e9 um passo para a santidade. S\u00e3o pequenas coisas, mas tantos pequenos passos para a santidade. Cada passo para a santidade nos tornar\u00e1 pessoas melhores, livres do ego\u00edsmo e do fechamento em si mesmo, e abertos aos irm\u00e3os e \u00e0s suas necessidades.<\/p>\n<p>Queridos amigos, na Primeira Carta de S\u00e3o Pedro \u00e9 dirigida a n\u00f3s esta exorta\u00e7\u00e3o: \u201cCada um viva segundo a gra\u00e7a recebida, colocando-a a servi\u00e7o dos outros, como bons administradores de uma multiforme gra\u00e7a de Deus. Quem fala, fa\u00e7a-o como com palavras de Deus; quem exercita um of\u00edcio, cumpra-o com a energia recebida de Deus, para que em tudo seja glorificado Deus por meio de Jesus Cristo\u201d (4, 10-11). Eis o convite \u00e0 santidade! Vamos acolh\u00ea-lo com alegria e apoiando-nos uns aos outros, porque o caminho rumo \u00e0 santidade n\u00e3o se percorre sozinho, cada um por contra pr\u00f3pria, mas se percorre juntos, naquele \u00fanico corpo que \u00e9 a Igreja, amada e tornada santa pelo Senhor Jesus Cristo. Sigamos adiante com coragem neste caminho da santidade.<\/p>\n<p><strong>PAPA FRANCISCO<\/strong><br \/>\n<strong>Pra\u00e7a S\u00e3o Pedro \u2013 Vaticano<\/strong><br \/>\n<strong>Quarta-feira, 19 de novembro de 2014<\/strong><\/p>\n<hr \/>\n<p><em>Fonte: R\u00e1dio Vaticano<\/em><\/p>\n","protected":false},"excerpt":{"rendered":"<p>Audi\u00eancia Geral<\/p>\n","protected":false},"author":1,"featured_media":209129,"comment_status":"open","ping_status":"open","sticky":false,"template":"","format":"standard","meta":[],"categories":[1428],"tags":[487],"acf":[],"yoast_head":"<!-- This site is optimized with the Yoast SEO plugin v19.2 - https:\/\/yoast.com\/wordpress\/plugins\/seo\/ -->\n<title>Pequenos passos levam \u00e0 santidade, diz Papa - Not\u00edcias - Franciscanos<\/title>\n<meta name=\"robots\" content=\"index, follow, max-snippet:-1, max-image-preview:large, max-video-preview:-1\" \/>\n<link rel=\"canonical\" href=\"https:\/\/franciscanos.org.br\/noticias\/pequenos-passos-levam-a-santidade-diz-papa.html\" \/>\n<meta property=\"og:locale\" content=\"pt_BR\" \/>\n<meta property=\"og:type\" content=\"article\" \/>\n<meta property=\"og:title\" content=\"Pequenos passos levam \u00e0 santidade, diz Papa - Not\u00edcias - Franciscanos\" \/>\n<meta property=\"og:description\" content=\"Audi\u00eancia Geral\" \/>\n<meta property=\"og:url\" content=\"https:\/\/franciscanos.org.br\/noticias\/pequenos-passos-levam-a-santidade-diz-papa.html\" \/>\n<meta property=\"og:site_name\" content=\"Not\u00edcias - Franciscanos\" \/>\n<meta property=\"article:published_time\" content=\"2014-11-20T09:25:37+00:00\" \/>\n<meta property=\"article:modified_time\" content=\"2020-06-10T20:02:09+00:00\" \/>\n<meta property=\"og:image\" content=\"https:\/\/franciscanos.org.br\/noticias\/wp-content\/uploads\/2014\/11\/papa.jpg\" \/>\n\t<meta property=\"og:image:width\" content=\"273\" \/>\n\t<meta property=\"og:image:height\" content=\"181\" \/>\n\t<meta property=\"og:image:type\" content=\"image\/jpeg\" \/>\n<meta name=\"author\" content=\"admin\" \/>\n<meta name=\"twitter:card\" content=\"summary_large_image\" \/>\n<meta name=\"twitter:label1\" content=\"Escrito por\" \/>\n\t<meta name=\"twitter:data1\" content=\"admin\" \/>\n\t<meta name=\"twitter:label2\" content=\"Est. tempo de leitura\" \/>\n\t<meta name=\"twitter:data2\" content=\"8 minutos\" \/>\n<script type=\"application\/ld+json\" class=\"yoast-schema-graph\">{\"@context\":\"https:\/\/schema.org\",\"@graph\":[{\"@type\":\"WebSite\",\"@id\":\"https:\/\/franciscanos.org.br\/noticias\/#website\",\"url\":\"https:\/\/franciscanos.org.br\/noticias\/\",\"name\":\"Not\u00edcias - Franciscanos\",\"description\":\"Prov\u00edncia Franciscana da Imaculada Concei\u00e7\u00e3o do Brasil - Ordem dos Frades Menores - OFM\",\"potentialAction\":[{\"@type\":\"SearchAction\",\"target\":{\"@type\":\"EntryPoint\",\"urlTemplate\":\"https:\/\/franciscanos.org.br\/noticias\/?s={search_term_string}\"},\"query-input\":\"required name=search_term_string\"}],\"inLanguage\":\"pt-BR\"},{\"@type\":\"ImageObject\",\"inLanguage\":\"pt-BR\",\"@id\":\"https:\/\/franciscanos.org.br\/noticias\/pequenos-passos-levam-a-santidade-diz-papa.html#primaryimage\",\"url\":\"https:\/\/franciscanos.org.br\/noticias\/wp-content\/uploads\/2014\/11\/papa.jpg\",\"contentUrl\":\"https:\/\/franciscanos.org.br\/noticias\/wp-content\/uploads\/2014\/11\/papa.jpg\",\"width\":273,\"height\":181},{\"@type\":\"WebPage\",\"@id\":\"https:\/\/franciscanos.org.br\/noticias\/pequenos-passos-levam-a-santidade-diz-papa.html#webpage\",\"url\":\"https:\/\/franciscanos.org.br\/noticias\/pequenos-passos-levam-a-santidade-diz-papa.html\",\"name\":\"Pequenos passos levam \u00e0 santidade, diz Papa - Not\u00edcias - Franciscanos\",\"isPartOf\":{\"@id\":\"https:\/\/franciscanos.org.br\/noticias\/#website\"},\"primaryImageOfPage\":{\"@id\":\"https:\/\/franciscanos.org.br\/noticias\/pequenos-passos-levam-a-santidade-diz-papa.html#primaryimage\"},\"datePublished\":\"2014-11-20T09:25:37+00:00\",\"dateModified\":\"2020-06-10T20:02:09+00:00\",\"author\":{\"@id\":\"https:\/\/franciscanos.org.br\/noticias\/#\/schema\/person\/b38fbf43118f02820bd932f2e4b14ad3\"},\"breadcrumb\":{\"@id\":\"https:\/\/franciscanos.org.br\/noticias\/pequenos-passos-levam-a-santidade-diz-papa.html#breadcrumb\"},\"inLanguage\":\"pt-BR\",\"potentialAction\":[{\"@type\":\"ReadAction\",\"target\":[\"https:\/\/franciscanos.org.br\/noticias\/pequenos-passos-levam-a-santidade-diz-papa.html\"]}]},{\"@type\":\"BreadcrumbList\",\"@id\":\"https:\/\/franciscanos.org.br\/noticias\/pequenos-passos-levam-a-santidade-diz-papa.html#breadcrumb\",\"itemListElement\":[{\"@type\":\"ListItem\",\"position\":1,\"name\":\"Home\",\"item\":\"https:\/\/franciscanos.org.br\/noticias\"},{\"@type\":\"ListItem\",\"position\":2,\"name\":\"Pequenos passos levam \u00e0 santidade, diz Papa\"}]},{\"@type\":\"Person\",\"@id\":\"https:\/\/franciscanos.org.br\/noticias\/#\/schema\/person\/b38fbf43118f02820bd932f2e4b14ad3\",\"name\":\"admin\",\"image\":{\"@type\":\"ImageObject\",\"inLanguage\":\"pt-BR\",\"@id\":\"https:\/\/franciscanos.org.br\/noticias\/#\/schema\/person\/image\/\",\"url\":\"https:\/\/secure.gravatar.com\/avatar\/e8495742d34d0ba6448ea1c628263b3e?s=96&d=mm&r=g\",\"contentUrl\":\"https:\/\/secure.gravatar.com\/avatar\/e8495742d34d0ba6448ea1c628263b3e?s=96&d=mm&r=g\",\"caption\":\"admin\"},\"url\":\"https:\/\/franciscanos.org.br\/noticias\/author\/admin\"}]}<\/script>\n<!-- \/ Yoast SEO plugin. -->","yoast_head_json":{"title":"Pequenos passos levam \u00e0 santidade, diz Papa - Not\u00edcias - Franciscanos","robots":{"index":"index","follow":"follow","max-snippet":"max-snippet:-1","max-image-preview":"max-image-preview:large","max-video-preview":"max-video-preview:-1"},"canonical":"https:\/\/franciscanos.org.br\/noticias\/pequenos-passos-levam-a-santidade-diz-papa.html","og_locale":"pt_BR","og_type":"article","og_title":"Pequenos passos levam \u00e0 santidade, diz Papa - Not\u00edcias - Franciscanos","og_description":"Audi\u00eancia Geral","og_url":"https:\/\/franciscanos.org.br\/noticias\/pequenos-passos-levam-a-santidade-diz-papa.html","og_site_name":"Not\u00edcias - Franciscanos","article_published_time":"2014-11-20T09:25:37+00:00","article_modified_time":"2020-06-10T20:02:09+00:00","og_image":[{"width":273,"height":181,"url":"https:\/\/franciscanos.org.br\/noticias\/wp-content\/uploads\/2014\/11\/papa.jpg","type":"image\/jpeg"}],"author":"admin","twitter_card":"summary_large_image","twitter_misc":{"Escrito por":"admin","Est. tempo de leitura":"8 minutos"},"schema":{"@context":"https:\/\/schema.org","@graph":[{"@type":"WebSite","@id":"https:\/\/franciscanos.org.br\/noticias\/#website","url":"https:\/\/franciscanos.org.br\/noticias\/","name":"Not\u00edcias - Franciscanos","description":"Prov\u00edncia Franciscana da Imaculada Concei\u00e7\u00e3o do Brasil - Ordem dos Frades Menores - OFM","potentialAction":[{"@type":"SearchAction","target":{"@type":"EntryPoint","urlTemplate":"https:\/\/franciscanos.org.br\/noticias\/?s={search_term_string}"},"query-input":"required name=search_term_string"}],"inLanguage":"pt-BR"},{"@type":"ImageObject","inLanguage":"pt-BR","@id":"https:\/\/franciscanos.org.br\/noticias\/pequenos-passos-levam-a-santidade-diz-papa.html#primaryimage","url":"https:\/\/franciscanos.org.br\/noticias\/wp-content\/uploads\/2014\/11\/papa.jpg","contentUrl":"https:\/\/franciscanos.org.br\/noticias\/wp-content\/uploads\/2014\/11\/papa.jpg","width":273,"height":181},{"@type":"WebPage","@id":"https:\/\/franciscanos.org.br\/noticias\/pequenos-passos-levam-a-santidade-diz-papa.html#webpage","url":"https:\/\/franciscanos.org.br\/noticias\/pequenos-passos-levam-a-santidade-diz-papa.html","name":"Pequenos passos levam \u00e0 santidade, diz Papa - Not\u00edcias - Franciscanos","isPartOf":{"@id":"https:\/\/franciscanos.org.br\/noticias\/#website"},"primaryImageOfPage":{"@id":"https:\/\/franciscanos.org.br\/noticias\/pequenos-passos-levam-a-santidade-diz-papa.html#primaryimage"},"datePublished":"2014-11-20T09:25:37+00:00","dateModified":"2020-06-10T20:02:09+00:00","author":{"@id":"https:\/\/franciscanos.org.br\/noticias\/#\/schema\/person\/b38fbf43118f02820bd932f2e4b14ad3"},"breadcrumb":{"@id":"https:\/\/franciscanos.org.br\/noticias\/pequenos-passos-levam-a-santidade-diz-papa.html#breadcrumb"},"inLanguage":"pt-BR","potentialAction":[{"@type":"ReadAction","target":["https:\/\/franciscanos.org.br\/noticias\/pequenos-passos-levam-a-santidade-diz-papa.html"]}]},{"@type":"BreadcrumbList","@id":"https:\/\/franciscanos.org.br\/noticias\/pequenos-passos-levam-a-santidade-diz-papa.html#breadcrumb","itemListElement":[{"@type":"ListItem","position":1,"name":"Home","item":"https:\/\/franciscanos.org.br\/noticias"},{"@type":"ListItem","position":2,"name":"Pequenos passos levam \u00e0 santidade, diz Papa"}]},{"@type":"Person","@id":"https:\/\/franciscanos.org.br\/noticias\/#\/schema\/person\/b38fbf43118f02820bd932f2e4b14ad3","name":"admin","image":{"@type":"ImageObject","inLanguage":"pt-BR","@id":"https:\/\/franciscanos.org.br\/noticias\/#\/schema\/person\/image\/","url":"https:\/\/secure.gravatar.com\/avatar\/e8495742d34d0ba6448ea1c628263b3e?s=96&d=mm&r=g","contentUrl":"https:\/\/secure.gravatar.com\/avatar\/e8495742d34d0ba6448ea1c628263b3e?s=96&d=mm&r=g","caption":"admin"},"url":"https:\/\/franciscanos.org.br\/noticias\/author\/admin"}]}},"_links":{"self":[{"href":"https:\/\/franciscanos.org.br\/noticias\/wp-json\/wp\/v2\/posts\/73161"}],"collection":[{"href":"https:\/\/franciscanos.org.br\/noticias\/wp-json\/wp\/v2\/posts"}],"about":[{"href":"https:\/\/franciscanos.org.br\/noticias\/wp-json\/wp\/v2\/types\/post"}],"author":[{"embeddable":true,"href":"https:\/\/franciscanos.org.br\/noticias\/wp-json\/wp\/v2\/users\/1"}],"replies":[{"embeddable":true,"href":"https:\/\/franciscanos.org.br\/noticias\/wp-json\/wp\/v2\/comments?post=73161"}],"version-history":[{"count":1,"href":"https:\/\/franciscanos.org.br\/noticias\/wp-json\/wp\/v2\/posts\/73161\/revisions"}],"predecessor-version":[{"id":226149,"href":"https:\/\/franciscanos.org.br\/noticias\/wp-json\/wp\/v2\/posts\/73161\/revisions\/226149"}],"wp:featuredmedia":[{"embeddable":true,"href":"https:\/\/franciscanos.org.br\/noticias\/wp-json\/wp\/v2\/media\/209129"}],"wp:attachment":[{"href":"https:\/\/franciscanos.org.br\/noticias\/wp-json\/wp\/v2\/media?parent=73161"}],"wp:term":[{"taxonomy":"category","embeddable":true,"href":"https:\/\/franciscanos.org.br\/noticias\/wp-json\/wp\/v2\/categories?post=73161"},{"taxonomy":"post_tag","embeddable":true,"href":"https:\/\/franciscanos.org.br\/noticias\/wp-json\/wp\/v2\/tags?post=73161"}],"curies":[{"name":"wp","href":"https:\/\/api.w.org\/{rel}","templated":true}]}}