{"id":72999,"date":"2014-11-19T07:51:03","date_gmt":"2014-11-19T09:51:03","guid":{"rendered":"http:\/\/franciscanos.org.br\/?p=72999"},"modified":"2020-02-12T12:14:04","modified_gmt":"2020-02-12T15:14:04","slug":"papa-abre-ano-da-vida-religiosa-consagrada-no-dia-30","status":"publish","type":"post","link":"https:\/\/franciscanos.org.br\/noticias\/papa-abre-ano-da-vida-religiosa-consagrada-no-dia-30.html","title":{"rendered":"Papa abre Ano da Vida Religiosa Consagrada no dia 30"},"content":{"rendered":"<p><img loading=\"lazy\" src=\"http:\/\/franciscanos.org.br\/wp-content\/uploads\/2014\/11\/logo_ano.jpg\" alt=\"logo_ano\" width=\"820\" height=\"358\" \/><\/p>\n<p>No pr\u00f3ximo dia 30 de novembro ser\u00e1 aberto oficialmente, na Bas\u00edlica de S\u00e3o Pedro, o <strong>Ano da Vida Religiosa Consagrada<\/strong>, que terminar\u00e1 em 2 de fevereiro de 2016, por ocasi\u00e3o do Dia da Vida Consagrada. O an\u00fancio foi feito pelo Papa Francisco em novembro do ano passado, durante a 82\u00aa Assembleia Geral da Uni\u00e3o dos Superiores Gerais (USG).<\/p>\n<p>No Brasil, \u00a0a abertura ser\u00e1 no dia 30 de novembro no Santu\u00e1rio Dom Bosco, \u00e0s 18 horas, em Bras\u00edlia (DF), e no mesmo hor\u00e1rio no Santu\u00e1rio de Aparecida, com transmiss\u00e3o pela TV Aparecida.<\/p>\n<p>No encontro da USG no ano passado, o Papa afirmou que a radicalidade \u00e9 pedida a todos os crist\u00e3os, mas os religiosos s\u00e3o chamados a seguir o Senhor de uma forma especial: \u201cEles s\u00e3o homens e mulheres que podem acordar o mundo . A vida consagrada \u00e9 uma profecia\u201d.<\/p>\n<p>Para este ano est\u00e3o programadas v\u00e1rias a\u00e7\u00f5es em n\u00edvel mundial, latino-americano e nacional. Assim, de 22 a 24 de janeiro de 2015, durante a Semana de ora\u00e7\u00e3o pela unidade dos crist\u00e3os no hemisf\u00e9rio Norte, haver\u00e1 um congresso ecum\u00eanico ao qual ser\u00e3o convidados consagrados e consagradas de outras Igrejas e comunidades eclesiais.<\/p>\n<p>De 8 a 11 de abril de 2015, ser\u00e1 a vez de um congresso destinado aos formadores e \u00e0s formadoras da vida consagrada, com o objetivo espec\u00edfico de aprofundar os crit\u00e9rios que prov\u00eam de uma espiritualidade de comunh\u00e3o. De 23 a 26 de setembro de 2015, haver\u00e1 um &#8220;laborat\u00f3rio&#8221; especial para os jovens consagrados. De 24 de janeiro a 2 de fevereiro de 2016, se realizar\u00e1 a Semana mundial da vida consagrada na unidade.<\/p>\n<h3>PRINCIPAIS EVENTOS DO ANO DEDICADO \u00c0 VIDA RELIGIOSA CONSAGRADA<br \/>\n1. A\u00e7\u00f5es internacionais<\/h3>\n<p>a) 29 de Novembro de 2014 \u2013 Vig\u00edlia de Ora\u00e7\u00e3o em prepara\u00e7\u00e3o \u2013 Bas\u00edlica Papal de Santa Maria Maior &#8211; Roma<br \/>\nb) 30 de Novembro de 2014 \u2013 Abertura Oficial na Bas\u00edlica de S\u00e3o Pedro \u2013 Roma;<br \/>\nc) 22 &#8211; 24 de Janeiro de 2015 \u2013 Congresso Ecum\u00eanico para Consagrados (as) de outras Igrejas;<br \/>\nd) 08 &#8211; 11 de abril de 2015 \u2013 Congresso para Formadores (as), para aprofundar os crit\u00e9rios que prov\u00e9m de uma<br \/>\nespiritualidade de comunh\u00e3o;<br \/>\ne) 23 &#8211; 26 de setembro de 2015 &#8211; Congresso para Jovens Consagrados (as) da Vida Consagrada \u2013 at\u00e9 10 anos;<br \/>\nh) 27\/01 \u2013 31\/01\/2016 &#8211; VIDA CONSAGRADA EM COMUNH\u00c3O (Simp\u00f3sios) &#8211; O fundamento comum na diversidade: 27 a 30: Simp\u00f3sio<br \/>\nInstitutos de Vida Consagrada e Soc. de Vida Apost\u00f3lica; 27 a 30: Novos Institutos e Novas Formas de VC; 28 a 31: Vida<br \/>\nMon\u00e1stica; 29 a 31: Institutos Seculares; 29 a 31: \u201cOrdo Virginum\u201d;<br \/>\ni) 30 de Janeiro de 2016 \u2013 Vig\u00edlia de A\u00e7\u00e3o de Gra\u00e7as \u2013 Bas\u00edlica S\u00e3o Pedro \u2013 Roma;<br \/>\nj) 01 de fevereiro de 2016 \u2013 Audi\u00eancia da Vida Consagrada com o Papa Francisco;<br \/>\nk) 02 de fevereiro de 2016 &#8211; Encerramento oficial do Ano da Vida Consagrada \u2013 Roma;<br \/>\nl) Publica\u00e7\u00e3o de materiais e documentos.<\/p>\n<h3>2. A\u00e7\u00f5es latino-americanas \u2013 CLAR<\/h3>\n<p>a) 16 \u2013 17 de junho de 2015 &#8211; III Congresso Latino Americano das Novas Gera\u00e7\u00f5es \u2013 Bogot\u00e1 \u2013 Col\u00f4mbia;<br \/>\nb) 18 \u2013 21 de junho de 2015: Congresso: 50\u00ba Perfecta Caritatis e o Ano da Vida Consagrada &#8211; Bogot\u00e1 \u2013 Col\u00f4mbia;<\/p>\n<h3>3. A\u00e7\u00f5es nacionais &#8211; CRB<\/h3>\n<p>a) 30 de Novembro \u2013 Abertura Oficial &#8211; Santu\u00e1rio Dom Bosco \u2013 18 horas \u2013 Bras\u00edlia \u2013 DF;<br \/>\nb) 30 de Novembro \u2013 Abertura Oficial &#8211; Santu\u00e1rio de Aparecida \u2013 18 horas \u2013 Transmitida pela TV Aparecida;<br \/>\nc) 07 \u2013 10 abril de 2015 &#8211; Grande Semin\u00e1rio Nacional para a Vida Consagrada \u2013 APARECIDA \u2013 SP;<br \/>\nd) 22 a 26\/10\/15 &#8211; Encontro Nacional para Formadores &#8211; Fortaleza\/CE;<br \/>\ne) 16 de agosto de 2015 &#8211; Celebra\u00e7\u00e3o do \u201cDia do (a) Consagrado (a)\u201d \u2013 3\u00b0 Domingo de Agosto em todas as Igrejas do Brasil \u2013<br \/>\n( Ver os Folhetos dominicais: O Domingo, Deus Conosco, etc&#8230;.);<br \/>\nf) Mensagem (cart\u00e3o) para o Dia do (a) Consagrada;<br \/>\ng) Carta convidando os (as) Religiosos (as) de todo o Brasil para o Ano da Vida Consagrada \u2013 Novembro<br \/>\nh) Publica\u00e7\u00f5es Mensais na Revista Converg\u00eancia \u2013 P\u00e1gina da Vida Consagrada \u2013 Sobre o Documento \u201cPerfecta Caritatis\u201d e<br \/>\noutros;<br \/>\ni) Divulgar e refletir os textos que o Vaticano publicar\u00e1 durante este ano celebrativo;<br \/>\nj) Lan\u00e7amento de \u201cConcurso para o Hino da CRB\u201d para o Ano da Vida Consagrada \u2013 Lan\u00e7amento em Novembro\/14<br \/>\nk) Nas correspond\u00eancias da CRB Nacional haver\u00e1 destaque sobre o Ano da Vida Consagrada;<br \/>\nl) Participar Encontros Internacionais em Roma \u2013 Enviar algu\u00e9m pela CRB Nacional;<br \/>\nm) 02 de fevereiro de 2016 \u2013 Encerramento do Ano da Vida Consagrada \u2013 Ver Local e hor\u00e1rio; (Possivelmente em Aparecida,<br \/>\numa grande celebra\u00e7\u00e3o da Vida Consagrada, em hor\u00e1rio transmitido em Rede: Aparecida, Can\u00e7\u00e3o Nova e S\u00e9culo XXI).<br \/>\nn) Constituir uma Equipe para impulsionar o ANO DA VIDA CONSAGRADA \u2013 (AEN (Assessoria Executiva Nacional da CRB)<\/p>\n<h3>4. A\u00e7\u00f5es programadas pela CRB<\/h3>\n<p>a) 30 de Novembro \u2013 Abertura Oficial \u2013 Incentivar, em cada Regional, a abertura nas Capitais \u2013 enfim nas Igrejas Arqui<br \/>\n(Diocesanas e Paroquiais. \u201c\u00c9 um ano da Igreja\u201d como tem insistido o Papa Francisco OBS. Cada Regional\/Arqui (Diocese),<br \/>\netc., poder\u00e1 prever a data de abertura, independente da data de Roma e da Nacional;<br \/>\nb) Organizar os Encontros Formativos do Segundo Semestre, dentro da Tem\u00e1tica do Semin\u00e1rio da Vida Consagrada \u2013 Abril de<br \/>\n2015 ou do Congresso da CLAR: 50\u00ba Perfectae Caritatis e o Ano da Vida Consagrada &#8211; Junho de 2015;<br \/>\nc) Fazer destaques e Celebra\u00e7\u00f5es especiais nos Eventos todos da Regional \u2013 Forma\u00e7\u00e3o Inicial e Permanente, etc.<br \/>\nd) Celebrar o \u201cDia do (a) Consagrado(a) no 3\u00b0 Domingo de agosto(16) em todos os N\u00facleos; Celebrar a Vida Religiosa,<br \/>\nparticularmente nas Par\u00f3quias onde est\u00e3o Religiosas(os).<\/p>\n","protected":false},"excerpt":{"rendered":"<p>Vida consagrada<\/p>\n","protected":false},"author":1,"featured_media":219201,"comment_status":"open","ping_status":"open","sticky":false,"template":"","format":"standard","meta":[],"categories":[1],"tags":[],"acf":[],"yoast_head":"<!-- This site is optimized with the Yoast SEO plugin v19.2 - https:\/\/yoast.com\/wordpress\/plugins\/seo\/ -->\n<title>Papa abre Ano da Vida Religiosa Consagrada no dia 30 - Not\u00edcias - Franciscanos<\/title>\n<meta name=\"robots\" content=\"index, follow, max-snippet:-1, max-image-preview:large, max-video-preview:-1\" \/>\n<link rel=\"canonical\" href=\"https:\/\/franciscanos.org.br\/noticias\/papa-abre-ano-da-vida-religiosa-consagrada-no-dia-30.html\" \/>\n<meta property=\"og:locale\" content=\"pt_BR\" \/>\n<meta property=\"og:type\" content=\"article\" \/>\n<meta property=\"og:title\" content=\"Papa abre Ano da Vida Religiosa Consagrada no dia 30 - Not\u00edcias - Franciscanos\" \/>\n<meta property=\"og:description\" content=\"Vida consagrada\" \/>\n<meta property=\"og:url\" content=\"https:\/\/franciscanos.org.br\/noticias\/papa-abre-ano-da-vida-religiosa-consagrada-no-dia-30.html\" \/>\n<meta property=\"og:site_name\" content=\"Not\u00edcias - Franciscanos\" \/>\n<meta property=\"article:published_time\" content=\"2014-11-19T09:51:03+00:00\" \/>\n<meta property=\"article:modified_time\" content=\"2020-02-12T15:14:04+00:00\" \/>\n<meta property=\"og:image\" content=\"https:\/\/franciscanos.org.br\/noticias\/wp-content\/uploads\/2014\/12\/logo_ano.jpg\" \/>\n\t<meta property=\"og:image:width\" content=\"273\" \/>\n\t<meta property=\"og:image:height\" content=\"181\" \/>\n\t<meta property=\"og:image:type\" content=\"image\/jpeg\" \/>\n<meta name=\"author\" content=\"admin\" \/>\n<meta name=\"twitter:card\" content=\"summary_large_image\" \/>\n<meta name=\"twitter:label1\" content=\"Escrito por\" \/>\n\t<meta name=\"twitter:data1\" content=\"admin\" \/>\n\t<meta name=\"twitter:label2\" content=\"Est. tempo de leitura\" \/>\n\t<meta name=\"twitter:data2\" content=\"4 minutos\" \/>\n<script type=\"application\/ld+json\" class=\"yoast-schema-graph\">{\"@context\":\"https:\/\/schema.org\",\"@graph\":[{\"@type\":\"WebSite\",\"@id\":\"https:\/\/franciscanos.org.br\/noticias\/#website\",\"url\":\"https:\/\/franciscanos.org.br\/noticias\/\",\"name\":\"Not\u00edcias - Franciscanos\",\"description\":\"Prov\u00edncia Franciscana da Imaculada Concei\u00e7\u00e3o do Brasil - Ordem dos Frades Menores - OFM\",\"potentialAction\":[{\"@type\":\"SearchAction\",\"target\":{\"@type\":\"EntryPoint\",\"urlTemplate\":\"https:\/\/franciscanos.org.br\/noticias\/?s={search_term_string}\"},\"query-input\":\"required name=search_term_string\"}],\"inLanguage\":\"pt-BR\"},{\"@type\":\"ImageObject\",\"inLanguage\":\"pt-BR\",\"@id\":\"https:\/\/franciscanos.org.br\/noticias\/papa-abre-ano-da-vida-religiosa-consagrada-no-dia-30.html#primaryimage\",\"url\":\"https:\/\/franciscanos.org.br\/noticias\/wp-content\/uploads\/2014\/12\/logo_ano.jpg\",\"contentUrl\":\"https:\/\/franciscanos.org.br\/noticias\/wp-content\/uploads\/2014\/12\/logo_ano.jpg\",\"width\":273,\"height\":181},{\"@type\":\"WebPage\",\"@id\":\"https:\/\/franciscanos.org.br\/noticias\/papa-abre-ano-da-vida-religiosa-consagrada-no-dia-30.html#webpage\",\"url\":\"https:\/\/franciscanos.org.br\/noticias\/papa-abre-ano-da-vida-religiosa-consagrada-no-dia-30.html\",\"name\":\"Papa abre Ano da Vida Religiosa Consagrada no dia 30 - Not\u00edcias - Franciscanos\",\"isPartOf\":{\"@id\":\"https:\/\/franciscanos.org.br\/noticias\/#website\"},\"primaryImageOfPage\":{\"@id\":\"https:\/\/franciscanos.org.br\/noticias\/papa-abre-ano-da-vida-religiosa-consagrada-no-dia-30.html#primaryimage\"},\"datePublished\":\"2014-11-19T09:51:03+00:00\",\"dateModified\":\"2020-02-12T15:14:04+00:00\",\"author\":{\"@id\":\"https:\/\/franciscanos.org.br\/noticias\/#\/schema\/person\/b38fbf43118f02820bd932f2e4b14ad3\"},\"breadcrumb\":{\"@id\":\"https:\/\/franciscanos.org.br\/noticias\/papa-abre-ano-da-vida-religiosa-consagrada-no-dia-30.html#breadcrumb\"},\"inLanguage\":\"pt-BR\",\"potentialAction\":[{\"@type\":\"ReadAction\",\"target\":[\"https:\/\/franciscanos.org.br\/noticias\/papa-abre-ano-da-vida-religiosa-consagrada-no-dia-30.html\"]}]},{\"@type\":\"BreadcrumbList\",\"@id\":\"https:\/\/franciscanos.org.br\/noticias\/papa-abre-ano-da-vida-religiosa-consagrada-no-dia-30.html#breadcrumb\",\"itemListElement\":[{\"@type\":\"ListItem\",\"position\":1,\"name\":\"Home\",\"item\":\"https:\/\/franciscanos.org.br\/noticias\"},{\"@type\":\"ListItem\",\"position\":2,\"name\":\"Papa abre Ano da Vida Religiosa Consagrada no dia 30\"}]},{\"@type\":\"Person\",\"@id\":\"https:\/\/franciscanos.org.br\/noticias\/#\/schema\/person\/b38fbf43118f02820bd932f2e4b14ad3\",\"name\":\"admin\",\"image\":{\"@type\":\"ImageObject\",\"inLanguage\":\"pt-BR\",\"@id\":\"https:\/\/franciscanos.org.br\/noticias\/#\/schema\/person\/image\/\",\"url\":\"https:\/\/secure.gravatar.com\/avatar\/e8495742d34d0ba6448ea1c628263b3e?s=96&d=mm&r=g\",\"contentUrl\":\"https:\/\/secure.gravatar.com\/avatar\/e8495742d34d0ba6448ea1c628263b3e?s=96&d=mm&r=g\",\"caption\":\"admin\"},\"url\":\"https:\/\/franciscanos.org.br\/noticias\/author\/admin\"}]}<\/script>\n<!-- \/ Yoast SEO plugin. -->","yoast_head_json":{"title":"Papa abre Ano da Vida Religiosa Consagrada no dia 30 - Not\u00edcias - Franciscanos","robots":{"index":"index","follow":"follow","max-snippet":"max-snippet:-1","max-image-preview":"max-image-preview:large","max-video-preview":"max-video-preview:-1"},"canonical":"https:\/\/franciscanos.org.br\/noticias\/papa-abre-ano-da-vida-religiosa-consagrada-no-dia-30.html","og_locale":"pt_BR","og_type":"article","og_title":"Papa abre Ano da Vida Religiosa Consagrada no dia 30 - Not\u00edcias - Franciscanos","og_description":"Vida consagrada","og_url":"https:\/\/franciscanos.org.br\/noticias\/papa-abre-ano-da-vida-religiosa-consagrada-no-dia-30.html","og_site_name":"Not\u00edcias - Franciscanos","article_published_time":"2014-11-19T09:51:03+00:00","article_modified_time":"2020-02-12T15:14:04+00:00","og_image":[{"width":273,"height":181,"url":"https:\/\/franciscanos.org.br\/noticias\/wp-content\/uploads\/2014\/12\/logo_ano.jpg","type":"image\/jpeg"}],"author":"admin","twitter_card":"summary_large_image","twitter_misc":{"Escrito por":"admin","Est. tempo de leitura":"4 minutos"},"schema":{"@context":"https:\/\/schema.org","@graph":[{"@type":"WebSite","@id":"https:\/\/franciscanos.org.br\/noticias\/#website","url":"https:\/\/franciscanos.org.br\/noticias\/","name":"Not\u00edcias - Franciscanos","description":"Prov\u00edncia Franciscana da Imaculada Concei\u00e7\u00e3o do Brasil - Ordem dos Frades Menores - OFM","potentialAction":[{"@type":"SearchAction","target":{"@type":"EntryPoint","urlTemplate":"https:\/\/franciscanos.org.br\/noticias\/?s={search_term_string}"},"query-input":"required name=search_term_string"}],"inLanguage":"pt-BR"},{"@type":"ImageObject","inLanguage":"pt-BR","@id":"https:\/\/franciscanos.org.br\/noticias\/papa-abre-ano-da-vida-religiosa-consagrada-no-dia-30.html#primaryimage","url":"https:\/\/franciscanos.org.br\/noticias\/wp-content\/uploads\/2014\/12\/logo_ano.jpg","contentUrl":"https:\/\/franciscanos.org.br\/noticias\/wp-content\/uploads\/2014\/12\/logo_ano.jpg","width":273,"height":181},{"@type":"WebPage","@id":"https:\/\/franciscanos.org.br\/noticias\/papa-abre-ano-da-vida-religiosa-consagrada-no-dia-30.html#webpage","url":"https:\/\/franciscanos.org.br\/noticias\/papa-abre-ano-da-vida-religiosa-consagrada-no-dia-30.html","name":"Papa abre Ano da Vida Religiosa Consagrada no dia 30 - Not\u00edcias - Franciscanos","isPartOf":{"@id":"https:\/\/franciscanos.org.br\/noticias\/#website"},"primaryImageOfPage":{"@id":"https:\/\/franciscanos.org.br\/noticias\/papa-abre-ano-da-vida-religiosa-consagrada-no-dia-30.html#primaryimage"},"datePublished":"2014-11-19T09:51:03+00:00","dateModified":"2020-02-12T15:14:04+00:00","author":{"@id":"https:\/\/franciscanos.org.br\/noticias\/#\/schema\/person\/b38fbf43118f02820bd932f2e4b14ad3"},"breadcrumb":{"@id":"https:\/\/franciscanos.org.br\/noticias\/papa-abre-ano-da-vida-religiosa-consagrada-no-dia-30.html#breadcrumb"},"inLanguage":"pt-BR","potentialAction":[{"@type":"ReadAction","target":["https:\/\/franciscanos.org.br\/noticias\/papa-abre-ano-da-vida-religiosa-consagrada-no-dia-30.html"]}]},{"@type":"BreadcrumbList","@id":"https:\/\/franciscanos.org.br\/noticias\/papa-abre-ano-da-vida-religiosa-consagrada-no-dia-30.html#breadcrumb","itemListElement":[{"@type":"ListItem","position":1,"name":"Home","item":"https:\/\/franciscanos.org.br\/noticias"},{"@type":"ListItem","position":2,"name":"Papa abre Ano da Vida Religiosa Consagrada no dia 30"}]},{"@type":"Person","@id":"https:\/\/franciscanos.org.br\/noticias\/#\/schema\/person\/b38fbf43118f02820bd932f2e4b14ad3","name":"admin","image":{"@type":"ImageObject","inLanguage":"pt-BR","@id":"https:\/\/franciscanos.org.br\/noticias\/#\/schema\/person\/image\/","url":"https:\/\/secure.gravatar.com\/avatar\/e8495742d34d0ba6448ea1c628263b3e?s=96&d=mm&r=g","contentUrl":"https:\/\/secure.gravatar.com\/avatar\/e8495742d34d0ba6448ea1c628263b3e?s=96&d=mm&r=g","caption":"admin"},"url":"https:\/\/franciscanos.org.br\/noticias\/author\/admin"}]}},"_links":{"self":[{"href":"https:\/\/franciscanos.org.br\/noticias\/wp-json\/wp\/v2\/posts\/72999"}],"collection":[{"href":"https:\/\/franciscanos.org.br\/noticias\/wp-json\/wp\/v2\/posts"}],"about":[{"href":"https:\/\/franciscanos.org.br\/noticias\/wp-json\/wp\/v2\/types\/post"}],"author":[{"embeddable":true,"href":"https:\/\/franciscanos.org.br\/noticias\/wp-json\/wp\/v2\/users\/1"}],"replies":[{"embeddable":true,"href":"https:\/\/franciscanos.org.br\/noticias\/wp-json\/wp\/v2\/comments?post=72999"}],"version-history":[{"count":0,"href":"https:\/\/franciscanos.org.br\/noticias\/wp-json\/wp\/v2\/posts\/72999\/revisions"}],"wp:featuredmedia":[{"embeddable":true,"href":"https:\/\/franciscanos.org.br\/noticias\/wp-json\/wp\/v2\/media\/219201"}],"wp:attachment":[{"href":"https:\/\/franciscanos.org.br\/noticias\/wp-json\/wp\/v2\/media?parent=72999"}],"wp:term":[{"taxonomy":"category","embeddable":true,"href":"https:\/\/franciscanos.org.br\/noticias\/wp-json\/wp\/v2\/categories?post=72999"},{"taxonomy":"post_tag","embeddable":true,"href":"https:\/\/franciscanos.org.br\/noticias\/wp-json\/wp\/v2\/tags?post=72999"}],"curies":[{"name":"wp","href":"https:\/\/api.w.org\/{rel}","templated":true}]}}