{"id":72811,"date":"2014-11-14T08:12:23","date_gmt":"2014-11-14T10:12:23","guid":{"rendered":"http:\/\/franciscanos.org.br\/?p=72811"},"modified":"2019-04-17T14:02:54","modified_gmt":"2019-04-17T17:02:54","slug":"um-reino-construido-com-suor-e-espirito","status":"publish","type":"post","link":"https:\/\/franciscanos.org.br\/noticias\/um-reino-construido-com-suor-e-espirito.html","title":{"rendered":"Um Reino constru\u00eddo com suor e esp\u00edrito"},"content":{"rendered":"<p><img loading=\"lazy\" class=\"alignnone size-full wp-image-197395\" src=\"https:\/\/franciscanos.org.br\/noticias\/wp-content\/uploads\/2014\/11\/correr.jpg\" alt=\"\" width=\"820\" height=\"449\" srcset=\"https:\/\/franciscanos.org.br\/noticias\/wp-content\/uploads\/2014\/11\/correr.jpg 820w, https:\/\/franciscanos.org.br\/noticias\/wp-content\/uploads\/2014\/11\/correr-450x246.jpg 450w, https:\/\/franciscanos.org.br\/noticias\/wp-content\/uploads\/2014\/11\/correr-768x421.jpg 768w, https:\/\/franciscanos.org.br\/noticias\/wp-content\/uploads\/2014\/11\/correr-150x82.jpg 150w\" sizes=\"(max-width: 820px) 100vw, 820px\" \/><\/p>\n<p><strong>Frei Gustavo Medella<\/strong><\/p>\n<p>Na matem\u00e1tica das grandes conquistas, 20% de inspira\u00e7\u00e3o e 80% de transpira\u00e7\u00e3o. Os talentos recebidos pelos empregados \u00e9 a confian\u00e7a que o senhor deposita neles. Cada um recebe de acordo com a capacidade que possui para \u201ctranspirar\u201d. Os talentos s\u00e3o o ponto de partida, marcam o in\u00edcio da miss\u00e3o. Entreg\u00e1-los \u00e9 iniciativa do senhor. A partir de agora, faz\u00ea-los render e produzir bons frutos \u00e9 responsabilidade daqueles com quem o senhor decidiu contar. Poderia escolher outros, mas decidiu por aqueles tr\u00eas, a quem entregou cinco, dois e um talento.<\/p>\n<p>Simbolicamente, o talento \u00e9 a vida de cada ser humano. Ningu\u00e9m \u00e9 dono da pr\u00f3pria vida, afinal nunca conheci algu\u00e9m que tivesse pedido para nascer. Aos olhos da f\u00e9, a vida \u00e9 um chamado de Deus, \u00e9 um dom confiado pelo Pai. Trabalhar para desenvolver este dom \u00e9 tarefa pessoal e intransfer\u00edvel de cada pessoa. Agir com responsabilidade e crit\u00e9rio, suar a camisa de fato como gesto de gratid\u00e3o e reconhecimento a Deus \u00e9 caminho seguro para a realiza\u00e7\u00e3o plena do ser humano, ainda que venham dificuldades.<\/p>\n<p>Reconhecer-se agraciado e trabalhar para repartir e difundir a gra\u00e7a \u00e9 a estrada percorrida por aqueles que sentem no cora\u00e7\u00e3o o desejo profundo de servir a Deus e veem realizada na pr\u00f3pria vida a profecia do Salmo 128: \u201cFeliz \u00e9s tu, se temes o Senhor e trilha os seus caminhos. Do trabalho de tuas m\u00e3os ir\u00e1 viver, ser\u00e1s feliz, tudo ir\u00e1 bem\u201d.<\/p>\n","protected":false},"excerpt":{"rendered":"<p>Liturgia dominical<\/p>\n","protected":false},"author":1,"featured_media":202540,"comment_status":"open","ping_status":"open","sticky":false,"template":"","format":"standard","meta":[],"categories":[1],"tags":[537],"acf":[],"yoast_head":"<!-- This site is optimized with the Yoast SEO plugin v19.2 - https:\/\/yoast.com\/wordpress\/plugins\/seo\/ -->\n<title>Um Reino constru\u00eddo com suor e esp\u00edrito - Not\u00edcias - Franciscanos<\/title>\n<meta name=\"robots\" content=\"index, follow, max-snippet:-1, max-image-preview:large, max-video-preview:-1\" \/>\n<link rel=\"canonical\" href=\"https:\/\/franciscanos.org.br\/noticias\/um-reino-construido-com-suor-e-espirito.html\" \/>\n<meta property=\"og:locale\" content=\"pt_BR\" \/>\n<meta property=\"og:type\" content=\"article\" \/>\n<meta property=\"og:title\" content=\"Um Reino constru\u00eddo com suor e esp\u00edrito - Not\u00edcias - Franciscanos\" \/>\n<meta property=\"og:description\" content=\"Liturgia dominical\" \/>\n<meta property=\"og:url\" content=\"https:\/\/franciscanos.org.br\/noticias\/um-reino-construido-com-suor-e-espirito.html\" \/>\n<meta property=\"og:site_name\" content=\"Not\u00edcias - Franciscanos\" \/>\n<meta property=\"article:published_time\" content=\"2014-11-14T10:12:23+00:00\" \/>\n<meta property=\"article:modified_time\" content=\"2019-04-17T17:02:54+00:00\" \/>\n<meta property=\"og:image\" content=\"https:\/\/franciscanos.org.br\/noticias\/wp-content\/uploads\/2014\/11\/correr-1.jpg\" \/>\n\t<meta property=\"og:image:width\" content=\"273\" \/>\n\t<meta property=\"og:image:height\" content=\"181\" \/>\n\t<meta property=\"og:image:type\" content=\"image\/jpeg\" \/>\n<meta name=\"author\" content=\"admin\" \/>\n<meta name=\"twitter:card\" content=\"summary_large_image\" \/>\n<meta name=\"twitter:label1\" content=\"Escrito por\" \/>\n\t<meta name=\"twitter:data1\" content=\"admin\" \/>\n\t<meta name=\"twitter:label2\" content=\"Est. tempo de leitura\" \/>\n\t<meta name=\"twitter:data2\" content=\"1 minuto\" \/>\n<script type=\"application\/ld+json\" class=\"yoast-schema-graph\">{\"@context\":\"https:\/\/schema.org\",\"@graph\":[{\"@type\":\"WebSite\",\"@id\":\"https:\/\/franciscanos.org.br\/noticias\/#website\",\"url\":\"https:\/\/franciscanos.org.br\/noticias\/\",\"name\":\"Not\u00edcias - Franciscanos\",\"description\":\"Prov\u00edncia Franciscana da Imaculada Concei\u00e7\u00e3o do Brasil - Ordem dos Frades Menores - OFM\",\"potentialAction\":[{\"@type\":\"SearchAction\",\"target\":{\"@type\":\"EntryPoint\",\"urlTemplate\":\"https:\/\/franciscanos.org.br\/noticias\/?s={search_term_string}\"},\"query-input\":\"required name=search_term_string\"}],\"inLanguage\":\"pt-BR\"},{\"@type\":\"ImageObject\",\"inLanguage\":\"pt-BR\",\"@id\":\"https:\/\/franciscanos.org.br\/noticias\/um-reino-construido-com-suor-e-espirito.html#primaryimage\",\"url\":\"https:\/\/franciscanos.org.br\/noticias\/wp-content\/uploads\/2014\/11\/correr-1.jpg\",\"contentUrl\":\"https:\/\/franciscanos.org.br\/noticias\/wp-content\/uploads\/2014\/11\/correr-1.jpg\",\"width\":273,\"height\":181},{\"@type\":\"WebPage\",\"@id\":\"https:\/\/franciscanos.org.br\/noticias\/um-reino-construido-com-suor-e-espirito.html#webpage\",\"url\":\"https:\/\/franciscanos.org.br\/noticias\/um-reino-construido-com-suor-e-espirito.html\",\"name\":\"Um Reino constru\u00eddo com suor e esp\u00edrito - Not\u00edcias - Franciscanos\",\"isPartOf\":{\"@id\":\"https:\/\/franciscanos.org.br\/noticias\/#website\"},\"primaryImageOfPage\":{\"@id\":\"https:\/\/franciscanos.org.br\/noticias\/um-reino-construido-com-suor-e-espirito.html#primaryimage\"},\"datePublished\":\"2014-11-14T10:12:23+00:00\",\"dateModified\":\"2019-04-17T17:02:54+00:00\",\"author\":{\"@id\":\"https:\/\/franciscanos.org.br\/noticias\/#\/schema\/person\/b38fbf43118f02820bd932f2e4b14ad3\"},\"breadcrumb\":{\"@id\":\"https:\/\/franciscanos.org.br\/noticias\/um-reino-construido-com-suor-e-espirito.html#breadcrumb\"},\"inLanguage\":\"pt-BR\",\"potentialAction\":[{\"@type\":\"ReadAction\",\"target\":[\"https:\/\/franciscanos.org.br\/noticias\/um-reino-construido-com-suor-e-espirito.html\"]}]},{\"@type\":\"BreadcrumbList\",\"@id\":\"https:\/\/franciscanos.org.br\/noticias\/um-reino-construido-com-suor-e-espirito.html#breadcrumb\",\"itemListElement\":[{\"@type\":\"ListItem\",\"position\":1,\"name\":\"Home\",\"item\":\"https:\/\/franciscanos.org.br\/noticias\"},{\"@type\":\"ListItem\",\"position\":2,\"name\":\"Um Reino constru\u00eddo com suor e esp\u00edrito\"}]},{\"@type\":\"Person\",\"@id\":\"https:\/\/franciscanos.org.br\/noticias\/#\/schema\/person\/b38fbf43118f02820bd932f2e4b14ad3\",\"name\":\"admin\",\"image\":{\"@type\":\"ImageObject\",\"inLanguage\":\"pt-BR\",\"@id\":\"https:\/\/franciscanos.org.br\/noticias\/#\/schema\/person\/image\/\",\"url\":\"https:\/\/secure.gravatar.com\/avatar\/e8495742d34d0ba6448ea1c628263b3e?s=96&d=mm&r=g\",\"contentUrl\":\"https:\/\/secure.gravatar.com\/avatar\/e8495742d34d0ba6448ea1c628263b3e?s=96&d=mm&r=g\",\"caption\":\"admin\"},\"url\":\"https:\/\/franciscanos.org.br\/noticias\/author\/admin\"}]}<\/script>\n<!-- \/ Yoast SEO plugin. -->","yoast_head_json":{"title":"Um Reino constru\u00eddo com suor e esp\u00edrito - Not\u00edcias - Franciscanos","robots":{"index":"index","follow":"follow","max-snippet":"max-snippet:-1","max-image-preview":"max-image-preview:large","max-video-preview":"max-video-preview:-1"},"canonical":"https:\/\/franciscanos.org.br\/noticias\/um-reino-construido-com-suor-e-espirito.html","og_locale":"pt_BR","og_type":"article","og_title":"Um Reino constru\u00eddo com suor e esp\u00edrito - Not\u00edcias - Franciscanos","og_description":"Liturgia dominical","og_url":"https:\/\/franciscanos.org.br\/noticias\/um-reino-construido-com-suor-e-espirito.html","og_site_name":"Not\u00edcias - Franciscanos","article_published_time":"2014-11-14T10:12:23+00:00","article_modified_time":"2019-04-17T17:02:54+00:00","og_image":[{"width":273,"height":181,"url":"https:\/\/franciscanos.org.br\/noticias\/wp-content\/uploads\/2014\/11\/correr-1.jpg","type":"image\/jpeg"}],"author":"admin","twitter_card":"summary_large_image","twitter_misc":{"Escrito por":"admin","Est. tempo de leitura":"1 minuto"},"schema":{"@context":"https:\/\/schema.org","@graph":[{"@type":"WebSite","@id":"https:\/\/franciscanos.org.br\/noticias\/#website","url":"https:\/\/franciscanos.org.br\/noticias\/","name":"Not\u00edcias - Franciscanos","description":"Prov\u00edncia Franciscana da Imaculada Concei\u00e7\u00e3o do Brasil - Ordem dos Frades Menores - OFM","potentialAction":[{"@type":"SearchAction","target":{"@type":"EntryPoint","urlTemplate":"https:\/\/franciscanos.org.br\/noticias\/?s={search_term_string}"},"query-input":"required name=search_term_string"}],"inLanguage":"pt-BR"},{"@type":"ImageObject","inLanguage":"pt-BR","@id":"https:\/\/franciscanos.org.br\/noticias\/um-reino-construido-com-suor-e-espirito.html#primaryimage","url":"https:\/\/franciscanos.org.br\/noticias\/wp-content\/uploads\/2014\/11\/correr-1.jpg","contentUrl":"https:\/\/franciscanos.org.br\/noticias\/wp-content\/uploads\/2014\/11\/correr-1.jpg","width":273,"height":181},{"@type":"WebPage","@id":"https:\/\/franciscanos.org.br\/noticias\/um-reino-construido-com-suor-e-espirito.html#webpage","url":"https:\/\/franciscanos.org.br\/noticias\/um-reino-construido-com-suor-e-espirito.html","name":"Um Reino constru\u00eddo com suor e esp\u00edrito - Not\u00edcias - Franciscanos","isPartOf":{"@id":"https:\/\/franciscanos.org.br\/noticias\/#website"},"primaryImageOfPage":{"@id":"https:\/\/franciscanos.org.br\/noticias\/um-reino-construido-com-suor-e-espirito.html#primaryimage"},"datePublished":"2014-11-14T10:12:23+00:00","dateModified":"2019-04-17T17:02:54+00:00","author":{"@id":"https:\/\/franciscanos.org.br\/noticias\/#\/schema\/person\/b38fbf43118f02820bd932f2e4b14ad3"},"breadcrumb":{"@id":"https:\/\/franciscanos.org.br\/noticias\/um-reino-construido-com-suor-e-espirito.html#breadcrumb"},"inLanguage":"pt-BR","potentialAction":[{"@type":"ReadAction","target":["https:\/\/franciscanos.org.br\/noticias\/um-reino-construido-com-suor-e-espirito.html"]}]},{"@type":"BreadcrumbList","@id":"https:\/\/franciscanos.org.br\/noticias\/um-reino-construido-com-suor-e-espirito.html#breadcrumb","itemListElement":[{"@type":"ListItem","position":1,"name":"Home","item":"https:\/\/franciscanos.org.br\/noticias"},{"@type":"ListItem","position":2,"name":"Um Reino constru\u00eddo com suor e esp\u00edrito"}]},{"@type":"Person","@id":"https:\/\/franciscanos.org.br\/noticias\/#\/schema\/person\/b38fbf43118f02820bd932f2e4b14ad3","name":"admin","image":{"@type":"ImageObject","inLanguage":"pt-BR","@id":"https:\/\/franciscanos.org.br\/noticias\/#\/schema\/person\/image\/","url":"https:\/\/secure.gravatar.com\/avatar\/e8495742d34d0ba6448ea1c628263b3e?s=96&d=mm&r=g","contentUrl":"https:\/\/secure.gravatar.com\/avatar\/e8495742d34d0ba6448ea1c628263b3e?s=96&d=mm&r=g","caption":"admin"},"url":"https:\/\/franciscanos.org.br\/noticias\/author\/admin"}]}},"_links":{"self":[{"href":"https:\/\/franciscanos.org.br\/noticias\/wp-json\/wp\/v2\/posts\/72811"}],"collection":[{"href":"https:\/\/franciscanos.org.br\/noticias\/wp-json\/wp\/v2\/posts"}],"about":[{"href":"https:\/\/franciscanos.org.br\/noticias\/wp-json\/wp\/v2\/types\/post"}],"author":[{"embeddable":true,"href":"https:\/\/franciscanos.org.br\/noticias\/wp-json\/wp\/v2\/users\/1"}],"replies":[{"embeddable":true,"href":"https:\/\/franciscanos.org.br\/noticias\/wp-json\/wp\/v2\/comments?post=72811"}],"version-history":[{"count":0,"href":"https:\/\/franciscanos.org.br\/noticias\/wp-json\/wp\/v2\/posts\/72811\/revisions"}],"wp:featuredmedia":[{"embeddable":true,"href":"https:\/\/franciscanos.org.br\/noticias\/wp-json\/wp\/v2\/media\/202540"}],"wp:attachment":[{"href":"https:\/\/franciscanos.org.br\/noticias\/wp-json\/wp\/v2\/media?parent=72811"}],"wp:term":[{"taxonomy":"category","embeddable":true,"href":"https:\/\/franciscanos.org.br\/noticias\/wp-json\/wp\/v2\/categories?post=72811"},{"taxonomy":"post_tag","embeddable":true,"href":"https:\/\/franciscanos.org.br\/noticias\/wp-json\/wp\/v2\/tags?post=72811"}],"curies":[{"name":"wp","href":"https:\/\/api.w.org\/{rel}","templated":true}]}}