{"id":72518,"date":"2014-11-11T08:46:35","date_gmt":"2014-11-11T10:46:35","guid":{"rendered":"http:\/\/franciscanos.org.br\/?p=72518"},"modified":"2021-07-05T20:17:19","modified_gmt":"2021-07-05T23:17:19","slug":"canarinhos-se-apresentam-no-natal-na-rua-em-niteroi","status":"publish","type":"post","link":"https:\/\/franciscanos.org.br\/noticias\/canarinhos-se-apresentam-no-natal-na-rua-em-niteroi.html","title":{"rendered":"Canarinhos se apresentam no \u201cNatal na Rua\u201d, em Niter\u00f3i"},"content":{"rendered":"<p><em><a href=\"http:\/\/franciscanos.org.br\/wp-content\/uploads\/2014\/11\/8209.jpg\"><img loading=\"lazy\" src=\"http:\/\/franciscanos.org.br\/wp-content\/uploads\/2014\/11\/8209.jpg\" alt=\"820\" width=\"820\" height=\"350\" \/><\/a><\/em><\/p>\n<h4>Apresenta\u00e7\u00e3o \u00e9 aberta ao p\u00fablico; concerto ser\u00e1 realizado no Teatro Municipal<\/h4>\n<p>Os Corais do Instituto dos Meninos Cantores de Petr\u00f3polis ter\u00e3o uma apresenta\u00e7\u00e3o especial na Regi\u00e3o Metropolitana do Rio de Janeiro, que celebra a chegada dos festejos de fim de ano. No dia 17, \u00e0s 19h os Corais dos Meninos e das Meninas dos Canarinhos e os alunos do Curso de Aprendizes do IMCP participar\u00e3o da abertura do projeto \u201cNatal de Rua\u201d, no Teatro Municipal Jo\u00e3o Caetano, em Niter\u00f3i.<\/p>\n<p>Os dois grupos vocais do Instituto dos Meninos Cantores de Petr\u00f3polis e os alunos do Curso de Aprendizes ir\u00e3o participar do tradicional evento \u201cNatal de Rua\u201d, realizado na fachada do Teatro Municipal da cidade e que, em 2014, completa 19 anos de exist\u00eancia. A apresenta\u00e7\u00e3o, feita na escadaria do pr\u00e9dio, ser\u00e1 aberta ao p\u00fablico.<\/p>\n<p><a href=\"http:\/\/franciscanos.org.br\/wp-content\/uploads\/2014\/11\/01.jpg\"><img loading=\"lazy\" class=\"alignright wp-image-72523 size-full\" src=\"http:\/\/franciscanos.org.br\/wp-content\/uploads\/2014\/11\/01.jpg\" alt=\"01\" width=\"350\" height=\"274\" \/><\/a>\u201cVamos passar a nossa mensagem de Natal para as pessoas. Temos a expectativa de um grande p\u00fablico, pois o \u2018Natal na Rua\u2019 \u00e9 um evento muito popular e tradicional em Niter\u00f3i e convidamos a todos que puderem ir para que participem deste grandioso evento\u201d, afirmou o maestro do Coral dos Meninos e diretor art\u00edstico do IMCP, Marco Aur\u00e9lio Lischt.<\/p>\n<p>Lischt ainda destacou a presen\u00e7a, al\u00e9m dos alunos do Curso de Aprendizes dos Canarinhos, que est\u00e3o se preparando para entrar no Coral. \u201c\u00c9 a primeira vez que eles estar\u00e3o ao lado dos Canarinhos em um concerto de grande porte. Certamente, esta apresenta\u00e7\u00e3o ser\u00e1 um avan\u00e7o no aprendizado e deve significar um novo despertar destes meninos para a m\u00fasica, a partir desta apresenta\u00e7\u00e3o\u201d, declarou.<\/p>\n<p>No \u201cNatal na Rua\u201d, os corais e os aprendizes ir\u00e3o cantar m\u00fasicas tradicionais de Natal e de virada de ano, como \u201cBate o sino pequenino\u201d, \u201cSapatinhos de Natal\u201d, \u201cNoite feliz\u201d e \u201cMarcas do que se foi\u201d. Al\u00e9m disso, haver\u00e1 espa\u00e7o para a m\u00fasica sacra, com a execu\u00e7\u00e3o de \u201cMariae Wiegenlied\u201d, de Max Reger, e \u201cAve Maria\u201d, de Bach-Gounod.<\/p>\n<p>O Teatro Municipal de Niter\u00f3i fica na Av. 15 de Novembro, 35, no Centro de Niter\u00f3i. Mais informa\u00e7\u00f5es podem ser solicitadas atrav\u00e9s do site www.canarinhos.com.br, pelo telefone (24) 2104-4141, pela p\u00e1gina no Facebook (http:\/\/fb.com\/canarinhosdepetropolis) ou indo \u00e0 sede pr\u00f3pria do Instituto dos Meninos Cantores de Petr\u00f3polis, na Rua Santos Dumont, 355, no Centro Hist\u00f3rico.<\/p>\n","protected":false},"excerpt":{"rendered":"<p>Canarinhos<\/p>\n","protected":false},"author":1,"featured_media":217777,"comment_status":"open","ping_status":"open","sticky":false,"template":"","format":"standard","meta":[],"categories":[1],"tags":[1378],"acf":[],"yoast_head":"<!-- This site is optimized with the Yoast SEO plugin v19.2 - https:\/\/yoast.com\/wordpress\/plugins\/seo\/ -->\n<title>Canarinhos se apresentam no \u201cNatal na Rua\u201d, em Niter\u00f3i - Not\u00edcias - Franciscanos<\/title>\n<meta name=\"robots\" content=\"index, follow, max-snippet:-1, max-image-preview:large, max-video-preview:-1\" \/>\n<link rel=\"canonical\" href=\"https:\/\/franciscanos.org.br\/noticias\/canarinhos-se-apresentam-no-natal-na-rua-em-niteroi.html\" \/>\n<meta property=\"og:locale\" content=\"pt_BR\" \/>\n<meta property=\"og:type\" content=\"article\" \/>\n<meta property=\"og:title\" content=\"Canarinhos se apresentam no \u201cNatal na Rua\u201d, em Niter\u00f3i - Not\u00edcias - Franciscanos\" \/>\n<meta property=\"og:description\" content=\"Canarinhos\" \/>\n<meta property=\"og:url\" content=\"https:\/\/franciscanos.org.br\/noticias\/canarinhos-se-apresentam-no-natal-na-rua-em-niteroi.html\" \/>\n<meta property=\"og:site_name\" content=\"Not\u00edcias - Franciscanos\" \/>\n<meta property=\"article:published_time\" content=\"2014-11-11T10:46:35+00:00\" \/>\n<meta property=\"article:modified_time\" content=\"2021-07-05T23:17:19+00:00\" \/>\n<meta property=\"og:image\" content=\"https:\/\/franciscanos.org.br\/noticias\/wp-content\/uploads\/2014\/11\/8209.jpg\" \/>\n\t<meta property=\"og:image:width\" content=\"273\" \/>\n\t<meta property=\"og:image:height\" content=\"181\" \/>\n\t<meta property=\"og:image:type\" content=\"image\/jpeg\" \/>\n<meta name=\"author\" content=\"admin\" \/>\n<meta name=\"twitter:card\" content=\"summary_large_image\" \/>\n<meta name=\"twitter:label1\" content=\"Escrito por\" \/>\n\t<meta name=\"twitter:data1\" content=\"admin\" \/>\n\t<meta name=\"twitter:label2\" content=\"Est. tempo de leitura\" \/>\n\t<meta name=\"twitter:data2\" content=\"2 minutos\" \/>\n<script type=\"application\/ld+json\" class=\"yoast-schema-graph\">{\"@context\":\"https:\/\/schema.org\",\"@graph\":[{\"@type\":\"WebSite\",\"@id\":\"https:\/\/franciscanos.org.br\/noticias\/#website\",\"url\":\"https:\/\/franciscanos.org.br\/noticias\/\",\"name\":\"Not\u00edcias - Franciscanos\",\"description\":\"Prov\u00edncia Franciscana da Imaculada Concei\u00e7\u00e3o do Brasil - Ordem dos Frades Menores - OFM\",\"potentialAction\":[{\"@type\":\"SearchAction\",\"target\":{\"@type\":\"EntryPoint\",\"urlTemplate\":\"https:\/\/franciscanos.org.br\/noticias\/?s={search_term_string}\"},\"query-input\":\"required name=search_term_string\"}],\"inLanguage\":\"pt-BR\"},{\"@type\":\"ImageObject\",\"inLanguage\":\"pt-BR\",\"@id\":\"https:\/\/franciscanos.org.br\/noticias\/canarinhos-se-apresentam-no-natal-na-rua-em-niteroi.html#primaryimage\",\"url\":\"https:\/\/franciscanos.org.br\/noticias\/wp-content\/uploads\/2014\/11\/8209.jpg\",\"contentUrl\":\"https:\/\/franciscanos.org.br\/noticias\/wp-content\/uploads\/2014\/11\/8209.jpg\",\"width\":273,\"height\":181},{\"@type\":\"WebPage\",\"@id\":\"https:\/\/franciscanos.org.br\/noticias\/canarinhos-se-apresentam-no-natal-na-rua-em-niteroi.html#webpage\",\"url\":\"https:\/\/franciscanos.org.br\/noticias\/canarinhos-se-apresentam-no-natal-na-rua-em-niteroi.html\",\"name\":\"Canarinhos se apresentam no \u201cNatal na Rua\u201d, em Niter\u00f3i - Not\u00edcias - Franciscanos\",\"isPartOf\":{\"@id\":\"https:\/\/franciscanos.org.br\/noticias\/#website\"},\"primaryImageOfPage\":{\"@id\":\"https:\/\/franciscanos.org.br\/noticias\/canarinhos-se-apresentam-no-natal-na-rua-em-niteroi.html#primaryimage\"},\"datePublished\":\"2014-11-11T10:46:35+00:00\",\"dateModified\":\"2021-07-05T23:17:19+00:00\",\"author\":{\"@id\":\"https:\/\/franciscanos.org.br\/noticias\/#\/schema\/person\/b38fbf43118f02820bd932f2e4b14ad3\"},\"breadcrumb\":{\"@id\":\"https:\/\/franciscanos.org.br\/noticias\/canarinhos-se-apresentam-no-natal-na-rua-em-niteroi.html#breadcrumb\"},\"inLanguage\":\"pt-BR\",\"potentialAction\":[{\"@type\":\"ReadAction\",\"target\":[\"https:\/\/franciscanos.org.br\/noticias\/canarinhos-se-apresentam-no-natal-na-rua-em-niteroi.html\"]}]},{\"@type\":\"BreadcrumbList\",\"@id\":\"https:\/\/franciscanos.org.br\/noticias\/canarinhos-se-apresentam-no-natal-na-rua-em-niteroi.html#breadcrumb\",\"itemListElement\":[{\"@type\":\"ListItem\",\"position\":1,\"name\":\"Home\",\"item\":\"https:\/\/franciscanos.org.br\/noticias\"},{\"@type\":\"ListItem\",\"position\":2,\"name\":\"Canarinhos se apresentam no \u201cNatal na Rua\u201d, em Niter\u00f3i\"}]},{\"@type\":\"Person\",\"@id\":\"https:\/\/franciscanos.org.br\/noticias\/#\/schema\/person\/b38fbf43118f02820bd932f2e4b14ad3\",\"name\":\"admin\",\"image\":{\"@type\":\"ImageObject\",\"inLanguage\":\"pt-BR\",\"@id\":\"https:\/\/franciscanos.org.br\/noticias\/#\/schema\/person\/image\/\",\"url\":\"https:\/\/secure.gravatar.com\/avatar\/e8495742d34d0ba6448ea1c628263b3e?s=96&d=mm&r=g\",\"contentUrl\":\"https:\/\/secure.gravatar.com\/avatar\/e8495742d34d0ba6448ea1c628263b3e?s=96&d=mm&r=g\",\"caption\":\"admin\"},\"url\":\"https:\/\/franciscanos.org.br\/noticias\/author\/admin\"}]}<\/script>\n<!-- \/ Yoast SEO plugin. -->","yoast_head_json":{"title":"Canarinhos se apresentam no \u201cNatal na Rua\u201d, em Niter\u00f3i - Not\u00edcias - Franciscanos","robots":{"index":"index","follow":"follow","max-snippet":"max-snippet:-1","max-image-preview":"max-image-preview:large","max-video-preview":"max-video-preview:-1"},"canonical":"https:\/\/franciscanos.org.br\/noticias\/canarinhos-se-apresentam-no-natal-na-rua-em-niteroi.html","og_locale":"pt_BR","og_type":"article","og_title":"Canarinhos se apresentam no \u201cNatal na Rua\u201d, em Niter\u00f3i - Not\u00edcias - Franciscanos","og_description":"Canarinhos","og_url":"https:\/\/franciscanos.org.br\/noticias\/canarinhos-se-apresentam-no-natal-na-rua-em-niteroi.html","og_site_name":"Not\u00edcias - Franciscanos","article_published_time":"2014-11-11T10:46:35+00:00","article_modified_time":"2021-07-05T23:17:19+00:00","og_image":[{"width":273,"height":181,"url":"https:\/\/franciscanos.org.br\/noticias\/wp-content\/uploads\/2014\/11\/8209.jpg","type":"image\/jpeg"}],"author":"admin","twitter_card":"summary_large_image","twitter_misc":{"Escrito por":"admin","Est. tempo de leitura":"2 minutos"},"schema":{"@context":"https:\/\/schema.org","@graph":[{"@type":"WebSite","@id":"https:\/\/franciscanos.org.br\/noticias\/#website","url":"https:\/\/franciscanos.org.br\/noticias\/","name":"Not\u00edcias - Franciscanos","description":"Prov\u00edncia Franciscana da Imaculada Concei\u00e7\u00e3o do Brasil - Ordem dos Frades Menores - OFM","potentialAction":[{"@type":"SearchAction","target":{"@type":"EntryPoint","urlTemplate":"https:\/\/franciscanos.org.br\/noticias\/?s={search_term_string}"},"query-input":"required name=search_term_string"}],"inLanguage":"pt-BR"},{"@type":"ImageObject","inLanguage":"pt-BR","@id":"https:\/\/franciscanos.org.br\/noticias\/canarinhos-se-apresentam-no-natal-na-rua-em-niteroi.html#primaryimage","url":"https:\/\/franciscanos.org.br\/noticias\/wp-content\/uploads\/2014\/11\/8209.jpg","contentUrl":"https:\/\/franciscanos.org.br\/noticias\/wp-content\/uploads\/2014\/11\/8209.jpg","width":273,"height":181},{"@type":"WebPage","@id":"https:\/\/franciscanos.org.br\/noticias\/canarinhos-se-apresentam-no-natal-na-rua-em-niteroi.html#webpage","url":"https:\/\/franciscanos.org.br\/noticias\/canarinhos-se-apresentam-no-natal-na-rua-em-niteroi.html","name":"Canarinhos se apresentam no \u201cNatal na Rua\u201d, em Niter\u00f3i - Not\u00edcias - Franciscanos","isPartOf":{"@id":"https:\/\/franciscanos.org.br\/noticias\/#website"},"primaryImageOfPage":{"@id":"https:\/\/franciscanos.org.br\/noticias\/canarinhos-se-apresentam-no-natal-na-rua-em-niteroi.html#primaryimage"},"datePublished":"2014-11-11T10:46:35+00:00","dateModified":"2021-07-05T23:17:19+00:00","author":{"@id":"https:\/\/franciscanos.org.br\/noticias\/#\/schema\/person\/b38fbf43118f02820bd932f2e4b14ad3"},"breadcrumb":{"@id":"https:\/\/franciscanos.org.br\/noticias\/canarinhos-se-apresentam-no-natal-na-rua-em-niteroi.html#breadcrumb"},"inLanguage":"pt-BR","potentialAction":[{"@type":"ReadAction","target":["https:\/\/franciscanos.org.br\/noticias\/canarinhos-se-apresentam-no-natal-na-rua-em-niteroi.html"]}]},{"@type":"BreadcrumbList","@id":"https:\/\/franciscanos.org.br\/noticias\/canarinhos-se-apresentam-no-natal-na-rua-em-niteroi.html#breadcrumb","itemListElement":[{"@type":"ListItem","position":1,"name":"Home","item":"https:\/\/franciscanos.org.br\/noticias"},{"@type":"ListItem","position":2,"name":"Canarinhos se apresentam no \u201cNatal na Rua\u201d, em Niter\u00f3i"}]},{"@type":"Person","@id":"https:\/\/franciscanos.org.br\/noticias\/#\/schema\/person\/b38fbf43118f02820bd932f2e4b14ad3","name":"admin","image":{"@type":"ImageObject","inLanguage":"pt-BR","@id":"https:\/\/franciscanos.org.br\/noticias\/#\/schema\/person\/image\/","url":"https:\/\/secure.gravatar.com\/avatar\/e8495742d34d0ba6448ea1c628263b3e?s=96&d=mm&r=g","contentUrl":"https:\/\/secure.gravatar.com\/avatar\/e8495742d34d0ba6448ea1c628263b3e?s=96&d=mm&r=g","caption":"admin"},"url":"https:\/\/franciscanos.org.br\/noticias\/author\/admin"}]}},"_links":{"self":[{"href":"https:\/\/franciscanos.org.br\/noticias\/wp-json\/wp\/v2\/posts\/72518"}],"collection":[{"href":"https:\/\/franciscanos.org.br\/noticias\/wp-json\/wp\/v2\/posts"}],"about":[{"href":"https:\/\/franciscanos.org.br\/noticias\/wp-json\/wp\/v2\/types\/post"}],"author":[{"embeddable":true,"href":"https:\/\/franciscanos.org.br\/noticias\/wp-json\/wp\/v2\/users\/1"}],"replies":[{"embeddable":true,"href":"https:\/\/franciscanos.org.br\/noticias\/wp-json\/wp\/v2\/comments?post=72518"}],"version-history":[{"count":1,"href":"https:\/\/franciscanos.org.br\/noticias\/wp-json\/wp\/v2\/posts\/72518\/revisions"}],"predecessor-version":[{"id":232911,"href":"https:\/\/franciscanos.org.br\/noticias\/wp-json\/wp\/v2\/posts\/72518\/revisions\/232911"}],"wp:featuredmedia":[{"embeddable":true,"href":"https:\/\/franciscanos.org.br\/noticias\/wp-json\/wp\/v2\/media\/217777"}],"wp:attachment":[{"href":"https:\/\/franciscanos.org.br\/noticias\/wp-json\/wp\/v2\/media?parent=72518"}],"wp:term":[{"taxonomy":"category","embeddable":true,"href":"https:\/\/franciscanos.org.br\/noticias\/wp-json\/wp\/v2\/categories?post=72518"},{"taxonomy":"post_tag","embeddable":true,"href":"https:\/\/franciscanos.org.br\/noticias\/wp-json\/wp\/v2\/tags?post=72518"}],"curies":[{"name":"wp","href":"https:\/\/api.w.org\/{rel}","templated":true}]}}