{"id":72468,"date":"2014-11-10T10:53:07","date_gmt":"2014-11-10T12:53:07","guid":{"rendered":"http:\/\/franciscanos.org.br\/?p=72468"},"modified":"2019-01-28T17:26:55","modified_gmt":"2019-01-28T19:26:55","slug":"confira-os-ultimos-lancamentos-2","status":"publish","type":"post","link":"https:\/\/franciscanos.org.br\/noticias\/confira-os-ultimos-lancamentos-2.html","title":{"rendered":"Confira os \u00faltimos lan\u00e7amentos"},"content":{"rendered":"<p>A Editora Vozes apresenta seus \u00faltimos lan\u00e7amentos. Confira:<\/p>\n<h4><strong><a href=\"http:\/\/franciscanos.org.br\/wp-content\/uploads\/2014\/10\/uma-biografia-em-livros.jpg\"><img loading=\"lazy\" class=\"alignleft size-full wp-image-72460\" src=\"http:\/\/franciscanos.org.br\/wp-content\/uploads\/2014\/10\/uma-biografia-em-livros.jpg\" alt=\"uma-biografia-em-livros\" width=\"200\" height=\"247\" \/><\/a>C.G. JUNG &#8211; Uma biografia em livros<\/strong><\/h4>\n<p><em>Sonu Shamdasani<\/em><\/p>\n<p>Ricamente ilustrado, principalmente, com fotografias de manuscritos nunca antes vistos, primeiras edi\u00e7\u00f5es raras e livros anotados de autores que v\u00e3o desde Homero, Ov\u00eddio, Mestre Eckhart e Dante at\u00e9 Wiliam Blake, Goethe, H\u00f6lderlin, Nietzsche e James Joyce, este livro apresenta a biografia intelectual de Jung, seguindo seus encontros essenciais com os livros e mostra como, atrav\u00e9s de seu envolvimento com eles, ele criou uma nova concep\u00e7\u00e3o de natureza humana.<\/p>\n<p>Come\u00e7ando o estudo dos cl\u00e1ssicos da literatura ocidental, por parte de Jung, este livro mostra como ele tentou transformar a compreens\u00e3o da mitologia e da religi\u00e3o atrav\u00e9s da psicologia. Reconstr\u00f3i a autoinvestiga\u00e7\u00e3o que resultou num experimento liter\u00e1rio: um volume caligr\u00e1fico com ricas iluminuras, conhecido como <em>Livro Vermelho<\/em>. Situando-o na hist\u00f3ria da escrita, o presente livro estuda como as fontes liter\u00e1rias utilizadas por Jung informaram suas fantasias e como, ao refletir sobre elas, ele destilou ideias que levaram a uma nova psicologia, atrav\u00e9s da qual ele procurou iluminar a hist\u00f3ria do pensamento humano.<\/p>\n<p>Atrav\u00e9s de um estudo dos seus cadernos alqu\u00edmicos, este livro mostra como Jung chegou a entender o sentido simb\u00f3lico da alquimia como autodesenvolvimento e como ele procurou criar uma psicologia intercultural de evolu\u00e7\u00e3o superior em colabora\u00e7\u00e3o com eruditos de primeira linha, entre os quais Mircea Eliade, Karl Ker\u00e9nyi, D.T. Suzuki, Walter Evans-Wentz e Richard Wilhelm, que iriam revivificar as tradi\u00e7\u00f5es religiosas e superar a ruptura entre ci\u00eancia e religi\u00e3o nos tempos modernos.<\/p>\n<p><em>Sonu Shamdasani \u00e9 Professor da c\u00e1tedra Philemon de Hist\u00f3ria de Jung, no Centro para a Hist\u00f3ria das Disciplinas Psicol\u00f3gicas, no University College de Londres. Trabalha sobre a hist\u00f3ria da psicologia e da psiquiatria e \u00e9 amplamente considerado o principal historiador de Jung em atividade hoje. Entre numerosos livros, ele \u00e9 o autor de Jung and the Making of Modern Psychology: The Dream of a Science, e editor e co-tradutor do Livro Vermelho de Jung. <\/em><\/p>\n<p><strong>N\u00ba DE P\u00c1GINAS:\u00a0224<\/strong><\/p>\n<h4><strong><a href=\"http:\/\/franciscanos.org.br\/wp-content\/uploads\/2014\/10\/o-livro-vermelho.jpg\"><img loading=\"lazy\" class=\"alignleft size-full wp-image-72461\" src=\"http:\/\/franciscanos.org.br\/wp-content\/uploads\/2014\/10\/o-livro-vermelho.jpg\" alt=\"o-livro-vermelho\" width=\"200\" height=\"306\" \/><\/a>O Livro Vermelho de C. G. Jung<\/strong><\/h4>\n<p><strong>Jornada para profundidades desconhecidas<\/strong><\/p>\n<p><em>Walter Boechat<\/em><\/p>\n<p>O <em>Livro Vermelho \u2013 Liber Novus,<\/em> lan\u00e7ado pela Editora Vozes em 2010, tem impressionado por seu riqu\u00edssimo conte\u00fado simb\u00f3lico, sua narrativa em forma de uma confiss\u00e3o subjetiva extremamente sincera e seu papel fundamental na g\u00eanese da obra criativa de Jung. \u00c9 principalmente uma demonstra\u00e7\u00e3o viva e espont\u00e2nea da t\u00e9cnica de imagina\u00e7\u00e3o ativa, maneira que Jung sistematizou para um confronto criativo com as imagens do inconsciente. A obra toda \u00e9 um desdobrar constante de uma riqu\u00edssima imagina\u00e7\u00e3o ativa, uma polifonia de vozes interiores, um di\u00e1logo criativo com as imagens internas aut\u00f4nomas e uma integra\u00e7\u00e3o gradual \u00e0 consci\u00eancia das potencialidades do inconsciente criativo.<\/p>\n<p>O presente trabalho n\u00e3o pretende evidentemente esgotar todos os aspectos trazidos pelo <em>Livro Vermelho, <\/em>que \u00e9 uma obra ainda em processo de assimila\u00e7\u00e3o cultural pela contemporaneidade. Seus efeitos sobre a comunidade junguiana e mesmo sobre a psicologia de um modo em geral ainda s\u00e3o algo em discuss\u00e3o e avalia\u00e7\u00e3o.<\/p>\n<p>Em <em>O Livro Vermelho de C. G. Jung \u2013 Jornada para profundidades desconhecidas,<\/em> Walter Boechat pretende levantar apenas algumas quest\u00f5es que julga de interesse dos leitores de Jung, quest\u00f5es que impressionaram como bastante significativas n\u00e3o s\u00f3 para a compreens\u00e3o da obra de Jung, mas que lan\u00e7am luz sobre o grande mist\u00e9rio do que \u00e9 a natureza humana e sobre essa dimens\u00e3o nova que Jung e Freud desvendaram para a contemporaneidade: o universo do inconsciente e poss\u00edveis maneiras de abord\u00e1-lo.<\/p>\n<p><em>Walter Boechat \u00e9 formado em Medicina, Doutor em Sa\u00fade coletiva pelo Instituto de Medicina Social (IMS) da Uerj. Formou-se em Psicologia Anal\u00edtica no Instituto C.G.Jung de Zurique, Su\u00ed\u00e7a, no per\u00edodo de 1974-1979. No Brasil, \u00e9 membro-fundador e ex-presidnete da Associa\u00e7\u00e3o Junguiana do Brasil (AJB), onde atua como professor e conferencista em diversas capitais do pa\u00eds. Coordena e assessora as publica\u00e7\u00f5es da cole\u00e7\u00e3o Reflex\u00f5es Junguianas da Editora Vozes e foi o revisor t\u00e9cnico da tradu\u00e7\u00e3o do Livro Vermelho\u00a0 de C.G. Jung em 2010. \u00c9 tamb\u00e9m organizador das obras Mitos e arqu\u00e9tipos do homem contempor\u00e2neo e O Masculino em Quest\u00e3o, e autor de A Mitopoiese da Psique \u2013 Mito e Individua\u00e7\u00e3o, Vozes, 2008.<\/em><\/p>\n<p><strong>N \u00ba DE P\u00c1GINAS:\u00a0192<\/strong><\/p>\n<h4><strong><a href=\"http:\/\/franciscanos.org.br\/wp-content\/uploads\/2014\/10\/semin-analizes-sonhos.jpg\"><img loading=\"lazy\" class=\"alignleft size-full wp-image-72462\" src=\"http:\/\/franciscanos.org.br\/wp-content\/uploads\/2014\/10\/semin-analizes-sonhos.jpg\" alt=\"semin-analizes-sonhos\" width=\"200\" height=\"288\" \/><\/a>Semin\u00e1rios sobre An\u00e1lise de Sonhos<\/strong><\/h4>\n<p><strong>Notas do semin\u00e1rio dado em 1928-1930 por C.G. Jung<\/strong><\/p>\n<ol>\n<li><em> G. Jung<\/em><\/li>\n<\/ol>\n<p>No come\u00e7o de novembro de 1928, Jung iniciou o semin\u00e1rio sobre An\u00e1lise de Sonhos, ao qual este volume \u00e9 dedicado. Em encontros semanais, interrompidos por recessos sazonais de um m\u00eas ou mais, o semin\u00e1rio perdurou at\u00e9 o final de junho de 1930.<\/p>\n<p>Os semin\u00e1rios de Jung, nos quais ele exp\u00f4s seus conceitos psicol\u00f3gicos e seus m\u00e9todos anal\u00edticos, bem como suas vis\u00f5es sobre a sociedade, o indiv\u00edduo, a religi\u00e3o, a hist\u00f3ria e muito mais, foram do conhecimento de poucos, mesmo entre os seguidores de Jung. Os membros se encontravam nas manh\u00e3s de quarta-feira nas salas do Clube Psicol\u00f3gico de Zurique, na Gemeindestrasse que Edith Rockefeller McCormick havia comprado para uso do Clube. A permiss\u00e3o de Jung para assistir os semin\u00e1rios era um requisito, e os membros estavam ou haviam estado, todos, em an\u00e1lise com Jung ou com um dos outros poucos analistas em Zurique. As plat\u00e9ias eram limitadas, e as transcri\u00e7\u00f5es reproduzidas, preparadas por membros dedicados do semin\u00e1rio, n\u00e3o foram publicadas, mas circularam privativamente por uma lista restrita de contribuintes. Embora n\u00e3o haja quaisquer atas enumerando todos os participantes, a transcri\u00e7\u00e3o do semin\u00e1rio traz os nomes de cerca de cinquenta pessoas que contribu\u00edram com a discuss\u00e3o.<\/p>\n<p>Os volumes das Notas de Semin\u00e1rio (como elas s\u00e3o apropriadamente chamadas) em bibliotecas junguianas especiais foram habitualmente mantidos inacess\u00edveis a qualquer leitor que n\u00e3o tivesse a aprova\u00e7\u00e3o de um analista. As publica\u00e7\u00f5es junguianas cont\u00eam refer\u00eancias ocasionais \u00e0s Notas, mas escassas cita\u00e7\u00f5es. Embora a pol\u00edtica de restri\u00e7\u00e3o tivesse o consentimento de Jung, ele por fim concordou com a inclus\u00e3o das Notas de Semin\u00e1rio entre suas obras publicadas.<\/p>\n<p><strong>N\u00ba DE P\u00c1GINAS:\u00a0760<\/strong><\/p>\n<h4><strong><a href=\"http:\/\/franciscanos.org.br\/wp-content\/uploads\/2014\/10\/semin-psicologia.jpg\"><img loading=\"lazy\" class=\"alignleft size-full wp-image-72463\" src=\"http:\/\/franciscanos.org.br\/wp-content\/uploads\/2014\/10\/semin-psicologia.jpg\" alt=\"semin-psicologia\" width=\"200\" height=\"287\" \/><\/a>Semin\u00e1rios sobre psicologia anal\u00edtica \u2013 1925<\/strong><\/h4>\n<ol>\n<li><em> G. Jung<\/em><\/li>\n<\/ol>\n<p>Em 1925, enquanto transcrevia e pintava em seu <em>Livro Vermelho<\/em>, C.G. Jung apresentou uma s\u00e9rie de semin\u00e1rios em ingl\u00eas, nos quais falou pela primeira vez em p\u00fablico sobre suas primeiras experi\u00eancias espiritualistas, sobre seu encontro com Freud, sobre a g\u00eanese de sua psicologia e sobre a auto-experimenta\u00e7\u00e3o que ele chamou de seu \u201cconfronto com o inconsciente\u201d, descrevendo detalhadamente diversos sonhos e fantasias essenciais. Apresentou uma vis\u00e3o geral introdut\u00f3ria de suas ideias acerca da tipologia psicol\u00f3gica e dos arqu\u00e9tipos do inconsciente coletivo, ilustrada com material de casos e discuss\u00f5es sobre a arte contempor\u00e2nea.<\/p>\n<p>Jung focalizou particularmente os elementos contrassexuais da personalidade, a <em>anima<\/em> e o <em>animus<\/em>, que ele debateu com os participantes atrav\u00e9s de an\u00e1lises psicol\u00f3gicas de romances populares, como <em>She<\/em> de Rider Haggard. As anota\u00e7\u00f5es destes semin\u00e1rios s\u00e3o o \u00fanico relato autobiogr\u00e1fico confi\u00e1vel publicado, proveniente de Jung, e o mais claro e mais importante relato da evolu\u00e7\u00e3o de sua obra. Sua combina\u00e7\u00e3o \u00fanica do pessoal, do hist\u00f3rico e do conceitual faz dele a mais clara introdu\u00e7\u00e3o em um s\u00f3 volume \u00e0 psicologia de Jung.<\/p>\n<p>Este volume das prele\u00e7\u00f5es de Jung inclui uma introdu\u00e7\u00e3o de Sonu Shamdasani, Professor da c\u00e1tedra Fil\u00eamon de Hist\u00f3ria Junguiana no Centro para a Hist\u00f3ria das Disciplinas Psicol\u00f3gicas no University College de Londres, autor de numerosas obras e editor do <em>Livro Vermelho<\/em> de Jung.<\/p>\n<p><strong>N\u00ba DE P\u00c1GINAS:\u00a0232<\/strong><\/p>\n<h4><strong><a href=\"http:\/\/franciscanos.org.br\/wp-content\/uploads\/2014\/10\/religioes-afro.jpg\"><img loading=\"lazy\" class=\"alignleft size-full wp-image-72464\" src=\"http:\/\/franciscanos.org.br\/wp-content\/uploads\/2014\/10\/religioes-afro.jpg\" alt=\"religioes-afro\" width=\"200\" height=\"315\" \/><\/a>Religi\u00f5es Afro-brasileiras &#8211; Uma constru\u00e7\u00e3o teol\u00f3gica<\/strong><\/h4>\n<p><em>Jo\u00e3o Luiz Carneiro<\/em><\/p>\n<p>As religi\u00f5es afro-brasileiras fazem parte do arsenal cultural religioso do Brasil, conquistaram seu espa\u00e7o como religi\u00f5es universais aos moldes weberianos e agora desenvolvem uma teologia pr\u00f3pria. Jo\u00e3o Luiz Carneiro recupera nesta obra as contribui\u00e7\u00f5es oferecidas pelas ci\u00eancias sociais para avan\u00e7ar em uma discuss\u00e3o teol\u00f3gica, enfocando duas categorias fundamentais: Escolas Afro-brasileiras e Umbandiza\u00e7\u00e3o. A obra \u00e9 um texto in\u00e9dito que expressa um movimento coletivo das religi\u00f5es afro-brasileiras para construir um discurso teol\u00f3gico pr\u00f3prio. Esta constru\u00e7\u00e3o visa um di\u00e1logo com as demais confessionalidades teol\u00f3gicas, respeitando as diferen\u00e7as e exaltando os pontos comuns.<\/p>\n<p>O livro \u00e9 inovador em conte\u00fado j\u00e1 que oferece, de forma in\u00e9dita, os esclarecimentos sobre essas categorias e rico pelo seu m\u00e9todo interdisciplinar. \u00c9 uma leitura obrigat\u00f3ria a quem deseja compreender o nascedouro de uma constru\u00e7\u00e3o teol\u00f3gica afro-brasileira que \u00e9, enfim, acompanhar a pr\u00f3pria hist\u00f3ria deste campo religioso. Certamente o leitor encontrar\u00e1 neste texto uma abordagem simples, direta e did\u00e1tica sobre o caminho percorrido pelo povo de santo at\u00e9 os dias atuais por meio de lentes acad\u00eamicas e religiosas, portanto teol\u00f3gicas.<\/p>\n<p><em>Jo\u00e3o Luiz Carneiro \u00e9 doutor em Ci\u00eancias da Religi\u00e3o (PUC-SP) e Mestre em Filosofia (UGF). Especialista em Teologia Afro-brasileira (FTU). Atualmente \u00e9 professor da FTU-SP.Escreveu diversos trabalhos acad\u00eamicos, entre eles o livro \u201cA \u00c9tica como extens\u00e3o do di\u00e1logo\u201d.<\/em><\/p>\n<p><strong>N \u00ba DE P\u00c1GINAS:\u00a0152<\/strong><\/p>\n","protected":false},"excerpt":{"rendered":"<p>Editora Vozes<\/p>\n","protected":false},"author":1,"featured_media":194592,"comment_status":"open","ping_status":"open","sticky":false,"template":"","format":"standard","meta":[],"categories":[1],"tags":[238],"acf":[],"yoast_head":"<!-- This site is optimized with the Yoast SEO plugin v19.2 - https:\/\/yoast.com\/wordpress\/plugins\/seo\/ -->\n<title>Confira os \u00faltimos lan\u00e7amentos - Not\u00edcias - Franciscanos<\/title>\n<meta name=\"robots\" content=\"index, follow, max-snippet:-1, max-image-preview:large, max-video-preview:-1\" \/>\n<link rel=\"canonical\" href=\"https:\/\/franciscanos.org.br\/noticias\/confira-os-ultimos-lancamentos-2.html\" \/>\n<meta property=\"og:locale\" content=\"pt_BR\" \/>\n<meta property=\"og:type\" content=\"article\" \/>\n<meta property=\"og:title\" content=\"Confira os \u00faltimos lan\u00e7amentos - Not\u00edcias - Franciscanos\" \/>\n<meta property=\"og:description\" content=\"Editora Vozes\" \/>\n<meta property=\"og:url\" content=\"https:\/\/franciscanos.org.br\/noticias\/confira-os-ultimos-lancamentos-2.html\" \/>\n<meta property=\"og:site_name\" content=\"Not\u00edcias - Franciscanos\" \/>\n<meta property=\"article:published_time\" content=\"2014-11-10T12:53:07+00:00\" \/>\n<meta property=\"article:modified_time\" content=\"2019-01-28T19:26:55+00:00\" \/>\n<meta property=\"og:image\" content=\"https:\/\/franciscanos.org.br\/noticias\/wp-content\/uploads\/2017\/11\/vozes.png\" \/>\n\t<meta property=\"og:image:width\" content=\"273\" \/>\n\t<meta property=\"og:image:height\" content=\"181\" \/>\n\t<meta property=\"og:image:type\" content=\"image\/png\" \/>\n<meta name=\"author\" content=\"admin\" \/>\n<meta name=\"twitter:card\" content=\"summary_large_image\" \/>\n<meta name=\"twitter:label1\" content=\"Escrito por\" \/>\n\t<meta name=\"twitter:data1\" content=\"admin\" \/>\n\t<meta name=\"twitter:label2\" content=\"Est. tempo de leitura\" \/>\n\t<meta name=\"twitter:data2\" content=\"8 minutos\" \/>\n<script type=\"application\/ld+json\" class=\"yoast-schema-graph\">{\"@context\":\"https:\/\/schema.org\",\"@graph\":[{\"@type\":\"WebSite\",\"@id\":\"https:\/\/franciscanos.org.br\/noticias\/#website\",\"url\":\"https:\/\/franciscanos.org.br\/noticias\/\",\"name\":\"Not\u00edcias - Franciscanos\",\"description\":\"Prov\u00edncia Franciscana da Imaculada Concei\u00e7\u00e3o do Brasil - Ordem dos Frades Menores - OFM\",\"potentialAction\":[{\"@type\":\"SearchAction\",\"target\":{\"@type\":\"EntryPoint\",\"urlTemplate\":\"https:\/\/franciscanos.org.br\/noticias\/?s={search_term_string}\"},\"query-input\":\"required name=search_term_string\"}],\"inLanguage\":\"pt-BR\"},{\"@type\":\"ImageObject\",\"inLanguage\":\"pt-BR\",\"@id\":\"https:\/\/franciscanos.org.br\/noticias\/confira-os-ultimos-lancamentos-2.html#primaryimage\",\"url\":\"https:\/\/franciscanos.org.br\/noticias\/wp-content\/uploads\/2017\/11\/vozes.png\",\"contentUrl\":\"https:\/\/franciscanos.org.br\/noticias\/wp-content\/uploads\/2017\/11\/vozes.png\",\"width\":273,\"height\":181},{\"@type\":\"WebPage\",\"@id\":\"https:\/\/franciscanos.org.br\/noticias\/confira-os-ultimos-lancamentos-2.html#webpage\",\"url\":\"https:\/\/franciscanos.org.br\/noticias\/confira-os-ultimos-lancamentos-2.html\",\"name\":\"Confira os \u00faltimos lan\u00e7amentos - Not\u00edcias - Franciscanos\",\"isPartOf\":{\"@id\":\"https:\/\/franciscanos.org.br\/noticias\/#website\"},\"primaryImageOfPage\":{\"@id\":\"https:\/\/franciscanos.org.br\/noticias\/confira-os-ultimos-lancamentos-2.html#primaryimage\"},\"datePublished\":\"2014-11-10T12:53:07+00:00\",\"dateModified\":\"2019-01-28T19:26:55+00:00\",\"author\":{\"@id\":\"https:\/\/franciscanos.org.br\/noticias\/#\/schema\/person\/b38fbf43118f02820bd932f2e4b14ad3\"},\"breadcrumb\":{\"@id\":\"https:\/\/franciscanos.org.br\/noticias\/confira-os-ultimos-lancamentos-2.html#breadcrumb\"},\"inLanguage\":\"pt-BR\",\"potentialAction\":[{\"@type\":\"ReadAction\",\"target\":[\"https:\/\/franciscanos.org.br\/noticias\/confira-os-ultimos-lancamentos-2.html\"]}]},{\"@type\":\"BreadcrumbList\",\"@id\":\"https:\/\/franciscanos.org.br\/noticias\/confira-os-ultimos-lancamentos-2.html#breadcrumb\",\"itemListElement\":[{\"@type\":\"ListItem\",\"position\":1,\"name\":\"Home\",\"item\":\"https:\/\/franciscanos.org.br\/noticias\"},{\"@type\":\"ListItem\",\"position\":2,\"name\":\"Confira os \u00faltimos lan\u00e7amentos\"}]},{\"@type\":\"Person\",\"@id\":\"https:\/\/franciscanos.org.br\/noticias\/#\/schema\/person\/b38fbf43118f02820bd932f2e4b14ad3\",\"name\":\"admin\",\"image\":{\"@type\":\"ImageObject\",\"inLanguage\":\"pt-BR\",\"@id\":\"https:\/\/franciscanos.org.br\/noticias\/#\/schema\/person\/image\/\",\"url\":\"https:\/\/secure.gravatar.com\/avatar\/e8495742d34d0ba6448ea1c628263b3e?s=96&d=mm&r=g\",\"contentUrl\":\"https:\/\/secure.gravatar.com\/avatar\/e8495742d34d0ba6448ea1c628263b3e?s=96&d=mm&r=g\",\"caption\":\"admin\"},\"url\":\"https:\/\/franciscanos.org.br\/noticias\/author\/admin\"}]}<\/script>\n<!-- \/ Yoast SEO plugin. -->","yoast_head_json":{"title":"Confira os \u00faltimos lan\u00e7amentos - Not\u00edcias - Franciscanos","robots":{"index":"index","follow":"follow","max-snippet":"max-snippet:-1","max-image-preview":"max-image-preview:large","max-video-preview":"max-video-preview:-1"},"canonical":"https:\/\/franciscanos.org.br\/noticias\/confira-os-ultimos-lancamentos-2.html","og_locale":"pt_BR","og_type":"article","og_title":"Confira os \u00faltimos lan\u00e7amentos - Not\u00edcias - Franciscanos","og_description":"Editora Vozes","og_url":"https:\/\/franciscanos.org.br\/noticias\/confira-os-ultimos-lancamentos-2.html","og_site_name":"Not\u00edcias - Franciscanos","article_published_time":"2014-11-10T12:53:07+00:00","article_modified_time":"2019-01-28T19:26:55+00:00","og_image":[{"width":273,"height":181,"url":"https:\/\/franciscanos.org.br\/noticias\/wp-content\/uploads\/2017\/11\/vozes.png","type":"image\/png"}],"author":"admin","twitter_card":"summary_large_image","twitter_misc":{"Escrito por":"admin","Est. tempo de leitura":"8 minutos"},"schema":{"@context":"https:\/\/schema.org","@graph":[{"@type":"WebSite","@id":"https:\/\/franciscanos.org.br\/noticias\/#website","url":"https:\/\/franciscanos.org.br\/noticias\/","name":"Not\u00edcias - Franciscanos","description":"Prov\u00edncia Franciscana da Imaculada Concei\u00e7\u00e3o do Brasil - Ordem dos Frades Menores - OFM","potentialAction":[{"@type":"SearchAction","target":{"@type":"EntryPoint","urlTemplate":"https:\/\/franciscanos.org.br\/noticias\/?s={search_term_string}"},"query-input":"required name=search_term_string"}],"inLanguage":"pt-BR"},{"@type":"ImageObject","inLanguage":"pt-BR","@id":"https:\/\/franciscanos.org.br\/noticias\/confira-os-ultimos-lancamentos-2.html#primaryimage","url":"https:\/\/franciscanos.org.br\/noticias\/wp-content\/uploads\/2017\/11\/vozes.png","contentUrl":"https:\/\/franciscanos.org.br\/noticias\/wp-content\/uploads\/2017\/11\/vozes.png","width":273,"height":181},{"@type":"WebPage","@id":"https:\/\/franciscanos.org.br\/noticias\/confira-os-ultimos-lancamentos-2.html#webpage","url":"https:\/\/franciscanos.org.br\/noticias\/confira-os-ultimos-lancamentos-2.html","name":"Confira os \u00faltimos lan\u00e7amentos - Not\u00edcias - Franciscanos","isPartOf":{"@id":"https:\/\/franciscanos.org.br\/noticias\/#website"},"primaryImageOfPage":{"@id":"https:\/\/franciscanos.org.br\/noticias\/confira-os-ultimos-lancamentos-2.html#primaryimage"},"datePublished":"2014-11-10T12:53:07+00:00","dateModified":"2019-01-28T19:26:55+00:00","author":{"@id":"https:\/\/franciscanos.org.br\/noticias\/#\/schema\/person\/b38fbf43118f02820bd932f2e4b14ad3"},"breadcrumb":{"@id":"https:\/\/franciscanos.org.br\/noticias\/confira-os-ultimos-lancamentos-2.html#breadcrumb"},"inLanguage":"pt-BR","potentialAction":[{"@type":"ReadAction","target":["https:\/\/franciscanos.org.br\/noticias\/confira-os-ultimos-lancamentos-2.html"]}]},{"@type":"BreadcrumbList","@id":"https:\/\/franciscanos.org.br\/noticias\/confira-os-ultimos-lancamentos-2.html#breadcrumb","itemListElement":[{"@type":"ListItem","position":1,"name":"Home","item":"https:\/\/franciscanos.org.br\/noticias"},{"@type":"ListItem","position":2,"name":"Confira os \u00faltimos lan\u00e7amentos"}]},{"@type":"Person","@id":"https:\/\/franciscanos.org.br\/noticias\/#\/schema\/person\/b38fbf43118f02820bd932f2e4b14ad3","name":"admin","image":{"@type":"ImageObject","inLanguage":"pt-BR","@id":"https:\/\/franciscanos.org.br\/noticias\/#\/schema\/person\/image\/","url":"https:\/\/secure.gravatar.com\/avatar\/e8495742d34d0ba6448ea1c628263b3e?s=96&d=mm&r=g","contentUrl":"https:\/\/secure.gravatar.com\/avatar\/e8495742d34d0ba6448ea1c628263b3e?s=96&d=mm&r=g","caption":"admin"},"url":"https:\/\/franciscanos.org.br\/noticias\/author\/admin"}]}},"_links":{"self":[{"href":"https:\/\/franciscanos.org.br\/noticias\/wp-json\/wp\/v2\/posts\/72468"}],"collection":[{"href":"https:\/\/franciscanos.org.br\/noticias\/wp-json\/wp\/v2\/posts"}],"about":[{"href":"https:\/\/franciscanos.org.br\/noticias\/wp-json\/wp\/v2\/types\/post"}],"author":[{"embeddable":true,"href":"https:\/\/franciscanos.org.br\/noticias\/wp-json\/wp\/v2\/users\/1"}],"replies":[{"embeddable":true,"href":"https:\/\/franciscanos.org.br\/noticias\/wp-json\/wp\/v2\/comments?post=72468"}],"version-history":[{"count":0,"href":"https:\/\/franciscanos.org.br\/noticias\/wp-json\/wp\/v2\/posts\/72468\/revisions"}],"wp:featuredmedia":[{"embeddable":true,"href":"https:\/\/franciscanos.org.br\/noticias\/wp-json\/wp\/v2\/media\/194592"}],"wp:attachment":[{"href":"https:\/\/franciscanos.org.br\/noticias\/wp-json\/wp\/v2\/media?parent=72468"}],"wp:term":[{"taxonomy":"category","embeddable":true,"href":"https:\/\/franciscanos.org.br\/noticias\/wp-json\/wp\/v2\/categories?post=72468"},{"taxonomy":"post_tag","embeddable":true,"href":"https:\/\/franciscanos.org.br\/noticias\/wp-json\/wp\/v2\/tags?post=72468"}],"curies":[{"name":"wp","href":"https:\/\/api.w.org\/{rel}","templated":true}]}}