{"id":72430,"date":"2014-11-09T09:32:20","date_gmt":"2014-11-09T11:32:20","guid":{"rendered":"http:\/\/franciscanos.org.br\/?p=72430"},"modified":"2020-02-12T12:05:43","modified_gmt":"2020-02-12T15:05:43","slug":"missoes-terminam-na-paroquia-porciuncula-de-santana-em-niteroi","status":"publish","type":"post","link":"https:\/\/franciscanos.org.br\/noticias\/missoes-terminam-na-paroquia-porciuncula-de-santana-em-niteroi.html","title":{"rendered":"Miss\u00f5es Franciscanas terminam na Par\u00f3quia Porci\u00fancula de Niter\u00f3i"},"content":{"rendered":"<p><strong>Frei Alexandre Rohling\u00a0<\/strong><\/p>\n<p>Certamente voc\u00ea que l\u00ea este artigo lembra daquele dito popular: &#8220;Tudo o que \u00e9 bom dura pouco&#8221;. Acrescentaria mais algumas palavras: mas dura o tempo para ficar eternamente em nossos cora\u00e7\u00f5es. Este \u00e9 o sentimento que perpassa os nossos cora\u00e7\u00f5es. Queremos render gra\u00e7as a Deus por tudo o que vivemos nesta querida Par\u00f3quia Porci\u00fancula de Santana. Nosso fraterno abra\u00e7o a Fraternidade Local que nos acolheu nesta semana de miss\u00f5es.<\/p>\n<p>O domingo come\u00e7ou com missas logo cedo as oito horas da manh\u00e3. Logo depois Frei Alvaci Mendes da Luz OFM encontrou-se com os irm\u00e3os e irm\u00e3s da Ordem Franciscana Secular. ao meio dia comemoramos com um delicioso almo\u00e7o o aniversario de Frei Sal\u00e9sio. As dezoito e trinta nos celebramos com o povo de Deus a Missa da Fam\u00edlia. Momento forte desta, foi a ben\u00e7\u00e3o das alian\u00e7as e das fam\u00edlias.<\/p>\n<p>Na missa das dezenove e trinta o tema foi a juventude. Foi uma linda celebra\u00e7\u00e3o preparada pela Jufra da Porci\u00fancula. momento marcante foram a ben\u00e7\u00e3o das fitinhas com a seguinte frase: por um mundo de paz e bem. Frei Alvaci incentivou os jovens a serem no mundo pessoas que transmitam a paz e o bem. Por fim agradecemos a todos os que de algum modo colaboraram para o bom exito desta miss\u00e3o. Que Francisco e Clara intercedam a Deus por cada um de voc\u00eas. Am\u00e9m.<\/p>\n<p><img class=\"ngg_displayed_gallery mceItem\" src=\"http:\/\/franciscanos.org.br\/index.php\/nextgen-attach_to_post\/preview\/id--72432\" alt=\"\" \/><\/p>\n","protected":false},"excerpt":{"rendered":"<p>SAV\/PVF<\/p>\n","protected":false},"author":1,"featured_media":219563,"comment_status":"open","ping_status":"open","sticky":false,"template":"","format":"standard","meta":[],"categories":[1],"tags":[],"acf":[],"yoast_head":"<!-- This site is optimized with the Yoast SEO plugin v19.2 - https:\/\/yoast.com\/wordpress\/plugins\/seo\/ -->\n<title>Miss\u00f5es Franciscanas terminam na Par\u00f3quia Porci\u00fancula de Niter\u00f3i - Not\u00edcias - Franciscanos<\/title>\n<meta name=\"robots\" content=\"index, follow, max-snippet:-1, max-image-preview:large, max-video-preview:-1\" \/>\n<link rel=\"canonical\" href=\"https:\/\/franciscanos.org.br\/noticias\/missoes-terminam-na-paroquia-porciuncula-de-santana-em-niteroi.html\" \/>\n<meta property=\"og:locale\" content=\"pt_BR\" \/>\n<meta property=\"og:type\" content=\"article\" \/>\n<meta property=\"og:title\" content=\"Miss\u00f5es Franciscanas terminam na Par\u00f3quia Porci\u00fancula de Niter\u00f3i - Not\u00edcias - Franciscanos\" \/>\n<meta property=\"og:description\" content=\"SAV\/PVF\" \/>\n<meta property=\"og:url\" content=\"https:\/\/franciscanos.org.br\/noticias\/missoes-terminam-na-paroquia-porciuncula-de-santana-em-niteroi.html\" \/>\n<meta property=\"og:site_name\" content=\"Not\u00edcias - Franciscanos\" \/>\n<meta property=\"article:published_time\" content=\"2014-11-09T11:32:20+00:00\" \/>\n<meta property=\"article:modified_time\" content=\"2020-02-12T15:05:43+00:00\" \/>\n<meta property=\"og:image\" content=\"https:\/\/franciscanos.org.br\/noticias\/wp-content\/uploads\/2014\/11\/id-72432.jpg\" \/>\n\t<meta property=\"og:image:width\" content=\"273\" \/>\n\t<meta property=\"og:image:height\" content=\"180\" \/>\n\t<meta property=\"og:image:type\" content=\"image\/jpeg\" \/>\n<meta name=\"author\" content=\"admin\" \/>\n<meta name=\"twitter:card\" content=\"summary_large_image\" \/>\n<meta name=\"twitter:label1\" content=\"Escrito por\" \/>\n\t<meta name=\"twitter:data1\" content=\"admin\" \/>\n\t<meta name=\"twitter:label2\" content=\"Est. tempo de leitura\" \/>\n\t<meta name=\"twitter:data2\" content=\"1 minuto\" \/>\n<script type=\"application\/ld+json\" class=\"yoast-schema-graph\">{\"@context\":\"https:\/\/schema.org\",\"@graph\":[{\"@type\":\"WebSite\",\"@id\":\"https:\/\/franciscanos.org.br\/noticias\/#website\",\"url\":\"https:\/\/franciscanos.org.br\/noticias\/\",\"name\":\"Not\u00edcias - Franciscanos\",\"description\":\"Prov\u00edncia Franciscana da Imaculada Concei\u00e7\u00e3o do Brasil - Ordem dos Frades Menores - OFM\",\"potentialAction\":[{\"@type\":\"SearchAction\",\"target\":{\"@type\":\"EntryPoint\",\"urlTemplate\":\"https:\/\/franciscanos.org.br\/noticias\/?s={search_term_string}\"},\"query-input\":\"required name=search_term_string\"}],\"inLanguage\":\"pt-BR\"},{\"@type\":\"ImageObject\",\"inLanguage\":\"pt-BR\",\"@id\":\"https:\/\/franciscanos.org.br\/noticias\/missoes-terminam-na-paroquia-porciuncula-de-santana-em-niteroi.html#primaryimage\",\"url\":\"https:\/\/franciscanos.org.br\/noticias\/wp-content\/uploads\/2014\/11\/id-72432.jpg\",\"contentUrl\":\"https:\/\/franciscanos.org.br\/noticias\/wp-content\/uploads\/2014\/11\/id-72432.jpg\",\"width\":273,\"height\":180},{\"@type\":\"WebPage\",\"@id\":\"https:\/\/franciscanos.org.br\/noticias\/missoes-terminam-na-paroquia-porciuncula-de-santana-em-niteroi.html#webpage\",\"url\":\"https:\/\/franciscanos.org.br\/noticias\/missoes-terminam-na-paroquia-porciuncula-de-santana-em-niteroi.html\",\"name\":\"Miss\u00f5es Franciscanas terminam na Par\u00f3quia Porci\u00fancula de Niter\u00f3i - Not\u00edcias - Franciscanos\",\"isPartOf\":{\"@id\":\"https:\/\/franciscanos.org.br\/noticias\/#website\"},\"primaryImageOfPage\":{\"@id\":\"https:\/\/franciscanos.org.br\/noticias\/missoes-terminam-na-paroquia-porciuncula-de-santana-em-niteroi.html#primaryimage\"},\"datePublished\":\"2014-11-09T11:32:20+00:00\",\"dateModified\":\"2020-02-12T15:05:43+00:00\",\"author\":{\"@id\":\"https:\/\/franciscanos.org.br\/noticias\/#\/schema\/person\/b38fbf43118f02820bd932f2e4b14ad3\"},\"breadcrumb\":{\"@id\":\"https:\/\/franciscanos.org.br\/noticias\/missoes-terminam-na-paroquia-porciuncula-de-santana-em-niteroi.html#breadcrumb\"},\"inLanguage\":\"pt-BR\",\"potentialAction\":[{\"@type\":\"ReadAction\",\"target\":[\"https:\/\/franciscanos.org.br\/noticias\/missoes-terminam-na-paroquia-porciuncula-de-santana-em-niteroi.html\"]}]},{\"@type\":\"BreadcrumbList\",\"@id\":\"https:\/\/franciscanos.org.br\/noticias\/missoes-terminam-na-paroquia-porciuncula-de-santana-em-niteroi.html#breadcrumb\",\"itemListElement\":[{\"@type\":\"ListItem\",\"position\":1,\"name\":\"Home\",\"item\":\"https:\/\/franciscanos.org.br\/noticias\"},{\"@type\":\"ListItem\",\"position\":2,\"name\":\"Miss\u00f5es Franciscanas terminam na Par\u00f3quia Porci\u00fancula de Niter\u00f3i\"}]},{\"@type\":\"Person\",\"@id\":\"https:\/\/franciscanos.org.br\/noticias\/#\/schema\/person\/b38fbf43118f02820bd932f2e4b14ad3\",\"name\":\"admin\",\"image\":{\"@type\":\"ImageObject\",\"inLanguage\":\"pt-BR\",\"@id\":\"https:\/\/franciscanos.org.br\/noticias\/#\/schema\/person\/image\/\",\"url\":\"https:\/\/secure.gravatar.com\/avatar\/e8495742d34d0ba6448ea1c628263b3e?s=96&d=mm&r=g\",\"contentUrl\":\"https:\/\/secure.gravatar.com\/avatar\/e8495742d34d0ba6448ea1c628263b3e?s=96&d=mm&r=g\",\"caption\":\"admin\"},\"url\":\"https:\/\/franciscanos.org.br\/noticias\/author\/admin\"}]}<\/script>\n<!-- \/ Yoast SEO plugin. -->","yoast_head_json":{"title":"Miss\u00f5es Franciscanas terminam na Par\u00f3quia Porci\u00fancula de Niter\u00f3i - Not\u00edcias - Franciscanos","robots":{"index":"index","follow":"follow","max-snippet":"max-snippet:-1","max-image-preview":"max-image-preview:large","max-video-preview":"max-video-preview:-1"},"canonical":"https:\/\/franciscanos.org.br\/noticias\/missoes-terminam-na-paroquia-porciuncula-de-santana-em-niteroi.html","og_locale":"pt_BR","og_type":"article","og_title":"Miss\u00f5es Franciscanas terminam na Par\u00f3quia Porci\u00fancula de Niter\u00f3i - Not\u00edcias - Franciscanos","og_description":"SAV\/PVF","og_url":"https:\/\/franciscanos.org.br\/noticias\/missoes-terminam-na-paroquia-porciuncula-de-santana-em-niteroi.html","og_site_name":"Not\u00edcias - Franciscanos","article_published_time":"2014-11-09T11:32:20+00:00","article_modified_time":"2020-02-12T15:05:43+00:00","og_image":[{"width":273,"height":180,"url":"https:\/\/franciscanos.org.br\/noticias\/wp-content\/uploads\/2014\/11\/id-72432.jpg","type":"image\/jpeg"}],"author":"admin","twitter_card":"summary_large_image","twitter_misc":{"Escrito por":"admin","Est. tempo de leitura":"1 minuto"},"schema":{"@context":"https:\/\/schema.org","@graph":[{"@type":"WebSite","@id":"https:\/\/franciscanos.org.br\/noticias\/#website","url":"https:\/\/franciscanos.org.br\/noticias\/","name":"Not\u00edcias - Franciscanos","description":"Prov\u00edncia Franciscana da Imaculada Concei\u00e7\u00e3o do Brasil - Ordem dos Frades Menores - OFM","potentialAction":[{"@type":"SearchAction","target":{"@type":"EntryPoint","urlTemplate":"https:\/\/franciscanos.org.br\/noticias\/?s={search_term_string}"},"query-input":"required name=search_term_string"}],"inLanguage":"pt-BR"},{"@type":"ImageObject","inLanguage":"pt-BR","@id":"https:\/\/franciscanos.org.br\/noticias\/missoes-terminam-na-paroquia-porciuncula-de-santana-em-niteroi.html#primaryimage","url":"https:\/\/franciscanos.org.br\/noticias\/wp-content\/uploads\/2014\/11\/id-72432.jpg","contentUrl":"https:\/\/franciscanos.org.br\/noticias\/wp-content\/uploads\/2014\/11\/id-72432.jpg","width":273,"height":180},{"@type":"WebPage","@id":"https:\/\/franciscanos.org.br\/noticias\/missoes-terminam-na-paroquia-porciuncula-de-santana-em-niteroi.html#webpage","url":"https:\/\/franciscanos.org.br\/noticias\/missoes-terminam-na-paroquia-porciuncula-de-santana-em-niteroi.html","name":"Miss\u00f5es Franciscanas terminam na Par\u00f3quia Porci\u00fancula de Niter\u00f3i - Not\u00edcias - Franciscanos","isPartOf":{"@id":"https:\/\/franciscanos.org.br\/noticias\/#website"},"primaryImageOfPage":{"@id":"https:\/\/franciscanos.org.br\/noticias\/missoes-terminam-na-paroquia-porciuncula-de-santana-em-niteroi.html#primaryimage"},"datePublished":"2014-11-09T11:32:20+00:00","dateModified":"2020-02-12T15:05:43+00:00","author":{"@id":"https:\/\/franciscanos.org.br\/noticias\/#\/schema\/person\/b38fbf43118f02820bd932f2e4b14ad3"},"breadcrumb":{"@id":"https:\/\/franciscanos.org.br\/noticias\/missoes-terminam-na-paroquia-porciuncula-de-santana-em-niteroi.html#breadcrumb"},"inLanguage":"pt-BR","potentialAction":[{"@type":"ReadAction","target":["https:\/\/franciscanos.org.br\/noticias\/missoes-terminam-na-paroquia-porciuncula-de-santana-em-niteroi.html"]}]},{"@type":"BreadcrumbList","@id":"https:\/\/franciscanos.org.br\/noticias\/missoes-terminam-na-paroquia-porciuncula-de-santana-em-niteroi.html#breadcrumb","itemListElement":[{"@type":"ListItem","position":1,"name":"Home","item":"https:\/\/franciscanos.org.br\/noticias"},{"@type":"ListItem","position":2,"name":"Miss\u00f5es Franciscanas terminam na Par\u00f3quia Porci\u00fancula de Niter\u00f3i"}]},{"@type":"Person","@id":"https:\/\/franciscanos.org.br\/noticias\/#\/schema\/person\/b38fbf43118f02820bd932f2e4b14ad3","name":"admin","image":{"@type":"ImageObject","inLanguage":"pt-BR","@id":"https:\/\/franciscanos.org.br\/noticias\/#\/schema\/person\/image\/","url":"https:\/\/secure.gravatar.com\/avatar\/e8495742d34d0ba6448ea1c628263b3e?s=96&d=mm&r=g","contentUrl":"https:\/\/secure.gravatar.com\/avatar\/e8495742d34d0ba6448ea1c628263b3e?s=96&d=mm&r=g","caption":"admin"},"url":"https:\/\/franciscanos.org.br\/noticias\/author\/admin"}]}},"_links":{"self":[{"href":"https:\/\/franciscanos.org.br\/noticias\/wp-json\/wp\/v2\/posts\/72430"}],"collection":[{"href":"https:\/\/franciscanos.org.br\/noticias\/wp-json\/wp\/v2\/posts"}],"about":[{"href":"https:\/\/franciscanos.org.br\/noticias\/wp-json\/wp\/v2\/types\/post"}],"author":[{"embeddable":true,"href":"https:\/\/franciscanos.org.br\/noticias\/wp-json\/wp\/v2\/users\/1"}],"replies":[{"embeddable":true,"href":"https:\/\/franciscanos.org.br\/noticias\/wp-json\/wp\/v2\/comments?post=72430"}],"version-history":[{"count":0,"href":"https:\/\/franciscanos.org.br\/noticias\/wp-json\/wp\/v2\/posts\/72430\/revisions"}],"wp:featuredmedia":[{"embeddable":true,"href":"https:\/\/franciscanos.org.br\/noticias\/wp-json\/wp\/v2\/media\/219563"}],"wp:attachment":[{"href":"https:\/\/franciscanos.org.br\/noticias\/wp-json\/wp\/v2\/media?parent=72430"}],"wp:term":[{"taxonomy":"category","embeddable":true,"href":"https:\/\/franciscanos.org.br\/noticias\/wp-json\/wp\/v2\/categories?post=72430"},{"taxonomy":"post_tag","embeddable":true,"href":"https:\/\/franciscanos.org.br\/noticias\/wp-json\/wp\/v2\/tags?post=72430"}],"curies":[{"name":"wp","href":"https:\/\/api.w.org\/{rel}","templated":true}]}}