{"id":72276,"date":"2014-11-10T07:31:32","date_gmt":"2014-11-10T09:31:32","guid":{"rendered":"http:\/\/franciscanos.org.br\/?p=72276"},"modified":"2020-06-10T17:04:29","modified_gmt":"2020-06-10T20:04:29","slug":"precisamos-de-pontes-nao-de-muros","status":"publish","type":"post","link":"https:\/\/franciscanos.org.br\/noticias\/precisamos-de-pontes-nao-de-muros.html","title":{"rendered":"&#8220;Precisamos de pontes, n\u00e3o de muros!&#8221;"},"content":{"rendered":"<p><img loading=\"lazy\" src=\"http:\/\/franciscanos.org.br\/wp-content\/uploads\/2014\/11\/papa_10.jpg\" alt=\"papa_10\" width=\"820\" height=\"363\" \/><\/p>\n<p><strong>Cidade do Vaticano (RV)<\/strong> &#8211; A humanidade de hoje precisa de &#8220;pontes, n\u00e3o de muros&#8221;, exatamente como os povos do S\u00e9c. XX n\u00e3o precisavam da divis\u00e3o simbolizada pelo Muro de Berlim. No dia que recordou a queda, 25 anos atr\u00e1s, do muro da vergonha, o Papa Francisco lan\u00e7ou no Angelus na Pra\u00e7a S\u00e3o Pedro, um apelo a fim de que caiam, disse, &#8220;todos os muros que ainda dividem o mundo&#8221;.<\/p>\n<p>Foi um ausp\u00edcio de paz e de fraternidade repetido tamb\u00e9m durante a alocu\u00e7\u00e3o que precedeu a ora\u00e7\u00e3o mariana, inspirado na festa da Dedica\u00e7\u00e3o da Bas\u00edlica de S\u00e3o Jo\u00e3o de Latr\u00e3o \u2013 sede da Diocese de Roma.<\/p>\n<p>&#8220;25 anos atr\u00e1s, 9 de novembro de 1989, caia o Muro de Berlim.&#8221; O Santo Padre ofereceu a sua leitura do que se deu com a queda do que definiu &#8220;s\u00edmbolo da divis\u00e3o ideol\u00f3gica da Europa e do mundo inteiro&#8221;:<\/p>\n<p>&#8220;A queda deu-se inesperadamente, mas foi poss\u00edvel devido ao longo e cansativo empenho de tantas pessoas que lutaram, rezaram e sofreram por isso, at\u00e9 o sacrif\u00edcio da vida. Entre esses, o santo Papa Jo\u00e3o Paulo II teve um papel de protagonista.&#8221;<\/p>\n<p>A hist\u00f3ria \u00e9 mestra de vida e o Papa Francisco aproveitou a ocasi\u00e3o desta celebra\u00e7\u00e3o para pedir o abatimento de todos os outros muros que ainda hoje dividem os povos com o cimento de outras formas de discrimina\u00e7\u00e3o:<\/p>\n<p><strong>\u00cdNTEGRA DA MENSAGEM DO PAPA<\/strong><br \/>\nQueridos irm\u00e3os e irm\u00e3s, bom dia!<\/p>\n<p>A liturgia de hoje recorda a Dedica\u00e7\u00e3o da Bas\u00edlica de Latr\u00e3o, a catedral de Roma, que por tradi\u00e7\u00e3o \u00e9 chama de &#8220;a m\u00e3e de todas as igrejas do Urbe et Orbe&#8221;. O termo &#8220;m\u00e3e&#8221; n\u00e3o se refere tanto ao edif\u00edcio sagrado da Bas\u00edlica, mas a obra do Esp\u00edrito Santo que neste edif\u00edcio se manifesta, frutificando atrav\u00e9s do minist\u00e9rio do Bispo de Roma, em todas as comunidades que permanecem em unidade com a Igreja que ele preside.<\/p>\n<p>Todas as vezes que celebramos a dedica\u00e7\u00e3o de uma igreja, somos chamados a uma verdade essencial: o templo material feito de tijolos \u00e9 um sinal da Igreja viva e ativa na hist\u00f3ria, do &#8220;templo espiritual&#8221;, como diz o ap\u00f3stolo Pedro, onde o pr\u00f3prio Cristo \u00e9 a &#8220;pedra viva, rejeitada pelos homens, mas escolhida e preciosa aos olhos de Deus&#8221; (1 Pedro 2,4-8). Jesus, no Evangelho da liturgia de hoje, falando do templo, revelou uma verdade: o templo de Deus n\u00e3o \u00e9 apenas o edif\u00edcio feito de tijolos, mas \u00e9 seu corpo, feito de pedras vivas. Em virtude do Batismo, todo crist\u00e3o faz parte da &#8220;constru\u00e7\u00e3o&#8221; de Deus &#8220;(1 Cor 3,9), torna-se a Igreja de Deus.<\/p>\n<p>O edif\u00edcio espiritual, a Igreja comunidade dos homens santificados pelo sangue de Cristo e pelo Esp\u00edrito do Senhor Ressuscitado, pede a cada um de n\u00f3s para ser coerente com o dom da f\u00e9 e para percorrer um caminho de testemunho crist\u00e3o. N\u00e3o \u00e9 f\u00e1cil, todos n\u00f3s sabemos, a coer\u00eancia de vida entre a f\u00e9 e o testemunho; mas devemos ir em frente e realizar em nossas vidas esta coer\u00eancia cotidiana. &#8220;Este \u00e9 um crist\u00e3o&#8221;, n\u00e3o tanto pelo que diz, mas pelo que faz, pelo modo como se comporta. Essa coer\u00eancia, que nos d\u00e1 vida, \u00e9 uma gra\u00e7a do Esp\u00edrito Santo que devemos pedir.<\/p>\n<p>A Igreja, na origem da sua vida e da sua miss\u00e3o no mundo, \u00e9 uma comunidade constitu\u00edda para professar a f\u00e9 em Jesus Cristo Filho de Deus e Redentor da humanidade, uma f\u00e9 que age por meio da caridade. Est\u00e3o juntas! Tamb\u00e9m hoje a Igreja \u00e9 chamada a ser no mundo uma comunidade que, radicada em Cristo por meio do Batismo, professa com humildade e coragem a f\u00e9 Nele, testemunhando esta f\u00e9 na caridade. Para este fim devem ser ordenados os elementos institucionais, as estruturas e organiza\u00e7\u00f5es pastorais; para este fim essencial: testemunhar a f\u00e9 na caridade. A caridade \u00e9 a express\u00e3o da f\u00e9 e tamb\u00e9m a f\u00e9 \u00e9 a explica\u00e7\u00e3o e o fundamento da caridade.<\/p>\n<p>A festa de hoje nos convida a meditar sobre a comunh\u00e3o de todas as Igrejas, desta comunidade crist\u00e3 que por analogia nos encoraja a empenhar-nos a fim de que a humanidade possa superar as barreiras da inimizade e da indiferen\u00e7a, a construir pontes de compreens\u00e3o e di\u00e1logo, para fazer do mundo inteiro uma fam\u00edlia de povos reconciliados entre si, fraterno e solid\u00e1rio. Desta nova humanidade, a pr\u00f3pria Igreja \u00e9 sinal e antecipa\u00e7\u00e3o quando vive e difunde com seu testemunho o Evangelho, a mensagem de esperan\u00e7a e reconcilia\u00e7\u00e3o para todas as pessoas.<\/p>\n<p>Invoquemos a intercess\u00e3o de Maria Sant\u00edssima, para que nos ajude a sermos, como ela, &#8220;casa de Deus&#8221;, templo vivo de seu amor.<\/p>\n<p><strong>Depois do Angelus<\/strong><\/p>\n<p>Queridos irm\u00e3os e irm\u00e3s,<\/p>\n<p>H\u00e1 25 anos, em 09 de novembro de 1989, caia o Muro de Berlim, que por tanto tempo separou a cidade em duas partes e foi s\u00edmbolo da divis\u00e3o ideol\u00f3gica da Europa e do mundo. A queda aconteceu de forma improvisa, mas isso s\u00f3 foi poss\u00edvel gra\u00e7as a um longo, intenso e \u00e1rduo trabalho de muitos que lutaram, rezaram e sofreram, alguns at\u00e9 mesmo com o sacrif\u00edcio da vida. Dentre eles, um papel de protagonista desempenhou o Santo Papa Jo\u00e3o Paulo II. Rezemos para que, com a ajuda do Senhor e a colabora\u00e7\u00e3o de todos os homens de boa vontade, seja cada vez mais propagada uma cultura do encontro, capaz de derrubar todos os muros que ainda hoje dividem o mundo e n\u00e3o aconte\u00e7a mais que pessoas inocentes sejam perseguidas e at\u00e9 mortas por causa de sua cren\u00e7a e religi\u00e3o. Onde h\u00e1 um muro, ha fechamento de cora\u00e7\u00e3o. Precisamos de pontes, n\u00e3o de muros!<\/p>\n<p>Hoje, na It\u00e1lia, celebramos a Jornada do Agradecimento que este ano tem como tema &#8220;Alimentar o Planeta. Energia para a vida&#8221;, referindo-se \u00e0 Expo Mil\u00e3o 2015. Uno-me aos bispos em um compromisso renovado para que a ningu\u00e9m falte o alimento cotidiano, que Deus d\u00e1 a todos. Estou pr\u00f3ximo ao mundo da agricultura, e encorajo a cultivar a terra de forma sustent\u00e1vel e solid\u00e1ria.<\/p>\n<p>Neste contexto, tem lugar em Roma a Jornada Diocesana para a salvaguarda da cria\u00e7\u00e3o, um evento que visa promover estilos de vida baseados no respeito ao meio ambiente, reafirmando a alian\u00e7a entre o homem, cust\u00f3dio da cria\u00e7\u00e3o e do seu Criador.<\/p>\n<p>Sa\u00fado todos os peregrinos que vieram de diferentes pa\u00edses, fam\u00edlias, grupos paroquiais, associa\u00e7\u00f5es, neste belo dia que o Senhor nos deu hoje.<\/p>\n<p>Em particular, sa\u00fado os representantes da comunidade venezuelana na It\u00e1lia &#8211; Eu vejo a bandeira- os meninos de Thiene (Vicenza) que receberam o Sacramento da Confirma\u00e7\u00e3o; os universit\u00e1rios de Urbino; os fi\u00e9is de Pontecagnano, Sant&#8217;Angelo in Formis, Borgonuovo e Pontecchio.<\/p>\n<p>Nesta belo dia, eu desejo a todos um bom domingo. Por favor, n\u00e3o se esque\u00e7am de rezar por mim. Bom almo\u00e7o e at\u00e9 breve!<\/p>\n<hr \/>\n<p><em>Fonte: R\u00e1dio Vaticano<\/em><\/p>\n","protected":false},"excerpt":{"rendered":"<p>Angelus<\/p>\n","protected":false},"author":1,"featured_media":207428,"comment_status":"open","ping_status":"open","sticky":false,"template":"","format":"standard","meta":[],"categories":[1428],"tags":[403],"acf":[],"yoast_head":"<!-- This site is optimized with the Yoast SEO plugin v19.2 - https:\/\/yoast.com\/wordpress\/plugins\/seo\/ -->\n<title>&quot;Precisamos de pontes, n\u00e3o de muros!&quot; - Not\u00edcias - Franciscanos<\/title>\n<meta name=\"robots\" content=\"index, follow, max-snippet:-1, max-image-preview:large, max-video-preview:-1\" \/>\n<link rel=\"canonical\" href=\"https:\/\/franciscanos.org.br\/noticias\/precisamos-de-pontes-nao-de-muros.html\" \/>\n<meta property=\"og:locale\" content=\"pt_BR\" \/>\n<meta property=\"og:type\" content=\"article\" \/>\n<meta property=\"og:title\" content=\"&quot;Precisamos de pontes, n\u00e3o de muros!&quot; - Not\u00edcias - Franciscanos\" \/>\n<meta property=\"og:description\" content=\"Angelus\" \/>\n<meta property=\"og:url\" content=\"https:\/\/franciscanos.org.br\/noticias\/precisamos-de-pontes-nao-de-muros.html\" \/>\n<meta property=\"og:site_name\" content=\"Not\u00edcias - Franciscanos\" \/>\n<meta property=\"article:published_time\" content=\"2014-11-10T09:31:32+00:00\" \/>\n<meta property=\"article:modified_time\" content=\"2020-06-10T20:04:29+00:00\" \/>\n<meta property=\"og:image\" content=\"https:\/\/franciscanos.org.br\/noticias\/wp-content\/uploads\/2014\/11\/papa_10.jpg\" \/>\n\t<meta property=\"og:image:width\" content=\"273\" \/>\n\t<meta property=\"og:image:height\" content=\"181\" \/>\n\t<meta property=\"og:image:type\" content=\"image\/jpeg\" \/>\n<meta name=\"author\" content=\"admin\" \/>\n<meta name=\"twitter:card\" content=\"summary_large_image\" \/>\n<meta name=\"twitter:label1\" content=\"Escrito por\" \/>\n\t<meta name=\"twitter:data1\" content=\"admin\" \/>\n\t<meta name=\"twitter:label2\" content=\"Est. tempo de leitura\" \/>\n\t<meta name=\"twitter:data2\" content=\"6 minutos\" \/>\n<script type=\"application\/ld+json\" class=\"yoast-schema-graph\">{\"@context\":\"https:\/\/schema.org\",\"@graph\":[{\"@type\":\"WebSite\",\"@id\":\"https:\/\/franciscanos.org.br\/noticias\/#website\",\"url\":\"https:\/\/franciscanos.org.br\/noticias\/\",\"name\":\"Not\u00edcias - Franciscanos\",\"description\":\"Prov\u00edncia Franciscana da Imaculada Concei\u00e7\u00e3o do Brasil - Ordem dos Frades Menores - OFM\",\"potentialAction\":[{\"@type\":\"SearchAction\",\"target\":{\"@type\":\"EntryPoint\",\"urlTemplate\":\"https:\/\/franciscanos.org.br\/noticias\/?s={search_term_string}\"},\"query-input\":\"required name=search_term_string\"}],\"inLanguage\":\"pt-BR\"},{\"@type\":\"ImageObject\",\"inLanguage\":\"pt-BR\",\"@id\":\"https:\/\/franciscanos.org.br\/noticias\/precisamos-de-pontes-nao-de-muros.html#primaryimage\",\"url\":\"https:\/\/franciscanos.org.br\/noticias\/wp-content\/uploads\/2014\/11\/papa_10.jpg\",\"contentUrl\":\"https:\/\/franciscanos.org.br\/noticias\/wp-content\/uploads\/2014\/11\/papa_10.jpg\",\"width\":273,\"height\":181},{\"@type\":\"WebPage\",\"@id\":\"https:\/\/franciscanos.org.br\/noticias\/precisamos-de-pontes-nao-de-muros.html#webpage\",\"url\":\"https:\/\/franciscanos.org.br\/noticias\/precisamos-de-pontes-nao-de-muros.html\",\"name\":\"\\\"Precisamos de pontes, n\u00e3o de muros!\\\" - Not\u00edcias - Franciscanos\",\"isPartOf\":{\"@id\":\"https:\/\/franciscanos.org.br\/noticias\/#website\"},\"primaryImageOfPage\":{\"@id\":\"https:\/\/franciscanos.org.br\/noticias\/precisamos-de-pontes-nao-de-muros.html#primaryimage\"},\"datePublished\":\"2014-11-10T09:31:32+00:00\",\"dateModified\":\"2020-06-10T20:04:29+00:00\",\"author\":{\"@id\":\"https:\/\/franciscanos.org.br\/noticias\/#\/schema\/person\/b38fbf43118f02820bd932f2e4b14ad3\"},\"breadcrumb\":{\"@id\":\"https:\/\/franciscanos.org.br\/noticias\/precisamos-de-pontes-nao-de-muros.html#breadcrumb\"},\"inLanguage\":\"pt-BR\",\"potentialAction\":[{\"@type\":\"ReadAction\",\"target\":[\"https:\/\/franciscanos.org.br\/noticias\/precisamos-de-pontes-nao-de-muros.html\"]}]},{\"@type\":\"BreadcrumbList\",\"@id\":\"https:\/\/franciscanos.org.br\/noticias\/precisamos-de-pontes-nao-de-muros.html#breadcrumb\",\"itemListElement\":[{\"@type\":\"ListItem\",\"position\":1,\"name\":\"Home\",\"item\":\"https:\/\/franciscanos.org.br\/noticias\"},{\"@type\":\"ListItem\",\"position\":2,\"name\":\"&#8220;Precisamos de pontes, n\u00e3o de muros!&#8221;\"}]},{\"@type\":\"Person\",\"@id\":\"https:\/\/franciscanos.org.br\/noticias\/#\/schema\/person\/b38fbf43118f02820bd932f2e4b14ad3\",\"name\":\"admin\",\"image\":{\"@type\":\"ImageObject\",\"inLanguage\":\"pt-BR\",\"@id\":\"https:\/\/franciscanos.org.br\/noticias\/#\/schema\/person\/image\/\",\"url\":\"https:\/\/secure.gravatar.com\/avatar\/e8495742d34d0ba6448ea1c628263b3e?s=96&d=mm&r=g\",\"contentUrl\":\"https:\/\/secure.gravatar.com\/avatar\/e8495742d34d0ba6448ea1c628263b3e?s=96&d=mm&r=g\",\"caption\":\"admin\"},\"url\":\"https:\/\/franciscanos.org.br\/noticias\/author\/admin\"}]}<\/script>\n<!-- \/ Yoast SEO plugin. -->","yoast_head_json":{"title":"\"Precisamos de pontes, n\u00e3o de muros!\" - Not\u00edcias - Franciscanos","robots":{"index":"index","follow":"follow","max-snippet":"max-snippet:-1","max-image-preview":"max-image-preview:large","max-video-preview":"max-video-preview:-1"},"canonical":"https:\/\/franciscanos.org.br\/noticias\/precisamos-de-pontes-nao-de-muros.html","og_locale":"pt_BR","og_type":"article","og_title":"\"Precisamos de pontes, n\u00e3o de muros!\" - Not\u00edcias - Franciscanos","og_description":"Angelus","og_url":"https:\/\/franciscanos.org.br\/noticias\/precisamos-de-pontes-nao-de-muros.html","og_site_name":"Not\u00edcias - Franciscanos","article_published_time":"2014-11-10T09:31:32+00:00","article_modified_time":"2020-06-10T20:04:29+00:00","og_image":[{"width":273,"height":181,"url":"https:\/\/franciscanos.org.br\/noticias\/wp-content\/uploads\/2014\/11\/papa_10.jpg","type":"image\/jpeg"}],"author":"admin","twitter_card":"summary_large_image","twitter_misc":{"Escrito por":"admin","Est. tempo de leitura":"6 minutos"},"schema":{"@context":"https:\/\/schema.org","@graph":[{"@type":"WebSite","@id":"https:\/\/franciscanos.org.br\/noticias\/#website","url":"https:\/\/franciscanos.org.br\/noticias\/","name":"Not\u00edcias - Franciscanos","description":"Prov\u00edncia Franciscana da Imaculada Concei\u00e7\u00e3o do Brasil - Ordem dos Frades Menores - OFM","potentialAction":[{"@type":"SearchAction","target":{"@type":"EntryPoint","urlTemplate":"https:\/\/franciscanos.org.br\/noticias\/?s={search_term_string}"},"query-input":"required name=search_term_string"}],"inLanguage":"pt-BR"},{"@type":"ImageObject","inLanguage":"pt-BR","@id":"https:\/\/franciscanos.org.br\/noticias\/precisamos-de-pontes-nao-de-muros.html#primaryimage","url":"https:\/\/franciscanos.org.br\/noticias\/wp-content\/uploads\/2014\/11\/papa_10.jpg","contentUrl":"https:\/\/franciscanos.org.br\/noticias\/wp-content\/uploads\/2014\/11\/papa_10.jpg","width":273,"height":181},{"@type":"WebPage","@id":"https:\/\/franciscanos.org.br\/noticias\/precisamos-de-pontes-nao-de-muros.html#webpage","url":"https:\/\/franciscanos.org.br\/noticias\/precisamos-de-pontes-nao-de-muros.html","name":"\"Precisamos de pontes, n\u00e3o de muros!\" - Not\u00edcias - Franciscanos","isPartOf":{"@id":"https:\/\/franciscanos.org.br\/noticias\/#website"},"primaryImageOfPage":{"@id":"https:\/\/franciscanos.org.br\/noticias\/precisamos-de-pontes-nao-de-muros.html#primaryimage"},"datePublished":"2014-11-10T09:31:32+00:00","dateModified":"2020-06-10T20:04:29+00:00","author":{"@id":"https:\/\/franciscanos.org.br\/noticias\/#\/schema\/person\/b38fbf43118f02820bd932f2e4b14ad3"},"breadcrumb":{"@id":"https:\/\/franciscanos.org.br\/noticias\/precisamos-de-pontes-nao-de-muros.html#breadcrumb"},"inLanguage":"pt-BR","potentialAction":[{"@type":"ReadAction","target":["https:\/\/franciscanos.org.br\/noticias\/precisamos-de-pontes-nao-de-muros.html"]}]},{"@type":"BreadcrumbList","@id":"https:\/\/franciscanos.org.br\/noticias\/precisamos-de-pontes-nao-de-muros.html#breadcrumb","itemListElement":[{"@type":"ListItem","position":1,"name":"Home","item":"https:\/\/franciscanos.org.br\/noticias"},{"@type":"ListItem","position":2,"name":"&#8220;Precisamos de pontes, n\u00e3o de muros!&#8221;"}]},{"@type":"Person","@id":"https:\/\/franciscanos.org.br\/noticias\/#\/schema\/person\/b38fbf43118f02820bd932f2e4b14ad3","name":"admin","image":{"@type":"ImageObject","inLanguage":"pt-BR","@id":"https:\/\/franciscanos.org.br\/noticias\/#\/schema\/person\/image\/","url":"https:\/\/secure.gravatar.com\/avatar\/e8495742d34d0ba6448ea1c628263b3e?s=96&d=mm&r=g","contentUrl":"https:\/\/secure.gravatar.com\/avatar\/e8495742d34d0ba6448ea1c628263b3e?s=96&d=mm&r=g","caption":"admin"},"url":"https:\/\/franciscanos.org.br\/noticias\/author\/admin"}]}},"_links":{"self":[{"href":"https:\/\/franciscanos.org.br\/noticias\/wp-json\/wp\/v2\/posts\/72276"}],"collection":[{"href":"https:\/\/franciscanos.org.br\/noticias\/wp-json\/wp\/v2\/posts"}],"about":[{"href":"https:\/\/franciscanos.org.br\/noticias\/wp-json\/wp\/v2\/types\/post"}],"author":[{"embeddable":true,"href":"https:\/\/franciscanos.org.br\/noticias\/wp-json\/wp\/v2\/users\/1"}],"replies":[{"embeddable":true,"href":"https:\/\/franciscanos.org.br\/noticias\/wp-json\/wp\/v2\/comments?post=72276"}],"version-history":[{"count":2,"href":"https:\/\/franciscanos.org.br\/noticias\/wp-json\/wp\/v2\/posts\/72276\/revisions"}],"predecessor-version":[{"id":226152,"href":"https:\/\/franciscanos.org.br\/noticias\/wp-json\/wp\/v2\/posts\/72276\/revisions\/226152"}],"wp:featuredmedia":[{"embeddable":true,"href":"https:\/\/franciscanos.org.br\/noticias\/wp-json\/wp\/v2\/media\/207428"}],"wp:attachment":[{"href":"https:\/\/franciscanos.org.br\/noticias\/wp-json\/wp\/v2\/media?parent=72276"}],"wp:term":[{"taxonomy":"category","embeddable":true,"href":"https:\/\/franciscanos.org.br\/noticias\/wp-json\/wp\/v2\/categories?post=72276"},{"taxonomy":"post_tag","embeddable":true,"href":"https:\/\/franciscanos.org.br\/noticias\/wp-json\/wp\/v2\/tags?post=72276"}],"curies":[{"name":"wp","href":"https:\/\/api.w.org\/{rel}","templated":true}]}}