{"id":72269,"date":"2014-11-10T07:25:41","date_gmt":"2014-11-10T09:25:41","guid":{"rendered":"http:\/\/franciscanos.org.br\/?p=72269"},"modified":"2020-02-12T12:06:26","modified_gmt":"2020-02-12T15:06:26","slug":"familia-franciscana-se-reune-em-lages","status":"publish","type":"post","link":"https:\/\/franciscanos.org.br\/noticias\/familia-franciscana-se-reune-em-lages.html","title":{"rendered":"Fam\u00edlia Franciscana se re\u00fane em Lages"},"content":{"rendered":"<h4><strong><a href=\"http:\/\/franciscanos.org.br\/wp-content\/uploads\/2014\/11\/principal1.jpg\"><img loading=\"lazy\" src=\"http:\/\/franciscanos.org.br\/wp-content\/uploads\/2014\/11\/principal1.jpg\" alt=\"principal\" width=\"820\" height=\"350\" \/><\/a><\/strong><\/h4>\n<h4><strong>Assembleia Regional da Fam\u00edlia Franciscana do Brasil<\/strong><\/h4>\n<p><strong>Frei Augusto Luiz Gabriel, ofm<\/strong><\/p>\n<p><strong>Lages (SC) <\/strong>&#8211; Nos dias 08 e 09 de novembro de 2014, realizou-se em Lages-SC, no Centro Cat\u00f3lico de Forma\u00e7\u00e3o, a Assembleia Regional da Fam\u00edlia Franciscana do Brasil (FFB-SC). Fizeram-se presentes: Ministros da OFS, religiosas e leigas consagradas franciscanas, e a coordena\u00e7\u00e3o da FFB-SC, composto por Irm\u00e3 Zulmira, coordenadora, Frei Jos\u00e9 Lino L\u00fcckmann, OFM, vice-coordenador, Frei Rafael Spricigo,OFM, diretor espiritual, Irm\u00e3 Nadir, secret\u00e1ria, e a Ingrid, tesoureira da FFB regional.<\/p>\n<p>Irm\u00e3 Zulmira deu in\u00edcio ao encontro, depois foi realizada uma apresenta\u00e7\u00e3o breve de todas as fam\u00edlias e congrega\u00e7\u00f5es presentes na assembleia, e em seguida recebeu a todos dando as boas vindas. Frei Rafael foi quem conduziu a ora\u00e7\u00e3o de abertura. \u201c<em>Queridos irm\u00e3os e queridas irm\u00e3s, Paz e Bem. \u00c9 com alegria e entusiasmo que hoje, nos reunimos, como Fam\u00edlia Franciscana do Brasil, como irm\u00e3os e irm\u00e3s unidos a Cristo nas pegadas de S\u00e3o Francisco e Santa Clara de Assis, para vivenciar mais uma assembleia sendo esta eletiva.\u201d<\/em><\/p>\n<p>Refletiu-se o texto sobre o <em>Vaticano II e Francisco<\/em>, elaborado pelo Conselho Diretor da FFB. Foram desenvolvidas no texto tr\u00eas ideias centrais: 1- A centralidade da Palavra de Deus. 2- Prioridade do seguimento de Cristo, sobre os aspectos da religi\u00e3o. 3- O respeito a todas as culturas. Adiante se realizou uma breve partilha.<\/p>\n<p>Aprofundou-se tamb\u00e9m outro texto, sendo este intitulado <em>S\u00e3o Francisco de Assis: O Retorno ao Evangelho (Frei \u00c9derson Queiroz, OFMCap). <\/em>Nele viram-se os tr\u00eas elementos do Evangelho que falaram alto ao cora\u00e7\u00e3o do jovem Francisco. Dentre eles: -O envio dos disc\u00edpulos: <em>Ide! <\/em><em>\u00a0&#8211;<\/em>A exig\u00eancia da pobreza: <em>N\u00e3o leveis! <\/em><em>&#8211;<\/em>O conte\u00fado do an\u00fancio: <em>A todos anunciai a Paz! <\/em>Estes tr\u00eas elementos contribu\u00edram para que Francisco se tornasse um guia seguro e inovador para quem quisesse viver a radicalidade do Evangelho da Miss\u00e3o (Ide), da Pobreza (N\u00e3o leveis) e da Paz (An\u00facio).<\/p>\n<p>Ap\u00f3s a leitura os seguidores de S\u00e3o Francisco, reunidos como fam\u00edlia, tiveram como chave de suas reflex\u00f5es:<\/p>\n<p><strong>A riqueza da natureza humana de Francisco:<\/strong> trata-se de um fato incontest\u00e1vel, Francisco foi possuidor de uma riqu\u00edssima natureza humana. Tornou-se s\u00edmbolo da integra\u00e7\u00e3o: divino-humano; masculino-feminino e carnal-espiritual.\u00a0 S\u00e3o Boaventura diz: \u201cOs sentimentos bem naturais de seu cora\u00e7\u00e3o eram suficientes para torn\u00e1-lo fraterno diante de toda criatura.\u201d (Legenda Maior \u2013 S\u00e3o Boaventura 9,4);<\/p>\n<p><strong>O Sopro Evang\u00e9lico:<\/strong> o sopro do Evangelho nesta rica personalidade, liberou suas potencialidades humanas. O Evangelho dinamizou sua vida e sua convers\u00e3o, foi uma busca apaixonada de viver em comunh\u00e3o com o Crucificado de S\u00e3o Dami\u00e3o. A natural hospitalidade de seu esp\u00edrito e de seu cora\u00e7\u00e3o se abriram \u00e0s dimens\u00f5es do mundo. O beijo no leproso e o C\u00e2ntico da Criaturas s\u00e3o os mais belos s\u00edmbolos de sua comunh\u00e3o universal;<\/p>\n<p><strong>A cumplicidade com a hist\u00f3ria: <\/strong>\u00a0o movimento franciscano se deu na hist\u00f3ria, considerou sua realidade e a partir dela, lan\u00e7ou possibilidades para o novo, foi assim nas origens e tem sido assim ao longo dos s\u00e9culos.<\/p>\n<p>Em seguida, realizaram-se algumas observa\u00e7\u00f5es tendo em vista a caminhada percorrida nestes tr\u00eas anos. Foram destacadas v\u00e1rias quest\u00f5es&#8230; Elogiou-se a coordena\u00e7\u00e3o da FFB-SC. Tamb\u00e9m, colocou-se em pauta que ainda existe muito pouca participa\u00e7\u00e3o por parte de algumas Congrega\u00e7\u00f5es. Um exemplo disto foi esta assembleia. O filme Clara e Francisco fechou nosso dia de atividades.<\/p>\n<p>No dia seguinte, iniciaram-se as atividades com a Santa Missa, celebrada no mosteiro de Nazar\u00e9, em comunh\u00e3o com nossas Irm\u00e3s da Segunda Ordem de S\u00e3o Francisco, as Irm\u00e3s Clarissas. A missa foi presidida pelo Frei Jos\u00e9 Lino L\u00fcckmann e concelebrada por Frei Rafael Spricigo. Logo em seguida, houve um encontro alegre e informal com as Irm\u00e3s Clarissas.<\/p>\n<p>Ap\u00f3s a celebra\u00e7\u00e3o, cumpriu-se a agenda programada para a manh\u00e3 do domingo. Sendo assim, realizaram-se os trabalhos de assembleia, e os devidos encaminhamentos para o pr\u00f3ximo tri\u00eanio de 2015 a 2017. Tamb\u00e9m foram repassados alguns avisos, dentre eles:<\/p>\n<p style=\"padding-left: 30px;\">\u2022 A partir do ano que vem a FFB passar\u00e1 a ser chamada de CFFB (Confer\u00eancia da Fam\u00edlia Franciscana do Brasil);<br \/>\n\u2022 Em 2016 celebrar-se-\u00e1 50 anos da FFB. A mesma nasceu em 1964 na Holanda, no Chile, e depois no Brasil em 1966, ap\u00f3s o Conc\u00edlio Vaticano II, sendo que o primeiro presidente foi Frei Estev\u00e3o Ottenbreit, OFM;<br \/>\n\u2022 Dia 30 de novembro de 2014 inicia-se o ano da Vida Consagrada e no mesmo dia far-se-\u00e1 a abertura do ano da Paz, pela CNBB;<br \/>\n\u2022 De 02 a 06 de mar\u00e7o de 2015, acontecer\u00e1 encontro dos presidentes e diretores da FFB da Am\u00e9rica Latina;<br \/>\n\u2022 De 20 a 23 de agosto de 2015 haver\u00e1 a Assembleia Ordin\u00e1ria e Eletiva da FFB nacional;<br \/>\n\u2022 A partir de 2016, a contabilidade da FFB ser\u00e1 centralizada atrav\u00e9s de um CNPJ, sendo assim as notas dever\u00e3o vir no devido endere\u00e7o com nome e CNPJ correspondente.<br \/>\n\u2022 O Retiro do ano que vem ser\u00e1 do dia 03 a 09 de maio. O mesmo ser\u00e1 conduzido por Frei Estev\u00e3o Ottenbrait em S\u00e3o Leopoldo \u2013 RS, no Monte Alverne.<\/p>\n<p>Findando a assembleia, foi redigida uma carta que ser\u00e1 encaminhada \u00e0s Congrega\u00e7\u00f5es e Ordens do Regional de SC. Nela encontrar-se-\u00e1 os devidos encaminhamentos prestados pela FFB-SC. E assim, ao meio dia, encerrou-se a Assembleia Regional da Fam\u00edlia Franciscana do Brasil. Paz e Bem!<\/p>\n<p><img class=\"ngg_displayed_gallery mceItem\" src=\"http:\/\/franciscanos.org.br\/index.php\/nextgen-attach_to_post\/preview\/id--72378\" alt=\"\" \/><\/p>\n","protected":false},"excerpt":{"rendered":"<p>FFB-SC<\/p>\n","protected":false},"author":5,"featured_media":219566,"comment_status":"open","ping_status":"open","sticky":false,"template":"","format":"standard","meta":[],"categories":[1],"tags":[],"acf":[],"yoast_head":"<!-- This site is optimized with the Yoast SEO plugin v19.2 - https:\/\/yoast.com\/wordpress\/plugins\/seo\/ -->\n<title>Fam\u00edlia Franciscana se re\u00fane em Lages - Not\u00edcias - Franciscanos<\/title>\n<meta name=\"robots\" content=\"index, follow, max-snippet:-1, max-image-preview:large, max-video-preview:-1\" \/>\n<link rel=\"canonical\" href=\"https:\/\/franciscanos.org.br\/noticias\/familia-franciscana-se-reune-em-lages.html\" \/>\n<meta property=\"og:locale\" content=\"pt_BR\" \/>\n<meta property=\"og:type\" content=\"article\" \/>\n<meta property=\"og:title\" content=\"Fam\u00edlia Franciscana se re\u00fane em Lages - Not\u00edcias - Franciscanos\" \/>\n<meta property=\"og:description\" content=\"FFB-SC\" \/>\n<meta property=\"og:url\" content=\"https:\/\/franciscanos.org.br\/noticias\/familia-franciscana-se-reune-em-lages.html\" \/>\n<meta property=\"og:site_name\" content=\"Not\u00edcias - Franciscanos\" \/>\n<meta property=\"article:published_time\" content=\"2014-11-10T09:25:41+00:00\" \/>\n<meta property=\"article:modified_time\" content=\"2020-02-12T15:06:26+00:00\" \/>\n<meta property=\"og:image\" content=\"https:\/\/franciscanos.org.br\/noticias\/wp-content\/uploads\/2014\/11\/principal1.jpg\" \/>\n\t<meta property=\"og:image:width\" content=\"273\" \/>\n\t<meta property=\"og:image:height\" content=\"181\" \/>\n\t<meta property=\"og:image:type\" content=\"image\/jpeg\" \/>\n<meta name=\"author\" content=\"freiaugusto\" \/>\n<meta name=\"twitter:card\" content=\"summary_large_image\" \/>\n<meta name=\"twitter:label1\" content=\"Escrito por\" \/>\n\t<meta name=\"twitter:data1\" content=\"freiaugusto\" \/>\n\t<meta name=\"twitter:label2\" content=\"Est. tempo de leitura\" \/>\n\t<meta name=\"twitter:data2\" content=\"5 minutos\" \/>\n<script type=\"application\/ld+json\" class=\"yoast-schema-graph\">{\"@context\":\"https:\/\/schema.org\",\"@graph\":[{\"@type\":\"WebSite\",\"@id\":\"https:\/\/franciscanos.org.br\/noticias\/#website\",\"url\":\"https:\/\/franciscanos.org.br\/noticias\/\",\"name\":\"Not\u00edcias - Franciscanos\",\"description\":\"Prov\u00edncia Franciscana da Imaculada Concei\u00e7\u00e3o do Brasil - Ordem dos Frades Menores - OFM\",\"potentialAction\":[{\"@type\":\"SearchAction\",\"target\":{\"@type\":\"EntryPoint\",\"urlTemplate\":\"https:\/\/franciscanos.org.br\/noticias\/?s={search_term_string}\"},\"query-input\":\"required name=search_term_string\"}],\"inLanguage\":\"pt-BR\"},{\"@type\":\"ImageObject\",\"inLanguage\":\"pt-BR\",\"@id\":\"https:\/\/franciscanos.org.br\/noticias\/familia-franciscana-se-reune-em-lages.html#primaryimage\",\"url\":\"https:\/\/franciscanos.org.br\/noticias\/wp-content\/uploads\/2014\/11\/principal1.jpg\",\"contentUrl\":\"https:\/\/franciscanos.org.br\/noticias\/wp-content\/uploads\/2014\/11\/principal1.jpg\",\"width\":273,\"height\":181},{\"@type\":\"WebPage\",\"@id\":\"https:\/\/franciscanos.org.br\/noticias\/familia-franciscana-se-reune-em-lages.html#webpage\",\"url\":\"https:\/\/franciscanos.org.br\/noticias\/familia-franciscana-se-reune-em-lages.html\",\"name\":\"Fam\u00edlia Franciscana se re\u00fane em Lages - Not\u00edcias - Franciscanos\",\"isPartOf\":{\"@id\":\"https:\/\/franciscanos.org.br\/noticias\/#website\"},\"primaryImageOfPage\":{\"@id\":\"https:\/\/franciscanos.org.br\/noticias\/familia-franciscana-se-reune-em-lages.html#primaryimage\"},\"datePublished\":\"2014-11-10T09:25:41+00:00\",\"dateModified\":\"2020-02-12T15:06:26+00:00\",\"author\":{\"@id\":\"https:\/\/franciscanos.org.br\/noticias\/#\/schema\/person\/37f88f0d111cd5358b12a6556a99eb91\"},\"breadcrumb\":{\"@id\":\"https:\/\/franciscanos.org.br\/noticias\/familia-franciscana-se-reune-em-lages.html#breadcrumb\"},\"inLanguage\":\"pt-BR\",\"potentialAction\":[{\"@type\":\"ReadAction\",\"target\":[\"https:\/\/franciscanos.org.br\/noticias\/familia-franciscana-se-reune-em-lages.html\"]}]},{\"@type\":\"BreadcrumbList\",\"@id\":\"https:\/\/franciscanos.org.br\/noticias\/familia-franciscana-se-reune-em-lages.html#breadcrumb\",\"itemListElement\":[{\"@type\":\"ListItem\",\"position\":1,\"name\":\"Home\",\"item\":\"https:\/\/franciscanos.org.br\/noticias\"},{\"@type\":\"ListItem\",\"position\":2,\"name\":\"Fam\u00edlia Franciscana se re\u00fane em Lages\"}]},{\"@type\":\"Person\",\"@id\":\"https:\/\/franciscanos.org.br\/noticias\/#\/schema\/person\/37f88f0d111cd5358b12a6556a99eb91\",\"name\":\"freiaugusto\",\"image\":{\"@type\":\"ImageObject\",\"inLanguage\":\"pt-BR\",\"@id\":\"https:\/\/franciscanos.org.br\/noticias\/#\/schema\/person\/image\/\",\"url\":\"https:\/\/secure.gravatar.com\/avatar\/9840b940e621801b24f3e6b059efb4b7?s=96&d=mm&r=g\",\"contentUrl\":\"https:\/\/secure.gravatar.com\/avatar\/9840b940e621801b24f3e6b059efb4b7?s=96&d=mm&r=g\",\"caption\":\"freiaugusto\"},\"url\":\"https:\/\/franciscanos.org.br\/noticias\/author\/freiaugusto\"}]}<\/script>\n<!-- \/ Yoast SEO plugin. -->","yoast_head_json":{"title":"Fam\u00edlia Franciscana se re\u00fane em Lages - Not\u00edcias - Franciscanos","robots":{"index":"index","follow":"follow","max-snippet":"max-snippet:-1","max-image-preview":"max-image-preview:large","max-video-preview":"max-video-preview:-1"},"canonical":"https:\/\/franciscanos.org.br\/noticias\/familia-franciscana-se-reune-em-lages.html","og_locale":"pt_BR","og_type":"article","og_title":"Fam\u00edlia Franciscana se re\u00fane em Lages - Not\u00edcias - Franciscanos","og_description":"FFB-SC","og_url":"https:\/\/franciscanos.org.br\/noticias\/familia-franciscana-se-reune-em-lages.html","og_site_name":"Not\u00edcias - Franciscanos","article_published_time":"2014-11-10T09:25:41+00:00","article_modified_time":"2020-02-12T15:06:26+00:00","og_image":[{"width":273,"height":181,"url":"https:\/\/franciscanos.org.br\/noticias\/wp-content\/uploads\/2014\/11\/principal1.jpg","type":"image\/jpeg"}],"author":"freiaugusto","twitter_card":"summary_large_image","twitter_misc":{"Escrito por":"freiaugusto","Est. tempo de leitura":"5 minutos"},"schema":{"@context":"https:\/\/schema.org","@graph":[{"@type":"WebSite","@id":"https:\/\/franciscanos.org.br\/noticias\/#website","url":"https:\/\/franciscanos.org.br\/noticias\/","name":"Not\u00edcias - Franciscanos","description":"Prov\u00edncia Franciscana da Imaculada Concei\u00e7\u00e3o do Brasil - Ordem dos Frades Menores - OFM","potentialAction":[{"@type":"SearchAction","target":{"@type":"EntryPoint","urlTemplate":"https:\/\/franciscanos.org.br\/noticias\/?s={search_term_string}"},"query-input":"required name=search_term_string"}],"inLanguage":"pt-BR"},{"@type":"ImageObject","inLanguage":"pt-BR","@id":"https:\/\/franciscanos.org.br\/noticias\/familia-franciscana-se-reune-em-lages.html#primaryimage","url":"https:\/\/franciscanos.org.br\/noticias\/wp-content\/uploads\/2014\/11\/principal1.jpg","contentUrl":"https:\/\/franciscanos.org.br\/noticias\/wp-content\/uploads\/2014\/11\/principal1.jpg","width":273,"height":181},{"@type":"WebPage","@id":"https:\/\/franciscanos.org.br\/noticias\/familia-franciscana-se-reune-em-lages.html#webpage","url":"https:\/\/franciscanos.org.br\/noticias\/familia-franciscana-se-reune-em-lages.html","name":"Fam\u00edlia Franciscana se re\u00fane em Lages - Not\u00edcias - Franciscanos","isPartOf":{"@id":"https:\/\/franciscanos.org.br\/noticias\/#website"},"primaryImageOfPage":{"@id":"https:\/\/franciscanos.org.br\/noticias\/familia-franciscana-se-reune-em-lages.html#primaryimage"},"datePublished":"2014-11-10T09:25:41+00:00","dateModified":"2020-02-12T15:06:26+00:00","author":{"@id":"https:\/\/franciscanos.org.br\/noticias\/#\/schema\/person\/37f88f0d111cd5358b12a6556a99eb91"},"breadcrumb":{"@id":"https:\/\/franciscanos.org.br\/noticias\/familia-franciscana-se-reune-em-lages.html#breadcrumb"},"inLanguage":"pt-BR","potentialAction":[{"@type":"ReadAction","target":["https:\/\/franciscanos.org.br\/noticias\/familia-franciscana-se-reune-em-lages.html"]}]},{"@type":"BreadcrumbList","@id":"https:\/\/franciscanos.org.br\/noticias\/familia-franciscana-se-reune-em-lages.html#breadcrumb","itemListElement":[{"@type":"ListItem","position":1,"name":"Home","item":"https:\/\/franciscanos.org.br\/noticias"},{"@type":"ListItem","position":2,"name":"Fam\u00edlia Franciscana se re\u00fane em Lages"}]},{"@type":"Person","@id":"https:\/\/franciscanos.org.br\/noticias\/#\/schema\/person\/37f88f0d111cd5358b12a6556a99eb91","name":"freiaugusto","image":{"@type":"ImageObject","inLanguage":"pt-BR","@id":"https:\/\/franciscanos.org.br\/noticias\/#\/schema\/person\/image\/","url":"https:\/\/secure.gravatar.com\/avatar\/9840b940e621801b24f3e6b059efb4b7?s=96&d=mm&r=g","contentUrl":"https:\/\/secure.gravatar.com\/avatar\/9840b940e621801b24f3e6b059efb4b7?s=96&d=mm&r=g","caption":"freiaugusto"},"url":"https:\/\/franciscanos.org.br\/noticias\/author\/freiaugusto"}]}},"_links":{"self":[{"href":"https:\/\/franciscanos.org.br\/noticias\/wp-json\/wp\/v2\/posts\/72269"}],"collection":[{"href":"https:\/\/franciscanos.org.br\/noticias\/wp-json\/wp\/v2\/posts"}],"about":[{"href":"https:\/\/franciscanos.org.br\/noticias\/wp-json\/wp\/v2\/types\/post"}],"author":[{"embeddable":true,"href":"https:\/\/franciscanos.org.br\/noticias\/wp-json\/wp\/v2\/users\/5"}],"replies":[{"embeddable":true,"href":"https:\/\/franciscanos.org.br\/noticias\/wp-json\/wp\/v2\/comments?post=72269"}],"version-history":[{"count":0,"href":"https:\/\/franciscanos.org.br\/noticias\/wp-json\/wp\/v2\/posts\/72269\/revisions"}],"wp:featuredmedia":[{"embeddable":true,"href":"https:\/\/franciscanos.org.br\/noticias\/wp-json\/wp\/v2\/media\/219566"}],"wp:attachment":[{"href":"https:\/\/franciscanos.org.br\/noticias\/wp-json\/wp\/v2\/media?parent=72269"}],"wp:term":[{"taxonomy":"category","embeddable":true,"href":"https:\/\/franciscanos.org.br\/noticias\/wp-json\/wp\/v2\/categories?post=72269"},{"taxonomy":"post_tag","embeddable":true,"href":"https:\/\/franciscanos.org.br\/noticias\/wp-json\/wp\/v2\/tags?post=72269"}],"curies":[{"name":"wp","href":"https:\/\/api.w.org\/{rel}","templated":true}]}}