{"id":72200,"date":"2014-11-07T07:56:48","date_gmt":"2014-11-07T09:56:48","guid":{"rendered":"http:\/\/franciscanos.org.br\/?p=72200"},"modified":"2020-06-10T17:05:35","modified_gmt":"2020-06-10T20:05:35","slug":"o-verdadeiro-cristao-nao-tem-medo-de-sujar-as-maos","status":"publish","type":"post","link":"https:\/\/franciscanos.org.br\/noticias\/o-verdadeiro-cristao-nao-tem-medo-de-sujar-as-maos.html","title":{"rendered":"&#8220;O verdadeiro crist\u00e3o n\u00e3o tem medo de sujar as m\u00e3os&#8221;"},"content":{"rendered":"<p><strong><a href=\"http:\/\/franciscanos.org.br\/wp-content\/uploads\/2014\/11\/papa.png\"><img loading=\"lazy\" class=\"alignright wp-image-72201\" src=\"http:\/\/franciscanos.org.br\/wp-content\/uploads\/2014\/11\/papa.png\" alt=\"papa\" width=\"545\" height=\"341\" \/><\/a>Cidade do Vaticano<\/strong> &#8211; Na Missa da manh\u00e3 de quinta-feira, dia 6 de novembro em Santa Marta, o Papa Francisco afirmou na sua homilia que o verdadeiro crist\u00e3o n\u00e3o tem medo de sujar as m\u00e3os. Arrisca perder a sua comodidade e o seu status pelos outros. O Santo Padre refletiu sobre duas par\u00e1bolas: a da ovelha perdida e a da moeda perdida. Os fariseus e os escribas escandalizaram-se porque Jesus \u201cacolheu os pecadores e comeu com eles, o que era um verdadeiro esc\u00e2ndalo naquele tempos\u201d. Nos tempos de hoje tamb\u00e9m parece que alguns t\u00eam medo do \u201cesc\u00e2ndalo\u201d e, segundo o Papa, \u00e9 triste um pastor ou um crist\u00e3o que n\u00e3o sente a \u201cnecessidade de contar aos outros que Deus \u00e9 bom\u201d.<\/p>\n<p>\u201c\u00c9 triste o pastor que abre a porta da Igreja e fica ali, esperando. \u00c9 triste o crist\u00e3o que n\u00e3o sente dentro, no cora\u00e7\u00e3o, a necessidade de contar aos outros que o Senhor \u00e9 bom. Mas quanta pervers\u00e3o existe no cora\u00e7\u00e3o daqueles que se creem justos, como os escribas e os fariseus&#8230; \u00c9, eles n\u00e3o queriam sujar as suas m\u00e3os com os pecadores. Lembram-se do que pensavam? \u2018Se ele fosse profeta, saberia que ela \u00e9 uma pecadora\u2019. Usavam as pessoas e depois desprezavam-nas.\u201d<\/p>\n<p>\u201cSer um pastor \u2018pela metade\u2019 \u2013 disse ainda o Papa Francisco \u2013 \u00e9 uma derrota. Um pastor deve ter o cora\u00e7\u00e3o de Deus, ir at\u00e9 o limite, porque n\u00e3o quer que ningu\u00e9m se perca\u201d.<\/p>\n<p>\u201cO verdadeiro pastor, o verdadeiro crist\u00e3o tem este zelo interior: que ningu\u00e9m se perca. E por isso n\u00e3o tem medo de sujar as m\u00e3os. N\u00e3o tem medo. Vai aonde tem que ir. Arrisca a sua vida, a sua fama, arrisca perder a sua comodidade, o seu status, perder tamb\u00e9m na carreira eclesi\u00e1stica, mas \u00e9 bom pastor. Tamb\u00e9m os crist\u00e3os devem ser assim. \u00c9 t\u00e3o f\u00e1cil condenar os outros, como faziam os publicanos, os pecadores. \u00c9 t\u00e3o f\u00e1cil, mas n\u00e3o \u00e9 crist\u00e3o. N\u00e3o \u00e9 comportamento de filhos de Deus. O Filho de Deus vai ao limite, d\u00e1 a vida pelos outros, como fez Jesus. N\u00e3o pode ficar tranquilo, protegendo-se a si mesmo: a sua comodidade, a sua fama, a sua tranquilidade. Lembrem-se disso: que jamais existam pastores e crist\u00e3os que ficam a meio do caminho!\u201d<\/p>\n<p>\u201cEsses escribas e fariseus n\u00e3o sabiam o que significa carregar a ovelha sobre os ombros, com ternura, e reconduzi-la ao seu lugar, junto \u00e0s outras. Essas pessoas n\u00e3o sabiam o que \u00e9 a alegria. O crist\u00e3o e o pastor de meio caminho talvez conhe\u00e7am a divers\u00e3o, a tranquilidade, mas n\u00e3o a verdadeira alegria que vem de Deus, que vem para salvar! \u00c9 belo n\u00e3o sentir medo de quem fala mal de n\u00f3s para encontrar os irm\u00e3os e irm\u00e3s que est\u00e3o distantes do Senhor. Pe\u00e7amos esta gra\u00e7a para cada um de n\u00f3s e para a nossa M\u00e3e, a Santa Igreja\u201d.<\/p>\n<hr \/>\n<p><em>Fonte: R\u00e1dio Vaticano<\/em><\/p>\n","protected":false},"excerpt":{"rendered":"<p> Missa em Santa Marta<\/p>\n","protected":false},"author":1,"featured_media":199607,"comment_status":"open","ping_status":"open","sticky":false,"template":"","format":"standard","meta":[],"categories":[1428],"tags":[1586],"acf":[],"yoast_head":"<!-- This site is optimized with the Yoast SEO plugin v19.2 - https:\/\/yoast.com\/wordpress\/plugins\/seo\/ -->\n<title>&quot;O verdadeiro crist\u00e3o n\u00e3o tem medo de sujar as m\u00e3os&quot; - Not\u00edcias - Franciscanos<\/title>\n<meta name=\"robots\" content=\"index, follow, max-snippet:-1, max-image-preview:large, max-video-preview:-1\" \/>\n<link rel=\"canonical\" href=\"https:\/\/franciscanos.org.br\/noticias\/o-verdadeiro-cristao-nao-tem-medo-de-sujar-as-maos.html\" \/>\n<meta property=\"og:locale\" content=\"pt_BR\" \/>\n<meta property=\"og:type\" content=\"article\" \/>\n<meta property=\"og:title\" content=\"&quot;O verdadeiro crist\u00e3o n\u00e3o tem medo de sujar as m\u00e3os&quot; - Not\u00edcias - Franciscanos\" \/>\n<meta property=\"og:description\" content=\"Missa em Santa Marta\" \/>\n<meta property=\"og:url\" content=\"https:\/\/franciscanos.org.br\/noticias\/o-verdadeiro-cristao-nao-tem-medo-de-sujar-as-maos.html\" \/>\n<meta property=\"og:site_name\" content=\"Not\u00edcias - Franciscanos\" \/>\n<meta property=\"article:published_time\" content=\"2014-11-07T09:56:48+00:00\" \/>\n<meta property=\"article:modified_time\" content=\"2020-06-10T20:05:35+00:00\" \/>\n<meta property=\"og:image\" content=\"https:\/\/franciscanos.org.br\/noticias\/wp-content\/uploads\/2014\/11\/papa.png\" \/>\n\t<meta property=\"og:image:width\" content=\"273\" \/>\n\t<meta property=\"og:image:height\" content=\"181\" \/>\n\t<meta property=\"og:image:type\" content=\"image\/png\" \/>\n<meta name=\"author\" content=\"admin\" \/>\n<meta name=\"twitter:card\" content=\"summary_large_image\" \/>\n<meta name=\"twitter:label1\" content=\"Escrito por\" \/>\n\t<meta name=\"twitter:data1\" content=\"admin\" \/>\n\t<meta name=\"twitter:label2\" content=\"Est. tempo de leitura\" \/>\n\t<meta name=\"twitter:data2\" content=\"3 minutos\" \/>\n<script type=\"application\/ld+json\" class=\"yoast-schema-graph\">{\"@context\":\"https:\/\/schema.org\",\"@graph\":[{\"@type\":\"WebSite\",\"@id\":\"https:\/\/franciscanos.org.br\/noticias\/#website\",\"url\":\"https:\/\/franciscanos.org.br\/noticias\/\",\"name\":\"Not\u00edcias - Franciscanos\",\"description\":\"Prov\u00edncia Franciscana da Imaculada Concei\u00e7\u00e3o do Brasil - Ordem dos Frades Menores - OFM\",\"potentialAction\":[{\"@type\":\"SearchAction\",\"target\":{\"@type\":\"EntryPoint\",\"urlTemplate\":\"https:\/\/franciscanos.org.br\/noticias\/?s={search_term_string}\"},\"query-input\":\"required name=search_term_string\"}],\"inLanguage\":\"pt-BR\"},{\"@type\":\"ImageObject\",\"inLanguage\":\"pt-BR\",\"@id\":\"https:\/\/franciscanos.org.br\/noticias\/o-verdadeiro-cristao-nao-tem-medo-de-sujar-as-maos.html#primaryimage\",\"url\":\"https:\/\/franciscanos.org.br\/noticias\/wp-content\/uploads\/2014\/11\/papa.png\",\"contentUrl\":\"https:\/\/franciscanos.org.br\/noticias\/wp-content\/uploads\/2014\/11\/papa.png\",\"width\":273,\"height\":181},{\"@type\":\"WebPage\",\"@id\":\"https:\/\/franciscanos.org.br\/noticias\/o-verdadeiro-cristao-nao-tem-medo-de-sujar-as-maos.html#webpage\",\"url\":\"https:\/\/franciscanos.org.br\/noticias\/o-verdadeiro-cristao-nao-tem-medo-de-sujar-as-maos.html\",\"name\":\"\\\"O verdadeiro crist\u00e3o n\u00e3o tem medo de sujar as m\u00e3os\\\" - Not\u00edcias - Franciscanos\",\"isPartOf\":{\"@id\":\"https:\/\/franciscanos.org.br\/noticias\/#website\"},\"primaryImageOfPage\":{\"@id\":\"https:\/\/franciscanos.org.br\/noticias\/o-verdadeiro-cristao-nao-tem-medo-de-sujar-as-maos.html#primaryimage\"},\"datePublished\":\"2014-11-07T09:56:48+00:00\",\"dateModified\":\"2020-06-10T20:05:35+00:00\",\"author\":{\"@id\":\"https:\/\/franciscanos.org.br\/noticias\/#\/schema\/person\/b38fbf43118f02820bd932f2e4b14ad3\"},\"breadcrumb\":{\"@id\":\"https:\/\/franciscanos.org.br\/noticias\/o-verdadeiro-cristao-nao-tem-medo-de-sujar-as-maos.html#breadcrumb\"},\"inLanguage\":\"pt-BR\",\"potentialAction\":[{\"@type\":\"ReadAction\",\"target\":[\"https:\/\/franciscanos.org.br\/noticias\/o-verdadeiro-cristao-nao-tem-medo-de-sujar-as-maos.html\"]}]},{\"@type\":\"BreadcrumbList\",\"@id\":\"https:\/\/franciscanos.org.br\/noticias\/o-verdadeiro-cristao-nao-tem-medo-de-sujar-as-maos.html#breadcrumb\",\"itemListElement\":[{\"@type\":\"ListItem\",\"position\":1,\"name\":\"Home\",\"item\":\"https:\/\/franciscanos.org.br\/noticias\"},{\"@type\":\"ListItem\",\"position\":2,\"name\":\"&#8220;O verdadeiro crist\u00e3o n\u00e3o tem medo de sujar as m\u00e3os&#8221;\"}]},{\"@type\":\"Person\",\"@id\":\"https:\/\/franciscanos.org.br\/noticias\/#\/schema\/person\/b38fbf43118f02820bd932f2e4b14ad3\",\"name\":\"admin\",\"image\":{\"@type\":\"ImageObject\",\"inLanguage\":\"pt-BR\",\"@id\":\"https:\/\/franciscanos.org.br\/noticias\/#\/schema\/person\/image\/\",\"url\":\"https:\/\/secure.gravatar.com\/avatar\/e8495742d34d0ba6448ea1c628263b3e?s=96&d=mm&r=g\",\"contentUrl\":\"https:\/\/secure.gravatar.com\/avatar\/e8495742d34d0ba6448ea1c628263b3e?s=96&d=mm&r=g\",\"caption\":\"admin\"},\"url\":\"https:\/\/franciscanos.org.br\/noticias\/author\/admin\"}]}<\/script>\n<!-- \/ Yoast SEO plugin. -->","yoast_head_json":{"title":"\"O verdadeiro crist\u00e3o n\u00e3o tem medo de sujar as m\u00e3os\" - Not\u00edcias - Franciscanos","robots":{"index":"index","follow":"follow","max-snippet":"max-snippet:-1","max-image-preview":"max-image-preview:large","max-video-preview":"max-video-preview:-1"},"canonical":"https:\/\/franciscanos.org.br\/noticias\/o-verdadeiro-cristao-nao-tem-medo-de-sujar-as-maos.html","og_locale":"pt_BR","og_type":"article","og_title":"\"O verdadeiro crist\u00e3o n\u00e3o tem medo de sujar as m\u00e3os\" - Not\u00edcias - Franciscanos","og_description":"Missa em Santa Marta","og_url":"https:\/\/franciscanos.org.br\/noticias\/o-verdadeiro-cristao-nao-tem-medo-de-sujar-as-maos.html","og_site_name":"Not\u00edcias - Franciscanos","article_published_time":"2014-11-07T09:56:48+00:00","article_modified_time":"2020-06-10T20:05:35+00:00","og_image":[{"width":273,"height":181,"url":"https:\/\/franciscanos.org.br\/noticias\/wp-content\/uploads\/2014\/11\/papa.png","type":"image\/png"}],"author":"admin","twitter_card":"summary_large_image","twitter_misc":{"Escrito por":"admin","Est. tempo de leitura":"3 minutos"},"schema":{"@context":"https:\/\/schema.org","@graph":[{"@type":"WebSite","@id":"https:\/\/franciscanos.org.br\/noticias\/#website","url":"https:\/\/franciscanos.org.br\/noticias\/","name":"Not\u00edcias - Franciscanos","description":"Prov\u00edncia Franciscana da Imaculada Concei\u00e7\u00e3o do Brasil - Ordem dos Frades Menores - OFM","potentialAction":[{"@type":"SearchAction","target":{"@type":"EntryPoint","urlTemplate":"https:\/\/franciscanos.org.br\/noticias\/?s={search_term_string}"},"query-input":"required name=search_term_string"}],"inLanguage":"pt-BR"},{"@type":"ImageObject","inLanguage":"pt-BR","@id":"https:\/\/franciscanos.org.br\/noticias\/o-verdadeiro-cristao-nao-tem-medo-de-sujar-as-maos.html#primaryimage","url":"https:\/\/franciscanos.org.br\/noticias\/wp-content\/uploads\/2014\/11\/papa.png","contentUrl":"https:\/\/franciscanos.org.br\/noticias\/wp-content\/uploads\/2014\/11\/papa.png","width":273,"height":181},{"@type":"WebPage","@id":"https:\/\/franciscanos.org.br\/noticias\/o-verdadeiro-cristao-nao-tem-medo-de-sujar-as-maos.html#webpage","url":"https:\/\/franciscanos.org.br\/noticias\/o-verdadeiro-cristao-nao-tem-medo-de-sujar-as-maos.html","name":"\"O verdadeiro crist\u00e3o n\u00e3o tem medo de sujar as m\u00e3os\" - Not\u00edcias - Franciscanos","isPartOf":{"@id":"https:\/\/franciscanos.org.br\/noticias\/#website"},"primaryImageOfPage":{"@id":"https:\/\/franciscanos.org.br\/noticias\/o-verdadeiro-cristao-nao-tem-medo-de-sujar-as-maos.html#primaryimage"},"datePublished":"2014-11-07T09:56:48+00:00","dateModified":"2020-06-10T20:05:35+00:00","author":{"@id":"https:\/\/franciscanos.org.br\/noticias\/#\/schema\/person\/b38fbf43118f02820bd932f2e4b14ad3"},"breadcrumb":{"@id":"https:\/\/franciscanos.org.br\/noticias\/o-verdadeiro-cristao-nao-tem-medo-de-sujar-as-maos.html#breadcrumb"},"inLanguage":"pt-BR","potentialAction":[{"@type":"ReadAction","target":["https:\/\/franciscanos.org.br\/noticias\/o-verdadeiro-cristao-nao-tem-medo-de-sujar-as-maos.html"]}]},{"@type":"BreadcrumbList","@id":"https:\/\/franciscanos.org.br\/noticias\/o-verdadeiro-cristao-nao-tem-medo-de-sujar-as-maos.html#breadcrumb","itemListElement":[{"@type":"ListItem","position":1,"name":"Home","item":"https:\/\/franciscanos.org.br\/noticias"},{"@type":"ListItem","position":2,"name":"&#8220;O verdadeiro crist\u00e3o n\u00e3o tem medo de sujar as m\u00e3os&#8221;"}]},{"@type":"Person","@id":"https:\/\/franciscanos.org.br\/noticias\/#\/schema\/person\/b38fbf43118f02820bd932f2e4b14ad3","name":"admin","image":{"@type":"ImageObject","inLanguage":"pt-BR","@id":"https:\/\/franciscanos.org.br\/noticias\/#\/schema\/person\/image\/","url":"https:\/\/secure.gravatar.com\/avatar\/e8495742d34d0ba6448ea1c628263b3e?s=96&d=mm&r=g","contentUrl":"https:\/\/secure.gravatar.com\/avatar\/e8495742d34d0ba6448ea1c628263b3e?s=96&d=mm&r=g","caption":"admin"},"url":"https:\/\/franciscanos.org.br\/noticias\/author\/admin"}]}},"_links":{"self":[{"href":"https:\/\/franciscanos.org.br\/noticias\/wp-json\/wp\/v2\/posts\/72200"}],"collection":[{"href":"https:\/\/franciscanos.org.br\/noticias\/wp-json\/wp\/v2\/posts"}],"about":[{"href":"https:\/\/franciscanos.org.br\/noticias\/wp-json\/wp\/v2\/types\/post"}],"author":[{"embeddable":true,"href":"https:\/\/franciscanos.org.br\/noticias\/wp-json\/wp\/v2\/users\/1"}],"replies":[{"embeddable":true,"href":"https:\/\/franciscanos.org.br\/noticias\/wp-json\/wp\/v2\/comments?post=72200"}],"version-history":[{"count":1,"href":"https:\/\/franciscanos.org.br\/noticias\/wp-json\/wp\/v2\/posts\/72200\/revisions"}],"predecessor-version":[{"id":226153,"href":"https:\/\/franciscanos.org.br\/noticias\/wp-json\/wp\/v2\/posts\/72200\/revisions\/226153"}],"wp:featuredmedia":[{"embeddable":true,"href":"https:\/\/franciscanos.org.br\/noticias\/wp-json\/wp\/v2\/media\/199607"}],"wp:attachment":[{"href":"https:\/\/franciscanos.org.br\/noticias\/wp-json\/wp\/v2\/media?parent=72200"}],"wp:term":[{"taxonomy":"category","embeddable":true,"href":"https:\/\/franciscanos.org.br\/noticias\/wp-json\/wp\/v2\/categories?post=72200"},{"taxonomy":"post_tag","embeddable":true,"href":"https:\/\/franciscanos.org.br\/noticias\/wp-json\/wp\/v2\/tags?post=72200"}],"curies":[{"name":"wp","href":"https:\/\/api.w.org\/{rel}","templated":true}]}}