{"id":72180,"date":"2014-11-06T18:03:27","date_gmt":"2014-11-06T20:03:27","guid":{"rendered":"http:\/\/franciscanos.org.br\/?p=72180"},"modified":"2019-07-03T13:35:18","modified_gmt":"2019-07-03T16:35:18","slug":"hungaro-e-eleito-ministro-geral-dos-franciscanos-seculares","status":"publish","type":"post","link":"https:\/\/franciscanos.org.br\/noticias\/hungaro-e-eleito-ministro-geral-dos-franciscanos-seculares.html","title":{"rendered":"Franciscanos seculares t\u00eam novo Ministro Geral"},"content":{"rendered":"<p><img loading=\"lazy\" src=\"http:\/\/franciscanos.org.br\/wp-content\/uploads\/2014\/11\/ministro.jpg\" alt=\"ministro\" width=\"820\" height=\"365\" \/><\/p>\n<p><strong>Assis<\/strong>\u00a0(It\u00e1lia) &#8211; O h\u00fangaro Tibor Kauser, 55 anos, foi eleito em primeiro escrut\u00ednio Ministro Geral da Ordem Franciscana Secular (CIOFS) para o per\u00edodo de 2014 a 2020 durante o Cap\u00edtulo Geral que est\u00e1 em andamento na cidade de Assis. Tibor \u00e9 o quarto Ministro Geral eleito, sucedendo Manuela Mattioli, Emanuela de Nunzio e Encarnaci\u00f3n Del Pozo.\u00a0O antigo servi\u00e7o do novo Ministro Geral era de conselheiro da Presid\u00eancia do CIOFS para a \u00e1rea de l\u00edngua inglesa 1, que compreendia a Am\u00e9rica do Norte e a Europa Ocidental. A \u00c1frica do Sul fazia parte da \u00e1rea de l\u00edngua inglesa 2, de responsabilidade de outro conselheiro.<\/p>\n<p><a href=\"http:\/\/franciscanos.org.br\/wp-content\/uploads\/2014\/11\/tibor.jpg\"><img loading=\"lazy\" class=\"alignleft size-full wp-image-72187\" src=\"http:\/\/franciscanos.org.br\/wp-content\/uploads\/2014\/11\/tibor.jpg\" alt=\"tibor\" width=\"400\" height=\"402\" \/><\/a> A venezuelana Maria Consuelo de N\u00fa\u00f1ez, ou como \u00e9 conhecida, Chelito Nu\u00f1es, foi eleita tamb\u00e9m em primeiro escrut\u00ednio Vice-Ministra.<\/p>\n<p><strong>O novo Conselho da Presid\u00eancia do CIOFS (Conselho Internacional da OFS) ficou assim formado por \u00e1reas:<\/strong><\/p>\n<p><strong>Conselheiro para a \u00e1rea \u00c1sia-Europa 1:<\/strong> Ana Fruk (Cro\u00e1cia)<br \/>\n<strong>Conselheiro para a \u00e1rea Espanha\/Am\u00e9rica Latina:<\/strong> Ana Maria Raffo (Peru)<br \/>\n<strong>Conselheiro para a \u00e1rea Europa 2 Ingl\u00eas\/Italiano:<\/strong> Attilio Galimberti (It\u00e1lia)<br \/>\n<strong>Conselheiro para a \u00e1rea francesa:<\/strong> Michele Janian (L\u00edbano)<br \/>\n<strong>Conselheiro para \u00e1rea portuguesa\/espanhola da Am\u00e9rica do Sul:<\/strong> Silvia Diana (Argentina)<br \/>\n<strong>Conselheiro para \u00e1rea Norte-americana e \u00c1frica:<\/strong> Jenny Harrington (\u00c1frica do Sul)<br \/>\n<strong>Conselheiro para \u00e1rea inglesa da \u00c1sia\/Oceania:<\/strong> Augustine Young (Cor\u00e9ia)<br \/>\n<strong>Conselheiro para a Jufra:<\/strong> Andrea Odak (B\u00f3snia)<\/p>\n<p>A elei\u00e7\u00e3o foi presidida por\u00a0Frei Nicholas Polichnowsky, Ministro Geral da Terceira Ordem Regular (TOR).<\/p>\n<p>A Ordem Franciscana Secular (OFS), fundada por S\u00e3o Francisco de Assis, h\u00e1 mais de \u00a0800 anos \u00e9 express\u00e3o do carisma franciscano nos diversos modos de vida leiga no mundo. Cada tr\u00eas anos, realiza um Cap\u00edtulo Geral com representantes dos 5 continentes que animam a vida franciscana em 116 pa\u00edses.<\/p>\n<p>Este ano, o Cap\u00edtulo Geral est\u00e1 sendo realizado em Assis e vai at\u00e9 o dia 9 de novembro. Seu objetivo \u00e9 examinar o que foi feito pela presid\u00eancia do Conselho Internacional (CIOFS) em rela\u00e7\u00e3o \u00e0s conclus\u00f5es do Cap\u00edtulo Geral de 2011, celebrado no Brasil. Outros temas est\u00e3o em debate como: Comunica\u00e7\u00e3o;\u00a0\u00a0Juventude Franciscana (Jufra);\u00a0\u00a0Presen\u00e7a no mundo e\u00a0Fraternidades Emergentes.<\/p>\n<p>Outro ponto do Cap\u00edtulo \u00e9 iniciar a reflex\u00e3o \u00a0para 3 (tr\u00eas) anos de dura\u00e7\u00e3o do novo mandato, sobre o tema \u201cComo administrar uma Ordem mundial como a nossa\u201d.\u00a0O Cap\u00edtulo, ainda, dever\u00e1\u00a0examinar e decidir \u00a0os seguintes assuntos:\u00a0\u00a0Vida de uni\u00e3o com Deus em nosso ser secular;\u00a0\u00a0A import\u00e2ncia da Fam\u00edlia para a OFS e a Jufra; e\u00a0A vida em fraternidade, dom para o mundo e a Igreja.<\/p>\n<div id=\"attachment_72191\" style=\"width: 260px\" class=\"wp-caption alignright\"><a href=\"http:\/\/franciscanos.org.br\/wp-content\/uploads\/2014\/11\/logo.jpg\"><img aria-describedby=\"caption-attachment-72191\" loading=\"lazy\" class=\"wp-image-72191 size-full\" src=\"http:\/\/franciscanos.org.br\/wp-content\/uploads\/2014\/11\/logo.jpg\" alt=\"Logo do Cap\u00edtulo\" width=\"250\" height=\"246\" \/><\/a><p id=\"caption-attachment-72191\" class=\"wp-caption-text\">Logo do Cap\u00edtulo<\/p><\/div>\n<p>No discurso de despedida como Ministra Geral, Encarnaci\u00f3n del Pozo n\u00e3o quis deixar passar a oportunidade de citar os desafios da OFS nos pr\u00f3ximos anos, especialmente no que diz respeito \u00e0 vida dos franciscanos seculares. Em particular, manifestou a necessidade de um maior conhecimento da Regra, uma sobriedade e simplicidade de vida e um maior testemunho da pr\u00f3pria comunidade. Tudo isto, sem esquecer o amor para com a Igreja, para a qual foram convidados a serem fi\u00e9is ao Santo Papa Francisco.<\/p>\n<p>Segundo a Ministra geral Encarnaci\u00f3n del Pozo, a presen\u00e7a dos franciscanos seculares compreende um total de 116 pa\u00edses, bem como a presen\u00e7a da Juventude Franciscana, atinge 71 pa\u00edses. No entanto, o n\u00famero de membros, tanto na OFS e Juventude Franciscana tem diminu\u00eddo especialmente na Europa Ocidental.<\/p>\n<p>O novo Conselho da Presid\u00eancia tomou posse de seu novo servi\u00e7o em uma missa de a\u00e7\u00e3o de gra\u00e7as celebrada na Bas\u00edlica Superior de S\u00e3o Francisco, presidida pelo Ministro Geral da TOR, Frei Nicholas Polichnowski, que tamb\u00e9m presidiu o Cap\u00edtulo Eletivo da Fraternidade Internacional.<\/p>\n<p>&nbsp;<\/p>\n","protected":false},"excerpt":{"rendered":"<p>OFS<\/p>\n","protected":false},"author":1,"featured_media":207178,"comment_status":"open","ping_status":"open","sticky":false,"template":"","format":"standard","meta":[],"categories":[1],"tags":[60],"acf":[],"yoast_head":"<!-- This site is optimized with the Yoast SEO plugin v19.2 - https:\/\/yoast.com\/wordpress\/plugins\/seo\/ -->\n<title>Franciscanos seculares t\u00eam novo Ministro Geral - Not\u00edcias - Franciscanos<\/title>\n<meta name=\"robots\" content=\"index, follow, max-snippet:-1, max-image-preview:large, max-video-preview:-1\" \/>\n<link rel=\"canonical\" href=\"https:\/\/franciscanos.org.br\/noticias\/hungaro-e-eleito-ministro-geral-dos-franciscanos-seculares.html\" \/>\n<meta property=\"og:locale\" content=\"pt_BR\" \/>\n<meta property=\"og:type\" content=\"article\" \/>\n<meta property=\"og:title\" content=\"Franciscanos seculares t\u00eam novo Ministro Geral - Not\u00edcias - Franciscanos\" \/>\n<meta property=\"og:description\" content=\"OFS\" \/>\n<meta property=\"og:url\" content=\"https:\/\/franciscanos.org.br\/noticias\/hungaro-e-eleito-ministro-geral-dos-franciscanos-seculares.html\" \/>\n<meta property=\"og:site_name\" content=\"Not\u00edcias - Franciscanos\" \/>\n<meta property=\"article:published_time\" content=\"2014-11-06T20:03:27+00:00\" \/>\n<meta property=\"article:modified_time\" content=\"2019-07-03T16:35:18+00:00\" \/>\n<meta property=\"og:image\" content=\"https:\/\/franciscanos.org.br\/noticias\/wp-content\/uploads\/2014\/11\/ofs_ministro.jpg\" \/>\n\t<meta property=\"og:image:width\" content=\"273\" \/>\n\t<meta property=\"og:image:height\" content=\"181\" \/>\n\t<meta property=\"og:image:type\" content=\"image\/jpeg\" \/>\n<meta name=\"author\" content=\"admin\" \/>\n<meta name=\"twitter:card\" content=\"summary_large_image\" \/>\n<meta name=\"twitter:label1\" content=\"Escrito por\" \/>\n\t<meta name=\"twitter:data1\" content=\"admin\" \/>\n\t<meta name=\"twitter:label2\" content=\"Est. tempo de leitura\" \/>\n\t<meta name=\"twitter:data2\" content=\"3 minutos\" \/>\n<script type=\"application\/ld+json\" class=\"yoast-schema-graph\">{\"@context\":\"https:\/\/schema.org\",\"@graph\":[{\"@type\":\"WebSite\",\"@id\":\"https:\/\/franciscanos.org.br\/noticias\/#website\",\"url\":\"https:\/\/franciscanos.org.br\/noticias\/\",\"name\":\"Not\u00edcias - Franciscanos\",\"description\":\"Prov\u00edncia Franciscana da Imaculada Concei\u00e7\u00e3o do Brasil - Ordem dos Frades Menores - OFM\",\"potentialAction\":[{\"@type\":\"SearchAction\",\"target\":{\"@type\":\"EntryPoint\",\"urlTemplate\":\"https:\/\/franciscanos.org.br\/noticias\/?s={search_term_string}\"},\"query-input\":\"required name=search_term_string\"}],\"inLanguage\":\"pt-BR\"},{\"@type\":\"ImageObject\",\"inLanguage\":\"pt-BR\",\"@id\":\"https:\/\/franciscanos.org.br\/noticias\/hungaro-e-eleito-ministro-geral-dos-franciscanos-seculares.html#primaryimage\",\"url\":\"https:\/\/franciscanos.org.br\/noticias\/wp-content\/uploads\/2014\/11\/ofs_ministro.jpg\",\"contentUrl\":\"https:\/\/franciscanos.org.br\/noticias\/wp-content\/uploads\/2014\/11\/ofs_ministro.jpg\",\"width\":273,\"height\":181},{\"@type\":\"WebPage\",\"@id\":\"https:\/\/franciscanos.org.br\/noticias\/hungaro-e-eleito-ministro-geral-dos-franciscanos-seculares.html#webpage\",\"url\":\"https:\/\/franciscanos.org.br\/noticias\/hungaro-e-eleito-ministro-geral-dos-franciscanos-seculares.html\",\"name\":\"Franciscanos seculares t\u00eam novo Ministro Geral - Not\u00edcias - Franciscanos\",\"isPartOf\":{\"@id\":\"https:\/\/franciscanos.org.br\/noticias\/#website\"},\"primaryImageOfPage\":{\"@id\":\"https:\/\/franciscanos.org.br\/noticias\/hungaro-e-eleito-ministro-geral-dos-franciscanos-seculares.html#primaryimage\"},\"datePublished\":\"2014-11-06T20:03:27+00:00\",\"dateModified\":\"2019-07-03T16:35:18+00:00\",\"author\":{\"@id\":\"https:\/\/franciscanos.org.br\/noticias\/#\/schema\/person\/b38fbf43118f02820bd932f2e4b14ad3\"},\"breadcrumb\":{\"@id\":\"https:\/\/franciscanos.org.br\/noticias\/hungaro-e-eleito-ministro-geral-dos-franciscanos-seculares.html#breadcrumb\"},\"inLanguage\":\"pt-BR\",\"potentialAction\":[{\"@type\":\"ReadAction\",\"target\":[\"https:\/\/franciscanos.org.br\/noticias\/hungaro-e-eleito-ministro-geral-dos-franciscanos-seculares.html\"]}]},{\"@type\":\"BreadcrumbList\",\"@id\":\"https:\/\/franciscanos.org.br\/noticias\/hungaro-e-eleito-ministro-geral-dos-franciscanos-seculares.html#breadcrumb\",\"itemListElement\":[{\"@type\":\"ListItem\",\"position\":1,\"name\":\"Home\",\"item\":\"https:\/\/franciscanos.org.br\/noticias\"},{\"@type\":\"ListItem\",\"position\":2,\"name\":\"Franciscanos seculares t\u00eam novo Ministro Geral\"}]},{\"@type\":\"Person\",\"@id\":\"https:\/\/franciscanos.org.br\/noticias\/#\/schema\/person\/b38fbf43118f02820bd932f2e4b14ad3\",\"name\":\"admin\",\"image\":{\"@type\":\"ImageObject\",\"inLanguage\":\"pt-BR\",\"@id\":\"https:\/\/franciscanos.org.br\/noticias\/#\/schema\/person\/image\/\",\"url\":\"https:\/\/secure.gravatar.com\/avatar\/e8495742d34d0ba6448ea1c628263b3e?s=96&d=mm&r=g\",\"contentUrl\":\"https:\/\/secure.gravatar.com\/avatar\/e8495742d34d0ba6448ea1c628263b3e?s=96&d=mm&r=g\",\"caption\":\"admin\"},\"url\":\"https:\/\/franciscanos.org.br\/noticias\/author\/admin\"}]}<\/script>\n<!-- \/ Yoast SEO plugin. -->","yoast_head_json":{"title":"Franciscanos seculares t\u00eam novo Ministro Geral - Not\u00edcias - Franciscanos","robots":{"index":"index","follow":"follow","max-snippet":"max-snippet:-1","max-image-preview":"max-image-preview:large","max-video-preview":"max-video-preview:-1"},"canonical":"https:\/\/franciscanos.org.br\/noticias\/hungaro-e-eleito-ministro-geral-dos-franciscanos-seculares.html","og_locale":"pt_BR","og_type":"article","og_title":"Franciscanos seculares t\u00eam novo Ministro Geral - Not\u00edcias - Franciscanos","og_description":"OFS","og_url":"https:\/\/franciscanos.org.br\/noticias\/hungaro-e-eleito-ministro-geral-dos-franciscanos-seculares.html","og_site_name":"Not\u00edcias - Franciscanos","article_published_time":"2014-11-06T20:03:27+00:00","article_modified_time":"2019-07-03T16:35:18+00:00","og_image":[{"width":273,"height":181,"url":"https:\/\/franciscanos.org.br\/noticias\/wp-content\/uploads\/2014\/11\/ofs_ministro.jpg","type":"image\/jpeg"}],"author":"admin","twitter_card":"summary_large_image","twitter_misc":{"Escrito por":"admin","Est. tempo de leitura":"3 minutos"},"schema":{"@context":"https:\/\/schema.org","@graph":[{"@type":"WebSite","@id":"https:\/\/franciscanos.org.br\/noticias\/#website","url":"https:\/\/franciscanos.org.br\/noticias\/","name":"Not\u00edcias - Franciscanos","description":"Prov\u00edncia Franciscana da Imaculada Concei\u00e7\u00e3o do Brasil - Ordem dos Frades Menores - OFM","potentialAction":[{"@type":"SearchAction","target":{"@type":"EntryPoint","urlTemplate":"https:\/\/franciscanos.org.br\/noticias\/?s={search_term_string}"},"query-input":"required name=search_term_string"}],"inLanguage":"pt-BR"},{"@type":"ImageObject","inLanguage":"pt-BR","@id":"https:\/\/franciscanos.org.br\/noticias\/hungaro-e-eleito-ministro-geral-dos-franciscanos-seculares.html#primaryimage","url":"https:\/\/franciscanos.org.br\/noticias\/wp-content\/uploads\/2014\/11\/ofs_ministro.jpg","contentUrl":"https:\/\/franciscanos.org.br\/noticias\/wp-content\/uploads\/2014\/11\/ofs_ministro.jpg","width":273,"height":181},{"@type":"WebPage","@id":"https:\/\/franciscanos.org.br\/noticias\/hungaro-e-eleito-ministro-geral-dos-franciscanos-seculares.html#webpage","url":"https:\/\/franciscanos.org.br\/noticias\/hungaro-e-eleito-ministro-geral-dos-franciscanos-seculares.html","name":"Franciscanos seculares t\u00eam novo Ministro Geral - Not\u00edcias - Franciscanos","isPartOf":{"@id":"https:\/\/franciscanos.org.br\/noticias\/#website"},"primaryImageOfPage":{"@id":"https:\/\/franciscanos.org.br\/noticias\/hungaro-e-eleito-ministro-geral-dos-franciscanos-seculares.html#primaryimage"},"datePublished":"2014-11-06T20:03:27+00:00","dateModified":"2019-07-03T16:35:18+00:00","author":{"@id":"https:\/\/franciscanos.org.br\/noticias\/#\/schema\/person\/b38fbf43118f02820bd932f2e4b14ad3"},"breadcrumb":{"@id":"https:\/\/franciscanos.org.br\/noticias\/hungaro-e-eleito-ministro-geral-dos-franciscanos-seculares.html#breadcrumb"},"inLanguage":"pt-BR","potentialAction":[{"@type":"ReadAction","target":["https:\/\/franciscanos.org.br\/noticias\/hungaro-e-eleito-ministro-geral-dos-franciscanos-seculares.html"]}]},{"@type":"BreadcrumbList","@id":"https:\/\/franciscanos.org.br\/noticias\/hungaro-e-eleito-ministro-geral-dos-franciscanos-seculares.html#breadcrumb","itemListElement":[{"@type":"ListItem","position":1,"name":"Home","item":"https:\/\/franciscanos.org.br\/noticias"},{"@type":"ListItem","position":2,"name":"Franciscanos seculares t\u00eam novo Ministro Geral"}]},{"@type":"Person","@id":"https:\/\/franciscanos.org.br\/noticias\/#\/schema\/person\/b38fbf43118f02820bd932f2e4b14ad3","name":"admin","image":{"@type":"ImageObject","inLanguage":"pt-BR","@id":"https:\/\/franciscanos.org.br\/noticias\/#\/schema\/person\/image\/","url":"https:\/\/secure.gravatar.com\/avatar\/e8495742d34d0ba6448ea1c628263b3e?s=96&d=mm&r=g","contentUrl":"https:\/\/secure.gravatar.com\/avatar\/e8495742d34d0ba6448ea1c628263b3e?s=96&d=mm&r=g","caption":"admin"},"url":"https:\/\/franciscanos.org.br\/noticias\/author\/admin"}]}},"_links":{"self":[{"href":"https:\/\/franciscanos.org.br\/noticias\/wp-json\/wp\/v2\/posts\/72180"}],"collection":[{"href":"https:\/\/franciscanos.org.br\/noticias\/wp-json\/wp\/v2\/posts"}],"about":[{"href":"https:\/\/franciscanos.org.br\/noticias\/wp-json\/wp\/v2\/types\/post"}],"author":[{"embeddable":true,"href":"https:\/\/franciscanos.org.br\/noticias\/wp-json\/wp\/v2\/users\/1"}],"replies":[{"embeddable":true,"href":"https:\/\/franciscanos.org.br\/noticias\/wp-json\/wp\/v2\/comments?post=72180"}],"version-history":[{"count":0,"href":"https:\/\/franciscanos.org.br\/noticias\/wp-json\/wp\/v2\/posts\/72180\/revisions"}],"wp:featuredmedia":[{"embeddable":true,"href":"https:\/\/franciscanos.org.br\/noticias\/wp-json\/wp\/v2\/media\/207178"}],"wp:attachment":[{"href":"https:\/\/franciscanos.org.br\/noticias\/wp-json\/wp\/v2\/media?parent=72180"}],"wp:term":[{"taxonomy":"category","embeddable":true,"href":"https:\/\/franciscanos.org.br\/noticias\/wp-json\/wp\/v2\/categories?post=72180"},{"taxonomy":"post_tag","embeddable":true,"href":"https:\/\/franciscanos.org.br\/noticias\/wp-json\/wp\/v2\/tags?post=72180"}],"curies":[{"name":"wp","href":"https:\/\/api.w.org\/{rel}","templated":true}]}}