{"id":72152,"date":"2015-11-09T00:53:55","date_gmt":"2015-11-09T02:53:55","guid":{"rendered":"http:\/\/franciscanos.org.br\/?p=72152"},"modified":"2020-06-25T15:38:11","modified_gmt":"2020-06-25T18:38:11","slug":"como-temos-cuidado-de-nossos-templos","status":"publish","type":"post","link":"https:\/\/franciscanos.org.br\/noticias\/como-temos-cuidado-de-nossos-templos.html","title":{"rendered":"Como temos cuidado de nossos templos?"},"content":{"rendered":"<p><img loading=\"lazy\" class=\"alignnone size-full wp-image-196295\" src=\"https:\/\/franciscanos.org.br\/noticias\/wp-content\/uploads\/2015\/11\/latrao2_081116g.jpg\" alt=\"\" width=\"830\" height=\"360\" srcset=\"https:\/\/franciscanos.org.br\/noticias\/wp-content\/uploads\/2015\/11\/latrao2_081116g.jpg 830w, https:\/\/franciscanos.org.br\/noticias\/wp-content\/uploads\/2015\/11\/latrao2_081116g-450x195.jpg 450w, https:\/\/franciscanos.org.br\/noticias\/wp-content\/uploads\/2015\/11\/latrao2_081116g-768x333.jpg 768w, https:\/\/franciscanos.org.br\/noticias\/wp-content\/uploads\/2015\/11\/latrao2_081116g-150x65.jpg 150w\" sizes=\"(max-width: 830px) 100vw, 830px\" \/><\/p>\n<p><strong>Frei Gustavo Medella<\/strong><\/p>\n<p>Templo \u00e9 ambiente sagrado, \u00e9 morada do divino, \u00e9 ponto de encontro de pessoas entre si e de pessoas com Deus. Templo \u00e9 lugar, lugar onde vive gente, onde habita Deus. Nosso corpo \u00e9 templo, nosso cora\u00e7\u00e3o \u00e9 templo, nosso planeta \u00e9 templo. As leituras desta Festa da Dedica\u00e7\u00e3o da Bas\u00edlica de S\u00e3o Jo\u00e3o do Latr\u00e3o, a Festa da Unidade da Igreja Universal, nos levam a refletir:<\/p>\n<p style=\"padding-left: 30px;\">\u2022 De que forma temos habitado nossos templos?<br \/>\n\u2022 Com que esp\u00edrito temos administrado nossos templos?<br \/>\n\u2022 Agimos com esp\u00edrito de vendilh\u00e3o, que usa, usurpa, explora e quer tirar vantagem? Ou com o Esp\u00edrito de Jesus, que cuida, zela, olha e se consome?<\/p>\n<p>A primeira leitura, do livro de Ezequiel (Ez 47,1-2.8-9.12), se reveste de significado forte no contexto em que vivemos. Fala da \u00e1gua que brota do templo e que leva a vida por onde passa. Falta-nos \u00e1gua \u2013 conforme nos atesta a grave crise do Sistema Cantareira \u2013 falta-nos vida, falta-nos interesse pela vida. O esp\u00edrito do mercado, do consumo desenfreado, do \u201ccada um por si\u201d seca as fontes que nos garantem a sobreviv\u00eancia tanto material quanto existencial.<\/p>\n<p>Precisamos mais do que nunca ser chacoalhados por Jesus, como foram os vendilh\u00f5es do templo. E caso a convers\u00e3o n\u00e3o venha por uma op\u00e7\u00e3o de f\u00e9 ou por uma escolha \u00e9tica, a pr\u00f3pria natureza nos converter\u00e1, com m\u00e9todos certamente bem mais duros e incisivos do que as chicotadas e os gritos do Senhor. Os alertas dos cientistas, as mudan\u00e7as clim\u00e1ticas, a escassez de \u00e1gua, os surtos de doen\u00e7as j\u00e1 s\u00e3o sinais clar\u00edssimos que nosso templo-planeta j\u00e1 chegou a seu limite. Ilimitados prosseguem nossos caprichos, nosso ego\u00edsmo, nossas ambi\u00e7\u00f5es, sinais de uma humanidade em desumaniza\u00e7\u00e3o. Ainda \u00e9 tempo de mudar&#8230; No entanto, mais um pouco e n\u00e3o mais ser\u00e1. Quem se habilita a dar o primeiro passo numa nova dire\u00e7\u00e3o?<\/p>\n<p>&nbsp;<\/p>\n","protected":false},"excerpt":{"rendered":"<p>Liturgia<\/p>\n","protected":false},"author":1,"featured_media":200327,"comment_status":"open","ping_status":"open","sticky":false,"template":"","format":"standard","meta":[],"categories":[1],"tags":[1372,537],"acf":[],"yoast_head":"<!-- This site is optimized with the Yoast SEO plugin v19.2 - https:\/\/yoast.com\/wordpress\/plugins\/seo\/ -->\n<title>Como temos cuidado de nossos templos? - Not\u00edcias - Franciscanos<\/title>\n<meta name=\"robots\" content=\"index, follow, max-snippet:-1, max-image-preview:large, max-video-preview:-1\" \/>\n<link rel=\"canonical\" href=\"https:\/\/franciscanos.org.br\/noticias\/como-temos-cuidado-de-nossos-templos.html\" \/>\n<meta property=\"og:locale\" content=\"pt_BR\" \/>\n<meta property=\"og:type\" content=\"article\" \/>\n<meta property=\"og:title\" content=\"Como temos cuidado de nossos templos? - Not\u00edcias - Franciscanos\" \/>\n<meta property=\"og:description\" content=\"Liturgia\" \/>\n<meta property=\"og:url\" content=\"https:\/\/franciscanos.org.br\/noticias\/como-temos-cuidado-de-nossos-templos.html\" \/>\n<meta property=\"og:site_name\" content=\"Not\u00edcias - Franciscanos\" \/>\n<meta property=\"article:published_time\" content=\"2015-11-09T02:53:55+00:00\" \/>\n<meta property=\"article:modified_time\" content=\"2020-06-25T18:38:11+00:00\" \/>\n<meta property=\"og:image\" content=\"https:\/\/franciscanos.org.br\/noticias\/wp-content\/uploads\/2015\/11\/latrao2_081116g-1.jpg\" \/>\n\t<meta property=\"og:image:width\" content=\"273\" \/>\n\t<meta property=\"og:image:height\" content=\"181\" \/>\n\t<meta property=\"og:image:type\" content=\"image\/jpeg\" \/>\n<meta name=\"author\" content=\"admin\" \/>\n<meta name=\"twitter:card\" content=\"summary_large_image\" \/>\n<meta name=\"twitter:label1\" content=\"Escrito por\" \/>\n\t<meta name=\"twitter:data1\" content=\"admin\" \/>\n\t<meta name=\"twitter:label2\" content=\"Est. tempo de leitura\" \/>\n\t<meta name=\"twitter:data2\" content=\"2 minutos\" \/>\n<script type=\"application\/ld+json\" class=\"yoast-schema-graph\">{\"@context\":\"https:\/\/schema.org\",\"@graph\":[{\"@type\":\"WebSite\",\"@id\":\"https:\/\/franciscanos.org.br\/noticias\/#website\",\"url\":\"https:\/\/franciscanos.org.br\/noticias\/\",\"name\":\"Not\u00edcias - Franciscanos\",\"description\":\"Prov\u00edncia Franciscana da Imaculada Concei\u00e7\u00e3o do Brasil - Ordem dos Frades Menores - OFM\",\"potentialAction\":[{\"@type\":\"SearchAction\",\"target\":{\"@type\":\"EntryPoint\",\"urlTemplate\":\"https:\/\/franciscanos.org.br\/noticias\/?s={search_term_string}\"},\"query-input\":\"required name=search_term_string\"}],\"inLanguage\":\"pt-BR\"},{\"@type\":\"ImageObject\",\"inLanguage\":\"pt-BR\",\"@id\":\"https:\/\/franciscanos.org.br\/noticias\/como-temos-cuidado-de-nossos-templos.html#primaryimage\",\"url\":\"https:\/\/franciscanos.org.br\/noticias\/wp-content\/uploads\/2015\/11\/latrao2_081116g-1.jpg\",\"contentUrl\":\"https:\/\/franciscanos.org.br\/noticias\/wp-content\/uploads\/2015\/11\/latrao2_081116g-1.jpg\",\"width\":273,\"height\":181},{\"@type\":\"WebPage\",\"@id\":\"https:\/\/franciscanos.org.br\/noticias\/como-temos-cuidado-de-nossos-templos.html#webpage\",\"url\":\"https:\/\/franciscanos.org.br\/noticias\/como-temos-cuidado-de-nossos-templos.html\",\"name\":\"Como temos cuidado de nossos templos? - Not\u00edcias - Franciscanos\",\"isPartOf\":{\"@id\":\"https:\/\/franciscanos.org.br\/noticias\/#website\"},\"primaryImageOfPage\":{\"@id\":\"https:\/\/franciscanos.org.br\/noticias\/como-temos-cuidado-de-nossos-templos.html#primaryimage\"},\"datePublished\":\"2015-11-09T02:53:55+00:00\",\"dateModified\":\"2020-06-25T18:38:11+00:00\",\"author\":{\"@id\":\"https:\/\/franciscanos.org.br\/noticias\/#\/schema\/person\/b38fbf43118f02820bd932f2e4b14ad3\"},\"breadcrumb\":{\"@id\":\"https:\/\/franciscanos.org.br\/noticias\/como-temos-cuidado-de-nossos-templos.html#breadcrumb\"},\"inLanguage\":\"pt-BR\",\"potentialAction\":[{\"@type\":\"ReadAction\",\"target\":[\"https:\/\/franciscanos.org.br\/noticias\/como-temos-cuidado-de-nossos-templos.html\"]}]},{\"@type\":\"BreadcrumbList\",\"@id\":\"https:\/\/franciscanos.org.br\/noticias\/como-temos-cuidado-de-nossos-templos.html#breadcrumb\",\"itemListElement\":[{\"@type\":\"ListItem\",\"position\":1,\"name\":\"Home\",\"item\":\"https:\/\/franciscanos.org.br\/noticias\"},{\"@type\":\"ListItem\",\"position\":2,\"name\":\"Como temos cuidado de nossos templos?\"}]},{\"@type\":\"Person\",\"@id\":\"https:\/\/franciscanos.org.br\/noticias\/#\/schema\/person\/b38fbf43118f02820bd932f2e4b14ad3\",\"name\":\"admin\",\"image\":{\"@type\":\"ImageObject\",\"inLanguage\":\"pt-BR\",\"@id\":\"https:\/\/franciscanos.org.br\/noticias\/#\/schema\/person\/image\/\",\"url\":\"https:\/\/secure.gravatar.com\/avatar\/e8495742d34d0ba6448ea1c628263b3e?s=96&d=mm&r=g\",\"contentUrl\":\"https:\/\/secure.gravatar.com\/avatar\/e8495742d34d0ba6448ea1c628263b3e?s=96&d=mm&r=g\",\"caption\":\"admin\"},\"url\":\"https:\/\/franciscanos.org.br\/noticias\/author\/admin\"}]}<\/script>\n<!-- \/ Yoast SEO plugin. -->","yoast_head_json":{"title":"Como temos cuidado de nossos templos? - Not\u00edcias - Franciscanos","robots":{"index":"index","follow":"follow","max-snippet":"max-snippet:-1","max-image-preview":"max-image-preview:large","max-video-preview":"max-video-preview:-1"},"canonical":"https:\/\/franciscanos.org.br\/noticias\/como-temos-cuidado-de-nossos-templos.html","og_locale":"pt_BR","og_type":"article","og_title":"Como temos cuidado de nossos templos? - Not\u00edcias - Franciscanos","og_description":"Liturgia","og_url":"https:\/\/franciscanos.org.br\/noticias\/como-temos-cuidado-de-nossos-templos.html","og_site_name":"Not\u00edcias - Franciscanos","article_published_time":"2015-11-09T02:53:55+00:00","article_modified_time":"2020-06-25T18:38:11+00:00","og_image":[{"width":273,"height":181,"url":"https:\/\/franciscanos.org.br\/noticias\/wp-content\/uploads\/2015\/11\/latrao2_081116g-1.jpg","type":"image\/jpeg"}],"author":"admin","twitter_card":"summary_large_image","twitter_misc":{"Escrito por":"admin","Est. tempo de leitura":"2 minutos"},"schema":{"@context":"https:\/\/schema.org","@graph":[{"@type":"WebSite","@id":"https:\/\/franciscanos.org.br\/noticias\/#website","url":"https:\/\/franciscanos.org.br\/noticias\/","name":"Not\u00edcias - Franciscanos","description":"Prov\u00edncia Franciscana da Imaculada Concei\u00e7\u00e3o do Brasil - Ordem dos Frades Menores - OFM","potentialAction":[{"@type":"SearchAction","target":{"@type":"EntryPoint","urlTemplate":"https:\/\/franciscanos.org.br\/noticias\/?s={search_term_string}"},"query-input":"required name=search_term_string"}],"inLanguage":"pt-BR"},{"@type":"ImageObject","inLanguage":"pt-BR","@id":"https:\/\/franciscanos.org.br\/noticias\/como-temos-cuidado-de-nossos-templos.html#primaryimage","url":"https:\/\/franciscanos.org.br\/noticias\/wp-content\/uploads\/2015\/11\/latrao2_081116g-1.jpg","contentUrl":"https:\/\/franciscanos.org.br\/noticias\/wp-content\/uploads\/2015\/11\/latrao2_081116g-1.jpg","width":273,"height":181},{"@type":"WebPage","@id":"https:\/\/franciscanos.org.br\/noticias\/como-temos-cuidado-de-nossos-templos.html#webpage","url":"https:\/\/franciscanos.org.br\/noticias\/como-temos-cuidado-de-nossos-templos.html","name":"Como temos cuidado de nossos templos? - Not\u00edcias - Franciscanos","isPartOf":{"@id":"https:\/\/franciscanos.org.br\/noticias\/#website"},"primaryImageOfPage":{"@id":"https:\/\/franciscanos.org.br\/noticias\/como-temos-cuidado-de-nossos-templos.html#primaryimage"},"datePublished":"2015-11-09T02:53:55+00:00","dateModified":"2020-06-25T18:38:11+00:00","author":{"@id":"https:\/\/franciscanos.org.br\/noticias\/#\/schema\/person\/b38fbf43118f02820bd932f2e4b14ad3"},"breadcrumb":{"@id":"https:\/\/franciscanos.org.br\/noticias\/como-temos-cuidado-de-nossos-templos.html#breadcrumb"},"inLanguage":"pt-BR","potentialAction":[{"@type":"ReadAction","target":["https:\/\/franciscanos.org.br\/noticias\/como-temos-cuidado-de-nossos-templos.html"]}]},{"@type":"BreadcrumbList","@id":"https:\/\/franciscanos.org.br\/noticias\/como-temos-cuidado-de-nossos-templos.html#breadcrumb","itemListElement":[{"@type":"ListItem","position":1,"name":"Home","item":"https:\/\/franciscanos.org.br\/noticias"},{"@type":"ListItem","position":2,"name":"Como temos cuidado de nossos templos?"}]},{"@type":"Person","@id":"https:\/\/franciscanos.org.br\/noticias\/#\/schema\/person\/b38fbf43118f02820bd932f2e4b14ad3","name":"admin","image":{"@type":"ImageObject","inLanguage":"pt-BR","@id":"https:\/\/franciscanos.org.br\/noticias\/#\/schema\/person\/image\/","url":"https:\/\/secure.gravatar.com\/avatar\/e8495742d34d0ba6448ea1c628263b3e?s=96&d=mm&r=g","contentUrl":"https:\/\/secure.gravatar.com\/avatar\/e8495742d34d0ba6448ea1c628263b3e?s=96&d=mm&r=g","caption":"admin"},"url":"https:\/\/franciscanos.org.br\/noticias\/author\/admin"}]}},"_links":{"self":[{"href":"https:\/\/franciscanos.org.br\/noticias\/wp-json\/wp\/v2\/posts\/72152"}],"collection":[{"href":"https:\/\/franciscanos.org.br\/noticias\/wp-json\/wp\/v2\/posts"}],"about":[{"href":"https:\/\/franciscanos.org.br\/noticias\/wp-json\/wp\/v2\/types\/post"}],"author":[{"embeddable":true,"href":"https:\/\/franciscanos.org.br\/noticias\/wp-json\/wp\/v2\/users\/1"}],"replies":[{"embeddable":true,"href":"https:\/\/franciscanos.org.br\/noticias\/wp-json\/wp\/v2\/comments?post=72152"}],"version-history":[{"count":1,"href":"https:\/\/franciscanos.org.br\/noticias\/wp-json\/wp\/v2\/posts\/72152\/revisions"}],"predecessor-version":[{"id":225887,"href":"https:\/\/franciscanos.org.br\/noticias\/wp-json\/wp\/v2\/posts\/72152\/revisions\/225887"}],"wp:featuredmedia":[{"embeddable":true,"href":"https:\/\/franciscanos.org.br\/noticias\/wp-json\/wp\/v2\/media\/200327"}],"wp:attachment":[{"href":"https:\/\/franciscanos.org.br\/noticias\/wp-json\/wp\/v2\/media?parent=72152"}],"wp:term":[{"taxonomy":"category","embeddable":true,"href":"https:\/\/franciscanos.org.br\/noticias\/wp-json\/wp\/v2\/categories?post=72152"},{"taxonomy":"post_tag","embeddable":true,"href":"https:\/\/franciscanos.org.br\/noticias\/wp-json\/wp\/v2\/tags?post=72152"}],"curies":[{"name":"wp","href":"https:\/\/api.w.org\/{rel}","templated":true}]}}