{"id":72024,"date":"2014-11-29T00:06:48","date_gmt":"2014-11-29T02:06:48","guid":{"rendered":"http:\/\/franciscanos.org.br\/?p=72024"},"modified":"2020-06-24T10:41:20","modified_gmt":"2020-06-24T13:41:20","slug":"frei-paulijacson-de-volta-ao-ponto-de-partida","status":"publish","type":"post","link":"https:\/\/franciscanos.org.br\/noticias\/frei-paulijacson-de-volta-ao-ponto-de-partida.html","title":{"rendered":"Frei Paulijacson vai ser ordenado presb\u00edtero"},"content":{"rendered":"<p><img loading=\"lazy\" class=\"alignnone size-full wp-image-197382\" src=\"https:\/\/franciscanos.org.br\/noticias\/wp-content\/uploads\/2014\/11\/moura.jpg\" alt=\"\" width=\"890\" height=\"668\" srcset=\"https:\/\/franciscanos.org.br\/noticias\/wp-content\/uploads\/2014\/11\/moura.jpg 890w, https:\/\/franciscanos.org.br\/noticias\/wp-content\/uploads\/2014\/11\/moura-450x338.jpg 450w, https:\/\/franciscanos.org.br\/noticias\/wp-content\/uploads\/2014\/11\/moura-768x576.jpg 768w, https:\/\/franciscanos.org.br\/noticias\/wp-content\/uploads\/2014\/11\/moura-150x113.jpg 150w\" sizes=\"(max-width: 890px) 100vw, 890px\" \/><\/p>\n<p><strong>Moacir Beggo<\/strong><\/p>\n<p><em>A comunidade de S\u00e3o Miguel do Rio Grande do Norte vai celebrar, no dia 29 de novembro, o momento mais importante na caminhada vocacional de<\/em><strong> Frei Paulijacson Pessoa de Moura<\/strong><em>: a ordena\u00e7\u00e3o presbiteral. Segundo de cinco filhos do casal Elizabeth Pessoa Nunes e Francisco Esc\u00f3ssio de Moura, Paulijacson nasceu no dia 16 de dezembro de 1981 e foi em S\u00e3o Miguel que come\u00e7ou o discernimento vocacional quando conheceu a Congrega\u00e7\u00e3o dos Servos da Caridade. Mas logo depois se identificaria com a hist\u00f3ria da vida de S\u00e3o Francisco de Assis e o modo de viver dos frades. \u201cFicava encantado \u2013 e ainda fico! \u2013 vendo os freis vestindo o burel franciscano. Queria ent\u00e3o ser como eles\u201d, contou.<\/em><br \/>\n<em>Ao fazer o acompanhamento vocacional em S\u00e3o Paulo, no Convento S\u00e3o Francisco, foi convidado pelo ent\u00e3o guardi\u00e3o Frei Johannes Bahlmann, hoje bispo de \u00d3bidos, a ajudar o enfermeiro Jo\u00e3o nos cuidados com os frades idosos e doentes. Exatamente Dom Bernardo Johannes \u00e9 que vai orden\u00e1-lo \u00e0s 18 horas do dia 29 na Matriz de S\u00e3o Miguel Arcanjo. No dia seguinte, 30 de novembro, \u00e0s 10 horas, celebrar\u00e1 a Primeira Missa naquela Par\u00f3quia. Residindo hoje na Par\u00f3quia S\u00e3o Pedro Ap\u00f3stolo, Frei Paulijacson celebrar\u00e1 como presb\u00edtero pela primeira vez em Gaspar no dia 14 de dezembro, \u00e0s 9 horas.<\/em><\/p>\n<p><strong>Site Franciscanos<\/strong>\u00a0&#8211; <strong>Quais as suas expectativas em voltar \u00e0 sua terra num momento t\u00e3o importante de sua caminhada?<\/strong><br \/>\n<strong>Frei Paulijacson<\/strong> &#8211; Estou muito feliz, mas confesso tamb\u00e9m que estou um pouco ansioso, pois foi l\u00e1 onde iniciei a minha caminha vocacional. Ser ordenado presb\u00edtero na minha terra natal \u00e9, no fundo, colocar-me novamente, como no in\u00edcio, diante da minha identidade, dizer quem sou, por onde estou andando, o que me moveu e o que me move ainda hoje. Por isso, vem constantemente \u00e0 minha mente e ao meu cora\u00e7\u00e3o as palavras de Santa Clara: \u201cN\u00e3o perca de vista seu ponto de partida, conserve o que voc\u00ea tem, fa\u00e7a o que est\u00e1 fazendo e n\u00e3o o deixe, mas, em r\u00e1pida corrida, com passo ligeiro e p\u00e9 seguro, de modo que seus passos nem recolham a poeira, confiante e alegre avance pelo caminho da bem-aventuran\u00e7a\u201d (2Ctln 11-13). Nesse sentido, sinto-me ainda profundamente grato a Deus pelo dom da voca\u00e7\u00e3o religiosa e sacerdotal e de poder celebrar este momento de alegria com os meus familiares, confrades, religiosos, presb\u00edteros, conterr\u00e2neos e demais irm\u00e3os de outros Estados brasileiros, inclusive os mais de quarenta gasparenses que se far\u00e3o presentes.<\/p>\n<p><strong>Site Franciscanos<\/strong>\u00a0&#8211;<strong> Como foi esta experi\u00eancia diaconal em Gaspar?<\/strong><br \/>\n<strong>Frei Paulijacson<\/strong> &#8211; Foi muito positiva e o povo de Gaspar me ajudou muito. Alegrei-me por poder servir como di\u00e1cono \u00e0 Igreja, sobremaneira ao administrar o Sacramento do Batismo, ao assistir e aben\u00e7oar o Matrim\u00f4nio, ao proclamar o Evangelho e ao proferir homilias, etc. Enfim, pude servir ao Povo de Deus na diaconia da Liturgia, da Palavra e da Caridade.<\/p>\n<p><strong>Site Franciscanos<\/strong>\u00a0&#8211; <strong>Como futuro sacerdote, como voc\u00ea recebe as coloca\u00e7\u00f5es do Papa Francisco sobre a Igreja?<\/strong><br \/>\n<strong>Frei Paulijacson<\/strong> &#8211; Recebo-as com muito carinho e contentamento, mas, ao mesmo tempo, consciente da responsabilidade de oferecer uma resposta concreta e coerente \u00c0quele que me interpela hoje. \u201cComo eu gostaria de uma Igreja pobre para os pobres\u201d, disse o Papa Francisco poucos dias depois de sua elei\u00e7\u00e3o. Frase que nos reporta ao esp\u00edrito do Pobre de Assis e que expressa, ao mesmo tempo, um desejo, um desafio e um projeto de Pontificado.<br \/>\nEntre muitos gestos e palavras prof\u00e9ticas do Papa Francisco, gostaria de lembrar a sua homilia em Lampedusa, It\u00e1lia, lugar onde chegam, por barco, refugiados fugindo da mis\u00e9ria e da pobreza. O Papa, visitando Lampedusa e relatando um naufr\u00e1gio ocorrido recentemente naquele local, afirmou em 8 de julho de 2013: \u201cQuem de n\u00f3s chorou por este fato e por fatos como este? Somos uma sociedade que esqueceu a experi\u00eancia de chorar, de \u2018padecer com\u2019: a globaliza\u00e7\u00e3o da indiferen\u00e7a tirou-nos a capacidade de chorar! Pe\u00e7amos ao Senhor a gra\u00e7a de chorar pela nossa indiferen\u00e7a, de chorar pela crueldade que h\u00e1 no mundo, em n\u00f3s, incluindo aqueles que, no anonimato, tomam decis\u00f5es socioecon\u00f4micas que abrem a estrada aos dramas como este\u201d. Em outra ocasi\u00e3o, reiterou Francisco: \u201cA Igreja Cat\u00f3lica deve ser como um hospital de campanha ap\u00f3s a batalha\u201d, o que significa curar as feridas, com uma atitude de miseric\u00f3rdia que precede o julgamento, isto \u00e9, sem perguntar de que lugar chegam as v\u00edtimas.<br \/>\nO Santo Padre deseja ainda uma Igreja disc\u00edpula-mission\u00e1ria, ou melhor, uma Igreja \u201cem sa\u00edda\u201d, com portas abertas. Que saia em dire\u00e7\u00e3o aos outros para chegar \u00e0s periferias humanas. Por isso que, em profunda sintonia com o Papa Francisco, escolhi o lema da minha ordena\u00e7\u00e3o presbiteral: \u201cChegou junto dele, viu-o e moveu-se de compaix\u00e3o\u201d (Lc 10,33), tirado da par\u00e1bola do Bom Samaritano.<\/p>\n<p><strong>Site Franciscanos<\/strong>\u00a0&#8211; <strong>Quais as perspectivas para o minist\u00e9rio presbiteral com o Papa Francisco?<\/strong><br \/>\n<strong>Frei Paulijacson<\/strong> &#8211; As perspectivas s\u00e3o as melhores poss\u00edveis. Mas, para tanto, \u00e9 preciso \u201cescutar\u201d, \u201cfiar-se em Deus\u201d e \u201csair\u201d, assim como Jesus o fez, deixando-se conduzir por Deus. A evangeliza\u00e7\u00e3o faz-se de joelhos, pois sem o relacionamento constante com Deus, a miss\u00e3o torna-se um of\u00edcio. Nessa perspectiva, para o Papa Francisco, o presb\u00edtero \u00e9 ainda aquele que sabe relacionar-se, abaixar-se para ouvir melhor, dialogar com as ilus\u00f5es dos outros, entend\u00ea-los, ter paci\u00eancia hist\u00f3rica e admitir a possibilidade de errar, pois assim se contrai o \u201ccheiro de ovelhas\u201d (EG 24). Deve lan\u00e7ar-se para al\u00e9m de si mesmo e olhar as pessoas com o olhar de Jesus, o Bom Samaritano (Lc 10,25-37) da humanidade. Como pastor da miseric\u00f3rdia e da compaix\u00e3o, o presb\u00edtero tem a incumb\u00eancia de abrir o seu cora\u00e7\u00e3o, deixar-se comover nas suas v\u00edsceras. E esse movimento interior traduz-se em obra pr\u00e1tica, numa interven\u00e7\u00e3o concreta para ajudar as pessoas. Francisco exorta os presb\u00edteros a se comoverem diante das ovelhas, a estarem perto do seu povo e serem servidores de todos. Para ele, o crit\u00e9rio pastoral que o padre deve evidenciar no seu minist\u00e9rio \u00e9 a \u201cproximidade\u201d. \u00c9 atrav\u00e9s da \u201cproximidade\u201d e do \u201cservi\u00e7o\u201d que o sacerdote demonstra v\u00edsceras de miseric\u00f3rdia, demonstra-o em todas as suas atitudes, no seu modo de acolher, de ouvir, de aconselhar e de absolver. Numa entrevista, disse o Pont\u00edfice: \u201cUma m\u00e3e n\u00e3o se comunica por cartas com seus filhos, mas aproxima-se, afaga. E, nada mais que ser verdadeiramente m\u00e3e, \u00e9 o que se espera da Igreja hoje\u201d. Essas palavras incidem fortemente na transmiss\u00e3o da f\u00e9 crist\u00e3, a qual sugere movimento, din\u00e2mica que impele ao \u201cencontro\u201d. Como dizia um autor an\u00f4nimo, \u201ca f\u00e9 come\u00e7a pelos p\u00e9s\u201d. Uma Igreja que \u201csai\u201d, uma Igreja que sente a for\u00e7a da sua miss\u00e3o, que n\u00e3o tem medo de proclamar a miseric\u00f3rdia de Deus. Ainda no mesmo discurso aos p\u00e1rocos da Diocese de Roma, o Papa continua: \u201cO sacerdote \u00e9 chamado a aprender isto, a ter um cora\u00e7\u00e3o que se comove. Os presb\u00edteros \u2013 permiti que use esta palavra \u2013 \u201cascetas\u201d, aqueles \u201cde laborat\u00f3rio\u201d, completamente limpos e bonitos, n\u00e3o ajudam a Igreja. \u00c9 necess\u00e1rio curar as feridas, e elas s\u00e3o numerosas. H\u00e1 tantas chagas! Existem muitas pessoas feridas por problemas materiais, por esc\u00e2ndalos, at\u00e9 na Igreja&#8230; Pessoas feridas pelas ilus\u00f5es do mundo. N\u00f3s, sacerdotes, devemos estar ali, pr\u00f3ximos destas pessoas. Miseric\u00f3rdia significa, antes de tudo, curar feridas\u201d.\u00a0Portanto, o minist\u00e9rio presbiteral com o Papa Francisco deve estar sempre em sintonia com essa postura de \u201cescuta da Palavra de Deus\u201d, \u201csempre em sa\u00edda\u201d, \u201cpr\u00f3ximo \u00e0s feridas do seu povo\u201d, numa atitude de \u201cacolhimento e miseric\u00f3rdia\u201d.<\/p>\n<p><strong>Site Franciscanos<\/strong>\u00a0&#8211; <strong>Por que vale a pena ser franciscano hoje?<\/strong><br \/>\n<strong>Frei Paulijacson<\/strong> \u2013 Porque ser franciscano \u00e9 partilhar a sorte dos pobres, dos sofredores, dos injusti\u00e7ados, dos doentes e abandonados, sofrer na alma as suas dores, aceitar ser identificado com eles e participar dos seus sofrimentos, a fim de melhor os ajudar a conquistar a liberdade e a vida plena. N\u00e3o ter medo de se sujar ao lado dos pecadores, dos marginalizados, se isso contribuir para promov\u00ea-los e para lhes dar mais dignidade e mais esperan\u00e7a. Este projeto evang\u00e9lico-franciscano de vida vai ao encontro do que disse o Papa Francisco a todos os crist\u00e3os e particularmente aos padres de Buenos Aires: \u201cPrefiro uma Igreja acidentada, ferida e enlameada por ter sa\u00eddo pelas estradas, a uma Igreja enferma pelo fechamento e a comodidade de se agarrar \u00e0s suas pr\u00f3prias seguran\u00e7as. N\u00e3o quero uma Igreja preocupada com ser o centro, e que acaba presa em um emaranhado de obsess\u00f5es e procedimentos\u201d. Da\u00ed, n\u00f3s, como franciscanos, buscarmos e afirmarmos como Jesus, a exemplo do Pobrezinho de Assis, que ningu\u00e9m nos roubar\u00e1 a esperan\u00e7a (Hb 12,1) de lutarmos por um mundo melhor e de proclamarmos a alegria de viver o Evangelho. Por todas estas motiva\u00e7\u00f5es que, digo alto e em bom tom: vale a pena ser franciscano hoje!<\/p>\n","protected":false},"excerpt":{"rendered":"<p>Ordena\u00e7\u00e3o presbiteral de Frei Paulijacson Pessoa de Moura<\/p>\n","protected":false},"author":1,"featured_media":207343,"comment_status":"open","ping_status":"open","sticky":false,"template":"","format":"standard","meta":[],"categories":[758],"tags":[157],"acf":[],"yoast_head":"<!-- This site is optimized with the Yoast SEO plugin v19.2 - https:\/\/yoast.com\/wordpress\/plugins\/seo\/ -->\n<title>Frei Paulijacson vai ser ordenado presb\u00edtero - Not\u00edcias - Franciscanos<\/title>\n<meta name=\"robots\" content=\"index, follow, max-snippet:-1, max-image-preview:large, max-video-preview:-1\" \/>\n<link rel=\"canonical\" href=\"https:\/\/franciscanos.org.br\/noticias\/frei-paulijacson-de-volta-ao-ponto-de-partida.html\" \/>\n<meta property=\"og:locale\" content=\"pt_BR\" \/>\n<meta property=\"og:type\" content=\"article\" \/>\n<meta property=\"og:title\" content=\"Frei Paulijacson vai ser ordenado presb\u00edtero - Not\u00edcias - Franciscanos\" \/>\n<meta property=\"og:description\" content=\"Ordena\u00e7\u00e3o presbiteral de Frei Paulijacson Pessoa de Moura\" \/>\n<meta property=\"og:url\" content=\"https:\/\/franciscanos.org.br\/noticias\/frei-paulijacson-de-volta-ao-ponto-de-partida.html\" \/>\n<meta property=\"og:site_name\" content=\"Not\u00edcias - Franciscanos\" \/>\n<meta property=\"article:published_time\" content=\"2014-11-29T02:06:48+00:00\" \/>\n<meta property=\"article:modified_time\" content=\"2020-06-24T13:41:20+00:00\" \/>\n<meta property=\"og:image\" content=\"https:\/\/franciscanos.org.br\/noticias\/wp-content\/uploads\/2014\/11\/moura-1.jpg\" \/>\n\t<meta property=\"og:image:width\" content=\"273\" \/>\n\t<meta property=\"og:image:height\" content=\"181\" \/>\n\t<meta property=\"og:image:type\" content=\"image\/jpeg\" \/>\n<meta name=\"author\" content=\"admin\" \/>\n<meta name=\"twitter:card\" content=\"summary_large_image\" \/>\n<meta name=\"twitter:label1\" content=\"Escrito por\" \/>\n\t<meta name=\"twitter:data1\" content=\"admin\" \/>\n\t<meta name=\"twitter:label2\" content=\"Est. tempo de leitura\" \/>\n\t<meta name=\"twitter:data2\" content=\"8 minutos\" \/>\n<script type=\"application\/ld+json\" class=\"yoast-schema-graph\">{\"@context\":\"https:\/\/schema.org\",\"@graph\":[{\"@type\":\"WebSite\",\"@id\":\"https:\/\/franciscanos.org.br\/noticias\/#website\",\"url\":\"https:\/\/franciscanos.org.br\/noticias\/\",\"name\":\"Not\u00edcias - Franciscanos\",\"description\":\"Prov\u00edncia Franciscana da Imaculada Concei\u00e7\u00e3o do Brasil - Ordem dos Frades Menores - OFM\",\"potentialAction\":[{\"@type\":\"SearchAction\",\"target\":{\"@type\":\"EntryPoint\",\"urlTemplate\":\"https:\/\/franciscanos.org.br\/noticias\/?s={search_term_string}\"},\"query-input\":\"required name=search_term_string\"}],\"inLanguage\":\"pt-BR\"},{\"@type\":\"ImageObject\",\"inLanguage\":\"pt-BR\",\"@id\":\"https:\/\/franciscanos.org.br\/noticias\/frei-paulijacson-de-volta-ao-ponto-de-partida.html#primaryimage\",\"url\":\"https:\/\/franciscanos.org.br\/noticias\/wp-content\/uploads\/2014\/11\/moura-1.jpg\",\"contentUrl\":\"https:\/\/franciscanos.org.br\/noticias\/wp-content\/uploads\/2014\/11\/moura-1.jpg\",\"width\":273,\"height\":181},{\"@type\":\"WebPage\",\"@id\":\"https:\/\/franciscanos.org.br\/noticias\/frei-paulijacson-de-volta-ao-ponto-de-partida.html#webpage\",\"url\":\"https:\/\/franciscanos.org.br\/noticias\/frei-paulijacson-de-volta-ao-ponto-de-partida.html\",\"name\":\"Frei Paulijacson vai ser ordenado presb\u00edtero - Not\u00edcias - Franciscanos\",\"isPartOf\":{\"@id\":\"https:\/\/franciscanos.org.br\/noticias\/#website\"},\"primaryImageOfPage\":{\"@id\":\"https:\/\/franciscanos.org.br\/noticias\/frei-paulijacson-de-volta-ao-ponto-de-partida.html#primaryimage\"},\"datePublished\":\"2014-11-29T02:06:48+00:00\",\"dateModified\":\"2020-06-24T13:41:20+00:00\",\"author\":{\"@id\":\"https:\/\/franciscanos.org.br\/noticias\/#\/schema\/person\/b38fbf43118f02820bd932f2e4b14ad3\"},\"breadcrumb\":{\"@id\":\"https:\/\/franciscanos.org.br\/noticias\/frei-paulijacson-de-volta-ao-ponto-de-partida.html#breadcrumb\"},\"inLanguage\":\"pt-BR\",\"potentialAction\":[{\"@type\":\"ReadAction\",\"target\":[\"https:\/\/franciscanos.org.br\/noticias\/frei-paulijacson-de-volta-ao-ponto-de-partida.html\"]}]},{\"@type\":\"BreadcrumbList\",\"@id\":\"https:\/\/franciscanos.org.br\/noticias\/frei-paulijacson-de-volta-ao-ponto-de-partida.html#breadcrumb\",\"itemListElement\":[{\"@type\":\"ListItem\",\"position\":1,\"name\":\"Home\",\"item\":\"https:\/\/franciscanos.org.br\/noticias\"},{\"@type\":\"ListItem\",\"position\":2,\"name\":\"Frei Paulijacson vai ser ordenado presb\u00edtero\"}]},{\"@type\":\"Person\",\"@id\":\"https:\/\/franciscanos.org.br\/noticias\/#\/schema\/person\/b38fbf43118f02820bd932f2e4b14ad3\",\"name\":\"admin\",\"image\":{\"@type\":\"ImageObject\",\"inLanguage\":\"pt-BR\",\"@id\":\"https:\/\/franciscanos.org.br\/noticias\/#\/schema\/person\/image\/\",\"url\":\"https:\/\/secure.gravatar.com\/avatar\/e8495742d34d0ba6448ea1c628263b3e?s=96&d=mm&r=g\",\"contentUrl\":\"https:\/\/secure.gravatar.com\/avatar\/e8495742d34d0ba6448ea1c628263b3e?s=96&d=mm&r=g\",\"caption\":\"admin\"},\"url\":\"https:\/\/franciscanos.org.br\/noticias\/author\/admin\"}]}<\/script>\n<!-- \/ Yoast SEO plugin. -->","yoast_head_json":{"title":"Frei Paulijacson vai ser ordenado presb\u00edtero - Not\u00edcias - Franciscanos","robots":{"index":"index","follow":"follow","max-snippet":"max-snippet:-1","max-image-preview":"max-image-preview:large","max-video-preview":"max-video-preview:-1"},"canonical":"https:\/\/franciscanos.org.br\/noticias\/frei-paulijacson-de-volta-ao-ponto-de-partida.html","og_locale":"pt_BR","og_type":"article","og_title":"Frei Paulijacson vai ser ordenado presb\u00edtero - Not\u00edcias - Franciscanos","og_description":"Ordena\u00e7\u00e3o presbiteral de Frei Paulijacson Pessoa de Moura","og_url":"https:\/\/franciscanos.org.br\/noticias\/frei-paulijacson-de-volta-ao-ponto-de-partida.html","og_site_name":"Not\u00edcias - Franciscanos","article_published_time":"2014-11-29T02:06:48+00:00","article_modified_time":"2020-06-24T13:41:20+00:00","og_image":[{"width":273,"height":181,"url":"https:\/\/franciscanos.org.br\/noticias\/wp-content\/uploads\/2014\/11\/moura-1.jpg","type":"image\/jpeg"}],"author":"admin","twitter_card":"summary_large_image","twitter_misc":{"Escrito por":"admin","Est. tempo de leitura":"8 minutos"},"schema":{"@context":"https:\/\/schema.org","@graph":[{"@type":"WebSite","@id":"https:\/\/franciscanos.org.br\/noticias\/#website","url":"https:\/\/franciscanos.org.br\/noticias\/","name":"Not\u00edcias - Franciscanos","description":"Prov\u00edncia Franciscana da Imaculada Concei\u00e7\u00e3o do Brasil - Ordem dos Frades Menores - OFM","potentialAction":[{"@type":"SearchAction","target":{"@type":"EntryPoint","urlTemplate":"https:\/\/franciscanos.org.br\/noticias\/?s={search_term_string}"},"query-input":"required name=search_term_string"}],"inLanguage":"pt-BR"},{"@type":"ImageObject","inLanguage":"pt-BR","@id":"https:\/\/franciscanos.org.br\/noticias\/frei-paulijacson-de-volta-ao-ponto-de-partida.html#primaryimage","url":"https:\/\/franciscanos.org.br\/noticias\/wp-content\/uploads\/2014\/11\/moura-1.jpg","contentUrl":"https:\/\/franciscanos.org.br\/noticias\/wp-content\/uploads\/2014\/11\/moura-1.jpg","width":273,"height":181},{"@type":"WebPage","@id":"https:\/\/franciscanos.org.br\/noticias\/frei-paulijacson-de-volta-ao-ponto-de-partida.html#webpage","url":"https:\/\/franciscanos.org.br\/noticias\/frei-paulijacson-de-volta-ao-ponto-de-partida.html","name":"Frei Paulijacson vai ser ordenado presb\u00edtero - Not\u00edcias - Franciscanos","isPartOf":{"@id":"https:\/\/franciscanos.org.br\/noticias\/#website"},"primaryImageOfPage":{"@id":"https:\/\/franciscanos.org.br\/noticias\/frei-paulijacson-de-volta-ao-ponto-de-partida.html#primaryimage"},"datePublished":"2014-11-29T02:06:48+00:00","dateModified":"2020-06-24T13:41:20+00:00","author":{"@id":"https:\/\/franciscanos.org.br\/noticias\/#\/schema\/person\/b38fbf43118f02820bd932f2e4b14ad3"},"breadcrumb":{"@id":"https:\/\/franciscanos.org.br\/noticias\/frei-paulijacson-de-volta-ao-ponto-de-partida.html#breadcrumb"},"inLanguage":"pt-BR","potentialAction":[{"@type":"ReadAction","target":["https:\/\/franciscanos.org.br\/noticias\/frei-paulijacson-de-volta-ao-ponto-de-partida.html"]}]},{"@type":"BreadcrumbList","@id":"https:\/\/franciscanos.org.br\/noticias\/frei-paulijacson-de-volta-ao-ponto-de-partida.html#breadcrumb","itemListElement":[{"@type":"ListItem","position":1,"name":"Home","item":"https:\/\/franciscanos.org.br\/noticias"},{"@type":"ListItem","position":2,"name":"Frei Paulijacson vai ser ordenado presb\u00edtero"}]},{"@type":"Person","@id":"https:\/\/franciscanos.org.br\/noticias\/#\/schema\/person\/b38fbf43118f02820bd932f2e4b14ad3","name":"admin","image":{"@type":"ImageObject","inLanguage":"pt-BR","@id":"https:\/\/franciscanos.org.br\/noticias\/#\/schema\/person\/image\/","url":"https:\/\/secure.gravatar.com\/avatar\/e8495742d34d0ba6448ea1c628263b3e?s=96&d=mm&r=g","contentUrl":"https:\/\/secure.gravatar.com\/avatar\/e8495742d34d0ba6448ea1c628263b3e?s=96&d=mm&r=g","caption":"admin"},"url":"https:\/\/franciscanos.org.br\/noticias\/author\/admin"}]}},"_links":{"self":[{"href":"https:\/\/franciscanos.org.br\/noticias\/wp-json\/wp\/v2\/posts\/72024"}],"collection":[{"href":"https:\/\/franciscanos.org.br\/noticias\/wp-json\/wp\/v2\/posts"}],"about":[{"href":"https:\/\/franciscanos.org.br\/noticias\/wp-json\/wp\/v2\/types\/post"}],"author":[{"embeddable":true,"href":"https:\/\/franciscanos.org.br\/noticias\/wp-json\/wp\/v2\/users\/1"}],"replies":[{"embeddable":true,"href":"https:\/\/franciscanos.org.br\/noticias\/wp-json\/wp\/v2\/comments?post=72024"}],"version-history":[{"count":1,"href":"https:\/\/franciscanos.org.br\/noticias\/wp-json\/wp\/v2\/posts\/72024\/revisions"}],"predecessor-version":[{"id":226684,"href":"https:\/\/franciscanos.org.br\/noticias\/wp-json\/wp\/v2\/posts\/72024\/revisions\/226684"}],"wp:featuredmedia":[{"embeddable":true,"href":"https:\/\/franciscanos.org.br\/noticias\/wp-json\/wp\/v2\/media\/207343"}],"wp:attachment":[{"href":"https:\/\/franciscanos.org.br\/noticias\/wp-json\/wp\/v2\/media?parent=72024"}],"wp:term":[{"taxonomy":"category","embeddable":true,"href":"https:\/\/franciscanos.org.br\/noticias\/wp-json\/wp\/v2\/categories?post=72024"},{"taxonomy":"post_tag","embeddable":true,"href":"https:\/\/franciscanos.org.br\/noticias\/wp-json\/wp\/v2\/tags?post=72024"}],"curies":[{"name":"wp","href":"https:\/\/api.w.org\/{rel}","templated":true}]}}