{"id":71906,"date":"2014-11-03T07:59:53","date_gmt":"2014-11-03T09:59:53","guid":{"rendered":"http:\/\/franciscanos.org.br\/?p=71906"},"modified":"2020-06-10T17:08:14","modified_gmt":"2020-06-10T20:08:14","slug":"a-morte-nao-e-a-ultima-palavra-sobre-o-destino-do-ser-humano","status":"publish","type":"post","link":"https:\/\/franciscanos.org.br\/noticias\/a-morte-nao-e-a-ultima-palavra-sobre-o-destino-do-ser-humano.html","title":{"rendered":"&#8216;A morte n\u00e3o \u00e9 \u00faltima palavra sobre destino do ser humano&#8217;"},"content":{"rendered":"<p><img loading=\"lazy\" src=\"http:\/\/franciscanos.org.br\/wp-content\/uploads\/2014\/11\/papa_03.jpg\" alt=\"papa_03\" width=\"820\" height=\"359\" \/><\/p>\n<p>Numa Pra\u00e7a de S\u00e3o Pedro repleta de fi\u00e9is para a ora\u00e7\u00e3o mariana do Angelus, o Papa Francisco come\u00e7ou por reiterar que a Solenidade de Todos os Santos que foi celebrada dia 1\u00ba de novembro e a comemora\u00e7\u00e3o dos fi\u00e9is defuntos deste domingo, s\u00e3o duas ocorr\u00eancias intimamente ligadas entre si, do mesmo modo que a alegria e as l\u00e1grimas encontram em Jesus uma s\u00edntese que \u00e9 o fundamento da nossa f\u00e9 e da nossa esperan\u00e7a:<\/p>\n<p>Por um lado a Igreja, peregrina na hist\u00f3ria, se alegra com a intercess\u00e3o dos santos e beatos que a apoiam na sua miss\u00e3o de anunciar o Evangelho, e por outro lado ela, como Jesus, partilha as l\u00e1grimas daqueles que sofrem a separa\u00e7\u00e3o dos seus entes queridos e, como Ele e com Ele, eleva o seu agradecimento ao Pai que nos libertou do dom\u00ednio do pecado e da morte.<\/p>\n<p>Em seguida, o Papa falou do cemit\u00e9rio como &#8220;lugar de repouso&#8221;, \u00e0 espera do despertar final e foi o pr\u00f3prio Jesus que revelou que a morte do corpo \u00e9 como um sono do qual ele nos desperta. \u00c9, pois, com esta f\u00e9 que devemos olhar para os t\u00famulos dos nossos entes queridos, daqueles que nos amaram e nos fizeram algum bem.<\/p>\n<p>&#8220;Mas hoje somos chamados a recordar a todos, mesmo aqueles de que ningu\u00e9m se lembra. Recordemos as v\u00edtimas da guerra e da viol\u00eancia; tantos &#8216;pequenos&#8217; do mundo esmagados pela fome e pela pobreza. Recordemos os irm\u00e3os e as irm\u00e3s mortos por serem crist\u00e3os; e aqueles que sacrificaram a vida para servir aos outros. Confiemos ao Senhor especialmente aqueles que nos deixaram ao longo do \u00faltimo ano&#8221;.<\/p>\n<p>A tradi\u00e7\u00e3o da Igreja, continuou o Papa Francisco, sempre nos exortou a rezar pelos defuntos, em particular, oferecendo para eles a celebra\u00e7\u00e3o eucar\u00edstica, que \u00e9 a melhor ajuda espiritual que podemos dar \u00e0s suas almas, especialmente \u00e0s mais abandonadas. O fundamento desta ora\u00e7\u00e3o pelos defuntos, explicou o Papa, est\u00e1 na comunh\u00e3o do Corpo M\u00edstico pois, como diz o Conc\u00edlio Vaticano II, &#8220;a Igreja peregrina sobre a terra, bem ciente desta comunh\u00e3o de todo o corpo m\u00edstico de Jesus Cristo, desde os primeiros tempos da religi\u00e3o crist\u00e3, tem honrado com grande piedade a mem\u00f3ria dos mortos&#8221;.<\/p>\n<p>E acrescentou: &#8220;A mem\u00f3ria dos defuntos, o cuidado pelas sepulturas e os sufr\u00e1gios s\u00e3o o testemunho de confiante esperan\u00e7a, enraizada na certeza de que a morte n\u00e3o \u00e9 a \u00faltima palavra sobre o destino do ser humano, porque o homem est\u00e1 destinado a uma vida sem limites, que tem a sua raiz e a sua realiza\u00e7\u00e3o em Deus&#8221;.<\/p>\n<p>Neste momento de sua fala, o Papa dirigiu a Deus esta veemente ora\u00e7\u00e3o pelos defuntos:<\/p>\n<p><em><strong>&#8220;Deus de infinita miseric\u00f3rdia, confiamos \u00e0 tua imensa bondade aqueles que deixaram este mundo para a eternidade, onde Tu aguardas toda a humanidade redimida pelo sangue precioso de Cristo Teu Filho, morto para nos libertar dos nossos pecados. N\u00e3o olhes, Senhor, para as tantas pobrezas e mis\u00e9rias e fraquezas humanas quando nos apresentarmos diante do Teu tribunal, para sermos julgados, para a feicidade ou a condena\u00e7\u00e3o. Dirige para n\u00f3s o teu olhar misericordioso que nasce da ternura do teu cora\u00e7\u00e3o, e ajuda-nos a caminhar em direc\u00e7\u00e3o a uma completa purifica\u00e7\u00e3o. N\u00e3o se perca nenhum dos teus filhos no fogo eterno do inferno onde j\u00e1 n\u00e3o poder\u00e1 haver arrependimento.<\/strong><\/em><br \/>\n<em><strong>Te confiamos, Senhor, as almas dos nossos entes queridos, das pessoas que morreram sem o conforto sacramental, ou n\u00e3o tiveram ocasi\u00e3o de se arrepender nem mesmo no fim da sua vida. Que ningu\u00e9m tenha receio de te encontrar depois da peregrina\u00e7\u00e3o terrena, na esperan\u00e7a de sermos recebidos nos bra\u00e7os da tua infinita miseric\u00f3rdia. Que a irm\u00e3 morte corporal nos encontre vigilantes na ora\u00e7\u00e3o e carregados de todo o bem realizado ao longo da nossa breve ou longa exist\u00eancia. Senhor, nada nos afaste de Ti nesta terra, mas tudo e todos nos apoiem no ardente desejo de repousar serena e eternamente em Ti. Amen&#8221;.<\/strong><\/em><\/p>\n<p>Com esta f\u00e9 no destino supremo do homem, o Papa convidou ao todos a se voltarem para a Virgem Maria que sofreu sob a cruz o drama da morte de Cristo e participou depois na alegria da sua ressurrei\u00e7\u00e3o, para que nos ajude na nossa peregrina\u00e7\u00e3o quotidiana aqui na terra para n\u00e3o perdermos de vista a meta \u00faltima da vida, que \u00e9 o Para\u00edso.<\/p>\n<hr \/>\n<p><em>Fonte: R\u00e1dio Vaticano<\/em><\/p>\n","protected":false},"excerpt":{"rendered":"<p>Todos os Santos e Finados<\/p>\n","protected":false},"author":1,"featured_media":208860,"comment_status":"open","ping_status":"open","sticky":false,"template":"","format":"standard","meta":[],"categories":[1428],"tags":[489,1718],"acf":[],"yoast_head":"<!-- This site is optimized with the Yoast SEO plugin v19.2 - https:\/\/yoast.com\/wordpress\/plugins\/seo\/ -->\n<title>&#039;A morte n\u00e3o \u00e9 \u00faltima palavra sobre destino do ser humano&#039; - Not\u00edcias - Franciscanos<\/title>\n<meta name=\"robots\" content=\"index, follow, max-snippet:-1, max-image-preview:large, max-video-preview:-1\" \/>\n<link rel=\"canonical\" href=\"https:\/\/franciscanos.org.br\/noticias\/a-morte-nao-e-a-ultima-palavra-sobre-o-destino-do-ser-humano.html\" \/>\n<meta property=\"og:locale\" content=\"pt_BR\" \/>\n<meta property=\"og:type\" content=\"article\" \/>\n<meta property=\"og:title\" content=\"&#039;A morte n\u00e3o \u00e9 \u00faltima palavra sobre destino do ser humano&#039; - Not\u00edcias - Franciscanos\" \/>\n<meta property=\"og:description\" content=\"Todos os Santos e Finados\" \/>\n<meta property=\"og:url\" content=\"https:\/\/franciscanos.org.br\/noticias\/a-morte-nao-e-a-ultima-palavra-sobre-o-destino-do-ser-humano.html\" \/>\n<meta property=\"og:site_name\" content=\"Not\u00edcias - Franciscanos\" \/>\n<meta property=\"article:published_time\" content=\"2014-11-03T09:59:53+00:00\" \/>\n<meta property=\"article:modified_time\" content=\"2020-06-10T20:08:14+00:00\" \/>\n<meta property=\"og:image\" content=\"https:\/\/franciscanos.org.br\/noticias\/wp-content\/uploads\/2014\/11\/papa_03.jpg\" \/>\n\t<meta property=\"og:image:width\" content=\"273\" \/>\n\t<meta property=\"og:image:height\" content=\"181\" \/>\n\t<meta property=\"og:image:type\" content=\"image\/jpeg\" \/>\n<meta name=\"author\" content=\"admin\" \/>\n<meta name=\"twitter:card\" content=\"summary_large_image\" \/>\n<meta name=\"twitter:label1\" content=\"Escrito por\" \/>\n\t<meta name=\"twitter:data1\" content=\"admin\" \/>\n\t<meta name=\"twitter:label2\" content=\"Est. tempo de leitura\" \/>\n\t<meta name=\"twitter:data2\" content=\"4 minutos\" \/>\n<script type=\"application\/ld+json\" class=\"yoast-schema-graph\">{\"@context\":\"https:\/\/schema.org\",\"@graph\":[{\"@type\":\"WebSite\",\"@id\":\"https:\/\/franciscanos.org.br\/noticias\/#website\",\"url\":\"https:\/\/franciscanos.org.br\/noticias\/\",\"name\":\"Not\u00edcias - Franciscanos\",\"description\":\"Prov\u00edncia Franciscana da Imaculada Concei\u00e7\u00e3o do Brasil - Ordem dos Frades Menores - OFM\",\"potentialAction\":[{\"@type\":\"SearchAction\",\"target\":{\"@type\":\"EntryPoint\",\"urlTemplate\":\"https:\/\/franciscanos.org.br\/noticias\/?s={search_term_string}\"},\"query-input\":\"required name=search_term_string\"}],\"inLanguage\":\"pt-BR\"},{\"@type\":\"ImageObject\",\"inLanguage\":\"pt-BR\",\"@id\":\"https:\/\/franciscanos.org.br\/noticias\/a-morte-nao-e-a-ultima-palavra-sobre-o-destino-do-ser-humano.html#primaryimage\",\"url\":\"https:\/\/franciscanos.org.br\/noticias\/wp-content\/uploads\/2014\/11\/papa_03.jpg\",\"contentUrl\":\"https:\/\/franciscanos.org.br\/noticias\/wp-content\/uploads\/2014\/11\/papa_03.jpg\",\"width\":273,\"height\":181},{\"@type\":\"WebPage\",\"@id\":\"https:\/\/franciscanos.org.br\/noticias\/a-morte-nao-e-a-ultima-palavra-sobre-o-destino-do-ser-humano.html#webpage\",\"url\":\"https:\/\/franciscanos.org.br\/noticias\/a-morte-nao-e-a-ultima-palavra-sobre-o-destino-do-ser-humano.html\",\"name\":\"'A morte n\u00e3o \u00e9 \u00faltima palavra sobre destino do ser humano' - Not\u00edcias - Franciscanos\",\"isPartOf\":{\"@id\":\"https:\/\/franciscanos.org.br\/noticias\/#website\"},\"primaryImageOfPage\":{\"@id\":\"https:\/\/franciscanos.org.br\/noticias\/a-morte-nao-e-a-ultima-palavra-sobre-o-destino-do-ser-humano.html#primaryimage\"},\"datePublished\":\"2014-11-03T09:59:53+00:00\",\"dateModified\":\"2020-06-10T20:08:14+00:00\",\"author\":{\"@id\":\"https:\/\/franciscanos.org.br\/noticias\/#\/schema\/person\/b38fbf43118f02820bd932f2e4b14ad3\"},\"breadcrumb\":{\"@id\":\"https:\/\/franciscanos.org.br\/noticias\/a-morte-nao-e-a-ultima-palavra-sobre-o-destino-do-ser-humano.html#breadcrumb\"},\"inLanguage\":\"pt-BR\",\"potentialAction\":[{\"@type\":\"ReadAction\",\"target\":[\"https:\/\/franciscanos.org.br\/noticias\/a-morte-nao-e-a-ultima-palavra-sobre-o-destino-do-ser-humano.html\"]}]},{\"@type\":\"BreadcrumbList\",\"@id\":\"https:\/\/franciscanos.org.br\/noticias\/a-morte-nao-e-a-ultima-palavra-sobre-o-destino-do-ser-humano.html#breadcrumb\",\"itemListElement\":[{\"@type\":\"ListItem\",\"position\":1,\"name\":\"Home\",\"item\":\"https:\/\/franciscanos.org.br\/noticias\"},{\"@type\":\"ListItem\",\"position\":2,\"name\":\"&#8216;A morte n\u00e3o \u00e9 \u00faltima palavra sobre destino do ser humano&#8217;\"}]},{\"@type\":\"Person\",\"@id\":\"https:\/\/franciscanos.org.br\/noticias\/#\/schema\/person\/b38fbf43118f02820bd932f2e4b14ad3\",\"name\":\"admin\",\"image\":{\"@type\":\"ImageObject\",\"inLanguage\":\"pt-BR\",\"@id\":\"https:\/\/franciscanos.org.br\/noticias\/#\/schema\/person\/image\/\",\"url\":\"https:\/\/secure.gravatar.com\/avatar\/e8495742d34d0ba6448ea1c628263b3e?s=96&d=mm&r=g\",\"contentUrl\":\"https:\/\/secure.gravatar.com\/avatar\/e8495742d34d0ba6448ea1c628263b3e?s=96&d=mm&r=g\",\"caption\":\"admin\"},\"url\":\"https:\/\/franciscanos.org.br\/noticias\/author\/admin\"}]}<\/script>\n<!-- \/ Yoast SEO plugin. -->","yoast_head_json":{"title":"'A morte n\u00e3o \u00e9 \u00faltima palavra sobre destino do ser humano' - Not\u00edcias - Franciscanos","robots":{"index":"index","follow":"follow","max-snippet":"max-snippet:-1","max-image-preview":"max-image-preview:large","max-video-preview":"max-video-preview:-1"},"canonical":"https:\/\/franciscanos.org.br\/noticias\/a-morte-nao-e-a-ultima-palavra-sobre-o-destino-do-ser-humano.html","og_locale":"pt_BR","og_type":"article","og_title":"'A morte n\u00e3o \u00e9 \u00faltima palavra sobre destino do ser humano' - Not\u00edcias - Franciscanos","og_description":"Todos os Santos e Finados","og_url":"https:\/\/franciscanos.org.br\/noticias\/a-morte-nao-e-a-ultima-palavra-sobre-o-destino-do-ser-humano.html","og_site_name":"Not\u00edcias - Franciscanos","article_published_time":"2014-11-03T09:59:53+00:00","article_modified_time":"2020-06-10T20:08:14+00:00","og_image":[{"width":273,"height":181,"url":"https:\/\/franciscanos.org.br\/noticias\/wp-content\/uploads\/2014\/11\/papa_03.jpg","type":"image\/jpeg"}],"author":"admin","twitter_card":"summary_large_image","twitter_misc":{"Escrito por":"admin","Est. tempo de leitura":"4 minutos"},"schema":{"@context":"https:\/\/schema.org","@graph":[{"@type":"WebSite","@id":"https:\/\/franciscanos.org.br\/noticias\/#website","url":"https:\/\/franciscanos.org.br\/noticias\/","name":"Not\u00edcias - Franciscanos","description":"Prov\u00edncia Franciscana da Imaculada Concei\u00e7\u00e3o do Brasil - Ordem dos Frades Menores - OFM","potentialAction":[{"@type":"SearchAction","target":{"@type":"EntryPoint","urlTemplate":"https:\/\/franciscanos.org.br\/noticias\/?s={search_term_string}"},"query-input":"required name=search_term_string"}],"inLanguage":"pt-BR"},{"@type":"ImageObject","inLanguage":"pt-BR","@id":"https:\/\/franciscanos.org.br\/noticias\/a-morte-nao-e-a-ultima-palavra-sobre-o-destino-do-ser-humano.html#primaryimage","url":"https:\/\/franciscanos.org.br\/noticias\/wp-content\/uploads\/2014\/11\/papa_03.jpg","contentUrl":"https:\/\/franciscanos.org.br\/noticias\/wp-content\/uploads\/2014\/11\/papa_03.jpg","width":273,"height":181},{"@type":"WebPage","@id":"https:\/\/franciscanos.org.br\/noticias\/a-morte-nao-e-a-ultima-palavra-sobre-o-destino-do-ser-humano.html#webpage","url":"https:\/\/franciscanos.org.br\/noticias\/a-morte-nao-e-a-ultima-palavra-sobre-o-destino-do-ser-humano.html","name":"'A morte n\u00e3o \u00e9 \u00faltima palavra sobre destino do ser humano' - Not\u00edcias - Franciscanos","isPartOf":{"@id":"https:\/\/franciscanos.org.br\/noticias\/#website"},"primaryImageOfPage":{"@id":"https:\/\/franciscanos.org.br\/noticias\/a-morte-nao-e-a-ultima-palavra-sobre-o-destino-do-ser-humano.html#primaryimage"},"datePublished":"2014-11-03T09:59:53+00:00","dateModified":"2020-06-10T20:08:14+00:00","author":{"@id":"https:\/\/franciscanos.org.br\/noticias\/#\/schema\/person\/b38fbf43118f02820bd932f2e4b14ad3"},"breadcrumb":{"@id":"https:\/\/franciscanos.org.br\/noticias\/a-morte-nao-e-a-ultima-palavra-sobre-o-destino-do-ser-humano.html#breadcrumb"},"inLanguage":"pt-BR","potentialAction":[{"@type":"ReadAction","target":["https:\/\/franciscanos.org.br\/noticias\/a-morte-nao-e-a-ultima-palavra-sobre-o-destino-do-ser-humano.html"]}]},{"@type":"BreadcrumbList","@id":"https:\/\/franciscanos.org.br\/noticias\/a-morte-nao-e-a-ultima-palavra-sobre-o-destino-do-ser-humano.html#breadcrumb","itemListElement":[{"@type":"ListItem","position":1,"name":"Home","item":"https:\/\/franciscanos.org.br\/noticias"},{"@type":"ListItem","position":2,"name":"&#8216;A morte n\u00e3o \u00e9 \u00faltima palavra sobre destino do ser humano&#8217;"}]},{"@type":"Person","@id":"https:\/\/franciscanos.org.br\/noticias\/#\/schema\/person\/b38fbf43118f02820bd932f2e4b14ad3","name":"admin","image":{"@type":"ImageObject","inLanguage":"pt-BR","@id":"https:\/\/franciscanos.org.br\/noticias\/#\/schema\/person\/image\/","url":"https:\/\/secure.gravatar.com\/avatar\/e8495742d34d0ba6448ea1c628263b3e?s=96&d=mm&r=g","contentUrl":"https:\/\/secure.gravatar.com\/avatar\/e8495742d34d0ba6448ea1c628263b3e?s=96&d=mm&r=g","caption":"admin"},"url":"https:\/\/franciscanos.org.br\/noticias\/author\/admin"}]}},"_links":{"self":[{"href":"https:\/\/franciscanos.org.br\/noticias\/wp-json\/wp\/v2\/posts\/71906"}],"collection":[{"href":"https:\/\/franciscanos.org.br\/noticias\/wp-json\/wp\/v2\/posts"}],"about":[{"href":"https:\/\/franciscanos.org.br\/noticias\/wp-json\/wp\/v2\/types\/post"}],"author":[{"embeddable":true,"href":"https:\/\/franciscanos.org.br\/noticias\/wp-json\/wp\/v2\/users\/1"}],"replies":[{"embeddable":true,"href":"https:\/\/franciscanos.org.br\/noticias\/wp-json\/wp\/v2\/comments?post=71906"}],"version-history":[{"count":2,"href":"https:\/\/franciscanos.org.br\/noticias\/wp-json\/wp\/v2\/posts\/71906\/revisions"}],"predecessor-version":[{"id":226157,"href":"https:\/\/franciscanos.org.br\/noticias\/wp-json\/wp\/v2\/posts\/71906\/revisions\/226157"}],"wp:featuredmedia":[{"embeddable":true,"href":"https:\/\/franciscanos.org.br\/noticias\/wp-json\/wp\/v2\/media\/208860"}],"wp:attachment":[{"href":"https:\/\/franciscanos.org.br\/noticias\/wp-json\/wp\/v2\/media?parent=71906"}],"wp:term":[{"taxonomy":"category","embeddable":true,"href":"https:\/\/franciscanos.org.br\/noticias\/wp-json\/wp\/v2\/categories?post=71906"},{"taxonomy":"post_tag","embeddable":true,"href":"https:\/\/franciscanos.org.br\/noticias\/wp-json\/wp\/v2\/tags?post=71906"}],"curies":[{"name":"wp","href":"https:\/\/api.w.org\/{rel}","templated":true}]}}