{"id":71636,"date":"2014-10-29T09:46:14","date_gmt":"2014-10-29T11:46:14","guid":{"rendered":"http:\/\/franciscanos.org.br\/?p=71636"},"modified":"2019-07-04T14:27:32","modified_gmt":"2019-07-04T17:27:32","slug":"eleicoes-2014-e-hora-de-arrancar-o-joio","status":"publish","type":"post","link":"https:\/\/franciscanos.org.br\/noticias\/eleicoes-2014-e-hora-de-arrancar-o-joio.html","title":{"rendered":"Elei\u00e7\u00f5es: \u00e9 hora de arrancar o joio!"},"content":{"rendered":"<p>&nbsp;<\/p>\n<p><img loading=\"lazy\" class=\"alignnone size-full wp-image-207330\" src=\"https:\/\/franciscanos.org.br\/noticias\/wp-content\/uploads\/2014\/10\/joio.jpg\" alt=\"\" width=\"890\" height=\"486\" srcset=\"https:\/\/franciscanos.org.br\/noticias\/wp-content\/uploads\/2014\/10\/joio.jpg 890w, https:\/\/franciscanos.org.br\/noticias\/wp-content\/uploads\/2014\/10\/joio-450x246.jpg 450w, https:\/\/franciscanos.org.br\/noticias\/wp-content\/uploads\/2014\/10\/joio-768x419.jpg 768w, https:\/\/franciscanos.org.br\/noticias\/wp-content\/uploads\/2014\/10\/joio-150x82.jpg 150w\" sizes=\"(max-width: 890px) 100vw, 890px\" \/><\/p>\n<p><strong>Frei Gustavo Medella<\/strong><\/p>\n<p>\u201cDeixai crescer joio e trigo at\u00e9 a colheita\u201d (Mt 24,30). Em sua Mensagem por ocasi\u00e3o do 48\u00ba Dia Mundial das Comunica\u00e7\u00f5es, o Papa Francisco destacou que a rede (internet) n\u00e3o \u00e9 rede de fios e equipamentos, mas de pessoas. Sendo assim, tudo o acontece no cora\u00e7\u00e3o humano repercute na rede, inclusive as manifesta\u00e7\u00f5es mais perversas do joio que cada um traz no cora\u00e7\u00e3o: ego\u00edsmo, medo, agressividade, \u00f3dio, frustra\u00e7\u00e3o, desejo de vingan\u00e7a, soberba e outras ervas daninhas que podem nascer na lama de fragilidade que cada pessoa traz dentro de si.<\/p>\n<p>Neste aspecto, ainda que causem asco, as manifesta\u00e7\u00f5es racistas, xen\u00f3fobas, preconceituosas e violentas \u2013 especialmente em rela\u00e7\u00e3o ao povo do Nordeste \u2013, expressas nas redes sociais ap\u00f3s o resultado das Elei\u00e7\u00f5es 2014, t\u00eam seu aspecto positivo. Ao menos verbalizam sentimentos e posturas que, quando represados, podem levar a caminhos ainda mais perigosos: o da institucionaliza\u00e7\u00e3o do ego\u00edsmo, da organiza\u00e7\u00e3o do \u00f3dio e da implanta\u00e7\u00e3o da desgra\u00e7a na humanidade (vide regime nazista).<\/p>\n<p>O preconceito expresso em argumentos rasteiros e absurdos \u00e9 o joio que cresce. \u00c9 a semente encubada que gera veneno no jardim da humanidade. Uma vez que cresceu, \u00e9 hora de arranc\u00e1-la. Passados alguns dias da elei\u00e7\u00e3o, depois que a poeira baixou, \u00e9 a hora certa de arrancar o joio, de apelar para a pr\u00f3pria raz\u00e3o, de perceber que o pa\u00eds segue seu rumo, que o jogo democr\u00e1tico pressup\u00f5e vit\u00f3ria e derrota no processo eleitoral, mas que agora \u00e9 hora de se trabalhar para que o Brasil seja vencedor.<\/p>\n<p>Os brasileiros fizeram sua escolha e o fato de o candidato A ou o candidato B ter sido mais votado nesta ou naquela regi\u00e3o n\u00e3o serve, nem de longe, como crit\u00e9rio para dividir um pa\u00eds entre melhores e piores, entre inteligentes e \u201cburros\u201d, entre produtivos e improdutivos. Este argumento \u00e9 falso, ing\u00eanuo, parcial e falacioso. Ideias deste tipo endurecem e desumanizam o cora\u00e7\u00e3o. \u00c9 o lixo que a humanidade produz, mas que pode e deve ser reciclado a partir do crivo da maturidade, do bom senso, do equil\u00edbrio e, pala falar em termos crist\u00e3os, da miseric\u00f3rdia, da solidariedade e da paz.<\/p>\n<p>Meu apelo \u00e9 a voc\u00ea, crist\u00e3o cat\u00f3lico batizado, e a toda pessoa de boa vontade. Se voc\u00ea escreveu, postou, compartilhou ou curtiu algum conte\u00fado desta natureza em alguma rede social, reveja sua posi\u00e7\u00e3o, repense sua atitude. Sempre \u00e9 tempo de mudar. Arranque todo este joio e deixe florescer em seu cora\u00e7\u00e3o os mais belos frutos que o Senhor plantou e quer ver nascer. Diga n\u00e3o ao preconceito! Mande para bem longe o \u00f3dio! Coloque-se no lugar do outro! Volte a caminhar pela estrada do amor.<\/p>\n","protected":false},"excerpt":{"rendered":"<p>Liturgia dominical<\/p>\n","protected":false},"author":1,"featured_media":207332,"comment_status":"open","ping_status":"open","sticky":false,"template":"","format":"standard","meta":[],"categories":[1],"tags":[537],"acf":[],"yoast_head":"<!-- This site is optimized with the Yoast SEO plugin v19.2 - https:\/\/yoast.com\/wordpress\/plugins\/seo\/ -->\n<title>Elei\u00e7\u00f5es: \u00e9 hora de arrancar o joio! - Not\u00edcias - Franciscanos<\/title>\n<meta name=\"robots\" content=\"index, follow, max-snippet:-1, max-image-preview:large, max-video-preview:-1\" \/>\n<link rel=\"canonical\" href=\"https:\/\/franciscanos.org.br\/noticias\/eleicoes-2014-e-hora-de-arrancar-o-joio.html\" \/>\n<meta property=\"og:locale\" content=\"pt_BR\" \/>\n<meta property=\"og:type\" content=\"article\" \/>\n<meta property=\"og:title\" content=\"Elei\u00e7\u00f5es: \u00e9 hora de arrancar o joio! - Not\u00edcias - Franciscanos\" \/>\n<meta property=\"og:description\" content=\"Liturgia dominical\" \/>\n<meta property=\"og:url\" content=\"https:\/\/franciscanos.org.br\/noticias\/eleicoes-2014-e-hora-de-arrancar-o-joio.html\" \/>\n<meta property=\"og:site_name\" content=\"Not\u00edcias - Franciscanos\" \/>\n<meta property=\"article:published_time\" content=\"2014-10-29T11:46:14+00:00\" \/>\n<meta property=\"article:modified_time\" content=\"2019-07-04T17:27:32+00:00\" \/>\n<meta property=\"og:image\" content=\"https:\/\/franciscanos.org.br\/noticias\/wp-content\/uploads\/2014\/10\/joio_1d.jpg\" \/>\n\t<meta property=\"og:image:width\" content=\"273\" \/>\n\t<meta property=\"og:image:height\" content=\"181\" \/>\n\t<meta property=\"og:image:type\" content=\"image\/jpeg\" \/>\n<meta name=\"author\" content=\"admin\" \/>\n<meta name=\"twitter:card\" content=\"summary_large_image\" \/>\n<meta name=\"twitter:label1\" content=\"Escrito por\" \/>\n\t<meta name=\"twitter:data1\" content=\"admin\" \/>\n\t<meta name=\"twitter:label2\" content=\"Est. tempo de leitura\" \/>\n\t<meta name=\"twitter:data2\" content=\"2 minutos\" \/>\n<script type=\"application\/ld+json\" class=\"yoast-schema-graph\">{\"@context\":\"https:\/\/schema.org\",\"@graph\":[{\"@type\":\"WebSite\",\"@id\":\"https:\/\/franciscanos.org.br\/noticias\/#website\",\"url\":\"https:\/\/franciscanos.org.br\/noticias\/\",\"name\":\"Not\u00edcias - Franciscanos\",\"description\":\"Prov\u00edncia Franciscana da Imaculada Concei\u00e7\u00e3o do Brasil - Ordem dos Frades Menores - OFM\",\"potentialAction\":[{\"@type\":\"SearchAction\",\"target\":{\"@type\":\"EntryPoint\",\"urlTemplate\":\"https:\/\/franciscanos.org.br\/noticias\/?s={search_term_string}\"},\"query-input\":\"required name=search_term_string\"}],\"inLanguage\":\"pt-BR\"},{\"@type\":\"ImageObject\",\"inLanguage\":\"pt-BR\",\"@id\":\"https:\/\/franciscanos.org.br\/noticias\/eleicoes-2014-e-hora-de-arrancar-o-joio.html#primaryimage\",\"url\":\"https:\/\/franciscanos.org.br\/noticias\/wp-content\/uploads\/2014\/10\/joio_1d.jpg\",\"contentUrl\":\"https:\/\/franciscanos.org.br\/noticias\/wp-content\/uploads\/2014\/10\/joio_1d.jpg\",\"width\":273,\"height\":181},{\"@type\":\"WebPage\",\"@id\":\"https:\/\/franciscanos.org.br\/noticias\/eleicoes-2014-e-hora-de-arrancar-o-joio.html#webpage\",\"url\":\"https:\/\/franciscanos.org.br\/noticias\/eleicoes-2014-e-hora-de-arrancar-o-joio.html\",\"name\":\"Elei\u00e7\u00f5es: \u00e9 hora de arrancar o joio! - Not\u00edcias - Franciscanos\",\"isPartOf\":{\"@id\":\"https:\/\/franciscanos.org.br\/noticias\/#website\"},\"primaryImageOfPage\":{\"@id\":\"https:\/\/franciscanos.org.br\/noticias\/eleicoes-2014-e-hora-de-arrancar-o-joio.html#primaryimage\"},\"datePublished\":\"2014-10-29T11:46:14+00:00\",\"dateModified\":\"2019-07-04T17:27:32+00:00\",\"author\":{\"@id\":\"https:\/\/franciscanos.org.br\/noticias\/#\/schema\/person\/b38fbf43118f02820bd932f2e4b14ad3\"},\"breadcrumb\":{\"@id\":\"https:\/\/franciscanos.org.br\/noticias\/eleicoes-2014-e-hora-de-arrancar-o-joio.html#breadcrumb\"},\"inLanguage\":\"pt-BR\",\"potentialAction\":[{\"@type\":\"ReadAction\",\"target\":[\"https:\/\/franciscanos.org.br\/noticias\/eleicoes-2014-e-hora-de-arrancar-o-joio.html\"]}]},{\"@type\":\"BreadcrumbList\",\"@id\":\"https:\/\/franciscanos.org.br\/noticias\/eleicoes-2014-e-hora-de-arrancar-o-joio.html#breadcrumb\",\"itemListElement\":[{\"@type\":\"ListItem\",\"position\":1,\"name\":\"Home\",\"item\":\"https:\/\/franciscanos.org.br\/noticias\"},{\"@type\":\"ListItem\",\"position\":2,\"name\":\"Elei\u00e7\u00f5es: \u00e9 hora de arrancar o joio!\"}]},{\"@type\":\"Person\",\"@id\":\"https:\/\/franciscanos.org.br\/noticias\/#\/schema\/person\/b38fbf43118f02820bd932f2e4b14ad3\",\"name\":\"admin\",\"image\":{\"@type\":\"ImageObject\",\"inLanguage\":\"pt-BR\",\"@id\":\"https:\/\/franciscanos.org.br\/noticias\/#\/schema\/person\/image\/\",\"url\":\"https:\/\/secure.gravatar.com\/avatar\/e8495742d34d0ba6448ea1c628263b3e?s=96&d=mm&r=g\",\"contentUrl\":\"https:\/\/secure.gravatar.com\/avatar\/e8495742d34d0ba6448ea1c628263b3e?s=96&d=mm&r=g\",\"caption\":\"admin\"},\"url\":\"https:\/\/franciscanos.org.br\/noticias\/author\/admin\"}]}<\/script>\n<!-- \/ Yoast SEO plugin. -->","yoast_head_json":{"title":"Elei\u00e7\u00f5es: \u00e9 hora de arrancar o joio! - Not\u00edcias - Franciscanos","robots":{"index":"index","follow":"follow","max-snippet":"max-snippet:-1","max-image-preview":"max-image-preview:large","max-video-preview":"max-video-preview:-1"},"canonical":"https:\/\/franciscanos.org.br\/noticias\/eleicoes-2014-e-hora-de-arrancar-o-joio.html","og_locale":"pt_BR","og_type":"article","og_title":"Elei\u00e7\u00f5es: \u00e9 hora de arrancar o joio! - Not\u00edcias - Franciscanos","og_description":"Liturgia dominical","og_url":"https:\/\/franciscanos.org.br\/noticias\/eleicoes-2014-e-hora-de-arrancar-o-joio.html","og_site_name":"Not\u00edcias - Franciscanos","article_published_time":"2014-10-29T11:46:14+00:00","article_modified_time":"2019-07-04T17:27:32+00:00","og_image":[{"width":273,"height":181,"url":"https:\/\/franciscanos.org.br\/noticias\/wp-content\/uploads\/2014\/10\/joio_1d.jpg","type":"image\/jpeg"}],"author":"admin","twitter_card":"summary_large_image","twitter_misc":{"Escrito por":"admin","Est. tempo de leitura":"2 minutos"},"schema":{"@context":"https:\/\/schema.org","@graph":[{"@type":"WebSite","@id":"https:\/\/franciscanos.org.br\/noticias\/#website","url":"https:\/\/franciscanos.org.br\/noticias\/","name":"Not\u00edcias - Franciscanos","description":"Prov\u00edncia Franciscana da Imaculada Concei\u00e7\u00e3o do Brasil - Ordem dos Frades Menores - OFM","potentialAction":[{"@type":"SearchAction","target":{"@type":"EntryPoint","urlTemplate":"https:\/\/franciscanos.org.br\/noticias\/?s={search_term_string}"},"query-input":"required name=search_term_string"}],"inLanguage":"pt-BR"},{"@type":"ImageObject","inLanguage":"pt-BR","@id":"https:\/\/franciscanos.org.br\/noticias\/eleicoes-2014-e-hora-de-arrancar-o-joio.html#primaryimage","url":"https:\/\/franciscanos.org.br\/noticias\/wp-content\/uploads\/2014\/10\/joio_1d.jpg","contentUrl":"https:\/\/franciscanos.org.br\/noticias\/wp-content\/uploads\/2014\/10\/joio_1d.jpg","width":273,"height":181},{"@type":"WebPage","@id":"https:\/\/franciscanos.org.br\/noticias\/eleicoes-2014-e-hora-de-arrancar-o-joio.html#webpage","url":"https:\/\/franciscanos.org.br\/noticias\/eleicoes-2014-e-hora-de-arrancar-o-joio.html","name":"Elei\u00e7\u00f5es: \u00e9 hora de arrancar o joio! - Not\u00edcias - Franciscanos","isPartOf":{"@id":"https:\/\/franciscanos.org.br\/noticias\/#website"},"primaryImageOfPage":{"@id":"https:\/\/franciscanos.org.br\/noticias\/eleicoes-2014-e-hora-de-arrancar-o-joio.html#primaryimage"},"datePublished":"2014-10-29T11:46:14+00:00","dateModified":"2019-07-04T17:27:32+00:00","author":{"@id":"https:\/\/franciscanos.org.br\/noticias\/#\/schema\/person\/b38fbf43118f02820bd932f2e4b14ad3"},"breadcrumb":{"@id":"https:\/\/franciscanos.org.br\/noticias\/eleicoes-2014-e-hora-de-arrancar-o-joio.html#breadcrumb"},"inLanguage":"pt-BR","potentialAction":[{"@type":"ReadAction","target":["https:\/\/franciscanos.org.br\/noticias\/eleicoes-2014-e-hora-de-arrancar-o-joio.html"]}]},{"@type":"BreadcrumbList","@id":"https:\/\/franciscanos.org.br\/noticias\/eleicoes-2014-e-hora-de-arrancar-o-joio.html#breadcrumb","itemListElement":[{"@type":"ListItem","position":1,"name":"Home","item":"https:\/\/franciscanos.org.br\/noticias"},{"@type":"ListItem","position":2,"name":"Elei\u00e7\u00f5es: \u00e9 hora de arrancar o joio!"}]},{"@type":"Person","@id":"https:\/\/franciscanos.org.br\/noticias\/#\/schema\/person\/b38fbf43118f02820bd932f2e4b14ad3","name":"admin","image":{"@type":"ImageObject","inLanguage":"pt-BR","@id":"https:\/\/franciscanos.org.br\/noticias\/#\/schema\/person\/image\/","url":"https:\/\/secure.gravatar.com\/avatar\/e8495742d34d0ba6448ea1c628263b3e?s=96&d=mm&r=g","contentUrl":"https:\/\/secure.gravatar.com\/avatar\/e8495742d34d0ba6448ea1c628263b3e?s=96&d=mm&r=g","caption":"admin"},"url":"https:\/\/franciscanos.org.br\/noticias\/author\/admin"}]}},"_links":{"self":[{"href":"https:\/\/franciscanos.org.br\/noticias\/wp-json\/wp\/v2\/posts\/71636"}],"collection":[{"href":"https:\/\/franciscanos.org.br\/noticias\/wp-json\/wp\/v2\/posts"}],"about":[{"href":"https:\/\/franciscanos.org.br\/noticias\/wp-json\/wp\/v2\/types\/post"}],"author":[{"embeddable":true,"href":"https:\/\/franciscanos.org.br\/noticias\/wp-json\/wp\/v2\/users\/1"}],"replies":[{"embeddable":true,"href":"https:\/\/franciscanos.org.br\/noticias\/wp-json\/wp\/v2\/comments?post=71636"}],"version-history":[{"count":0,"href":"https:\/\/franciscanos.org.br\/noticias\/wp-json\/wp\/v2\/posts\/71636\/revisions"}],"wp:featuredmedia":[{"embeddable":true,"href":"https:\/\/franciscanos.org.br\/noticias\/wp-json\/wp\/v2\/media\/207332"}],"wp:attachment":[{"href":"https:\/\/franciscanos.org.br\/noticias\/wp-json\/wp\/v2\/media?parent=71636"}],"wp:term":[{"taxonomy":"category","embeddable":true,"href":"https:\/\/franciscanos.org.br\/noticias\/wp-json\/wp\/v2\/categories?post=71636"},{"taxonomy":"post_tag","embeddable":true,"href":"https:\/\/franciscanos.org.br\/noticias\/wp-json\/wp\/v2\/tags?post=71636"}],"curies":[{"name":"wp","href":"https:\/\/api.w.org\/{rel}","templated":true}]}}