{"id":71461,"date":"2014-10-27T15:09:55","date_gmt":"2014-10-27T17:09:55","guid":{"rendered":"http:\/\/franciscanos.org.br\/?p=71461"},"modified":"2019-08-19T11:15:24","modified_gmt":"2019-08-19T14:15:24","slug":"frei-marcos-celebra-primeira-missa-em-santo-amaro","status":"publish","type":"post","link":"https:\/\/franciscanos.org.br\/noticias\/frei-marcos-celebra-primeira-missa-em-santo-amaro.html","title":{"rendered":"Frei Marcos celebra Primeira Missa em Santo Amaro"},"content":{"rendered":"<p><img loading=\"lazy\" src=\"http:\/\/franciscanos.org.br\/wp-content\/uploads\/2014\/10\/marcos_impe.jpg\" alt=\"marcos_impe\" width=\"820\" height=\"195\" \/><\/p>\n<p><strong>\u00a0<\/strong><strong>Frei Augusto Luiz Gabriel<\/strong><\/p>\n<p><strong>Santo Amaro da Imperatriz<\/strong> \u2013 \u201cParab\u00e9ns Frei Marcos, a Par\u00f3quia de Santo Amaro celebra com alegria sua voca\u00e7\u00e3o\u201d. A frase \u00e9 de uma faixa que acolheu o novo presb\u00edtero Frei Marcos Prado dos Santos, ordenado recentemente em S\u00e3o Louren\u00e7o (MG), por Dom Diamantino Prata de Carvalho. As homenagens n\u00e3o pararam por a\u00ed. Povo e fraternidade de Santo Amaro da Imperatriz (SC), onde reside Frei Marcos, acolheram com carinho o mais novo presb\u00edtero da Prov\u00edncia Franciscana da Imaculada.<\/p>\n<p>Com esse entusiasmo, Frei Marcos celebrou a sua primeira Missa na Par\u00f3quia de Santo Amaro, tendo como concelebrantes seus confrades do Regional, especificamente de Gaspar e Angelina, e os di\u00e1conos da Par\u00f3quia. O povo lotou a igreja e muitas pessoas acompanharam a Missa de p\u00e9.<\/p>\n<p>Ap\u00f3s a prociss\u00e3o de entrada, o p\u00e1roco Frei Daniel Dellandrea deu as boas vindas ao neo-sacerdote. Em seguida, o grupo de lideran\u00e7as levou at\u00e9 o altar as vestes sacerdotais e o revestiu. Desta forma, deu-se continuidade \u00e0 Missa.<\/p>\n<p>Na sua homilia, Frei Marcos lembrou um pouco de como se deu o seu discernimento vocacional quando morava ainda em Minas Gerais. \u201cAt\u00e9 hoje ainda a voca\u00e7\u00e3o est\u00e1 em discernimento, porque n\u00f3s nunca paramos de pedir a gra\u00e7a de Deus para que Ele possa tamb\u00e9m nos ajudar a crescer\u201d, disse.<\/p>\n<p>Frei Marcos lembrou o quando sua av\u00f3 ajudou neste processo de amadurecimento na f\u00e9 quando pedia para rezar o ter\u00e7o com ela. Segundo Frei Marcos, ela foi uma pessoa que muito o incentivou na voca\u00e7\u00e3o. \u201cNunca desanime, nunca olhe para tr\u00e1s e sinta-se motivado para caminhar, porque se um dia voc\u00ea parar, voc\u00ea poder\u00e1 n\u00e3o realizar as coisas que voc\u00ea sente vontade. E a vontade e o desejo das coisas que voc\u00ea quer realizar n\u00e3o te pertence, mas pertence a Deus\u201d, dizia minha av\u00f3.<\/p>\n<p>Para o neopresb\u00edtero, o acolhimento do povo e da Fraternidade de Santo Amaro o ajudaram muito neste in\u00edcio de minist\u00e9rio. \u201cA \u00fanica coisa que eu posso fazer \u00e9 responder com amor e ora\u00e7\u00e3o\u201d, confessou, agradecendo por todos os gestos de carinho.<\/p>\n<p><a href=\"http:\/\/franciscanos.org.br\/?p=70986\">VEJA COMO FOI A ORDENA\u00c7\u00c3O PRESBITERAL E A PRIMEIRA MISSA<\/a><\/p>\n<p><img class=\"ngg_displayed_gallery mceItem\" src=\"http:\/\/franciscanos.org.br\/index.php\/nextgen-attach_to_post\/preview\/id--71553\" alt=\"\" \/><\/p>\n","protected":false},"excerpt":{"rendered":"<p>Ordena\u00e7\u00e3o presbiteral<\/p>\n","protected":false},"author":5,"featured_media":200909,"comment_status":"open","ping_status":"open","sticky":false,"template":"","format":"standard","meta":[],"categories":[1],"tags":[],"acf":[],"yoast_head":"<!-- This site is optimized with the Yoast SEO plugin v19.2 - https:\/\/yoast.com\/wordpress\/plugins\/seo\/ -->\n<title>Frei Marcos celebra Primeira Missa em Santo Amaro - Not\u00edcias - Franciscanos<\/title>\n<meta name=\"robots\" content=\"index, follow, max-snippet:-1, max-image-preview:large, max-video-preview:-1\" \/>\n<link rel=\"canonical\" href=\"https:\/\/franciscanos.org.br\/noticias\/frei-marcos-celebra-primeira-missa-em-santo-amaro.html\" \/>\n<meta property=\"og:locale\" content=\"pt_BR\" \/>\n<meta property=\"og:type\" content=\"article\" \/>\n<meta property=\"og:title\" content=\"Frei Marcos celebra Primeira Missa em Santo Amaro - Not\u00edcias - Franciscanos\" \/>\n<meta property=\"og:description\" content=\"Ordena\u00e7\u00e3o presbiteral\" \/>\n<meta property=\"og:url\" content=\"https:\/\/franciscanos.org.br\/noticias\/frei-marcos-celebra-primeira-missa-em-santo-amaro.html\" \/>\n<meta property=\"og:site_name\" content=\"Not\u00edcias - Franciscanos\" \/>\n<meta property=\"article:published_time\" content=\"2014-10-27T17:09:55+00:00\" \/>\n<meta property=\"article:modified_time\" content=\"2019-08-19T14:15:24+00:00\" \/>\n<meta property=\"og:image\" content=\"https:\/\/franciscanos.org.br\/noticias\/wp-content\/uploads\/2014\/10\/marcos_impe.jpg\" \/>\n\t<meta property=\"og:image:width\" content=\"273\" \/>\n\t<meta property=\"og:image:height\" content=\"181\" \/>\n\t<meta property=\"og:image:type\" content=\"image\/jpeg\" \/>\n<meta name=\"author\" content=\"freiaugusto\" \/>\n<meta name=\"twitter:card\" content=\"summary_large_image\" \/>\n<meta name=\"twitter:label1\" content=\"Escrito por\" \/>\n\t<meta name=\"twitter:data1\" content=\"freiaugusto\" \/>\n\t<meta name=\"twitter:label2\" content=\"Est. tempo de leitura\" \/>\n\t<meta name=\"twitter:data2\" content=\"2 minutos\" \/>\n<script type=\"application\/ld+json\" class=\"yoast-schema-graph\">{\"@context\":\"https:\/\/schema.org\",\"@graph\":[{\"@type\":\"WebSite\",\"@id\":\"https:\/\/franciscanos.org.br\/noticias\/#website\",\"url\":\"https:\/\/franciscanos.org.br\/noticias\/\",\"name\":\"Not\u00edcias - Franciscanos\",\"description\":\"Prov\u00edncia Franciscana da Imaculada Concei\u00e7\u00e3o do Brasil - Ordem dos Frades Menores - OFM\",\"potentialAction\":[{\"@type\":\"SearchAction\",\"target\":{\"@type\":\"EntryPoint\",\"urlTemplate\":\"https:\/\/franciscanos.org.br\/noticias\/?s={search_term_string}\"},\"query-input\":\"required name=search_term_string\"}],\"inLanguage\":\"pt-BR\"},{\"@type\":\"ImageObject\",\"inLanguage\":\"pt-BR\",\"@id\":\"https:\/\/franciscanos.org.br\/noticias\/frei-marcos-celebra-primeira-missa-em-santo-amaro.html#primaryimage\",\"url\":\"https:\/\/franciscanos.org.br\/noticias\/wp-content\/uploads\/2014\/10\/marcos_impe.jpg\",\"contentUrl\":\"https:\/\/franciscanos.org.br\/noticias\/wp-content\/uploads\/2014\/10\/marcos_impe.jpg\",\"width\":273,\"height\":181},{\"@type\":\"WebPage\",\"@id\":\"https:\/\/franciscanos.org.br\/noticias\/frei-marcos-celebra-primeira-missa-em-santo-amaro.html#webpage\",\"url\":\"https:\/\/franciscanos.org.br\/noticias\/frei-marcos-celebra-primeira-missa-em-santo-amaro.html\",\"name\":\"Frei Marcos celebra Primeira Missa em Santo Amaro - Not\u00edcias - Franciscanos\",\"isPartOf\":{\"@id\":\"https:\/\/franciscanos.org.br\/noticias\/#website\"},\"primaryImageOfPage\":{\"@id\":\"https:\/\/franciscanos.org.br\/noticias\/frei-marcos-celebra-primeira-missa-em-santo-amaro.html#primaryimage\"},\"datePublished\":\"2014-10-27T17:09:55+00:00\",\"dateModified\":\"2019-08-19T14:15:24+00:00\",\"author\":{\"@id\":\"https:\/\/franciscanos.org.br\/noticias\/#\/schema\/person\/37f88f0d111cd5358b12a6556a99eb91\"},\"breadcrumb\":{\"@id\":\"https:\/\/franciscanos.org.br\/noticias\/frei-marcos-celebra-primeira-missa-em-santo-amaro.html#breadcrumb\"},\"inLanguage\":\"pt-BR\",\"potentialAction\":[{\"@type\":\"ReadAction\",\"target\":[\"https:\/\/franciscanos.org.br\/noticias\/frei-marcos-celebra-primeira-missa-em-santo-amaro.html\"]}]},{\"@type\":\"BreadcrumbList\",\"@id\":\"https:\/\/franciscanos.org.br\/noticias\/frei-marcos-celebra-primeira-missa-em-santo-amaro.html#breadcrumb\",\"itemListElement\":[{\"@type\":\"ListItem\",\"position\":1,\"name\":\"Home\",\"item\":\"https:\/\/franciscanos.org.br\/noticias\"},{\"@type\":\"ListItem\",\"position\":2,\"name\":\"Frei Marcos celebra Primeira Missa em Santo Amaro\"}]},{\"@type\":\"Person\",\"@id\":\"https:\/\/franciscanos.org.br\/noticias\/#\/schema\/person\/37f88f0d111cd5358b12a6556a99eb91\",\"name\":\"freiaugusto\",\"image\":{\"@type\":\"ImageObject\",\"inLanguage\":\"pt-BR\",\"@id\":\"https:\/\/franciscanos.org.br\/noticias\/#\/schema\/person\/image\/\",\"url\":\"https:\/\/secure.gravatar.com\/avatar\/9840b940e621801b24f3e6b059efb4b7?s=96&d=mm&r=g\",\"contentUrl\":\"https:\/\/secure.gravatar.com\/avatar\/9840b940e621801b24f3e6b059efb4b7?s=96&d=mm&r=g\",\"caption\":\"freiaugusto\"},\"url\":\"https:\/\/franciscanos.org.br\/noticias\/author\/freiaugusto\"}]}<\/script>\n<!-- \/ Yoast SEO plugin. -->","yoast_head_json":{"title":"Frei Marcos celebra Primeira Missa em Santo Amaro - Not\u00edcias - Franciscanos","robots":{"index":"index","follow":"follow","max-snippet":"max-snippet:-1","max-image-preview":"max-image-preview:large","max-video-preview":"max-video-preview:-1"},"canonical":"https:\/\/franciscanos.org.br\/noticias\/frei-marcos-celebra-primeira-missa-em-santo-amaro.html","og_locale":"pt_BR","og_type":"article","og_title":"Frei Marcos celebra Primeira Missa em Santo Amaro - Not\u00edcias - Franciscanos","og_description":"Ordena\u00e7\u00e3o presbiteral","og_url":"https:\/\/franciscanos.org.br\/noticias\/frei-marcos-celebra-primeira-missa-em-santo-amaro.html","og_site_name":"Not\u00edcias - Franciscanos","article_published_time":"2014-10-27T17:09:55+00:00","article_modified_time":"2019-08-19T14:15:24+00:00","og_image":[{"width":273,"height":181,"url":"https:\/\/franciscanos.org.br\/noticias\/wp-content\/uploads\/2014\/10\/marcos_impe.jpg","type":"image\/jpeg"}],"author":"freiaugusto","twitter_card":"summary_large_image","twitter_misc":{"Escrito por":"freiaugusto","Est. tempo de leitura":"2 minutos"},"schema":{"@context":"https:\/\/schema.org","@graph":[{"@type":"WebSite","@id":"https:\/\/franciscanos.org.br\/noticias\/#website","url":"https:\/\/franciscanos.org.br\/noticias\/","name":"Not\u00edcias - Franciscanos","description":"Prov\u00edncia Franciscana da Imaculada Concei\u00e7\u00e3o do Brasil - Ordem dos Frades Menores - OFM","potentialAction":[{"@type":"SearchAction","target":{"@type":"EntryPoint","urlTemplate":"https:\/\/franciscanos.org.br\/noticias\/?s={search_term_string}"},"query-input":"required name=search_term_string"}],"inLanguage":"pt-BR"},{"@type":"ImageObject","inLanguage":"pt-BR","@id":"https:\/\/franciscanos.org.br\/noticias\/frei-marcos-celebra-primeira-missa-em-santo-amaro.html#primaryimage","url":"https:\/\/franciscanos.org.br\/noticias\/wp-content\/uploads\/2014\/10\/marcos_impe.jpg","contentUrl":"https:\/\/franciscanos.org.br\/noticias\/wp-content\/uploads\/2014\/10\/marcos_impe.jpg","width":273,"height":181},{"@type":"WebPage","@id":"https:\/\/franciscanos.org.br\/noticias\/frei-marcos-celebra-primeira-missa-em-santo-amaro.html#webpage","url":"https:\/\/franciscanos.org.br\/noticias\/frei-marcos-celebra-primeira-missa-em-santo-amaro.html","name":"Frei Marcos celebra Primeira Missa em Santo Amaro - Not\u00edcias - Franciscanos","isPartOf":{"@id":"https:\/\/franciscanos.org.br\/noticias\/#website"},"primaryImageOfPage":{"@id":"https:\/\/franciscanos.org.br\/noticias\/frei-marcos-celebra-primeira-missa-em-santo-amaro.html#primaryimage"},"datePublished":"2014-10-27T17:09:55+00:00","dateModified":"2019-08-19T14:15:24+00:00","author":{"@id":"https:\/\/franciscanos.org.br\/noticias\/#\/schema\/person\/37f88f0d111cd5358b12a6556a99eb91"},"breadcrumb":{"@id":"https:\/\/franciscanos.org.br\/noticias\/frei-marcos-celebra-primeira-missa-em-santo-amaro.html#breadcrumb"},"inLanguage":"pt-BR","potentialAction":[{"@type":"ReadAction","target":["https:\/\/franciscanos.org.br\/noticias\/frei-marcos-celebra-primeira-missa-em-santo-amaro.html"]}]},{"@type":"BreadcrumbList","@id":"https:\/\/franciscanos.org.br\/noticias\/frei-marcos-celebra-primeira-missa-em-santo-amaro.html#breadcrumb","itemListElement":[{"@type":"ListItem","position":1,"name":"Home","item":"https:\/\/franciscanos.org.br\/noticias"},{"@type":"ListItem","position":2,"name":"Frei Marcos celebra Primeira Missa em Santo Amaro"}]},{"@type":"Person","@id":"https:\/\/franciscanos.org.br\/noticias\/#\/schema\/person\/37f88f0d111cd5358b12a6556a99eb91","name":"freiaugusto","image":{"@type":"ImageObject","inLanguage":"pt-BR","@id":"https:\/\/franciscanos.org.br\/noticias\/#\/schema\/person\/image\/","url":"https:\/\/secure.gravatar.com\/avatar\/9840b940e621801b24f3e6b059efb4b7?s=96&d=mm&r=g","contentUrl":"https:\/\/secure.gravatar.com\/avatar\/9840b940e621801b24f3e6b059efb4b7?s=96&d=mm&r=g","caption":"freiaugusto"},"url":"https:\/\/franciscanos.org.br\/noticias\/author\/freiaugusto"}]}},"_links":{"self":[{"href":"https:\/\/franciscanos.org.br\/noticias\/wp-json\/wp\/v2\/posts\/71461"}],"collection":[{"href":"https:\/\/franciscanos.org.br\/noticias\/wp-json\/wp\/v2\/posts"}],"about":[{"href":"https:\/\/franciscanos.org.br\/noticias\/wp-json\/wp\/v2\/types\/post"}],"author":[{"embeddable":true,"href":"https:\/\/franciscanos.org.br\/noticias\/wp-json\/wp\/v2\/users\/5"}],"replies":[{"embeddable":true,"href":"https:\/\/franciscanos.org.br\/noticias\/wp-json\/wp\/v2\/comments?post=71461"}],"version-history":[{"count":0,"href":"https:\/\/franciscanos.org.br\/noticias\/wp-json\/wp\/v2\/posts\/71461\/revisions"}],"wp:featuredmedia":[{"embeddable":true,"href":"https:\/\/franciscanos.org.br\/noticias\/wp-json\/wp\/v2\/media\/200909"}],"wp:attachment":[{"href":"https:\/\/franciscanos.org.br\/noticias\/wp-json\/wp\/v2\/media?parent=71461"}],"wp:term":[{"taxonomy":"category","embeddable":true,"href":"https:\/\/franciscanos.org.br\/noticias\/wp-json\/wp\/v2\/categories?post=71461"},{"taxonomy":"post_tag","embeddable":true,"href":"https:\/\/franciscanos.org.br\/noticias\/wp-json\/wp\/v2\/tags?post=71461"}],"curies":[{"name":"wp","href":"https:\/\/api.w.org\/{rel}","templated":true}]}}