{"id":70975,"date":"2014-10-19T10:20:35","date_gmt":"2014-10-19T12:20:35","guid":{"rendered":"http:\/\/franciscanos.org.br\/?p=70975"},"modified":"2020-06-10T17:11:48","modified_gmt":"2020-06-10T20:11:48","slug":"paulo-vi-e-beatificado-pelo-papa-francisco","status":"publish","type":"post","link":"https:\/\/franciscanos.org.br\/noticias\/paulo-vi-e-beatificado-pelo-papa-francisco.html","title":{"rendered":"Paulo VI \u00e9 beatificado pelo Papa Francisco"},"content":{"rendered":"<p><a href=\"http:\/\/franciscanos.org.br\/wp-content\/uploads\/2014\/10\/papapaulo.jpg\"><img loading=\"lazy\" class=\"alignright size-full wp-image-70976\" src=\"http:\/\/franciscanos.org.br\/wp-content\/uploads\/2014\/10\/papapaulo.jpg\" alt=\"papapaulo\" width=\"620\" height=\"465\" \/><\/a>Paulo VI \u00e9 Beato. Na Missa celebrada na Pra\u00e7a S\u00e3o Pedro neste domingo, 19 de Outubro, na presen\u00e7a de 70 mil pessoas, o Papa Francisco, beatificou o Papa Montini, que instituiu o S\u00ednodo, e concluiu o S\u00ednodo Extraordin\u00e1rio para a Fam\u00edlia. Meditando o Evangelho do 29\u00ba Domingo do Tempo Comum, o Pont\u00edfice dedicou sua homilia ao S\u00ednodo e ao \u201ctimoneiro do Conc\u00edlio Vaticano II\u201d, Paulo VI, que soube \u201cdar a Deus o que \u00e9 de Deus\u201d, dedicando toda a sua vida a este \u201cdever sacro, solene e grav\u00edssimo: continuar no tempo e dilatar sobre a terra a miss\u00e3o de Cristo\u201d. O Papa Em\u00e9rito Bento XVI estava presente na cerim\u00f4nia.<\/p>\n<p>A imagem de Paulo VI sorridente com as m\u00e3os voltadas ao alto ilustrava a fachada da Bas\u00edlica S\u00e3o Pedro, num domingo de c\u00e9u azul e temperatura agrad\u00e1vel. O rito de betifica\u00e7\u00e3o deu-se no in\u00edcio da celebra\u00e7\u00e3o, quando o Bispo de Br\u00e9scia e Postulador da Causa agradeceu ao Santo Padre pelo dom da beatifica\u00e7\u00e3o.<\/p>\n<p>Francisco iniciou a homilia refletindo sobre a c\u00e9lebre frase pronunciada por Jesus &#8220;dai a C\u00e9sar o que \u00e9 de C\u00e9sar e a Deus o que \u00e9 de Deus&#8221;, uma &#8220;resposta ir\u00f4nica&#8221; \u00e0s provoca\u00e7\u00f5es dos fariseus, e &#8220;uma resposta \u00fatil que o Senhor d\u00e1 a todos aqueles que sentem problemas de consci\u00eancia, sobretudo quando est\u00e3o em jogo as suas conveni\u00eancias, as suas riquezas, o seu prest\u00edgio, o seu poder e a sua fama&#8221;.<\/p>\n<p>E explicou a seguir que \u201cdar a Deus o que \u00e9 de Deus\u201d significa \u201creconhecer e professar, mesmo diante de qualquer tipo de poder, que s\u00f3 Deus \u00e9 o Senhor do homem e n\u00e3o h\u00e1 outro\u201d e \u201cabrir-se \u00e0 sua vontade e dedicar-Lhe a nossa vida, cooperando para o seu Reino de miseric\u00f3rdia, amor e paz\u201d. E ressaltou, que devemos descobrir a cada dia esta novidade para vencer \u201co temor que muitas vezes sentimos perante as surpresas de Deus\u201d: \u201cEle n\u00e3o tem medo das novidades! Por isso nos surpreende continuamente, abrindo-nos e levando-nos para caminhos inesperados. Ele renova-nos, isto \u00e9, faz-nos \u00abnovos\u00bb continuamente. Um crist\u00e3o que vive o Evangelho \u00e9 \u00aba novidade de Deus\u00bb na Igreja e no mundo. E Deus ama tanto esta \u00abnovidade\u00bb!\u201d<\/p>\n<p>Nisto \u2013 disse o Pont\u00edfice \u2013 \u201cest\u00e1 a nossa verdadeira for\u00e7a, o fermento que faz levedar e o sal que d\u00e1 sabor a todo o esfor\u00e7o humano contra o pessimismo predominante que o mundo nos prop\u00f5e\u201d, e nisto reside a nossa esperan\u00e7a, \u201cque n\u00e3o \u00e9 uma fuga da realidade\u201d, mas leva o crist\u00e3o a fixar o olhar \u201cna realidade futura, a realidade de Deus, para viver plenamente a exist\u00eancia \u2013 com os p\u00e9s bem fincados na terra \u2013 e responder, com coragem, aos in\u00fameros desafios novos\u201d.<\/p>\n<p>O Pont\u00edfice tamb\u00e9m falou sobre o S\u00ednodo Extraordin\u00e1rio dos Bispos, dizendo que pastores e leigos de todo o mundo trouxeram a Roma a voz de suas Igrejas particulares para ajudar as fam\u00edlias de hoje a caminhar na estrada do Evangelho, com o olhar fixo em Jesus: \u201cFoi uma grande experi\u00eancia, na qual vivemos a sinodalidade e a colegialidade e sentimos a for\u00e7a do Esp\u00edrito Santo que sempre guia e renova a Igreja, chamada sem demora a cuidar das feridas que sangram e a reacender a esperan\u00e7a para tantas pessoas sem esperan\u00e7a\u201d.<\/p>\n<p>O Papa pediu que o Esp\u00edrito Santo que lhes permitiu \u201cnestes dias laboriosos, trabalhar generosamente com verdadeira liberdade e humilde criatividade, continue a acompanhar o caminho que nos prepara, nas Igrejas de toda a terra, para o S\u00ednodo Ordin\u00e1rio dos Bispos no pr\u00f3ximo Outubro de 2015\u201d.<\/p>\n<p>Voltando seu olhar a seguir para Paulo VI, recordou as palavras com que ele instituiu o S\u00ednodo dos Bispos: \u201cAo perscrutar atentamente os sinais dos tempos, procuramos adaptar os m\u00e9todos (&#8230;) \u00e0s m\u00faltiplas necessidades dos nossos dias e \u00e0s novas caracter\u00edsticas da sociedade\u201d, para ent\u00e3o afirmar: \u201cA respeito deste grande Papa, deste crist\u00e3o corajoso, deste ap\u00f3stolo incans\u00e1vel, diante de Deus hoje s\u00f3 podemos dizer uma palavra t\u00e3o simples como sincera e importante: Obrigado! Obrigado, nosso querido e amado Papa Paulo VI! Obrigado pelo teu humilde e prof\u00e9tico testemunho de amor a Cristo e \u00e0 sua Igreja!\u201d.<\/p>\n<p>Ao recordar trechos do di\u00e1rio do Papa Montini, ap\u00f3s o encerramento do Conc\u00edlio Vaticano, Francisco sublinhou que ele soube, \u201cquando se perfilava uma sociedade secularizada e hostil, reger com clarividente sabedoria \u2013 e \u00e0s vezes em solid\u00e3o \u2013 o timoneiro da barca de Pedro, sem nunca perder a alegria e a confian\u00e7a no Senhor\u201d.<\/p>\n<hr \/>\n<p><em>Fonte: R\u00e1dio Vaticano<\/em><\/p>\n","protected":false},"excerpt":{"rendered":"<p>Beatifica\u00e7\u00e3o<\/p>\n","protected":false},"author":1,"featured_media":219522,"comment_status":"open","ping_status":"open","sticky":false,"template":"","format":"standard","meta":[],"categories":[1428],"tags":[215,1137],"acf":[],"yoast_head":"<!-- This site is optimized with the Yoast SEO plugin v19.2 - https:\/\/yoast.com\/wordpress\/plugins\/seo\/ -->\n<title>Paulo VI \u00e9 beatificado pelo Papa Francisco - Not\u00edcias - Franciscanos<\/title>\n<meta name=\"robots\" content=\"index, follow, max-snippet:-1, max-image-preview:large, max-video-preview:-1\" \/>\n<link rel=\"canonical\" href=\"https:\/\/franciscanos.org.br\/noticias\/paulo-vi-e-beatificado-pelo-papa-francisco.html\" \/>\n<meta property=\"og:locale\" content=\"pt_BR\" \/>\n<meta property=\"og:type\" content=\"article\" \/>\n<meta property=\"og:title\" content=\"Paulo VI \u00e9 beatificado pelo Papa Francisco - Not\u00edcias - Franciscanos\" \/>\n<meta property=\"og:description\" content=\"Beatifica\u00e7\u00e3o\" \/>\n<meta property=\"og:url\" content=\"https:\/\/franciscanos.org.br\/noticias\/paulo-vi-e-beatificado-pelo-papa-francisco.html\" \/>\n<meta property=\"og:site_name\" content=\"Not\u00edcias - Franciscanos\" \/>\n<meta property=\"article:published_time\" content=\"2014-10-19T12:20:35+00:00\" \/>\n<meta property=\"article:modified_time\" content=\"2020-06-10T20:11:48+00:00\" \/>\n<meta property=\"og:image\" content=\"https:\/\/franciscanos.org.br\/noticias\/wp-content\/uploads\/2014\/10\/papapaulo.jpg\" \/>\n\t<meta property=\"og:image:width\" content=\"273\" \/>\n\t<meta property=\"og:image:height\" content=\"181\" \/>\n\t<meta property=\"og:image:type\" content=\"image\/jpeg\" \/>\n<meta name=\"author\" content=\"admin\" \/>\n<meta name=\"twitter:card\" content=\"summary_large_image\" \/>\n<meta name=\"twitter:label1\" content=\"Escrito por\" \/>\n\t<meta name=\"twitter:data1\" content=\"admin\" \/>\n\t<meta name=\"twitter:label2\" content=\"Est. tempo de leitura\" \/>\n\t<meta name=\"twitter:data2\" content=\"4 minutos\" \/>\n<script type=\"application\/ld+json\" class=\"yoast-schema-graph\">{\"@context\":\"https:\/\/schema.org\",\"@graph\":[{\"@type\":\"WebSite\",\"@id\":\"https:\/\/franciscanos.org.br\/noticias\/#website\",\"url\":\"https:\/\/franciscanos.org.br\/noticias\/\",\"name\":\"Not\u00edcias - Franciscanos\",\"description\":\"Prov\u00edncia Franciscana da Imaculada Concei\u00e7\u00e3o do Brasil - Ordem dos Frades Menores - OFM\",\"potentialAction\":[{\"@type\":\"SearchAction\",\"target\":{\"@type\":\"EntryPoint\",\"urlTemplate\":\"https:\/\/franciscanos.org.br\/noticias\/?s={search_term_string}\"},\"query-input\":\"required name=search_term_string\"}],\"inLanguage\":\"pt-BR\"},{\"@type\":\"ImageObject\",\"inLanguage\":\"pt-BR\",\"@id\":\"https:\/\/franciscanos.org.br\/noticias\/paulo-vi-e-beatificado-pelo-papa-francisco.html#primaryimage\",\"url\":\"https:\/\/franciscanos.org.br\/noticias\/wp-content\/uploads\/2014\/10\/papapaulo.jpg\",\"contentUrl\":\"https:\/\/franciscanos.org.br\/noticias\/wp-content\/uploads\/2014\/10\/papapaulo.jpg\",\"width\":273,\"height\":181},{\"@type\":\"WebPage\",\"@id\":\"https:\/\/franciscanos.org.br\/noticias\/paulo-vi-e-beatificado-pelo-papa-francisco.html#webpage\",\"url\":\"https:\/\/franciscanos.org.br\/noticias\/paulo-vi-e-beatificado-pelo-papa-francisco.html\",\"name\":\"Paulo VI \u00e9 beatificado pelo Papa Francisco - Not\u00edcias - Franciscanos\",\"isPartOf\":{\"@id\":\"https:\/\/franciscanos.org.br\/noticias\/#website\"},\"primaryImageOfPage\":{\"@id\":\"https:\/\/franciscanos.org.br\/noticias\/paulo-vi-e-beatificado-pelo-papa-francisco.html#primaryimage\"},\"datePublished\":\"2014-10-19T12:20:35+00:00\",\"dateModified\":\"2020-06-10T20:11:48+00:00\",\"author\":{\"@id\":\"https:\/\/franciscanos.org.br\/noticias\/#\/schema\/person\/b38fbf43118f02820bd932f2e4b14ad3\"},\"breadcrumb\":{\"@id\":\"https:\/\/franciscanos.org.br\/noticias\/paulo-vi-e-beatificado-pelo-papa-francisco.html#breadcrumb\"},\"inLanguage\":\"pt-BR\",\"potentialAction\":[{\"@type\":\"ReadAction\",\"target\":[\"https:\/\/franciscanos.org.br\/noticias\/paulo-vi-e-beatificado-pelo-papa-francisco.html\"]}]},{\"@type\":\"BreadcrumbList\",\"@id\":\"https:\/\/franciscanos.org.br\/noticias\/paulo-vi-e-beatificado-pelo-papa-francisco.html#breadcrumb\",\"itemListElement\":[{\"@type\":\"ListItem\",\"position\":1,\"name\":\"Home\",\"item\":\"https:\/\/franciscanos.org.br\/noticias\"},{\"@type\":\"ListItem\",\"position\":2,\"name\":\"Paulo VI \u00e9 beatificado pelo Papa Francisco\"}]},{\"@type\":\"Person\",\"@id\":\"https:\/\/franciscanos.org.br\/noticias\/#\/schema\/person\/b38fbf43118f02820bd932f2e4b14ad3\",\"name\":\"admin\",\"image\":{\"@type\":\"ImageObject\",\"inLanguage\":\"pt-BR\",\"@id\":\"https:\/\/franciscanos.org.br\/noticias\/#\/schema\/person\/image\/\",\"url\":\"https:\/\/secure.gravatar.com\/avatar\/e8495742d34d0ba6448ea1c628263b3e?s=96&d=mm&r=g\",\"contentUrl\":\"https:\/\/secure.gravatar.com\/avatar\/e8495742d34d0ba6448ea1c628263b3e?s=96&d=mm&r=g\",\"caption\":\"admin\"},\"url\":\"https:\/\/franciscanos.org.br\/noticias\/author\/admin\"}]}<\/script>\n<!-- \/ Yoast SEO plugin. -->","yoast_head_json":{"title":"Paulo VI \u00e9 beatificado pelo Papa Francisco - Not\u00edcias - Franciscanos","robots":{"index":"index","follow":"follow","max-snippet":"max-snippet:-1","max-image-preview":"max-image-preview:large","max-video-preview":"max-video-preview:-1"},"canonical":"https:\/\/franciscanos.org.br\/noticias\/paulo-vi-e-beatificado-pelo-papa-francisco.html","og_locale":"pt_BR","og_type":"article","og_title":"Paulo VI \u00e9 beatificado pelo Papa Francisco - Not\u00edcias - Franciscanos","og_description":"Beatifica\u00e7\u00e3o","og_url":"https:\/\/franciscanos.org.br\/noticias\/paulo-vi-e-beatificado-pelo-papa-francisco.html","og_site_name":"Not\u00edcias - Franciscanos","article_published_time":"2014-10-19T12:20:35+00:00","article_modified_time":"2020-06-10T20:11:48+00:00","og_image":[{"width":273,"height":181,"url":"https:\/\/franciscanos.org.br\/noticias\/wp-content\/uploads\/2014\/10\/papapaulo.jpg","type":"image\/jpeg"}],"author":"admin","twitter_card":"summary_large_image","twitter_misc":{"Escrito por":"admin","Est. tempo de leitura":"4 minutos"},"schema":{"@context":"https:\/\/schema.org","@graph":[{"@type":"WebSite","@id":"https:\/\/franciscanos.org.br\/noticias\/#website","url":"https:\/\/franciscanos.org.br\/noticias\/","name":"Not\u00edcias - Franciscanos","description":"Prov\u00edncia Franciscana da Imaculada Concei\u00e7\u00e3o do Brasil - Ordem dos Frades Menores - OFM","potentialAction":[{"@type":"SearchAction","target":{"@type":"EntryPoint","urlTemplate":"https:\/\/franciscanos.org.br\/noticias\/?s={search_term_string}"},"query-input":"required name=search_term_string"}],"inLanguage":"pt-BR"},{"@type":"ImageObject","inLanguage":"pt-BR","@id":"https:\/\/franciscanos.org.br\/noticias\/paulo-vi-e-beatificado-pelo-papa-francisco.html#primaryimage","url":"https:\/\/franciscanos.org.br\/noticias\/wp-content\/uploads\/2014\/10\/papapaulo.jpg","contentUrl":"https:\/\/franciscanos.org.br\/noticias\/wp-content\/uploads\/2014\/10\/papapaulo.jpg","width":273,"height":181},{"@type":"WebPage","@id":"https:\/\/franciscanos.org.br\/noticias\/paulo-vi-e-beatificado-pelo-papa-francisco.html#webpage","url":"https:\/\/franciscanos.org.br\/noticias\/paulo-vi-e-beatificado-pelo-papa-francisco.html","name":"Paulo VI \u00e9 beatificado pelo Papa Francisco - Not\u00edcias - Franciscanos","isPartOf":{"@id":"https:\/\/franciscanos.org.br\/noticias\/#website"},"primaryImageOfPage":{"@id":"https:\/\/franciscanos.org.br\/noticias\/paulo-vi-e-beatificado-pelo-papa-francisco.html#primaryimage"},"datePublished":"2014-10-19T12:20:35+00:00","dateModified":"2020-06-10T20:11:48+00:00","author":{"@id":"https:\/\/franciscanos.org.br\/noticias\/#\/schema\/person\/b38fbf43118f02820bd932f2e4b14ad3"},"breadcrumb":{"@id":"https:\/\/franciscanos.org.br\/noticias\/paulo-vi-e-beatificado-pelo-papa-francisco.html#breadcrumb"},"inLanguage":"pt-BR","potentialAction":[{"@type":"ReadAction","target":["https:\/\/franciscanos.org.br\/noticias\/paulo-vi-e-beatificado-pelo-papa-francisco.html"]}]},{"@type":"BreadcrumbList","@id":"https:\/\/franciscanos.org.br\/noticias\/paulo-vi-e-beatificado-pelo-papa-francisco.html#breadcrumb","itemListElement":[{"@type":"ListItem","position":1,"name":"Home","item":"https:\/\/franciscanos.org.br\/noticias"},{"@type":"ListItem","position":2,"name":"Paulo VI \u00e9 beatificado pelo Papa Francisco"}]},{"@type":"Person","@id":"https:\/\/franciscanos.org.br\/noticias\/#\/schema\/person\/b38fbf43118f02820bd932f2e4b14ad3","name":"admin","image":{"@type":"ImageObject","inLanguage":"pt-BR","@id":"https:\/\/franciscanos.org.br\/noticias\/#\/schema\/person\/image\/","url":"https:\/\/secure.gravatar.com\/avatar\/e8495742d34d0ba6448ea1c628263b3e?s=96&d=mm&r=g","contentUrl":"https:\/\/secure.gravatar.com\/avatar\/e8495742d34d0ba6448ea1c628263b3e?s=96&d=mm&r=g","caption":"admin"},"url":"https:\/\/franciscanos.org.br\/noticias\/author\/admin"}]}},"_links":{"self":[{"href":"https:\/\/franciscanos.org.br\/noticias\/wp-json\/wp\/v2\/posts\/70975"}],"collection":[{"href":"https:\/\/franciscanos.org.br\/noticias\/wp-json\/wp\/v2\/posts"}],"about":[{"href":"https:\/\/franciscanos.org.br\/noticias\/wp-json\/wp\/v2\/types\/post"}],"author":[{"embeddable":true,"href":"https:\/\/franciscanos.org.br\/noticias\/wp-json\/wp\/v2\/users\/1"}],"replies":[{"embeddable":true,"href":"https:\/\/franciscanos.org.br\/noticias\/wp-json\/wp\/v2\/comments?post=70975"}],"version-history":[{"count":1,"href":"https:\/\/franciscanos.org.br\/noticias\/wp-json\/wp\/v2\/posts\/70975\/revisions"}],"predecessor-version":[{"id":226162,"href":"https:\/\/franciscanos.org.br\/noticias\/wp-json\/wp\/v2\/posts\/70975\/revisions\/226162"}],"wp:featuredmedia":[{"embeddable":true,"href":"https:\/\/franciscanos.org.br\/noticias\/wp-json\/wp\/v2\/media\/219522"}],"wp:attachment":[{"href":"https:\/\/franciscanos.org.br\/noticias\/wp-json\/wp\/v2\/media?parent=70975"}],"wp:term":[{"taxonomy":"category","embeddable":true,"href":"https:\/\/franciscanos.org.br\/noticias\/wp-json\/wp\/v2\/categories?post=70975"},{"taxonomy":"post_tag","embeddable":true,"href":"https:\/\/franciscanos.org.br\/noticias\/wp-json\/wp\/v2\/tags?post=70975"}],"curies":[{"name":"wp","href":"https:\/\/api.w.org\/{rel}","templated":true}]}}