{"id":70360,"date":"2014-10-17T09:34:07","date_gmt":"2014-10-17T12:34:07","guid":{"rendered":"http:\/\/franciscanos.org.br\/?p=70360"},"modified":"2019-07-04T13:24:03","modified_gmt":"2019-07-04T16:24:03","slug":"corais-voltam-a-se-apresentar-no-teatro-municipal-do-rio","status":"publish","type":"post","link":"https:\/\/franciscanos.org.br\/noticias\/corais-voltam-a-se-apresentar-no-teatro-municipal-do-rio.html","title":{"rendered":"Corais voltam a se apresentar no Teatro Municipal do Rio"},"content":{"rendered":"<p><a href=\"http:\/\/franciscanos.org.br\/wp-content\/uploads\/2014\/10\/canarinhos-rio-820.jpg\"><img loading=\"lazy\" src=\"http:\/\/franciscanos.org.br\/wp-content\/uploads\/2014\/10\/canarinhos-rio-820.jpg\" alt=\"canarinhos-rio-820\" width=\"820\" height=\"349\" \/><\/a><\/p>\n<p>O Coral dos Canarinhos de Petr\u00f3polis ir\u00e1 realizar, no dia 24 de outubro, \u00e0s 20h, no Teatro Municipal do Rio de Janeiro, \u00a0mais uma apresenta\u00e7\u00e3o com a Orquestra Petrobras Sinf\u00f4nica. Depois do grande sucesso do concerto da obra \u201cO Messias\u201d, de Handel, desta vez os Corais dos Meninos e das Meninas dos Canarinhos ir\u00e3o se unir aos organistas para um concerto que ir\u00e1 retratar a Sinfonia n\u00ba. 2, do compositor Gustav Mahler.<\/p>\n<p>A expectativa para a apresenta\u00e7\u00e3o \u00e9 grande, segundo o maestro do Coral dos Canarinhos, Marco Aur\u00e9lio Lischt. \u201cEsta \u00e9 a primeira vez que o grupo vai cantar a Sinfonia n\u00ba 2 de Mahler, que tem uma obra bastante complexa. Estamos felizes porque ser\u00e1 um grande desafio. Esperamos um bom p\u00fablico e outra grande apresenta\u00e7\u00e3o ao lado da Orquestra Petrobras Sinf\u00f4nica\u201d, ressaltou.<\/p>\n<p>A apresenta\u00e7\u00e3o ser\u00e1 especial tamb\u00e9m por outro fator: a comemora\u00e7\u00e3o dos 80 anos do diretor art\u00edstico e regente titular da Petrobras Sinf\u00f4nica, maestro Isaac Karabtchevsky. Considerado um dos \u00edcones da m\u00fasica cl\u00e1ssica brasileira pelo jornal ingl\u00eas \u201cThe Guardian\u201d, Karabtchevsky atuou, por 26 anos, como regente da Orquestra Sinf\u00f4nica Brasileira (OSB), e comandou o Projeto Aquarius, que contou com a participa\u00e7\u00e3o dos Corais do Instituto dos Meninos Cantores de Petr\u00f3polis em 2005 e reuniu milhares de pessoas na praia de Copacabana\u00a0para ouvir a Sinfonia n\u00ba 8 &#8220;dos mil&#8221;, tamb\u00e9m de Mahler.<\/p>\n<p>\u201c\u00c9 uma nova experi\u00eancia, um novo maestro, que vai trazer para os\u00a0atuais\u00a0meninos e\u00a0meninas dos nossos Corais uma experi\u00eancia diferenciada, ampliando a vis\u00e3o musical deles\u201d, declarou o maestro do Coral das Meninas dos Canarinhos, Marcelo Vizani, que destacou a alegria em participar das comemora\u00e7\u00f5es pelo anivers\u00e1rio do maestro Karabtchevsky. \u201cEle tem uma import\u00e2ncia muito grande no cen\u00e1rio da m\u00fasica cl\u00e1ssica no Brasil. Tive o prazer de estudar com ele e a experi\u00eancia foi muito positiva\u201d, afirmou.<\/p>\n<p>A Sinfonia n\u00ba. 2 de Gustav Mahler \u00e9 tamb\u00e9m conhecida como a Sinfonia da Ressurrei\u00e7\u00e3o, por fazer refer\u00eancias \u00e0 cren\u00e7a crist\u00e3. Composta entre os anos de 1888 e 1894, a obra foi publicada em 1897 e revista em 1910. Seu tema central \u00e9 dar respostas aos questionamentos sobre a raz\u00e3o do viver, narrando a derrota da morte e a reden\u00e7\u00e3o final, ap\u00f3s um per\u00edodo de dificuldades e obst\u00e1culos.<\/p>\n<p>O legado de Mahler \u00e9 considerado uma \u201cponte\u201d entre a m\u00fasica cl\u00e1ssica entre o fim do s\u00e9culo XIX e o in\u00edcio do s\u00e9culo XX. O compositor ainda \u00e9 autor de outras nove sinfonias, al\u00e9m de diversos ciclos de Lieder. De origem judaica, ele\u00a0tinha uma atra\u00e7\u00e3o est\u00e9tica incans\u00e1vel pela liturgia crist\u00e3, em especial a cat\u00f3lica. Gustav Mahler dirigiu a \u00d3pera Imperial de Budapeste, a \u00d3pera de Viena e a Orquestra Filarm\u00f4nica de Nova York, entre outras.<\/p>\n","protected":false},"excerpt":{"rendered":"<p>Canarinhos<\/p>\n","protected":false},"author":1,"featured_media":207285,"comment_status":"open","ping_status":"open","sticky":false,"template":"","format":"standard","meta":[],"categories":[1],"tags":[1378],"acf":[],"yoast_head":"<!-- This site is optimized with the Yoast SEO plugin v19.2 - https:\/\/yoast.com\/wordpress\/plugins\/seo\/ -->\n<title>Corais voltam a se apresentar no Teatro Municipal do Rio - Not\u00edcias - Franciscanos<\/title>\n<meta name=\"robots\" content=\"index, follow, max-snippet:-1, max-image-preview:large, max-video-preview:-1\" \/>\n<link rel=\"canonical\" href=\"https:\/\/franciscanos.org.br\/noticias\/corais-voltam-a-se-apresentar-no-teatro-municipal-do-rio.html\" \/>\n<meta property=\"og:locale\" content=\"pt_BR\" \/>\n<meta property=\"og:type\" content=\"article\" \/>\n<meta property=\"og:title\" content=\"Corais voltam a se apresentar no Teatro Municipal do Rio - Not\u00edcias - Franciscanos\" \/>\n<meta property=\"og:description\" content=\"Canarinhos\" \/>\n<meta property=\"og:url\" content=\"https:\/\/franciscanos.org.br\/noticias\/corais-voltam-a-se-apresentar-no-teatro-municipal-do-rio.html\" \/>\n<meta property=\"og:site_name\" content=\"Not\u00edcias - Franciscanos\" \/>\n<meta property=\"article:published_time\" content=\"2014-10-17T12:34:07+00:00\" \/>\n<meta property=\"article:modified_time\" content=\"2019-07-04T16:24:03+00:00\" \/>\n<meta property=\"og:image\" content=\"https:\/\/franciscanos.org.br\/noticias\/wp-content\/uploads\/2014\/10\/canarinhos_040719.jpg\" \/>\n\t<meta property=\"og:image:width\" content=\"273\" \/>\n\t<meta property=\"og:image:height\" content=\"181\" \/>\n\t<meta property=\"og:image:type\" content=\"image\/jpeg\" \/>\n<meta name=\"author\" content=\"admin\" \/>\n<meta name=\"twitter:card\" content=\"summary_large_image\" \/>\n<meta name=\"twitter:label1\" content=\"Escrito por\" \/>\n\t<meta name=\"twitter:data1\" content=\"admin\" \/>\n\t<meta name=\"twitter:label2\" content=\"Est. tempo de leitura\" \/>\n\t<meta name=\"twitter:data2\" content=\"2 minutos\" \/>\n<script type=\"application\/ld+json\" class=\"yoast-schema-graph\">{\"@context\":\"https:\/\/schema.org\",\"@graph\":[{\"@type\":\"WebSite\",\"@id\":\"https:\/\/franciscanos.org.br\/noticias\/#website\",\"url\":\"https:\/\/franciscanos.org.br\/noticias\/\",\"name\":\"Not\u00edcias - Franciscanos\",\"description\":\"Prov\u00edncia Franciscana da Imaculada Concei\u00e7\u00e3o do Brasil - Ordem dos Frades Menores - OFM\",\"potentialAction\":[{\"@type\":\"SearchAction\",\"target\":{\"@type\":\"EntryPoint\",\"urlTemplate\":\"https:\/\/franciscanos.org.br\/noticias\/?s={search_term_string}\"},\"query-input\":\"required name=search_term_string\"}],\"inLanguage\":\"pt-BR\"},{\"@type\":\"ImageObject\",\"inLanguage\":\"pt-BR\",\"@id\":\"https:\/\/franciscanos.org.br\/noticias\/corais-voltam-a-se-apresentar-no-teatro-municipal-do-rio.html#primaryimage\",\"url\":\"https:\/\/franciscanos.org.br\/noticias\/wp-content\/uploads\/2014\/10\/canarinhos_040719.jpg\",\"contentUrl\":\"https:\/\/franciscanos.org.br\/noticias\/wp-content\/uploads\/2014\/10\/canarinhos_040719.jpg\",\"width\":273,\"height\":181},{\"@type\":\"WebPage\",\"@id\":\"https:\/\/franciscanos.org.br\/noticias\/corais-voltam-a-se-apresentar-no-teatro-municipal-do-rio.html#webpage\",\"url\":\"https:\/\/franciscanos.org.br\/noticias\/corais-voltam-a-se-apresentar-no-teatro-municipal-do-rio.html\",\"name\":\"Corais voltam a se apresentar no Teatro Municipal do Rio - Not\u00edcias - Franciscanos\",\"isPartOf\":{\"@id\":\"https:\/\/franciscanos.org.br\/noticias\/#website\"},\"primaryImageOfPage\":{\"@id\":\"https:\/\/franciscanos.org.br\/noticias\/corais-voltam-a-se-apresentar-no-teatro-municipal-do-rio.html#primaryimage\"},\"datePublished\":\"2014-10-17T12:34:07+00:00\",\"dateModified\":\"2019-07-04T16:24:03+00:00\",\"author\":{\"@id\":\"https:\/\/franciscanos.org.br\/noticias\/#\/schema\/person\/b38fbf43118f02820bd932f2e4b14ad3\"},\"breadcrumb\":{\"@id\":\"https:\/\/franciscanos.org.br\/noticias\/corais-voltam-a-se-apresentar-no-teatro-municipal-do-rio.html#breadcrumb\"},\"inLanguage\":\"pt-BR\",\"potentialAction\":[{\"@type\":\"ReadAction\",\"target\":[\"https:\/\/franciscanos.org.br\/noticias\/corais-voltam-a-se-apresentar-no-teatro-municipal-do-rio.html\"]}]},{\"@type\":\"BreadcrumbList\",\"@id\":\"https:\/\/franciscanos.org.br\/noticias\/corais-voltam-a-se-apresentar-no-teatro-municipal-do-rio.html#breadcrumb\",\"itemListElement\":[{\"@type\":\"ListItem\",\"position\":1,\"name\":\"Home\",\"item\":\"https:\/\/franciscanos.org.br\/noticias\"},{\"@type\":\"ListItem\",\"position\":2,\"name\":\"Corais voltam a se apresentar no Teatro Municipal do Rio\"}]},{\"@type\":\"Person\",\"@id\":\"https:\/\/franciscanos.org.br\/noticias\/#\/schema\/person\/b38fbf43118f02820bd932f2e4b14ad3\",\"name\":\"admin\",\"image\":{\"@type\":\"ImageObject\",\"inLanguage\":\"pt-BR\",\"@id\":\"https:\/\/franciscanos.org.br\/noticias\/#\/schema\/person\/image\/\",\"url\":\"https:\/\/secure.gravatar.com\/avatar\/e8495742d34d0ba6448ea1c628263b3e?s=96&d=mm&r=g\",\"contentUrl\":\"https:\/\/secure.gravatar.com\/avatar\/e8495742d34d0ba6448ea1c628263b3e?s=96&d=mm&r=g\",\"caption\":\"admin\"},\"url\":\"https:\/\/franciscanos.org.br\/noticias\/author\/admin\"}]}<\/script>\n<!-- \/ Yoast SEO plugin. -->","yoast_head_json":{"title":"Corais voltam a se apresentar no Teatro Municipal do Rio - Not\u00edcias - Franciscanos","robots":{"index":"index","follow":"follow","max-snippet":"max-snippet:-1","max-image-preview":"max-image-preview:large","max-video-preview":"max-video-preview:-1"},"canonical":"https:\/\/franciscanos.org.br\/noticias\/corais-voltam-a-se-apresentar-no-teatro-municipal-do-rio.html","og_locale":"pt_BR","og_type":"article","og_title":"Corais voltam a se apresentar no Teatro Municipal do Rio - Not\u00edcias - Franciscanos","og_description":"Canarinhos","og_url":"https:\/\/franciscanos.org.br\/noticias\/corais-voltam-a-se-apresentar-no-teatro-municipal-do-rio.html","og_site_name":"Not\u00edcias - Franciscanos","article_published_time":"2014-10-17T12:34:07+00:00","article_modified_time":"2019-07-04T16:24:03+00:00","og_image":[{"width":273,"height":181,"url":"https:\/\/franciscanos.org.br\/noticias\/wp-content\/uploads\/2014\/10\/canarinhos_040719.jpg","type":"image\/jpeg"}],"author":"admin","twitter_card":"summary_large_image","twitter_misc":{"Escrito por":"admin","Est. tempo de leitura":"2 minutos"},"schema":{"@context":"https:\/\/schema.org","@graph":[{"@type":"WebSite","@id":"https:\/\/franciscanos.org.br\/noticias\/#website","url":"https:\/\/franciscanos.org.br\/noticias\/","name":"Not\u00edcias - Franciscanos","description":"Prov\u00edncia Franciscana da Imaculada Concei\u00e7\u00e3o do Brasil - Ordem dos Frades Menores - OFM","potentialAction":[{"@type":"SearchAction","target":{"@type":"EntryPoint","urlTemplate":"https:\/\/franciscanos.org.br\/noticias\/?s={search_term_string}"},"query-input":"required name=search_term_string"}],"inLanguage":"pt-BR"},{"@type":"ImageObject","inLanguage":"pt-BR","@id":"https:\/\/franciscanos.org.br\/noticias\/corais-voltam-a-se-apresentar-no-teatro-municipal-do-rio.html#primaryimage","url":"https:\/\/franciscanos.org.br\/noticias\/wp-content\/uploads\/2014\/10\/canarinhos_040719.jpg","contentUrl":"https:\/\/franciscanos.org.br\/noticias\/wp-content\/uploads\/2014\/10\/canarinhos_040719.jpg","width":273,"height":181},{"@type":"WebPage","@id":"https:\/\/franciscanos.org.br\/noticias\/corais-voltam-a-se-apresentar-no-teatro-municipal-do-rio.html#webpage","url":"https:\/\/franciscanos.org.br\/noticias\/corais-voltam-a-se-apresentar-no-teatro-municipal-do-rio.html","name":"Corais voltam a se apresentar no Teatro Municipal do Rio - Not\u00edcias - Franciscanos","isPartOf":{"@id":"https:\/\/franciscanos.org.br\/noticias\/#website"},"primaryImageOfPage":{"@id":"https:\/\/franciscanos.org.br\/noticias\/corais-voltam-a-se-apresentar-no-teatro-municipal-do-rio.html#primaryimage"},"datePublished":"2014-10-17T12:34:07+00:00","dateModified":"2019-07-04T16:24:03+00:00","author":{"@id":"https:\/\/franciscanos.org.br\/noticias\/#\/schema\/person\/b38fbf43118f02820bd932f2e4b14ad3"},"breadcrumb":{"@id":"https:\/\/franciscanos.org.br\/noticias\/corais-voltam-a-se-apresentar-no-teatro-municipal-do-rio.html#breadcrumb"},"inLanguage":"pt-BR","potentialAction":[{"@type":"ReadAction","target":["https:\/\/franciscanos.org.br\/noticias\/corais-voltam-a-se-apresentar-no-teatro-municipal-do-rio.html"]}]},{"@type":"BreadcrumbList","@id":"https:\/\/franciscanos.org.br\/noticias\/corais-voltam-a-se-apresentar-no-teatro-municipal-do-rio.html#breadcrumb","itemListElement":[{"@type":"ListItem","position":1,"name":"Home","item":"https:\/\/franciscanos.org.br\/noticias"},{"@type":"ListItem","position":2,"name":"Corais voltam a se apresentar no Teatro Municipal do Rio"}]},{"@type":"Person","@id":"https:\/\/franciscanos.org.br\/noticias\/#\/schema\/person\/b38fbf43118f02820bd932f2e4b14ad3","name":"admin","image":{"@type":"ImageObject","inLanguage":"pt-BR","@id":"https:\/\/franciscanos.org.br\/noticias\/#\/schema\/person\/image\/","url":"https:\/\/secure.gravatar.com\/avatar\/e8495742d34d0ba6448ea1c628263b3e?s=96&d=mm&r=g","contentUrl":"https:\/\/secure.gravatar.com\/avatar\/e8495742d34d0ba6448ea1c628263b3e?s=96&d=mm&r=g","caption":"admin"},"url":"https:\/\/franciscanos.org.br\/noticias\/author\/admin"}]}},"_links":{"self":[{"href":"https:\/\/franciscanos.org.br\/noticias\/wp-json\/wp\/v2\/posts\/70360"}],"collection":[{"href":"https:\/\/franciscanos.org.br\/noticias\/wp-json\/wp\/v2\/posts"}],"about":[{"href":"https:\/\/franciscanos.org.br\/noticias\/wp-json\/wp\/v2\/types\/post"}],"author":[{"embeddable":true,"href":"https:\/\/franciscanos.org.br\/noticias\/wp-json\/wp\/v2\/users\/1"}],"replies":[{"embeddable":true,"href":"https:\/\/franciscanos.org.br\/noticias\/wp-json\/wp\/v2\/comments?post=70360"}],"version-history":[{"count":0,"href":"https:\/\/franciscanos.org.br\/noticias\/wp-json\/wp\/v2\/posts\/70360\/revisions"}],"wp:featuredmedia":[{"embeddable":true,"href":"https:\/\/franciscanos.org.br\/noticias\/wp-json\/wp\/v2\/media\/207285"}],"wp:attachment":[{"href":"https:\/\/franciscanos.org.br\/noticias\/wp-json\/wp\/v2\/media?parent=70360"}],"wp:term":[{"taxonomy":"category","embeddable":true,"href":"https:\/\/franciscanos.org.br\/noticias\/wp-json\/wp\/v2\/categories?post=70360"},{"taxonomy":"post_tag","embeddable":true,"href":"https:\/\/franciscanos.org.br\/noticias\/wp-json\/wp\/v2\/tags?post=70360"}],"curies":[{"name":"wp","href":"https:\/\/api.w.org\/{rel}","templated":true}]}}